{"id":18534,"date":"2025-11-13T23:51:46","date_gmt":"2025-11-13T23:51:46","guid":{"rendered":"https:\/\/blogdobispo.com.br\/?p=18534"},"modified":"2025-12-01T18:57:29","modified_gmt":"2025-12-01T18:57:29","slug":"antonio-henrique-x-julio-cesar-idas-e-vindas-do-amor-politico-em-ceara-mirim","status":"publish","type":"post","link":"https:\/\/blogdobispo.com.br\/?p=18534","title":{"rendered":"Frente Parlamentar das Mudan\u00e7as Clim\u00e1ticas \u00e9 instalada na C\u00e2mara de Natal"},"content":{"rendered":"<p>As constantes ocorr\u00eancias de eventos clim\u00e1ticos extremos ao redor do mundo tamb\u00e9m despertam preocupa\u00e7\u00f5es nos cidad\u00e3os natalenses. Chuvas torrenciais, alagamentos, longos per\u00edodos de seca e aumento da temperatura m\u00e9dia do planeta s\u00e3o apenas alguns desses problemas. Com vistas a debater e discutir a\u00e7\u00f5es efetivas para a preven\u00e7\u00e3o destes eventos, a C\u00e2mara Municipal de Natal instalou, nesta quinta-feira (09), a Frente Parlamentar das Mudan\u00e7as Clim\u00e1ticas, proposta pela vereadora Brisa Bracchi (PT).<\/p>\n<p>&#8220;O objetivo da frente \u00e9 fortalecer e criar pol\u00edticas p\u00fablicas para lidar com a crise clim\u00e1tica em Natal, que se manifesta em eventos clim\u00e1ticos extremos. A frente busca unir esfor\u00e7os da C\u00e2mara Municipal com a sociedade civil, incluindo universidades e ONGs. As reuni\u00f5es ser\u00e3o a cada dois ou tr\u00eas meses, mas a atua\u00e7\u00e3o ser\u00e1 principalmente fora da C\u00e2mara, com visitas a projetos locais e cria\u00e7\u00e3o de uma &#8220;rota do clima&#8221; para conhecer iniciativas de arboriza\u00e7\u00e3o, reciclagem e educa\u00e7\u00e3o ambiental&#8221;, informou Brisa.<\/p>\n<p>De acordo com o vereador Daniel Valen\u00e7a (PT), as mudan\u00e7as clim\u00e1ticas constituem um tema crucial e atual, por\u00e9m, ignorado com frequ\u00eancia pelos governantes. &#8220;Faltam pol\u00edticas p\u00fablicas efetivas para lidar com essa quest\u00e3o em nossa cidade. Por outro lado, sobram problemas, como os equivocos do plano diretor e na regulamenta\u00e7\u00e3o de zonas de prote\u00e7\u00e3o ambiental, al\u00e9m do incentivo ao adensamento da orla, que pode agravar os impactos, como a recente eros\u00e3o na Praia de Ponta Negra. Defendemos um desenvolvimento urbano sustent\u00e1vel, que beneficie toda a popula\u00e7\u00e3o, visando uma cidade preparada para os desafios clim\u00e1ticos&#8221;.<\/p>\n<p>A vereadora Thabatta Pimenta (PSOL) e o vereador Pedro Henrique (PP) tamb\u00e9m participaram da reuni\u00e3o.\u00a0<\/p>\n<p><em><strong>Texto: Junior Martins \/ Cleber Femina<br \/>Fotos: Elp\u00eddio J\u00fanior<\/strong><\/em><img data-recalc-dims=\"1\" fetchpriority=\"high\" decoding=\"async\" class=\"alignnone size-medium wp-image-18708\" src=\"https:\/\/i0.wp.com\/blogdobispo.com.br\/wp-content\/uploads\/2025\/11\/d67c6d11b42416a951c5af8d0dddac7f.jpg?resize=300%2C200\" alt=\"\" width=\"300\" height=\"200\" srcset=\"https:\/\/i0.wp.com\/blogdobispo.com.br\/wp-content\/uploads\/2025\/11\/d67c6d11b42416a951c5af8d0dddac7f.jpg?resize=300%2C200&amp;ssl=1 300w, https:\/\/i0.wp.com\/blogdobispo.com.br\/wp-content\/uploads\/2025\/11\/d67c6d11b42416a951c5af8d0dddac7f.jpg?resize=1024%2C682&amp;ssl=1 1024w, https:\/\/i0.wp.com\/blogdobispo.com.br\/wp-content\/uploads\/2025\/11\/d67c6d11b42416a951c5af8d0dddac7f.jpg?resize=768%2C512&amp;ssl=1 768w, https:\/\/i0.wp.com\/blogdobispo.com.br\/wp-content\/uploads\/2025\/11\/d67c6d11b42416a951c5af8d0dddac7f.jpg?resize=1536%2C1023&amp;ssl=1 1536w, https:\/\/i0.wp.com\/blogdobispo.com.br\/wp-content\/uploads\/2025\/11\/d67c6d11b42416a951c5af8d0dddac7f.jpg?w=1600&amp;ssl=1 1600w\" sizes=\"(max-width: 300px) 100vw, 300px\" \/><\/p>\n","protected":false},"excerpt":{"rendered":"<p>As constantes ocorr\u00eancias de eventos clim\u00e1ticos extremos ao redor do mundo tamb\u00e9m despertam preocupa\u00e7\u00f5es nos cidad\u00e3os natalenses. Chuvas torrenciais, alagamentos, longos per\u00edodos de seca e aumento da temperatura m\u00e9dia do planeta s\u00e3o apenas alguns desses problemas. Com vistas a debater e discutir a\u00e7\u00f5es efetivas para a preven\u00e7\u00e3o destes eventos, a C\u00e2mara Municipal de Natal instalou, [&hellip;]<\/p>\n","protected":false},"author":1,"featured_media":18708,"comment_status":"open","ping_status":"open","sticky":false,"template":"","format":"standard","meta":{"cybocfi_hide_featured_image":"","_jetpack_memberships_contains_paid_content":false,"footnotes":""},"categories":[1],"tags":[],"class_list":["post-18534","post","type-post","status-publish","format-standard","has-post-thumbnail","hentry","category-diversos"],"yoast_head":"<!-- This site is optimized with the Yoast SEO plugin v25.6 - https:\/\/yoast.com\/wordpress\/plugins\/seo\/ -->\n<title>Frente Parlamentar das Mudan\u00e7as Clim\u00e1ticas \u00e9 instalada na C\u00e2mara de Natal - Blog do Bispo<\/title>\n<meta name=\"robots\" content=\"index, follow, max-snippet:-1, max-image-preview:large, max-video-preview:-1\" \/>\n<link rel=\"canonical\" href=\"https:\/\/blogdobispo.com.br\/?p=18534\" \/>\n<meta property=\"og:locale\" content=\"pt_BR\" \/>\n<meta property=\"og:type\" content=\"article\" \/>\n<meta property=\"og:title\" content=\"Frente Parlamentar das Mudan\u00e7as Clim\u00e1ticas \u00e9 instalada na C\u00e2mara de Natal - Blog do Bispo\" \/>\n<meta property=\"og:description\" content=\"As constantes ocorr\u00eancias de eventos clim\u00e1ticos extremos ao redor do mundo tamb\u00e9m despertam preocupa\u00e7\u00f5es nos cidad\u00e3os natalenses. Chuvas torrenciais, alagamentos, longos per\u00edodos de seca e aumento da temperatura m\u00e9dia do planeta s\u00e3o apenas alguns desses problemas. Com vistas a debater e discutir a\u00e7\u00f5es efetivas para a preven\u00e7\u00e3o destes eventos, a C\u00e2mara Municipal de Natal instalou, [&hellip;]\" \/>\n<meta property=\"og:url\" content=\"https:\/\/blogdobispo.com.br\/?p=18534\" \/>\n<meta property=\"og:site_name\" content=\"Blog do Bispo\" \/>\n<meta property=\"article:published_time\" content=\"2025-11-13T23:51:46+00:00\" \/>\n<meta property=\"article:modified_time\" content=\"2025-12-01T18:57:29+00:00\" \/>\n<meta property=\"og:image\" content=\"http:\/\/blogdobispo.com.br\/wp-content\/uploads\/2025\/11\/d67c6d11b42416a951c5af8d0dddac7f.jpg\" \/>\n\t<meta property=\"og:image:width\" content=\"1600\" \/>\n\t<meta property=\"og:image:height\" content=\"1066\" \/>\n\t<meta property=\"og:image:type\" content=\"image\/jpeg\" \/>\n<meta name=\"author\" content=\"Jefferson Sterfeno\" \/>\n<meta name=\"twitter:card\" content=\"summary_large_image\" \/>\n<meta name=\"twitter:label1\" content=\"Escrito por\" \/>\n\t<meta name=\"twitter:data1\" content=\"Jefferson Sterfeno\" \/>\n\t<meta name=\"twitter:label2\" content=\"Est. tempo de leitura\" \/>\n\t<meta name=\"twitter:data2\" content=\"2 minutos\" \/>\n<script type=\"application\/ld+json\" class=\"yoast-schema-graph\">{\"@context\":\"https:\/\/schema.org\",\"@graph\":[{\"@type\":\"Article\",\"@id\":\"https:\/\/blogdobispo.com.br\/?p=18534#article\",\"isPartOf\":{\"@id\":\"https:\/\/blogdobispo.com.br\/?p=18534\"},\"author\":{\"name\":\"Jefferson Sterfeno\",\"@id\":\"https:\/\/blogdobispo.com.br\/#\/schema\/person\/e2209cc0e6cea5c5233d033e997b373f\"},\"headline\":\"Frente Parlamentar das Mudan\u00e7as Clim\u00e1ticas \u00e9 instalada na C\u00e2mara de Natal\",\"datePublished\":\"2025-11-13T23:51:46+00:00\",\"dateModified\":\"2025-12-01T18:57:29+00:00\",\"mainEntityOfPage\":{\"@id\":\"https:\/\/blogdobispo.com.br\/?p=18534\"},\"wordCount\":323,\"commentCount\":0,\"publisher\":{\"@id\":\"https:\/\/blogdobispo.com.br\/#organization\"},\"image\":{\"@id\":\"https:\/\/blogdobispo.com.br\/?p=18534#primaryimage\"},\"thumbnailUrl\":\"https:\/\/i0.wp.com\/blogdobispo.com.br\/wp-content\/uploads\/2025\/11\/d67c6d11b42416a951c5af8d0dddac7f.jpg?fit=1600%2C1066&ssl=1\",\"articleSection\":[\"diversos\"],\"inLanguage\":\"pt-BR\",\"potentialAction\":[{\"@type\":\"CommentAction\",\"name\":\"Comment\",\"target\":[\"https:\/\/blogdobispo.com.br\/?p=18534#respond\"]}]},{\"@type\":\"WebPage\",\"@id\":\"https:\/\/blogdobispo.com.br\/?p=18534\",\"url\":\"https:\/\/blogdobispo.com.br\/?p=18534\",\"name\":\"Frente Parlamentar das Mudan\u00e7as Clim\u00e1ticas \u00e9 instalada na C\u00e2mara de Natal - Blog do Bispo\",\"isPartOf\":{\"@id\":\"https:\/\/blogdobispo.com.br\/#website\"},\"primaryImageOfPage\":{\"@id\":\"https:\/\/blogdobispo.com.br\/?p=18534#primaryimage\"},\"image\":{\"@id\":\"https:\/\/blogdobispo.com.br\/?p=18534#primaryimage\"},\"thumbnailUrl\":\"https:\/\/i0.wp.com\/blogdobispo.com.br\/wp-content\/uploads\/2025\/11\/d67c6d11b42416a951c5af8d0dddac7f.jpg?fit=1600%2C1066&ssl=1\",\"datePublished\":\"2025-11-13T23:51:46+00:00\",\"dateModified\":\"2025-12-01T18:57:29+00:00\",\"breadcrumb\":{\"@id\":\"https:\/\/blogdobispo.com.br\/?p=18534#breadcrumb\"},\"inLanguage\":\"pt-BR\",\"potentialAction\":[{\"@type\":\"ReadAction\",\"target\":[\"https:\/\/blogdobispo.com.br\/?p=18534\"]}]},{\"@type\":\"ImageObject\",\"inLanguage\":\"pt-BR\",\"@id\":\"https:\/\/blogdobispo.com.br\/?p=18534#primaryimage\",\"url\":\"https:\/\/i0.wp.com\/blogdobispo.com.br\/wp-content\/uploads\/2025\/11\/d67c6d11b42416a951c5af8d0dddac7f.jpg?fit=1600%2C1066&ssl=1\",\"contentUrl\":\"https:\/\/i0.wp.com\/blogdobispo.com.br\/wp-content\/uploads\/2025\/11\/d67c6d11b42416a951c5af8d0dddac7f.jpg?fit=1600%2C1066&ssl=1\",\"width\":1600,\"height\":1066},{\"@type\":\"BreadcrumbList\",\"@id\":\"https:\/\/blogdobispo.com.br\/?p=18534#breadcrumb\",\"itemListElement\":[{\"@type\":\"ListItem\",\"position\":1,\"name\":\"In\u00edcio\",\"item\":\"https:\/\/blogdobispo.com.br\/\"},{\"@type\":\"ListItem\",\"position\":2,\"name\":\"Frente Parlamentar das Mudan\u00e7as Clim\u00e1ticas \u00e9 instalada na C\u00e2mara de Natal\"}]},{\"@type\":\"WebSite\",\"@id\":\"https:\/\/blogdobispo.com.br\/#website\",\"url\":\"https:\/\/blogdobispo.com.br\/\",\"name\":\"Blog do Bispo\",\"description\":\"Comprometido apenas com o leitor\",\"publisher\":{\"@id\":\"https:\/\/blogdobispo.com.br\/#organization\"},\"potentialAction\":[{\"@type\":\"SearchAction\",\"target\":{\"@type\":\"EntryPoint\",\"urlTemplate\":\"https:\/\/blogdobispo.com.br\/?s={search_term_string}\"},\"query-input\":{\"@type\":\"PropertyValueSpecification\",\"valueRequired\":true,\"valueName\":\"search_term_string\"}}],\"inLanguage\":\"pt-BR\"},{\"@type\":\"Organization\",\"@id\":\"https:\/\/blogdobispo.com.br\/#organization\",\"name\":\"Blog do Bispo\",\"url\":\"https:\/\/blogdobispo.com.br\/\",\"logo\":{\"@type\":\"ImageObject\",\"inLanguage\":\"pt-BR\",\"@id\":\"https:\/\/blogdobispo.com.br\/#\/schema\/logo\/image\/\",\"url\":\"http:\/\/blogdobispo.com.br\/wp-content\/uploads\/2023\/05\/cropped-headear.png\",\"contentUrl\":\"http:\/\/blogdobispo.com.br\/wp-content\/uploads\/2023\/05\/cropped-headear.png\",\"width\":1500,\"height\":399,\"caption\":\"Blog do Bispo\"},\"image\":{\"@id\":\"https:\/\/blogdobispo.com.br\/#\/schema\/logo\/image\/\"}},{\"@type\":\"Person\",\"@id\":\"https:\/\/blogdobispo.com.br\/#\/schema\/person\/e2209cc0e6cea5c5233d033e997b373f\",\"name\":\"Jefferson Sterfeno\",\"image\":{\"@type\":\"ImageObject\",\"inLanguage\":\"pt-BR\",\"@id\":\"https:\/\/blogdobispo.com.br\/#\/schema\/person\/image\/\",\"url\":\"https:\/\/secure.gravatar.com\/avatar\/0534e84764641168a677026b6d57a3f51dc7ac4db0b4f6186d9cb330d4ee1160?s=96&d=mm&r=g\",\"contentUrl\":\"https:\/\/secure.gravatar.com\/avatar\/0534e84764641168a677026b6d57a3f51dc7ac4db0b4f6186d9cb330d4ee1160?s=96&d=mm&r=g\",\"caption\":\"Jefferson Sterfeno\"},\"sameAs\":[\"http:\/\/blogdobispo.com.br\"],\"url\":\"https:\/\/blogdobispo.com.br\/?author=1\"}]}<\/script>\n<!-- \/ Yoast SEO plugin. -->","yoast_head_json":{"title":"Frente Parlamentar das Mudan\u00e7as Clim\u00e1ticas \u00e9 instalada na C\u00e2mara de Natal - Blog do Bispo","robots":{"index":"index","follow":"follow","max-snippet":"max-snippet:-1","max-image-preview":"max-image-preview:large","max-video-preview":"max-video-preview:-1"},"canonical":"https:\/\/blogdobispo.com.br\/?p=18534","og_locale":"pt_BR","og_type":"article","og_title":"Frente Parlamentar das Mudan\u00e7as Clim\u00e1ticas \u00e9 instalada na C\u00e2mara de Natal - Blog do Bispo","og_description":"As constantes ocorr\u00eancias de eventos clim\u00e1ticos extremos ao redor do mundo tamb\u00e9m despertam preocupa\u00e7\u00f5es nos cidad\u00e3os natalenses. Chuvas torrenciais, alagamentos, longos per\u00edodos de seca e aumento da temperatura m\u00e9dia do planeta s\u00e3o apenas alguns desses problemas. Com vistas a debater e discutir a\u00e7\u00f5es efetivas para a preven\u00e7\u00e3o destes eventos, a C\u00e2mara Municipal de Natal instalou, [&hellip;]","og_url":"https:\/\/blogdobispo.com.br\/?p=18534","og_site_name":"Blog do Bispo","article_published_time":"2025-11-13T23:51:46+00:00","article_modified_time":"2025-12-01T18:57:29+00:00","og_image":[{"width":1600,"height":1066,"url":"http:\/\/blogdobispo.com.br\/wp-content\/uploads\/2025\/11\/d67c6d11b42416a951c5af8d0dddac7f.jpg","type":"image\/jpeg"}],"author":"Jefferson Sterfeno","twitter_card":"summary_large_image","twitter_misc":{"Escrito por":"Jefferson Sterfeno","Est. tempo de leitura":"2 minutos"},"schema":{"@context":"https:\/\/schema.org","@graph":[{"@type":"Article","@id":"https:\/\/blogdobispo.com.br\/?p=18534#article","isPartOf":{"@id":"https:\/\/blogdobispo.com.br\/?p=18534"},"author":{"name":"Jefferson Sterfeno","@id":"https:\/\/blogdobispo.com.br\/#\/schema\/person\/e2209cc0e6cea5c5233d033e997b373f"},"headline":"Frente Parlamentar das Mudan\u00e7as Clim\u00e1ticas \u00e9 instalada na C\u00e2mara de Natal","datePublished":"2025-11-13T23:51:46+00:00","dateModified":"2025-12-01T18:57:29+00:00","mainEntityOfPage":{"@id":"https:\/\/blogdobispo.com.br\/?p=18534"},"wordCount":323,"commentCount":0,"publisher":{"@id":"https:\/\/blogdobispo.com.br\/#organization"},"image":{"@id":"https:\/\/blogdobispo.com.br\/?p=18534#primaryimage"},"thumbnailUrl":"https:\/\/i0.wp.com\/blogdobispo.com.br\/wp-content\/uploads\/2025\/11\/d67c6d11b42416a951c5af8d0dddac7f.jpg?fit=1600%2C1066&ssl=1","articleSection":["diversos"],"inLanguage":"pt-BR","potentialAction":[{"@type":"CommentAction","name":"Comment","target":["https:\/\/blogdobispo.com.br\/?p=18534#respond"]}]},{"@type":"WebPage","@id":"https:\/\/blogdobispo.com.br\/?p=18534","url":"https:\/\/blogdobispo.com.br\/?p=18534","name":"Frente Parlamentar das Mudan\u00e7as Clim\u00e1ticas \u00e9 instalada na C\u00e2mara de Natal - Blog do Bispo","isPartOf":{"@id":"https:\/\/blogdobispo.com.br\/#website"},"primaryImageOfPage":{"@id":"https:\/\/blogdobispo.com.br\/?p=18534#primaryimage"},"image":{"@id":"https:\/\/blogdobispo.com.br\/?p=18534#primaryimage"},"thumbnailUrl":"https:\/\/i0.wp.com\/blogdobispo.com.br\/wp-content\/uploads\/2025\/11\/d67c6d11b42416a951c5af8d0dddac7f.jpg?fit=1600%2C1066&ssl=1","datePublished":"2025-11-13T23:51:46+00:00","dateModified":"2025-12-01T18:57:29+00:00","breadcrumb":{"@id":"https:\/\/blogdobispo.com.br\/?p=18534#breadcrumb"},"inLanguage":"pt-BR","potentialAction":[{"@type":"ReadAction","target":["https:\/\/blogdobispo.com.br\/?p=18534"]}]},{"@type":"ImageObject","inLanguage":"pt-BR","@id":"https:\/\/blogdobispo.com.br\/?p=18534#primaryimage","url":"https:\/\/i0.wp.com\/blogdobispo.com.br\/wp-content\/uploads\/2025\/11\/d67c6d11b42416a951c5af8d0dddac7f.jpg?fit=1600%2C1066&ssl=1","contentUrl":"https:\/\/i0.wp.com\/blogdobispo.com.br\/wp-content\/uploads\/2025\/11\/d67c6d11b42416a951c5af8d0dddac7f.jpg?fit=1600%2C1066&ssl=1","width":1600,"height":1066},{"@type":"BreadcrumbList","@id":"https:\/\/blogdobispo.com.br\/?p=18534#breadcrumb","itemListElement":[{"@type":"ListItem","position":1,"name":"In\u00edcio","item":"https:\/\/blogdobispo.com.br\/"},{"@type":"ListItem","position":2,"name":"Frente Parlamentar das Mudan\u00e7as Clim\u00e1ticas \u00e9 instalada na C\u00e2mara de Natal"}]},{"@type":"WebSite","@id":"https:\/\/blogdobispo.com.br\/#website","url":"https:\/\/blogdobispo.com.br\/","name":"Blog do Bispo","description":"Comprometido apenas com o leitor","publisher":{"@id":"https:\/\/blogdobispo.com.br\/#organization"},"potentialAction":[{"@type":"SearchAction","target":{"@type":"EntryPoint","urlTemplate":"https:\/\/blogdobispo.com.br\/?s={search_term_string}"},"query-input":{"@type":"PropertyValueSpecification","valueRequired":true,"valueName":"search_term_string"}}],"inLanguage":"pt-BR"},{"@type":"Organization","@id":"https:\/\/blogdobispo.com.br\/#organization","name":"Blog do Bispo","url":"https:\/\/blogdobispo.com.br\/","logo":{"@type":"ImageObject","inLanguage":"pt-BR","@id":"https:\/\/blogdobispo.com.br\/#\/schema\/logo\/image\/","url":"http:\/\/blogdobispo.com.br\/wp-content\/uploads\/2023\/05\/cropped-headear.png","contentUrl":"http:\/\/blogdobispo.com.br\/wp-content\/uploads\/2023\/05\/cropped-headear.png","width":1500,"height":399,"caption":"Blog do Bispo"},"image":{"@id":"https:\/\/blogdobispo.com.br\/#\/schema\/logo\/image\/"}},{"@type":"Person","@id":"https:\/\/blogdobispo.com.br\/#\/schema\/person\/e2209cc0e6cea5c5233d033e997b373f","name":"Jefferson Sterfeno","image":{"@type":"ImageObject","inLanguage":"pt-BR","@id":"https:\/\/blogdobispo.com.br\/#\/schema\/person\/image\/","url":"https:\/\/secure.gravatar.com\/avatar\/0534e84764641168a677026b6d57a3f51dc7ac4db0b4f6186d9cb330d4ee1160?s=96&d=mm&r=g","contentUrl":"https:\/\/secure.gravatar.com\/avatar\/0534e84764641168a677026b6d57a3f51dc7ac4db0b4f6186d9cb330d4ee1160?s=96&d=mm&r=g","caption":"Jefferson Sterfeno"},"sameAs":["http:\/\/blogdobispo.com.br"],"url":"https:\/\/blogdobispo.com.br\/?author=1"}]}},"featured_image_urls":{"full":["https:\/\/i0.wp.com\/blogdobispo.com.br\/wp-content\/uploads\/2025\/11\/d67c6d11b42416a951c5af8d0dddac7f.jpg?fit=1600%2C1066&ssl=1",1600,1066,false],"thumbnail":["https:\/\/i0.wp.com\/blogdobispo.com.br\/wp-content\/uploads\/2025\/11\/d67c6d11b42416a951c5af8d0dddac7f.jpg?resize=150%2C150&ssl=1",150,150,true],"medium":["https:\/\/i0.wp.com\/blogdobispo.com.br\/wp-content\/uploads\/2025\/11\/d67c6d11b42416a951c5af8d0dddac7f.jpg?fit=300%2C200&ssl=1",300,200,true],"medium_large":["https:\/\/i0.wp.com\/blogdobispo.com.br\/wp-content\/uploads\/2025\/11\/d67c6d11b42416a951c5af8d0dddac7f.jpg?fit=768%2C512&ssl=1",768,512,true],"large":["https:\/\/i0.wp.com\/blogdobispo.com.br\/wp-content\/uploads\/2025\/11\/d67c6d11b42416a951c5af8d0dddac7f.jpg?fit=800%2C533&ssl=1",800,533,true],"1536x1536":["https:\/\/i0.wp.com\/blogdobispo.com.br\/wp-content\/uploads\/2025\/11\/d67c6d11b42416a951c5af8d0dddac7f.jpg?fit=1536%2C1023&ssl=1",1536,1023,true],"2048x2048":["https:\/\/i0.wp.com\/blogdobispo.com.br\/wp-content\/uploads\/2025\/11\/d67c6d11b42416a951c5af8d0dddac7f.jpg?fit=1600%2C1066&ssl=1",1600,1066,true]},"author_info":{"display_name":"Jefferson Sterfeno","author_link":"https:\/\/blogdobispo.com.br\/?author=1"},"category_info":"<a href=\"https:\/\/blogdobispo.com.br\/?cat=1\" rel=\"category\">diversos<\/a>","tag_info":"diversos","comment_count":"0","jetpack_featured_media_url":"https:\/\/i0.wp.com\/blogdobispo.com.br\/wp-content\/uploads\/2025\/11\/d67c6d11b42416a951c5af8d0dddac7f.jpg?fit=1600%2C1066&ssl=1","jetpack_sharing_enabled":true,"_links":{"self":[{"href":"https:\/\/blogdobispo.com.br\/index.php?rest_route=\/wp\/v2\/posts\/18534","targetHints":{"allow":["GET"]}}],"collection":[{"href":"https:\/\/blogdobispo.com.br\/index.php?rest_route=\/wp\/v2\/posts"}],"about":[{"href":"https:\/\/blogdobispo.com.br\/index.php?rest_route=\/wp\/v2\/types\/post"}],"author":[{"embeddable":true,"href":"https:\/\/blogdobispo.com.br\/index.php?rest_route=\/wp\/v2\/users\/1"}],"replies":[{"embeddable":true,"href":"https:\/\/blogdobispo.com.br\/index.php?rest_route=%2Fwp%2Fv2%2Fcomments&post=18534"}],"version-history":[{"count":2,"href":"https:\/\/blogdobispo.com.br\/index.php?rest_route=\/wp\/v2\/posts\/18534\/revisions"}],"predecessor-version":[{"id":18710,"href":"https:\/\/blogdobispo.com.br\/index.php?rest_route=\/wp\/v2\/posts\/18534\/revisions\/18710"}],"wp:featuredmedia":[{"embeddable":true,"href":"https:\/\/blogdobispo.com.br\/index.php?rest_route=\/wp\/v2\/media\/18708"}],"wp:attachment":[{"href":"https:\/\/blogdobispo.com.br\/index.php?rest_route=%2Fwp%2Fv2%2Fmedia&parent=18534"}],"wp:term":[{"taxonomy":"category","embeddable":true,"href":"https:\/\/blogdobispo.com.br\/index.php?rest_route=%2Fwp%2Fv2%2Fcategories&post=18534"},{"taxonomy":"post_tag","embeddable":true,"href":"https:\/\/blogdobispo.com.br\/index.php?rest_route=%2Fwp%2Fv2%2Ftags&post=18534"}],"curies":[{"name":"wp","href":"https:\/\/api.w.org\/{rel}","templated":true}]}}