{"id":18522,"date":"2025-11-12T17:28:13","date_gmt":"2025-11-12T17:28:13","guid":{"rendered":"https:\/\/blogdobispo.com.br\/?p=18522"},"modified":"2025-11-12T17:28:13","modified_gmt":"2025-11-12T17:28:13","slug":"projeto-de-coronel-azevedo-que-protege-criancas-da-apologia-ao-crime-as-drogas-e-a-sexualizacao-e-aprovado-na-assembleia-legislativa","status":"publish","type":"post","link":"https:\/\/blogdobispo.com.br\/?p=18522","title":{"rendered":"Projeto de Coronel Azevedo que protege crian\u00e7as da apologia ao crime, \u00e0s drogas e \u00e0 sexualiza\u00e7\u00e3o \u00e9 aprovado na Assembleia Legislativa"},"content":{"rendered":"\n<figure class=\"wp-block-image size-large\"><img data-recalc-dims=\"1\" fetchpriority=\"high\" decoding=\"async\" width=\"800\" height=\"533\" src=\"https:\/\/i0.wp.com\/blogdobispo.com.br\/wp-content\/uploads\/2025\/11\/38915f3e-fdc4-44f3-8311-0dcbf71c13da-1024x682.jpg?resize=800%2C533&#038;ssl=1\" class=\"wp-image-18521\" srcset=\"https:\/\/i0.wp.com\/blogdobispo.com.br\/wp-content\/uploads\/2025\/11\/38915f3e-fdc4-44f3-8311-0dcbf71c13da.jpg?resize=1024%2C682&amp;ssl=1 1024w, https:\/\/i0.wp.com\/blogdobispo.com.br\/wp-content\/uploads\/2025\/11\/38915f3e-fdc4-44f3-8311-0dcbf71c13da.jpg?resize=300%2C200&amp;ssl=1 300w, https:\/\/i0.wp.com\/blogdobispo.com.br\/wp-content\/uploads\/2025\/11\/38915f3e-fdc4-44f3-8311-0dcbf71c13da.jpg?resize=768%2C512&amp;ssl=1 768w, https:\/\/i0.wp.com\/blogdobispo.com.br\/wp-content\/uploads\/2025\/11\/38915f3e-fdc4-44f3-8311-0dcbf71c13da.jpg?w=1280&amp;ssl=1 1280w\" sizes=\"(max-width: 800px) 100vw, 800px\" \/><\/figure>\n\n\n\n<p><\/p>\n\n\n\n<p>A Assembleia Legislativa do Rio Grande do Norte aprovou, nesta ter\u00e7a-feira (11), o Projeto de Lei de autoria do deputado estadual Coronel Azevedo que pro\u00edbe a contrata\u00e7\u00e3o, pelo poder p\u00fablico estadual, de shows, artistas e eventos abertos ao p\u00fablico infantojuvenil que contenham apologia ao crime, ao uso de drogas ou incentivem pr\u00e1ticas sexuais.<\/p>\n\n\n\n<p>A proposta tem como objetivo proteger crian\u00e7as e adolescentes de conte\u00fados inadequados em eventos promovidos ou patrocinados pelo Estado, garantindo que o ambiente cultural e de lazer respeite o princ\u00edpio do melhor interesse do menor.<\/p>\n\n\n\n<p>De acordo com o texto aprovado, a Administra\u00e7\u00e3o P\u00fablica, direta e indireta, dever\u00e1 incluir cl\u00e1usulas espec\u00edficas nos contratos para impedir manifesta\u00e7\u00f5es que contrariem os valores de prote\u00e7\u00e3o \u00e0 inf\u00e2ncia. Em caso de descumprimento, o artista ou produtor ser\u00e1 penalizado com rescis\u00e3o contratual, multa de 100% do valor do contrato, revertida para a Rede Estadual de Ensino, e ficar\u00e1 impedido de firmar novos contratos com o poder p\u00fablico por cinco anos.<\/p>\n\n\n\n<p>O deputado Coronel Azevedo destacou que o projeto representa um avan\u00e7o importante na defesa da fam\u00edlia e da inf\u00e2ncia, valores que considera fundamentais.<\/p>\n\n\n\n<p>\u201cO Estado n\u00e3o pode patrocinar shows que promovam o crime, as drogas ou a sexualiza\u00e7\u00e3o de crian\u00e7as. Essa \u00e9 uma lei que protege nossos filhos e reafirma o compromisso com os valores que fortalecem a sociedade\u201d, afirmou o parlamentar.<\/p>\n\n\n\n<p>A nova legisla\u00e7\u00e3o tamb\u00e9m permite que qualquer cidad\u00e3o ou entidade denuncie eventuais descumprimentos, por meio da Ouvidoria do Estado ou do Minist\u00e9rio P\u00fablico, ampliando a fiscaliza\u00e7\u00e3o social sobre o uso dos recursos p\u00fablicos.<\/p>\n\n\n\n<p>O projeto segue agora para san\u00e7\u00e3o do Governo do Estado.<\/p>\n","protected":false},"excerpt":{"rendered":"<p>A Assembleia Legislativa do Rio Grande do Norte aprovou, nesta ter\u00e7a-feira (11), o Projeto de Lei de autoria do deputado estadual Coronel Azevedo que pro\u00edbe a contrata\u00e7\u00e3o, pelo poder p\u00fablico estadual, de shows, artistas e eventos abertos ao p\u00fablico infantojuvenil que contenham apologia ao crime, ao uso de drogas ou incentivem pr\u00e1ticas sexuais. A proposta [&hellip;]<\/p>\n","protected":false},"author":1,"featured_media":18521,"comment_status":"open","ping_status":"open","sticky":false,"template":"","format":"standard","meta":{"cybocfi_hide_featured_image":"","_jetpack_memberships_contains_paid_content":false,"footnotes":""},"categories":[1],"tags":[],"class_list":["post-18522","post","type-post","status-publish","format-standard","has-post-thumbnail","hentry","category-diversos"],"yoast_head":"<!-- This site is optimized with the Yoast SEO plugin v25.6 - https:\/\/yoast.com\/wordpress\/plugins\/seo\/ -->\n<title>Projeto de Coronel Azevedo que protege crian\u00e7as da apologia ao crime, \u00e0s drogas e \u00e0 sexualiza\u00e7\u00e3o \u00e9 aprovado na Assembleia Legislativa - Blog do Bispo<\/title>\n<meta name=\"robots\" content=\"index, follow, max-snippet:-1, max-image-preview:large, max-video-preview:-1\" \/>\n<link rel=\"canonical\" href=\"https:\/\/blogdobispo.com.br\/?p=18522\" \/>\n<meta property=\"og:locale\" content=\"pt_BR\" \/>\n<meta property=\"og:type\" content=\"article\" \/>\n<meta property=\"og:title\" content=\"Projeto de Coronel Azevedo que protege crian\u00e7as da apologia ao crime, \u00e0s drogas e \u00e0 sexualiza\u00e7\u00e3o \u00e9 aprovado na Assembleia Legislativa - Blog do Bispo\" \/>\n<meta property=\"og:description\" content=\"A Assembleia Legislativa do Rio Grande do Norte aprovou, nesta ter\u00e7a-feira (11), o Projeto de Lei de autoria do deputado estadual Coronel Azevedo que pro\u00edbe a contrata\u00e7\u00e3o, pelo poder p\u00fablico estadual, de shows, artistas e eventos abertos ao p\u00fablico infantojuvenil que contenham apologia ao crime, ao uso de drogas ou incentivem pr\u00e1ticas sexuais. A proposta [&hellip;]\" \/>\n<meta property=\"og:url\" content=\"https:\/\/blogdobispo.com.br\/?p=18522\" \/>\n<meta property=\"og:site_name\" content=\"Blog do Bispo\" \/>\n<meta property=\"article:published_time\" content=\"2025-11-12T17:28:13+00:00\" \/>\n<meta property=\"og:image\" content=\"https:\/\/blogdobispo.com.br\/wp-content\/uploads\/2025\/11\/38915f3e-fdc4-44f3-8311-0dcbf71c13da-1024x682.jpg\" \/>\n<meta name=\"author\" content=\"Jefferson Sterfeno\" \/>\n<meta name=\"twitter:card\" content=\"summary_large_image\" \/>\n<meta name=\"twitter:label1\" content=\"Escrito por\" \/>\n\t<meta name=\"twitter:data1\" content=\"Jefferson Sterfeno\" \/>\n\t<meta name=\"twitter:label2\" content=\"Est. tempo de leitura\" \/>\n\t<meta name=\"twitter:data2\" content=\"1 minuto\" \/>\n<script type=\"application\/ld+json\" class=\"yoast-schema-graph\">{\"@context\":\"https:\/\/schema.org\",\"@graph\":[{\"@type\":\"Article\",\"@id\":\"https:\/\/blogdobispo.com.br\/?p=18522#article\",\"isPartOf\":{\"@id\":\"https:\/\/blogdobispo.com.br\/?p=18522\"},\"author\":{\"name\":\"Jefferson Sterfeno\",\"@id\":\"https:\/\/blogdobispo.com.br\/#\/schema\/person\/e2209cc0e6cea5c5233d033e997b373f\"},\"headline\":\"Projeto de Coronel Azevedo que protege crian\u00e7as da apologia ao crime, \u00e0s drogas e \u00e0 sexualiza\u00e7\u00e3o \u00e9 aprovado na Assembleia Legislativa\",\"datePublished\":\"2025-11-12T17:28:13+00:00\",\"mainEntityOfPage\":{\"@id\":\"https:\/\/blogdobispo.com.br\/?p=18522\"},\"wordCount\":312,\"commentCount\":0,\"publisher\":{\"@id\":\"https:\/\/blogdobispo.com.br\/#organization\"},\"image\":{\"@id\":\"https:\/\/blogdobispo.com.br\/?p=18522#primaryimage\"},\"thumbnailUrl\":\"https:\/\/i0.wp.com\/blogdobispo.com.br\/wp-content\/uploads\/2025\/11\/38915f3e-fdc4-44f3-8311-0dcbf71c13da.jpg?fit=1280%2C853&ssl=1\",\"articleSection\":[\"diversos\"],\"inLanguage\":\"pt-BR\",\"potentialAction\":[{\"@type\":\"CommentAction\",\"name\":\"Comment\",\"target\":[\"https:\/\/blogdobispo.com.br\/?p=18522#respond\"]}]},{\"@type\":\"WebPage\",\"@id\":\"https:\/\/blogdobispo.com.br\/?p=18522\",\"url\":\"https:\/\/blogdobispo.com.br\/?p=18522\",\"name\":\"Projeto de Coronel Azevedo que protege crian\u00e7as da apologia ao crime, \u00e0s drogas e \u00e0 sexualiza\u00e7\u00e3o \u00e9 aprovado na Assembleia Legislativa - Blog do Bispo\",\"isPartOf\":{\"@id\":\"https:\/\/blogdobispo.com.br\/#website\"},\"primaryImageOfPage\":{\"@id\":\"https:\/\/blogdobispo.com.br\/?p=18522#primaryimage\"},\"image\":{\"@id\":\"https:\/\/blogdobispo.com.br\/?p=18522#primaryimage\"},\"thumbnailUrl\":\"https:\/\/i0.wp.com\/blogdobispo.com.br\/wp-content\/uploads\/2025\/11\/38915f3e-fdc4-44f3-8311-0dcbf71c13da.jpg?fit=1280%2C853&ssl=1\",\"datePublished\":\"2025-11-12T17:28:13+00:00\",\"breadcrumb\":{\"@id\":\"https:\/\/blogdobispo.com.br\/?p=18522#breadcrumb\"},\"inLanguage\":\"pt-BR\",\"potentialAction\":[{\"@type\":\"ReadAction\",\"target\":[\"https:\/\/blogdobispo.com.br\/?p=18522\"]}]},{\"@type\":\"ImageObject\",\"inLanguage\":\"pt-BR\",\"@id\":\"https:\/\/blogdobispo.com.br\/?p=18522#primaryimage\",\"url\":\"https:\/\/i0.wp.com\/blogdobispo.com.br\/wp-content\/uploads\/2025\/11\/38915f3e-fdc4-44f3-8311-0dcbf71c13da.jpg?fit=1280%2C853&ssl=1\",\"contentUrl\":\"https:\/\/i0.wp.com\/blogdobispo.com.br\/wp-content\/uploads\/2025\/11\/38915f3e-fdc4-44f3-8311-0dcbf71c13da.jpg?fit=1280%2C853&ssl=1\",\"width\":1280,\"height\":853},{\"@type\":\"BreadcrumbList\",\"@id\":\"https:\/\/blogdobispo.com.br\/?p=18522#breadcrumb\",\"itemListElement\":[{\"@type\":\"ListItem\",\"position\":1,\"name\":\"In\u00edcio\",\"item\":\"https:\/\/blogdobispo.com.br\/\"},{\"@type\":\"ListItem\",\"position\":2,\"name\":\"Projeto de Coronel Azevedo que protege crian\u00e7as da apologia ao crime, \u00e0s drogas e \u00e0 sexualiza\u00e7\u00e3o \u00e9 aprovado na Assembleia Legislativa\"}]},{\"@type\":\"WebSite\",\"@id\":\"https:\/\/blogdobispo.com.br\/#website\",\"url\":\"https:\/\/blogdobispo.com.br\/\",\"name\":\"Blog do Bispo\",\"description\":\"Comprometido apenas com o leitor\",\"publisher\":{\"@id\":\"https:\/\/blogdobispo.com.br\/#organization\"},\"potentialAction\":[{\"@type\":\"SearchAction\",\"target\":{\"@type\":\"EntryPoint\",\"urlTemplate\":\"https:\/\/blogdobispo.com.br\/?s={search_term_string}\"},\"query-input\":{\"@type\":\"PropertyValueSpecification\",\"valueRequired\":true,\"valueName\":\"search_term_string\"}}],\"inLanguage\":\"pt-BR\"},{\"@type\":\"Organization\",\"@id\":\"https:\/\/blogdobispo.com.br\/#organization\",\"name\":\"Blog do Bispo\",\"url\":\"https:\/\/blogdobispo.com.br\/\",\"logo\":{\"@type\":\"ImageObject\",\"inLanguage\":\"pt-BR\",\"@id\":\"https:\/\/blogdobispo.com.br\/#\/schema\/logo\/image\/\",\"url\":\"http:\/\/blogdobispo.com.br\/wp-content\/uploads\/2023\/05\/cropped-headear.png\",\"contentUrl\":\"http:\/\/blogdobispo.com.br\/wp-content\/uploads\/2023\/05\/cropped-headear.png\",\"width\":1500,\"height\":399,\"caption\":\"Blog do Bispo\"},\"image\":{\"@id\":\"https:\/\/blogdobispo.com.br\/#\/schema\/logo\/image\/\"}},{\"@type\":\"Person\",\"@id\":\"https:\/\/blogdobispo.com.br\/#\/schema\/person\/e2209cc0e6cea5c5233d033e997b373f\",\"name\":\"Jefferson Sterfeno\",\"image\":{\"@type\":\"ImageObject\",\"inLanguage\":\"pt-BR\",\"@id\":\"https:\/\/blogdobispo.com.br\/#\/schema\/person\/image\/\",\"url\":\"https:\/\/secure.gravatar.com\/avatar\/0534e84764641168a677026b6d57a3f51dc7ac4db0b4f6186d9cb330d4ee1160?s=96&d=mm&r=g\",\"contentUrl\":\"https:\/\/secure.gravatar.com\/avatar\/0534e84764641168a677026b6d57a3f51dc7ac4db0b4f6186d9cb330d4ee1160?s=96&d=mm&r=g\",\"caption\":\"Jefferson Sterfeno\"},\"sameAs\":[\"http:\/\/blogdobispo.com.br\"],\"url\":\"https:\/\/blogdobispo.com.br\/?author=1\"}]}<\/script>\n<!-- \/ Yoast SEO plugin. -->","yoast_head_json":{"title":"Projeto de Coronel Azevedo que protege crian\u00e7as da apologia ao crime, \u00e0s drogas e \u00e0 sexualiza\u00e7\u00e3o \u00e9 aprovado na Assembleia Legislativa - Blog do Bispo","robots":{"index":"index","follow":"follow","max-snippet":"max-snippet:-1","max-image-preview":"max-image-preview:large","max-video-preview":"max-video-preview:-1"},"canonical":"https:\/\/blogdobispo.com.br\/?p=18522","og_locale":"pt_BR","og_type":"article","og_title":"Projeto de Coronel Azevedo que protege crian\u00e7as da apologia ao crime, \u00e0s drogas e \u00e0 sexualiza\u00e7\u00e3o \u00e9 aprovado na Assembleia Legislativa - Blog do Bispo","og_description":"A Assembleia Legislativa do Rio Grande do Norte aprovou, nesta ter\u00e7a-feira (11), o Projeto de Lei de autoria do deputado estadual Coronel Azevedo que pro\u00edbe a contrata\u00e7\u00e3o, pelo poder p\u00fablico estadual, de shows, artistas e eventos abertos ao p\u00fablico infantojuvenil que contenham apologia ao crime, ao uso de drogas ou incentivem pr\u00e1ticas sexuais. A proposta [&hellip;]","og_url":"https:\/\/blogdobispo.com.br\/?p=18522","og_site_name":"Blog do Bispo","article_published_time":"2025-11-12T17:28:13+00:00","og_image":[{"url":"https:\/\/blogdobispo.com.br\/wp-content\/uploads\/2025\/11\/38915f3e-fdc4-44f3-8311-0dcbf71c13da-1024x682.jpg","type":"","width":"","height":""}],"author":"Jefferson Sterfeno","twitter_card":"summary_large_image","twitter_misc":{"Escrito por":"Jefferson Sterfeno","Est. tempo de leitura":"1 minuto"},"schema":{"@context":"https:\/\/schema.org","@graph":[{"@type":"Article","@id":"https:\/\/blogdobispo.com.br\/?p=18522#article","isPartOf":{"@id":"https:\/\/blogdobispo.com.br\/?p=18522"},"author":{"name":"Jefferson Sterfeno","@id":"https:\/\/blogdobispo.com.br\/#\/schema\/person\/e2209cc0e6cea5c5233d033e997b373f"},"headline":"Projeto de Coronel Azevedo que protege crian\u00e7as da apologia ao crime, \u00e0s drogas e \u00e0 sexualiza\u00e7\u00e3o \u00e9 aprovado na Assembleia Legislativa","datePublished":"2025-11-12T17:28:13+00:00","mainEntityOfPage":{"@id":"https:\/\/blogdobispo.com.br\/?p=18522"},"wordCount":312,"commentCount":0,"publisher":{"@id":"https:\/\/blogdobispo.com.br\/#organization"},"image":{"@id":"https:\/\/blogdobispo.com.br\/?p=18522#primaryimage"},"thumbnailUrl":"https:\/\/i0.wp.com\/blogdobispo.com.br\/wp-content\/uploads\/2025\/11\/38915f3e-fdc4-44f3-8311-0dcbf71c13da.jpg?fit=1280%2C853&ssl=1","articleSection":["diversos"],"inLanguage":"pt-BR","potentialAction":[{"@type":"CommentAction","name":"Comment","target":["https:\/\/blogdobispo.com.br\/?p=18522#respond"]}]},{"@type":"WebPage","@id":"https:\/\/blogdobispo.com.br\/?p=18522","url":"https:\/\/blogdobispo.com.br\/?p=18522","name":"Projeto de Coronel Azevedo que protege crian\u00e7as da apologia ao crime, \u00e0s drogas e \u00e0 sexualiza\u00e7\u00e3o \u00e9 aprovado na Assembleia Legislativa - Blog do Bispo","isPartOf":{"@id":"https:\/\/blogdobispo.com.br\/#website"},"primaryImageOfPage":{"@id":"https:\/\/blogdobispo.com.br\/?p=18522#primaryimage"},"image":{"@id":"https:\/\/blogdobispo.com.br\/?p=18522#primaryimage"},"thumbnailUrl":"https:\/\/i0.wp.com\/blogdobispo.com.br\/wp-content\/uploads\/2025\/11\/38915f3e-fdc4-44f3-8311-0dcbf71c13da.jpg?fit=1280%2C853&ssl=1","datePublished":"2025-11-12T17:28:13+00:00","breadcrumb":{"@id":"https:\/\/blogdobispo.com.br\/?p=18522#breadcrumb"},"inLanguage":"pt-BR","potentialAction":[{"@type":"ReadAction","target":["https:\/\/blogdobispo.com.br\/?p=18522"]}]},{"@type":"ImageObject","inLanguage":"pt-BR","@id":"https:\/\/blogdobispo.com.br\/?p=18522#primaryimage","url":"https:\/\/i0.wp.com\/blogdobispo.com.br\/wp-content\/uploads\/2025\/11\/38915f3e-fdc4-44f3-8311-0dcbf71c13da.jpg?fit=1280%2C853&ssl=1","contentUrl":"https:\/\/i0.wp.com\/blogdobispo.com.br\/wp-content\/uploads\/2025\/11\/38915f3e-fdc4-44f3-8311-0dcbf71c13da.jpg?fit=1280%2C853&ssl=1","width":1280,"height":853},{"@type":"BreadcrumbList","@id":"https:\/\/blogdobispo.com.br\/?p=18522#breadcrumb","itemListElement":[{"@type":"ListItem","position":1,"name":"In\u00edcio","item":"https:\/\/blogdobispo.com.br\/"},{"@type":"ListItem","position":2,"name":"Projeto de Coronel Azevedo que protege crian\u00e7as da apologia ao crime, \u00e0s drogas e \u00e0 sexualiza\u00e7\u00e3o \u00e9 aprovado na Assembleia Legislativa"}]},{"@type":"WebSite","@id":"https:\/\/blogdobispo.com.br\/#website","url":"https:\/\/blogdobispo.com.br\/","name":"Blog do Bispo","description":"Comprometido apenas com o leitor","publisher":{"@id":"https:\/\/blogdobispo.com.br\/#organization"},"potentialAction":[{"@type":"SearchAction","target":{"@type":"EntryPoint","urlTemplate":"https:\/\/blogdobispo.com.br\/?s={search_term_string}"},"query-input":{"@type":"PropertyValueSpecification","valueRequired":true,"valueName":"search_term_string"}}],"inLanguage":"pt-BR"},{"@type":"Organization","@id":"https:\/\/blogdobispo.com.br\/#organization","name":"Blog do Bispo","url":"https:\/\/blogdobispo.com.br\/","logo":{"@type":"ImageObject","inLanguage":"pt-BR","@id":"https:\/\/blogdobispo.com.br\/#\/schema\/logo\/image\/","url":"http:\/\/blogdobispo.com.br\/wp-content\/uploads\/2023\/05\/cropped-headear.png","contentUrl":"http:\/\/blogdobispo.com.br\/wp-content\/uploads\/2023\/05\/cropped-headear.png","width":1500,"height":399,"caption":"Blog do Bispo"},"image":{"@id":"https:\/\/blogdobispo.com.br\/#\/schema\/logo\/image\/"}},{"@type":"Person","@id":"https:\/\/blogdobispo.com.br\/#\/schema\/person\/e2209cc0e6cea5c5233d033e997b373f","name":"Jefferson Sterfeno","image":{"@type":"ImageObject","inLanguage":"pt-BR","@id":"https:\/\/blogdobispo.com.br\/#\/schema\/person\/image\/","url":"https:\/\/secure.gravatar.com\/avatar\/0534e84764641168a677026b6d57a3f51dc7ac4db0b4f6186d9cb330d4ee1160?s=96&d=mm&r=g","contentUrl":"https:\/\/secure.gravatar.com\/avatar\/0534e84764641168a677026b6d57a3f51dc7ac4db0b4f6186d9cb330d4ee1160?s=96&d=mm&r=g","caption":"Jefferson Sterfeno"},"sameAs":["http:\/\/blogdobispo.com.br"],"url":"https:\/\/blogdobispo.com.br\/?author=1"}]}},"featured_image_urls":{"full":["https:\/\/i0.wp.com\/blogdobispo.com.br\/wp-content\/uploads\/2025\/11\/38915f3e-fdc4-44f3-8311-0dcbf71c13da.jpg?fit=1280%2C853&ssl=1",1280,853,false],"thumbnail":["https:\/\/i0.wp.com\/blogdobispo.com.br\/wp-content\/uploads\/2025\/11\/38915f3e-fdc4-44f3-8311-0dcbf71c13da.jpg?resize=150%2C150&ssl=1",150,150,true],"medium":["https:\/\/i0.wp.com\/blogdobispo.com.br\/wp-content\/uploads\/2025\/11\/38915f3e-fdc4-44f3-8311-0dcbf71c13da.jpg?fit=300%2C200&ssl=1",300,200,true],"medium_large":["https:\/\/i0.wp.com\/blogdobispo.com.br\/wp-content\/uploads\/2025\/11\/38915f3e-fdc4-44f3-8311-0dcbf71c13da.jpg?fit=768%2C512&ssl=1",768,512,true],"large":["https:\/\/i0.wp.com\/blogdobispo.com.br\/wp-content\/uploads\/2025\/11\/38915f3e-fdc4-44f3-8311-0dcbf71c13da.jpg?fit=800%2C533&ssl=1",800,533,true],"1536x1536":["https:\/\/i0.wp.com\/blogdobispo.com.br\/wp-content\/uploads\/2025\/11\/38915f3e-fdc4-44f3-8311-0dcbf71c13da.jpg?fit=1280%2C853&ssl=1",1280,853,true],"2048x2048":["https:\/\/i0.wp.com\/blogdobispo.com.br\/wp-content\/uploads\/2025\/11\/38915f3e-fdc4-44f3-8311-0dcbf71c13da.jpg?fit=1280%2C853&ssl=1",1280,853,true]},"author_info":{"display_name":"Jefferson Sterfeno","author_link":"https:\/\/blogdobispo.com.br\/?author=1"},"category_info":"<a href=\"https:\/\/blogdobispo.com.br\/?cat=1\" rel=\"category\">diversos<\/a>","tag_info":"diversos","comment_count":"0","jetpack_featured_media_url":"https:\/\/i0.wp.com\/blogdobispo.com.br\/wp-content\/uploads\/2025\/11\/38915f3e-fdc4-44f3-8311-0dcbf71c13da.jpg?fit=1280%2C853&ssl=1","jetpack_sharing_enabled":true,"_links":{"self":[{"href":"https:\/\/blogdobispo.com.br\/index.php?rest_route=\/wp\/v2\/posts\/18522","targetHints":{"allow":["GET"]}}],"collection":[{"href":"https:\/\/blogdobispo.com.br\/index.php?rest_route=\/wp\/v2\/posts"}],"about":[{"href":"https:\/\/blogdobispo.com.br\/index.php?rest_route=\/wp\/v2\/types\/post"}],"author":[{"embeddable":true,"href":"https:\/\/blogdobispo.com.br\/index.php?rest_route=\/wp\/v2\/users\/1"}],"replies":[{"embeddable":true,"href":"https:\/\/blogdobispo.com.br\/index.php?rest_route=%2Fwp%2Fv2%2Fcomments&post=18522"}],"version-history":[{"count":0,"href":"https:\/\/blogdobispo.com.br\/index.php?rest_route=\/wp\/v2\/posts\/18522\/revisions"}],"wp:featuredmedia":[{"embeddable":true,"href":"https:\/\/blogdobispo.com.br\/index.php?rest_route=\/wp\/v2\/media\/18521"}],"wp:attachment":[{"href":"https:\/\/blogdobispo.com.br\/index.php?rest_route=%2Fwp%2Fv2%2Fmedia&parent=18522"}],"wp:term":[{"taxonomy":"category","embeddable":true,"href":"https:\/\/blogdobispo.com.br\/index.php?rest_route=%2Fwp%2Fv2%2Fcategories&post=18522"},{"taxonomy":"post_tag","embeddable":true,"href":"https:\/\/blogdobispo.com.br\/index.php?rest_route=%2Fwp%2Fv2%2Ftags&post=18522"}],"curies":[{"name":"wp","href":"https:\/\/api.w.org\/{rel}","templated":true}]}}