{"id":18514,"date":"2025-11-12T16:42:09","date_gmt":"2025-11-12T16:42:09","guid":{"rendered":"https:\/\/blogdobispo.com.br\/?p=18514"},"modified":"2025-11-12T16:42:09","modified_gmt":"2025-11-12T16:42:09","slug":"vivaldo-costa-chama-atencao-para-a-prevencao-do-cancer-de-prostata","status":"publish","type":"post","link":"https:\/\/blogdobispo.com.br\/?p=18514","title":{"rendered":"Vivaldo Costa chama aten\u00e7\u00e3o para a preven\u00e7\u00e3o do c\u00e2ncer de pr\u00f3stata"},"content":{"rendered":"<p>O deputado estadual Vivaldo Costa (PV) se pronunciou, na sess\u00e3o desta quarta-feira (12), sobre Novembro Azul, campanha de conscientiza\u00e7\u00e3o sobre a sa\u00fade do homem, com foco na preven\u00e7\u00e3o e no diagn\u00f3stico precoce do c\u00e2ncer de pr\u00f3stata. Segundo Vivaldo, que \u00e9 m\u00e9dico, este \u00e9 o c\u00e2ncer que mata mais homens no Brasil.<\/p>\n<p>\u201cQuando voc\u00ea leva informa\u00e7\u00f5es \u00e0 popula\u00e7\u00e3o, ela passa a se cuidar melhor\u201d, refor\u00e7ando o discurso para chamar aten\u00e7\u00e3o da popula\u00e7\u00e3o masculina para os n\u00fameros alarmantes. \u201cEste ano n\u00f3s teremos, segundo o Minist\u00e9rio da Sa\u00fade, 80 mil novos casos de c\u00e2ncer em todo o Brasil\u201d, disse Vivaldo.<\/p>\n<p>\u201cS\u00f3 tem uma maneira de evitar o c\u00e2ncer, que \u00e9 a preven\u00e7\u00e3o\u201d, lembrou o parlamentar, afirmando que o homem da ra\u00e7a negra, cientificamente comprovado, \u00e9 a mais acometida pelo c\u00e2ncer de pr\u00f3stata. \u201c\u00c9 importante que o exame de pr\u00f3stata comece a ser feito a partir dos 45 anos entre os homens da ra\u00e7a negra ou que tem hist\u00f3rico familiar da doen\u00e7a; os demais a partir dos 50\u201d, alertou Vivaldo Costa.<\/p>\n<p>\u201cO c\u00e2ncer de pr\u00f3stata \u00e9 silencioso, n\u00e3o d\u00e1 sintoma nenhum, \u00e9 como dizem os urologistas, \u00e9 um c\u00e2ncer covarde\u201d, citou o deputado, alertando a popula\u00e7\u00e3o para a descoberta tardia por quem n\u00e3o cuida da preven\u00e7\u00e3o. Segundo Vivaldo Costa, a doen\u00e7a tem cura se for descoberta e cuidada no come\u00e7o. \u201cE voc\u00ea descobre cedo atrav\u00e9s da preven\u00e7\u00e3o\u201d, encerrou o parlamentar.<img data-recalc-dims=\"1\" fetchpriority=\"high\" decoding=\"async\" class=\"alignnone size-medium wp-image-18515\" src=\"https:\/\/i0.wp.com\/blogdobispo.com.br\/wp-content\/uploads\/2025\/11\/y1QFgg1FlJFKNyz7SdKNwIXFQbElLrnAoqRvRxX7-1.jpg?resize=300%2C200\" alt=\"\" width=\"300\" height=\"200\" srcset=\"https:\/\/i0.wp.com\/blogdobispo.com.br\/wp-content\/uploads\/2025\/11\/y1QFgg1FlJFKNyz7SdKNwIXFQbElLrnAoqRvRxX7-1.jpg?resize=300%2C200&amp;ssl=1 300w, https:\/\/i0.wp.com\/blogdobispo.com.br\/wp-content\/uploads\/2025\/11\/y1QFgg1FlJFKNyz7SdKNwIXFQbElLrnAoqRvRxX7-1.jpg?resize=1024%2C683&amp;ssl=1 1024w, https:\/\/i0.wp.com\/blogdobispo.com.br\/wp-content\/uploads\/2025\/11\/y1QFgg1FlJFKNyz7SdKNwIXFQbElLrnAoqRvRxX7-1.jpg?resize=768%2C512&amp;ssl=1 768w, https:\/\/i0.wp.com\/blogdobispo.com.br\/wp-content\/uploads\/2025\/11\/y1QFgg1FlJFKNyz7SdKNwIXFQbElLrnAoqRvRxX7-1.jpg?resize=1536%2C1024&amp;ssl=1 1536w, https:\/\/i0.wp.com\/blogdobispo.com.br\/wp-content\/uploads\/2025\/11\/y1QFgg1FlJFKNyz7SdKNwIXFQbElLrnAoqRvRxX7-1.jpg?w=1620&amp;ssl=1 1620w\" sizes=\"(max-width: 300px) 100vw, 300px\" \/><\/p>\n","protected":false},"excerpt":{"rendered":"<p>O deputado estadual Vivaldo Costa (PV) se pronunciou, na sess\u00e3o desta quarta-feira (12), sobre Novembro Azul, campanha de conscientiza\u00e7\u00e3o sobre a sa\u00fade do homem, com foco na preven\u00e7\u00e3o e no diagn\u00f3stico precoce do c\u00e2ncer de pr\u00f3stata. Segundo Vivaldo, que \u00e9 m\u00e9dico, este \u00e9 o c\u00e2ncer que mata mais homens no Brasil. \u201cQuando voc\u00ea leva informa\u00e7\u00f5es [&hellip;]<\/p>\n","protected":false},"author":1,"featured_media":18515,"comment_status":"open","ping_status":"open","sticky":false,"template":"","format":"standard","meta":{"cybocfi_hide_featured_image":"","_jetpack_memberships_contains_paid_content":false,"footnotes":""},"categories":[1],"tags":[],"class_list":["post-18514","post","type-post","status-publish","format-standard","has-post-thumbnail","hentry","category-diversos"],"yoast_head":"<!-- This site is optimized with the Yoast SEO plugin v25.6 - https:\/\/yoast.com\/wordpress\/plugins\/seo\/ -->\n<title>Vivaldo Costa chama aten\u00e7\u00e3o para a preven\u00e7\u00e3o do c\u00e2ncer de pr\u00f3stata - Blog do Bispo<\/title>\n<meta name=\"robots\" content=\"index, follow, max-snippet:-1, max-image-preview:large, max-video-preview:-1\" \/>\n<link rel=\"canonical\" href=\"https:\/\/blogdobispo.com.br\/?p=18514\" \/>\n<meta property=\"og:locale\" content=\"pt_BR\" \/>\n<meta property=\"og:type\" content=\"article\" \/>\n<meta property=\"og:title\" content=\"Vivaldo Costa chama aten\u00e7\u00e3o para a preven\u00e7\u00e3o do c\u00e2ncer de pr\u00f3stata - Blog do Bispo\" \/>\n<meta property=\"og:description\" content=\"O deputado estadual Vivaldo Costa (PV) se pronunciou, na sess\u00e3o desta quarta-feira (12), sobre Novembro Azul, campanha de conscientiza\u00e7\u00e3o sobre a sa\u00fade do homem, com foco na preven\u00e7\u00e3o e no diagn\u00f3stico precoce do c\u00e2ncer de pr\u00f3stata. Segundo Vivaldo, que \u00e9 m\u00e9dico, este \u00e9 o c\u00e2ncer que mata mais homens no Brasil. \u201cQuando voc\u00ea leva informa\u00e7\u00f5es [&hellip;]\" \/>\n<meta property=\"og:url\" content=\"https:\/\/blogdobispo.com.br\/?p=18514\" \/>\n<meta property=\"og:site_name\" content=\"Blog do Bispo\" \/>\n<meta property=\"article:published_time\" content=\"2025-11-12T16:42:09+00:00\" \/>\n<meta property=\"og:image\" content=\"http:\/\/blogdobispo.com.br\/wp-content\/uploads\/2025\/11\/y1QFgg1FlJFKNyz7SdKNwIXFQbElLrnAoqRvRxX7-1.jpg\" \/>\n\t<meta property=\"og:image:width\" content=\"1620\" \/>\n\t<meta property=\"og:image:height\" content=\"1080\" \/>\n\t<meta property=\"og:image:type\" content=\"image\/jpeg\" \/>\n<meta name=\"author\" content=\"Jefferson Sterfeno\" \/>\n<meta name=\"twitter:card\" content=\"summary_large_image\" \/>\n<meta name=\"twitter:label1\" content=\"Escrito por\" \/>\n\t<meta name=\"twitter:data1\" content=\"Jefferson Sterfeno\" \/>\n\t<meta name=\"twitter:label2\" content=\"Est. tempo de leitura\" \/>\n\t<meta name=\"twitter:data2\" content=\"2 minutos\" \/>\n<script type=\"application\/ld+json\" class=\"yoast-schema-graph\">{\"@context\":\"https:\/\/schema.org\",\"@graph\":[{\"@type\":\"Article\",\"@id\":\"https:\/\/blogdobispo.com.br\/?p=18514#article\",\"isPartOf\":{\"@id\":\"https:\/\/blogdobispo.com.br\/?p=18514\"},\"author\":{\"name\":\"Jefferson Sterfeno\",\"@id\":\"https:\/\/blogdobispo.com.br\/#\/schema\/person\/e2209cc0e6cea5c5233d033e997b373f\"},\"headline\":\"Vivaldo Costa chama aten\u00e7\u00e3o para a preven\u00e7\u00e3o do c\u00e2ncer de pr\u00f3stata\",\"datePublished\":\"2025-11-12T16:42:09+00:00\",\"mainEntityOfPage\":{\"@id\":\"https:\/\/blogdobispo.com.br\/?p=18514\"},\"wordCount\":267,\"commentCount\":0,\"publisher\":{\"@id\":\"https:\/\/blogdobispo.com.br\/#organization\"},\"image\":{\"@id\":\"https:\/\/blogdobispo.com.br\/?p=18514#primaryimage\"},\"thumbnailUrl\":\"https:\/\/i0.wp.com\/blogdobispo.com.br\/wp-content\/uploads\/2025\/11\/y1QFgg1FlJFKNyz7SdKNwIXFQbElLrnAoqRvRxX7-1.jpg?fit=1620%2C1080&ssl=1\",\"articleSection\":[\"diversos\"],\"inLanguage\":\"pt-BR\",\"potentialAction\":[{\"@type\":\"CommentAction\",\"name\":\"Comment\",\"target\":[\"https:\/\/blogdobispo.com.br\/?p=18514#respond\"]}]},{\"@type\":\"WebPage\",\"@id\":\"https:\/\/blogdobispo.com.br\/?p=18514\",\"url\":\"https:\/\/blogdobispo.com.br\/?p=18514\",\"name\":\"Vivaldo Costa chama aten\u00e7\u00e3o para a preven\u00e7\u00e3o do c\u00e2ncer de pr\u00f3stata - Blog do Bispo\",\"isPartOf\":{\"@id\":\"https:\/\/blogdobispo.com.br\/#website\"},\"primaryImageOfPage\":{\"@id\":\"https:\/\/blogdobispo.com.br\/?p=18514#primaryimage\"},\"image\":{\"@id\":\"https:\/\/blogdobispo.com.br\/?p=18514#primaryimage\"},\"thumbnailUrl\":\"https:\/\/i0.wp.com\/blogdobispo.com.br\/wp-content\/uploads\/2025\/11\/y1QFgg1FlJFKNyz7SdKNwIXFQbElLrnAoqRvRxX7-1.jpg?fit=1620%2C1080&ssl=1\",\"datePublished\":\"2025-11-12T16:42:09+00:00\",\"breadcrumb\":{\"@id\":\"https:\/\/blogdobispo.com.br\/?p=18514#breadcrumb\"},\"inLanguage\":\"pt-BR\",\"potentialAction\":[{\"@type\":\"ReadAction\",\"target\":[\"https:\/\/blogdobispo.com.br\/?p=18514\"]}]},{\"@type\":\"ImageObject\",\"inLanguage\":\"pt-BR\",\"@id\":\"https:\/\/blogdobispo.com.br\/?p=18514#primaryimage\",\"url\":\"https:\/\/i0.wp.com\/blogdobispo.com.br\/wp-content\/uploads\/2025\/11\/y1QFgg1FlJFKNyz7SdKNwIXFQbElLrnAoqRvRxX7-1.jpg?fit=1620%2C1080&ssl=1\",\"contentUrl\":\"https:\/\/i0.wp.com\/blogdobispo.com.br\/wp-content\/uploads\/2025\/11\/y1QFgg1FlJFKNyz7SdKNwIXFQbElLrnAoqRvRxX7-1.jpg?fit=1620%2C1080&ssl=1\",\"width\":1620,\"height\":1080},{\"@type\":\"BreadcrumbList\",\"@id\":\"https:\/\/blogdobispo.com.br\/?p=18514#breadcrumb\",\"itemListElement\":[{\"@type\":\"ListItem\",\"position\":1,\"name\":\"In\u00edcio\",\"item\":\"https:\/\/blogdobispo.com.br\/\"},{\"@type\":\"ListItem\",\"position\":2,\"name\":\"Vivaldo Costa chama aten\u00e7\u00e3o para a preven\u00e7\u00e3o do c\u00e2ncer de pr\u00f3stata\"}]},{\"@type\":\"WebSite\",\"@id\":\"https:\/\/blogdobispo.com.br\/#website\",\"url\":\"https:\/\/blogdobispo.com.br\/\",\"name\":\"Blog do Bispo\",\"description\":\"Comprometido apenas com o leitor\",\"publisher\":{\"@id\":\"https:\/\/blogdobispo.com.br\/#organization\"},\"potentialAction\":[{\"@type\":\"SearchAction\",\"target\":{\"@type\":\"EntryPoint\",\"urlTemplate\":\"https:\/\/blogdobispo.com.br\/?s={search_term_string}\"},\"query-input\":{\"@type\":\"PropertyValueSpecification\",\"valueRequired\":true,\"valueName\":\"search_term_string\"}}],\"inLanguage\":\"pt-BR\"},{\"@type\":\"Organization\",\"@id\":\"https:\/\/blogdobispo.com.br\/#organization\",\"name\":\"Blog do Bispo\",\"url\":\"https:\/\/blogdobispo.com.br\/\",\"logo\":{\"@type\":\"ImageObject\",\"inLanguage\":\"pt-BR\",\"@id\":\"https:\/\/blogdobispo.com.br\/#\/schema\/logo\/image\/\",\"url\":\"http:\/\/blogdobispo.com.br\/wp-content\/uploads\/2023\/05\/cropped-headear.png\",\"contentUrl\":\"http:\/\/blogdobispo.com.br\/wp-content\/uploads\/2023\/05\/cropped-headear.png\",\"width\":1500,\"height\":399,\"caption\":\"Blog do Bispo\"},\"image\":{\"@id\":\"https:\/\/blogdobispo.com.br\/#\/schema\/logo\/image\/\"}},{\"@type\":\"Person\",\"@id\":\"https:\/\/blogdobispo.com.br\/#\/schema\/person\/e2209cc0e6cea5c5233d033e997b373f\",\"name\":\"Jefferson Sterfeno\",\"image\":{\"@type\":\"ImageObject\",\"inLanguage\":\"pt-BR\",\"@id\":\"https:\/\/blogdobispo.com.br\/#\/schema\/person\/image\/\",\"url\":\"https:\/\/secure.gravatar.com\/avatar\/0534e84764641168a677026b6d57a3f51dc7ac4db0b4f6186d9cb330d4ee1160?s=96&d=mm&r=g\",\"contentUrl\":\"https:\/\/secure.gravatar.com\/avatar\/0534e84764641168a677026b6d57a3f51dc7ac4db0b4f6186d9cb330d4ee1160?s=96&d=mm&r=g\",\"caption\":\"Jefferson Sterfeno\"},\"sameAs\":[\"http:\/\/blogdobispo.com.br\"],\"url\":\"https:\/\/blogdobispo.com.br\/?author=1\"}]}<\/script>\n<!-- \/ Yoast SEO plugin. -->","yoast_head_json":{"title":"Vivaldo Costa chama aten\u00e7\u00e3o para a preven\u00e7\u00e3o do c\u00e2ncer de pr\u00f3stata - Blog do Bispo","robots":{"index":"index","follow":"follow","max-snippet":"max-snippet:-1","max-image-preview":"max-image-preview:large","max-video-preview":"max-video-preview:-1"},"canonical":"https:\/\/blogdobispo.com.br\/?p=18514","og_locale":"pt_BR","og_type":"article","og_title":"Vivaldo Costa chama aten\u00e7\u00e3o para a preven\u00e7\u00e3o do c\u00e2ncer de pr\u00f3stata - Blog do Bispo","og_description":"O deputado estadual Vivaldo Costa (PV) se pronunciou, na sess\u00e3o desta quarta-feira (12), sobre Novembro Azul, campanha de conscientiza\u00e7\u00e3o sobre a sa\u00fade do homem, com foco na preven\u00e7\u00e3o e no diagn\u00f3stico precoce do c\u00e2ncer de pr\u00f3stata. Segundo Vivaldo, que \u00e9 m\u00e9dico, este \u00e9 o c\u00e2ncer que mata mais homens no Brasil. \u201cQuando voc\u00ea leva informa\u00e7\u00f5es [&hellip;]","og_url":"https:\/\/blogdobispo.com.br\/?p=18514","og_site_name":"Blog do Bispo","article_published_time":"2025-11-12T16:42:09+00:00","og_image":[{"width":1620,"height":1080,"url":"http:\/\/blogdobispo.com.br\/wp-content\/uploads\/2025\/11\/y1QFgg1FlJFKNyz7SdKNwIXFQbElLrnAoqRvRxX7-1.jpg","type":"image\/jpeg"}],"author":"Jefferson Sterfeno","twitter_card":"summary_large_image","twitter_misc":{"Escrito por":"Jefferson Sterfeno","Est. tempo de leitura":"2 minutos"},"schema":{"@context":"https:\/\/schema.org","@graph":[{"@type":"Article","@id":"https:\/\/blogdobispo.com.br\/?p=18514#article","isPartOf":{"@id":"https:\/\/blogdobispo.com.br\/?p=18514"},"author":{"name":"Jefferson Sterfeno","@id":"https:\/\/blogdobispo.com.br\/#\/schema\/person\/e2209cc0e6cea5c5233d033e997b373f"},"headline":"Vivaldo Costa chama aten\u00e7\u00e3o para a preven\u00e7\u00e3o do c\u00e2ncer de pr\u00f3stata","datePublished":"2025-11-12T16:42:09+00:00","mainEntityOfPage":{"@id":"https:\/\/blogdobispo.com.br\/?p=18514"},"wordCount":267,"commentCount":0,"publisher":{"@id":"https:\/\/blogdobispo.com.br\/#organization"},"image":{"@id":"https:\/\/blogdobispo.com.br\/?p=18514#primaryimage"},"thumbnailUrl":"https:\/\/i0.wp.com\/blogdobispo.com.br\/wp-content\/uploads\/2025\/11\/y1QFgg1FlJFKNyz7SdKNwIXFQbElLrnAoqRvRxX7-1.jpg?fit=1620%2C1080&ssl=1","articleSection":["diversos"],"inLanguage":"pt-BR","potentialAction":[{"@type":"CommentAction","name":"Comment","target":["https:\/\/blogdobispo.com.br\/?p=18514#respond"]}]},{"@type":"WebPage","@id":"https:\/\/blogdobispo.com.br\/?p=18514","url":"https:\/\/blogdobispo.com.br\/?p=18514","name":"Vivaldo Costa chama aten\u00e7\u00e3o para a preven\u00e7\u00e3o do c\u00e2ncer de pr\u00f3stata - Blog do Bispo","isPartOf":{"@id":"https:\/\/blogdobispo.com.br\/#website"},"primaryImageOfPage":{"@id":"https:\/\/blogdobispo.com.br\/?p=18514#primaryimage"},"image":{"@id":"https:\/\/blogdobispo.com.br\/?p=18514#primaryimage"},"thumbnailUrl":"https:\/\/i0.wp.com\/blogdobispo.com.br\/wp-content\/uploads\/2025\/11\/y1QFgg1FlJFKNyz7SdKNwIXFQbElLrnAoqRvRxX7-1.jpg?fit=1620%2C1080&ssl=1","datePublished":"2025-11-12T16:42:09+00:00","breadcrumb":{"@id":"https:\/\/blogdobispo.com.br\/?p=18514#breadcrumb"},"inLanguage":"pt-BR","potentialAction":[{"@type":"ReadAction","target":["https:\/\/blogdobispo.com.br\/?p=18514"]}]},{"@type":"ImageObject","inLanguage":"pt-BR","@id":"https:\/\/blogdobispo.com.br\/?p=18514#primaryimage","url":"https:\/\/i0.wp.com\/blogdobispo.com.br\/wp-content\/uploads\/2025\/11\/y1QFgg1FlJFKNyz7SdKNwIXFQbElLrnAoqRvRxX7-1.jpg?fit=1620%2C1080&ssl=1","contentUrl":"https:\/\/i0.wp.com\/blogdobispo.com.br\/wp-content\/uploads\/2025\/11\/y1QFgg1FlJFKNyz7SdKNwIXFQbElLrnAoqRvRxX7-1.jpg?fit=1620%2C1080&ssl=1","width":1620,"height":1080},{"@type":"BreadcrumbList","@id":"https:\/\/blogdobispo.com.br\/?p=18514#breadcrumb","itemListElement":[{"@type":"ListItem","position":1,"name":"In\u00edcio","item":"https:\/\/blogdobispo.com.br\/"},{"@type":"ListItem","position":2,"name":"Vivaldo Costa chama aten\u00e7\u00e3o para a preven\u00e7\u00e3o do c\u00e2ncer de pr\u00f3stata"}]},{"@type":"WebSite","@id":"https:\/\/blogdobispo.com.br\/#website","url":"https:\/\/blogdobispo.com.br\/","name":"Blog do Bispo","description":"Comprometido apenas com o leitor","publisher":{"@id":"https:\/\/blogdobispo.com.br\/#organization"},"potentialAction":[{"@type":"SearchAction","target":{"@type":"EntryPoint","urlTemplate":"https:\/\/blogdobispo.com.br\/?s={search_term_string}"},"query-input":{"@type":"PropertyValueSpecification","valueRequired":true,"valueName":"search_term_string"}}],"inLanguage":"pt-BR"},{"@type":"Organization","@id":"https:\/\/blogdobispo.com.br\/#organization","name":"Blog do Bispo","url":"https:\/\/blogdobispo.com.br\/","logo":{"@type":"ImageObject","inLanguage":"pt-BR","@id":"https:\/\/blogdobispo.com.br\/#\/schema\/logo\/image\/","url":"http:\/\/blogdobispo.com.br\/wp-content\/uploads\/2023\/05\/cropped-headear.png","contentUrl":"http:\/\/blogdobispo.com.br\/wp-content\/uploads\/2023\/05\/cropped-headear.png","width":1500,"height":399,"caption":"Blog do Bispo"},"image":{"@id":"https:\/\/blogdobispo.com.br\/#\/schema\/logo\/image\/"}},{"@type":"Person","@id":"https:\/\/blogdobispo.com.br\/#\/schema\/person\/e2209cc0e6cea5c5233d033e997b373f","name":"Jefferson Sterfeno","image":{"@type":"ImageObject","inLanguage":"pt-BR","@id":"https:\/\/blogdobispo.com.br\/#\/schema\/person\/image\/","url":"https:\/\/secure.gravatar.com\/avatar\/0534e84764641168a677026b6d57a3f51dc7ac4db0b4f6186d9cb330d4ee1160?s=96&d=mm&r=g","contentUrl":"https:\/\/secure.gravatar.com\/avatar\/0534e84764641168a677026b6d57a3f51dc7ac4db0b4f6186d9cb330d4ee1160?s=96&d=mm&r=g","caption":"Jefferson Sterfeno"},"sameAs":["http:\/\/blogdobispo.com.br"],"url":"https:\/\/blogdobispo.com.br\/?author=1"}]}},"featured_image_urls":{"full":["https:\/\/i0.wp.com\/blogdobispo.com.br\/wp-content\/uploads\/2025\/11\/y1QFgg1FlJFKNyz7SdKNwIXFQbElLrnAoqRvRxX7-1.jpg?fit=1620%2C1080&ssl=1",1620,1080,false],"thumbnail":["https:\/\/i0.wp.com\/blogdobispo.com.br\/wp-content\/uploads\/2025\/11\/y1QFgg1FlJFKNyz7SdKNwIXFQbElLrnAoqRvRxX7-1.jpg?resize=150%2C150&ssl=1",150,150,true],"medium":["https:\/\/i0.wp.com\/blogdobispo.com.br\/wp-content\/uploads\/2025\/11\/y1QFgg1FlJFKNyz7SdKNwIXFQbElLrnAoqRvRxX7-1.jpg?fit=300%2C200&ssl=1",300,200,true],"medium_large":["https:\/\/i0.wp.com\/blogdobispo.com.br\/wp-content\/uploads\/2025\/11\/y1QFgg1FlJFKNyz7SdKNwIXFQbElLrnAoqRvRxX7-1.jpg?fit=768%2C512&ssl=1",768,512,true],"large":["https:\/\/i0.wp.com\/blogdobispo.com.br\/wp-content\/uploads\/2025\/11\/y1QFgg1FlJFKNyz7SdKNwIXFQbElLrnAoqRvRxX7-1.jpg?fit=800%2C534&ssl=1",800,534,true],"1536x1536":["https:\/\/i0.wp.com\/blogdobispo.com.br\/wp-content\/uploads\/2025\/11\/y1QFgg1FlJFKNyz7SdKNwIXFQbElLrnAoqRvRxX7-1.jpg?fit=1536%2C1024&ssl=1",1536,1024,true],"2048x2048":["https:\/\/i0.wp.com\/blogdobispo.com.br\/wp-content\/uploads\/2025\/11\/y1QFgg1FlJFKNyz7SdKNwIXFQbElLrnAoqRvRxX7-1.jpg?fit=1620%2C1080&ssl=1",1620,1080,true]},"author_info":{"display_name":"Jefferson Sterfeno","author_link":"https:\/\/blogdobispo.com.br\/?author=1"},"category_info":"<a href=\"https:\/\/blogdobispo.com.br\/?cat=1\" rel=\"category\">diversos<\/a>","tag_info":"diversos","comment_count":"0","jetpack_featured_media_url":"https:\/\/i0.wp.com\/blogdobispo.com.br\/wp-content\/uploads\/2025\/11\/y1QFgg1FlJFKNyz7SdKNwIXFQbElLrnAoqRvRxX7-1.jpg?fit=1620%2C1080&ssl=1","jetpack_sharing_enabled":true,"_links":{"self":[{"href":"https:\/\/blogdobispo.com.br\/index.php?rest_route=\/wp\/v2\/posts\/18514","targetHints":{"allow":["GET"]}}],"collection":[{"href":"https:\/\/blogdobispo.com.br\/index.php?rest_route=\/wp\/v2\/posts"}],"about":[{"href":"https:\/\/blogdobispo.com.br\/index.php?rest_route=\/wp\/v2\/types\/post"}],"author":[{"embeddable":true,"href":"https:\/\/blogdobispo.com.br\/index.php?rest_route=\/wp\/v2\/users\/1"}],"replies":[{"embeddable":true,"href":"https:\/\/blogdobispo.com.br\/index.php?rest_route=%2Fwp%2Fv2%2Fcomments&post=18514"}],"version-history":[{"count":1,"href":"https:\/\/blogdobispo.com.br\/index.php?rest_route=\/wp\/v2\/posts\/18514\/revisions"}],"predecessor-version":[{"id":18516,"href":"https:\/\/blogdobispo.com.br\/index.php?rest_route=\/wp\/v2\/posts\/18514\/revisions\/18516"}],"wp:featuredmedia":[{"embeddable":true,"href":"https:\/\/blogdobispo.com.br\/index.php?rest_route=\/wp\/v2\/media\/18515"}],"wp:attachment":[{"href":"https:\/\/blogdobispo.com.br\/index.php?rest_route=%2Fwp%2Fv2%2Fmedia&parent=18514"}],"wp:term":[{"taxonomy":"category","embeddable":true,"href":"https:\/\/blogdobispo.com.br\/index.php?rest_route=%2Fwp%2Fv2%2Fcategories&post=18514"},{"taxonomy":"post_tag","embeddable":true,"href":"https:\/\/blogdobispo.com.br\/index.php?rest_route=%2Fwp%2Fv2%2Ftags&post=18514"}],"curies":[{"name":"wp","href":"https:\/\/api.w.org\/{rel}","templated":true}]}}