{"id":18505,"date":"2025-11-11T13:47:03","date_gmt":"2025-11-11T13:47:03","guid":{"rendered":"https:\/\/blogdobispo.com.br\/?p=18505"},"modified":"2025-11-25T16:38:21","modified_gmt":"2025-11-25T16:38:21","slug":"camara-municipal-homenageia-40-anos-do-movimento-segue-me-em-natal","status":"publish","type":"post","link":"https:\/\/blogdobispo.com.br\/?p=18505","title":{"rendered":"C\u00e2mara Municipal homenageia 40 anos do movimento Segue-me em Natal"},"content":{"rendered":"<p>Nesta segunda-feira (10), a C\u00e2mara Municipal de Natal realizou uma sess\u00e3o solene, de proposi\u00e7\u00e3o do vereador Pedro Henrique (PP), em celebra\u00e7\u00e3o aos 40 anos do movimento cat\u00f3lico Segue-me, voltado \u00e0 evangeliza\u00e7\u00e3o e \u00e0 participa\u00e7\u00e3o ativa de jovens na Arquidiocese de Natal. A iniciativa marca o reconhecimento \u00e0 trajet\u00f3ria de mais de quatro d\u00e9cadas de forma\u00e7\u00e3o crist\u00e3, engajamento pastoral e a\u00e7\u00f5es de servi\u00e7o \u00e0 comunidade.<\/p>\n<p>&#8220;O Segue-me est\u00e1&nbsp; completando 40 anos aqui na Arquidiocese de Natal. Mais de 32 mil jovens j\u00e1 passaram por esse movimento, que, al\u00e9m de evangelizar,&nbsp; realiza a\u00e7\u00f5es sociais, atrav\u00e9s de caravanas que doam alimentos, promove doa\u00e7\u00e3o de sangue e mutir\u00f5es beneficentes e outras iniciativas que ajudam a nossa cidade\u201d, explicou o propositor da solenidade.<\/p>\n<p>Segundo a jovem l\u00edder do movimento, Lara Morais, do Conselho Arquidiocesano do Segue-me, o movimento de evangeliza\u00e7\u00e3o da juventude propicia o engajamento pastoral e a participa\u00e7\u00e3o ativa do jovem na vida da comunidade. Ela informou que a faixa et\u00e1ria para participa\u00e7\u00e3o inicial \u00e9 de 16 a 23 anos e que a m\u00e9dia anual \u00e9 de 2.500 participantes em 33 par\u00f3quias da Arquidiocese de Natal.<\/p>\n<p>O p\u00e1roco da Par\u00f3quia de Nossa Senhora de Candel\u00e1ria, Padre Francisco de Assis de Melo, destacou: \u201co Segue-me aviva a juventude do bairro e \u00e9 a grande porta de entrada e ponte entre a juventude e a Igreja\u201d. Em sua fala, ressaltou que a homenagem ao movimento fortalece o v\u00ednculo entre a Igreja e os jovens.<\/p>\n<p>O monsenhor Jos\u00e9 Valquimar Nogueira, em nome da Arquidiocese de Natal, afirmou que o movimento \u00e9 \u201cfundamental porque traz os jovens para a Igreja e os engaja na evangeliza\u00e7\u00e3o\u201d, e que a sess\u00e3o solene representa reconhecimento institucional de uma entidade que promove n\u00e3o apenas a f\u00e9, mas tamb\u00e9m a constru\u00e7\u00e3o de uma sociedade melhor.<\/p>\n<p>Representando a Prefeitura de Natal, a secret\u00e1ria municipal de Habita\u00e7\u00e3o, Adamires Machado, participou da mesa, enquanto o deputado estadual Hermano Moraes representou a Assembleia Legislativa. Tamb\u00e9m marcaram presen\u00e7a os vereadores Cl\u00e1udio Cust\u00f3dio (PP), Daniel Santiago (PP) e Robson Carvalho (Uni\u00e3o Brasil).<\/p>\n<p>Texto: Ilana Albuquerque<br \/>\nFotos: Ver\u00f4nica Macedo<\/p>\n<p><img data-recalc-dims=\"1\" fetchpriority=\"high\" decoding=\"async\" src=\"https:\/\/i0.wp.com\/blogdobispo.com.br\/wp-content\/uploads\/2025\/11\/98567e0cd3078df6766e465d4ed1059d.jpg?resize=300%2C219\" class=\"alignnone size-medium wp-image-18506\" width=\"300\" height=\"219\" alt=\"\" srcset=\"https:\/\/i0.wp.com\/blogdobispo.com.br\/wp-content\/uploads\/2025\/11\/98567e0cd3078df6766e465d4ed1059d.jpg?resize=300%2C219&amp;ssl=1 300w, https:\/\/i0.wp.com\/blogdobispo.com.br\/wp-content\/uploads\/2025\/11\/98567e0cd3078df6766e465d4ed1059d.jpg?resize=1024%2C747&amp;ssl=1 1024w, https:\/\/i0.wp.com\/blogdobispo.com.br\/wp-content\/uploads\/2025\/11\/98567e0cd3078df6766e465d4ed1059d.jpg?resize=768%2C560&amp;ssl=1 768w, https:\/\/i0.wp.com\/blogdobispo.com.br\/wp-content\/uploads\/2025\/11\/98567e0cd3078df6766e465d4ed1059d.jpg?resize=1536%2C1120&amp;ssl=1 1536w, https:\/\/i0.wp.com\/blogdobispo.com.br\/wp-content\/uploads\/2025\/11\/98567e0cd3078df6766e465d4ed1059d.jpg?w=1600&amp;ssl=1 1600w\" sizes=\"(max-width: 300px) 100vw, 300px\" \/><\/p>\n","protected":false},"excerpt":{"rendered":"<p>Nesta segunda-feira (10), a C\u00e2mara Municipal de Natal realizou uma sess\u00e3o solene, de proposi\u00e7\u00e3o do vereador Pedro Henrique (PP), em celebra\u00e7\u00e3o aos 40 anos do movimento cat\u00f3lico Segue-me, voltado \u00e0 evangeliza\u00e7\u00e3o e \u00e0 participa\u00e7\u00e3o ativa de jovens na Arquidiocese de Natal. A iniciativa marca o reconhecimento \u00e0 trajet\u00f3ria de mais de quatro d\u00e9cadas de forma\u00e7\u00e3o [&hellip;]<\/p>\n","protected":false},"author":1,"featured_media":18506,"comment_status":"open","ping_status":"open","sticky":false,"template":"","format":"standard","meta":{"cybocfi_hide_featured_image":"","_jetpack_memberships_contains_paid_content":false,"footnotes":""},"categories":[1],"tags":[],"class_list":["post-18505","post","type-post","status-publish","format-standard","has-post-thumbnail","hentry","category-diversos"],"yoast_head":"<!-- This site is optimized with the Yoast SEO plugin v25.6 - https:\/\/yoast.com\/wordpress\/plugins\/seo\/ -->\n<title>C\u00e2mara Municipal homenageia 40 anos do movimento Segue-me em Natal - Blog do Bispo<\/title>\n<meta name=\"robots\" content=\"index, follow, max-snippet:-1, max-image-preview:large, max-video-preview:-1\" \/>\n<link rel=\"canonical\" href=\"https:\/\/blogdobispo.com.br\/?p=18505\" \/>\n<meta property=\"og:locale\" content=\"pt_BR\" \/>\n<meta property=\"og:type\" content=\"article\" \/>\n<meta property=\"og:title\" content=\"C\u00e2mara Municipal homenageia 40 anos do movimento Segue-me em Natal - Blog do Bispo\" \/>\n<meta property=\"og:description\" content=\"Nesta segunda-feira (10), a C\u00e2mara Municipal de Natal realizou uma sess\u00e3o solene, de proposi\u00e7\u00e3o do vereador Pedro Henrique (PP), em celebra\u00e7\u00e3o aos 40 anos do movimento cat\u00f3lico Segue-me, voltado \u00e0 evangeliza\u00e7\u00e3o e \u00e0 participa\u00e7\u00e3o ativa de jovens na Arquidiocese de Natal. A iniciativa marca o reconhecimento \u00e0 trajet\u00f3ria de mais de quatro d\u00e9cadas de forma\u00e7\u00e3o [&hellip;]\" \/>\n<meta property=\"og:url\" content=\"https:\/\/blogdobispo.com.br\/?p=18505\" \/>\n<meta property=\"og:site_name\" content=\"Blog do Bispo\" \/>\n<meta property=\"article:published_time\" content=\"2025-11-11T13:47:03+00:00\" \/>\n<meta property=\"article:modified_time\" content=\"2025-11-25T16:38:21+00:00\" \/>\n<meta property=\"og:image\" content=\"https:\/\/i0.wp.com\/blogdobispo.com.br\/wp-content\/uploads\/2025\/11\/98567e0cd3078df6766e465d4ed1059d.jpg?fit=1600%2C1167&ssl=1\" \/>\n\t<meta property=\"og:image:width\" content=\"1600\" \/>\n\t<meta property=\"og:image:height\" content=\"1167\" \/>\n\t<meta property=\"og:image:type\" content=\"image\/jpeg\" \/>\n<meta name=\"author\" content=\"Jefferson Sterfeno\" \/>\n<meta name=\"twitter:card\" content=\"summary_large_image\" \/>\n<meta name=\"twitter:label1\" content=\"Escrito por\" \/>\n\t<meta name=\"twitter:data1\" content=\"Jefferson Sterfeno\" \/>\n\t<meta name=\"twitter:label2\" content=\"Est. tempo de leitura\" \/>\n\t<meta name=\"twitter:data2\" content=\"3 minutos\" \/>\n<script type=\"application\/ld+json\" class=\"yoast-schema-graph\">{\"@context\":\"https:\/\/schema.org\",\"@graph\":[{\"@type\":\"Article\",\"@id\":\"https:\/\/blogdobispo.com.br\/?p=18505#article\",\"isPartOf\":{\"@id\":\"https:\/\/blogdobispo.com.br\/?p=18505\"},\"author\":{\"name\":\"Jefferson Sterfeno\",\"@id\":\"https:\/\/blogdobispo.com.br\/#\/schema\/person\/e2209cc0e6cea5c5233d033e997b373f\"},\"headline\":\"C\u00e2mara Municipal homenageia 40 anos do movimento Segue-me em Natal\",\"datePublished\":\"2025-11-11T13:47:03+00:00\",\"dateModified\":\"2025-11-25T16:38:21+00:00\",\"mainEntityOfPage\":{\"@id\":\"https:\/\/blogdobispo.com.br\/?p=18505\"},\"wordCount\":376,\"commentCount\":0,\"publisher\":{\"@id\":\"https:\/\/blogdobispo.com.br\/#organization\"},\"image\":{\"@id\":\"https:\/\/blogdobispo.com.br\/?p=18505#primaryimage\"},\"thumbnailUrl\":\"https:\/\/i0.wp.com\/blogdobispo.com.br\/wp-content\/uploads\/2025\/11\/98567e0cd3078df6766e465d4ed1059d.jpg?fit=1600%2C1167&ssl=1\",\"articleSection\":[\"diversos\"],\"inLanguage\":\"pt-BR\",\"potentialAction\":[{\"@type\":\"CommentAction\",\"name\":\"Comment\",\"target\":[\"https:\/\/blogdobispo.com.br\/?p=18505#respond\"]}]},{\"@type\":\"WebPage\",\"@id\":\"https:\/\/blogdobispo.com.br\/?p=18505\",\"url\":\"https:\/\/blogdobispo.com.br\/?p=18505\",\"name\":\"C\u00e2mara Municipal homenageia 40 anos do movimento Segue-me em Natal - Blog do Bispo\",\"isPartOf\":{\"@id\":\"https:\/\/blogdobispo.com.br\/#website\"},\"primaryImageOfPage\":{\"@id\":\"https:\/\/blogdobispo.com.br\/?p=18505#primaryimage\"},\"image\":{\"@id\":\"https:\/\/blogdobispo.com.br\/?p=18505#primaryimage\"},\"thumbnailUrl\":\"https:\/\/i0.wp.com\/blogdobispo.com.br\/wp-content\/uploads\/2025\/11\/98567e0cd3078df6766e465d4ed1059d.jpg?fit=1600%2C1167&ssl=1\",\"datePublished\":\"2025-11-11T13:47:03+00:00\",\"dateModified\":\"2025-11-25T16:38:21+00:00\",\"breadcrumb\":{\"@id\":\"https:\/\/blogdobispo.com.br\/?p=18505#breadcrumb\"},\"inLanguage\":\"pt-BR\",\"potentialAction\":[{\"@type\":\"ReadAction\",\"target\":[\"https:\/\/blogdobispo.com.br\/?p=18505\"]}]},{\"@type\":\"ImageObject\",\"inLanguage\":\"pt-BR\",\"@id\":\"https:\/\/blogdobispo.com.br\/?p=18505#primaryimage\",\"url\":\"https:\/\/i0.wp.com\/blogdobispo.com.br\/wp-content\/uploads\/2025\/11\/98567e0cd3078df6766e465d4ed1059d.jpg?fit=1600%2C1167&ssl=1\",\"contentUrl\":\"https:\/\/i0.wp.com\/blogdobispo.com.br\/wp-content\/uploads\/2025\/11\/98567e0cd3078df6766e465d4ed1059d.jpg?fit=1600%2C1167&ssl=1\",\"width\":1600,\"height\":1167},{\"@type\":\"BreadcrumbList\",\"@id\":\"https:\/\/blogdobispo.com.br\/?p=18505#breadcrumb\",\"itemListElement\":[{\"@type\":\"ListItem\",\"position\":1,\"name\":\"In\u00edcio\",\"item\":\"https:\/\/blogdobispo.com.br\/\"},{\"@type\":\"ListItem\",\"position\":2,\"name\":\"C\u00e2mara Municipal homenageia 40 anos do movimento Segue-me em Natal\"}]},{\"@type\":\"WebSite\",\"@id\":\"https:\/\/blogdobispo.com.br\/#website\",\"url\":\"https:\/\/blogdobispo.com.br\/\",\"name\":\"Blog do Bispo\",\"description\":\"Comprometido apenas com o leitor\",\"publisher\":{\"@id\":\"https:\/\/blogdobispo.com.br\/#organization\"},\"potentialAction\":[{\"@type\":\"SearchAction\",\"target\":{\"@type\":\"EntryPoint\",\"urlTemplate\":\"https:\/\/blogdobispo.com.br\/?s={search_term_string}\"},\"query-input\":{\"@type\":\"PropertyValueSpecification\",\"valueRequired\":true,\"valueName\":\"search_term_string\"}}],\"inLanguage\":\"pt-BR\"},{\"@type\":\"Organization\",\"@id\":\"https:\/\/blogdobispo.com.br\/#organization\",\"name\":\"Blog do Bispo\",\"url\":\"https:\/\/blogdobispo.com.br\/\",\"logo\":{\"@type\":\"ImageObject\",\"inLanguage\":\"pt-BR\",\"@id\":\"https:\/\/blogdobispo.com.br\/#\/schema\/logo\/image\/\",\"url\":\"http:\/\/blogdobispo.com.br\/wp-content\/uploads\/2023\/05\/cropped-headear.png\",\"contentUrl\":\"http:\/\/blogdobispo.com.br\/wp-content\/uploads\/2023\/05\/cropped-headear.png\",\"width\":1500,\"height\":399,\"caption\":\"Blog do Bispo\"},\"image\":{\"@id\":\"https:\/\/blogdobispo.com.br\/#\/schema\/logo\/image\/\"}},{\"@type\":\"Person\",\"@id\":\"https:\/\/blogdobispo.com.br\/#\/schema\/person\/e2209cc0e6cea5c5233d033e997b373f\",\"name\":\"Jefferson Sterfeno\",\"image\":{\"@type\":\"ImageObject\",\"inLanguage\":\"pt-BR\",\"@id\":\"https:\/\/blogdobispo.com.br\/#\/schema\/person\/image\/\",\"url\":\"https:\/\/secure.gravatar.com\/avatar\/0534e84764641168a677026b6d57a3f51dc7ac4db0b4f6186d9cb330d4ee1160?s=96&d=mm&r=g\",\"contentUrl\":\"https:\/\/secure.gravatar.com\/avatar\/0534e84764641168a677026b6d57a3f51dc7ac4db0b4f6186d9cb330d4ee1160?s=96&d=mm&r=g\",\"caption\":\"Jefferson Sterfeno\"},\"sameAs\":[\"http:\/\/blogdobispo.com.br\"],\"url\":\"https:\/\/blogdobispo.com.br\/?author=1\"}]}<\/script>\n<!-- \/ Yoast SEO plugin. -->","yoast_head_json":{"title":"C\u00e2mara Municipal homenageia 40 anos do movimento Segue-me em Natal - Blog do Bispo","robots":{"index":"index","follow":"follow","max-snippet":"max-snippet:-1","max-image-preview":"max-image-preview:large","max-video-preview":"max-video-preview:-1"},"canonical":"https:\/\/blogdobispo.com.br\/?p=18505","og_locale":"pt_BR","og_type":"article","og_title":"C\u00e2mara Municipal homenageia 40 anos do movimento Segue-me em Natal - Blog do Bispo","og_description":"Nesta segunda-feira (10), a C\u00e2mara Municipal de Natal realizou uma sess\u00e3o solene, de proposi\u00e7\u00e3o do vereador Pedro Henrique (PP), em celebra\u00e7\u00e3o aos 40 anos do movimento cat\u00f3lico Segue-me, voltado \u00e0 evangeliza\u00e7\u00e3o e \u00e0 participa\u00e7\u00e3o ativa de jovens na Arquidiocese de Natal. A iniciativa marca o reconhecimento \u00e0 trajet\u00f3ria de mais de quatro d\u00e9cadas de forma\u00e7\u00e3o [&hellip;]","og_url":"https:\/\/blogdobispo.com.br\/?p=18505","og_site_name":"Blog do Bispo","article_published_time":"2025-11-11T13:47:03+00:00","article_modified_time":"2025-11-25T16:38:21+00:00","og_image":[{"width":1600,"height":1167,"url":"https:\/\/i0.wp.com\/blogdobispo.com.br\/wp-content\/uploads\/2025\/11\/98567e0cd3078df6766e465d4ed1059d.jpg?fit=1600%2C1167&ssl=1","type":"image\/jpeg"}],"author":"Jefferson Sterfeno","twitter_card":"summary_large_image","twitter_misc":{"Escrito por":"Jefferson Sterfeno","Est. tempo de leitura":"3 minutos"},"schema":{"@context":"https:\/\/schema.org","@graph":[{"@type":"Article","@id":"https:\/\/blogdobispo.com.br\/?p=18505#article","isPartOf":{"@id":"https:\/\/blogdobispo.com.br\/?p=18505"},"author":{"name":"Jefferson Sterfeno","@id":"https:\/\/blogdobispo.com.br\/#\/schema\/person\/e2209cc0e6cea5c5233d033e997b373f"},"headline":"C\u00e2mara Municipal homenageia 40 anos do movimento Segue-me em Natal","datePublished":"2025-11-11T13:47:03+00:00","dateModified":"2025-11-25T16:38:21+00:00","mainEntityOfPage":{"@id":"https:\/\/blogdobispo.com.br\/?p=18505"},"wordCount":376,"commentCount":0,"publisher":{"@id":"https:\/\/blogdobispo.com.br\/#organization"},"image":{"@id":"https:\/\/blogdobispo.com.br\/?p=18505#primaryimage"},"thumbnailUrl":"https:\/\/i0.wp.com\/blogdobispo.com.br\/wp-content\/uploads\/2025\/11\/98567e0cd3078df6766e465d4ed1059d.jpg?fit=1600%2C1167&ssl=1","articleSection":["diversos"],"inLanguage":"pt-BR","potentialAction":[{"@type":"CommentAction","name":"Comment","target":["https:\/\/blogdobispo.com.br\/?p=18505#respond"]}]},{"@type":"WebPage","@id":"https:\/\/blogdobispo.com.br\/?p=18505","url":"https:\/\/blogdobispo.com.br\/?p=18505","name":"C\u00e2mara Municipal homenageia 40 anos do movimento Segue-me em Natal - Blog do Bispo","isPartOf":{"@id":"https:\/\/blogdobispo.com.br\/#website"},"primaryImageOfPage":{"@id":"https:\/\/blogdobispo.com.br\/?p=18505#primaryimage"},"image":{"@id":"https:\/\/blogdobispo.com.br\/?p=18505#primaryimage"},"thumbnailUrl":"https:\/\/i0.wp.com\/blogdobispo.com.br\/wp-content\/uploads\/2025\/11\/98567e0cd3078df6766e465d4ed1059d.jpg?fit=1600%2C1167&ssl=1","datePublished":"2025-11-11T13:47:03+00:00","dateModified":"2025-11-25T16:38:21+00:00","breadcrumb":{"@id":"https:\/\/blogdobispo.com.br\/?p=18505#breadcrumb"},"inLanguage":"pt-BR","potentialAction":[{"@type":"ReadAction","target":["https:\/\/blogdobispo.com.br\/?p=18505"]}]},{"@type":"ImageObject","inLanguage":"pt-BR","@id":"https:\/\/blogdobispo.com.br\/?p=18505#primaryimage","url":"https:\/\/i0.wp.com\/blogdobispo.com.br\/wp-content\/uploads\/2025\/11\/98567e0cd3078df6766e465d4ed1059d.jpg?fit=1600%2C1167&ssl=1","contentUrl":"https:\/\/i0.wp.com\/blogdobispo.com.br\/wp-content\/uploads\/2025\/11\/98567e0cd3078df6766e465d4ed1059d.jpg?fit=1600%2C1167&ssl=1","width":1600,"height":1167},{"@type":"BreadcrumbList","@id":"https:\/\/blogdobispo.com.br\/?p=18505#breadcrumb","itemListElement":[{"@type":"ListItem","position":1,"name":"In\u00edcio","item":"https:\/\/blogdobispo.com.br\/"},{"@type":"ListItem","position":2,"name":"C\u00e2mara Municipal homenageia 40 anos do movimento Segue-me em Natal"}]},{"@type":"WebSite","@id":"https:\/\/blogdobispo.com.br\/#website","url":"https:\/\/blogdobispo.com.br\/","name":"Blog do Bispo","description":"Comprometido apenas com o leitor","publisher":{"@id":"https:\/\/blogdobispo.com.br\/#organization"},"potentialAction":[{"@type":"SearchAction","target":{"@type":"EntryPoint","urlTemplate":"https:\/\/blogdobispo.com.br\/?s={search_term_string}"},"query-input":{"@type":"PropertyValueSpecification","valueRequired":true,"valueName":"search_term_string"}}],"inLanguage":"pt-BR"},{"@type":"Organization","@id":"https:\/\/blogdobispo.com.br\/#organization","name":"Blog do Bispo","url":"https:\/\/blogdobispo.com.br\/","logo":{"@type":"ImageObject","inLanguage":"pt-BR","@id":"https:\/\/blogdobispo.com.br\/#\/schema\/logo\/image\/","url":"http:\/\/blogdobispo.com.br\/wp-content\/uploads\/2023\/05\/cropped-headear.png","contentUrl":"http:\/\/blogdobispo.com.br\/wp-content\/uploads\/2023\/05\/cropped-headear.png","width":1500,"height":399,"caption":"Blog do Bispo"},"image":{"@id":"https:\/\/blogdobispo.com.br\/#\/schema\/logo\/image\/"}},{"@type":"Person","@id":"https:\/\/blogdobispo.com.br\/#\/schema\/person\/e2209cc0e6cea5c5233d033e997b373f","name":"Jefferson Sterfeno","image":{"@type":"ImageObject","inLanguage":"pt-BR","@id":"https:\/\/blogdobispo.com.br\/#\/schema\/person\/image\/","url":"https:\/\/secure.gravatar.com\/avatar\/0534e84764641168a677026b6d57a3f51dc7ac4db0b4f6186d9cb330d4ee1160?s=96&d=mm&r=g","contentUrl":"https:\/\/secure.gravatar.com\/avatar\/0534e84764641168a677026b6d57a3f51dc7ac4db0b4f6186d9cb330d4ee1160?s=96&d=mm&r=g","caption":"Jefferson Sterfeno"},"sameAs":["http:\/\/blogdobispo.com.br"],"url":"https:\/\/blogdobispo.com.br\/?author=1"}]}},"featured_image_urls":{"full":["https:\/\/i0.wp.com\/blogdobispo.com.br\/wp-content\/uploads\/2025\/11\/98567e0cd3078df6766e465d4ed1059d.jpg?fit=1600%2C1167&ssl=1",1600,1167,false],"thumbnail":["https:\/\/i0.wp.com\/blogdobispo.com.br\/wp-content\/uploads\/2025\/11\/98567e0cd3078df6766e465d4ed1059d.jpg?resize=150%2C150&ssl=1",150,150,true],"medium":["https:\/\/i0.wp.com\/blogdobispo.com.br\/wp-content\/uploads\/2025\/11\/98567e0cd3078df6766e465d4ed1059d.jpg?fit=300%2C219&ssl=1",300,219,true],"medium_large":["https:\/\/i0.wp.com\/blogdobispo.com.br\/wp-content\/uploads\/2025\/11\/98567e0cd3078df6766e465d4ed1059d.jpg?fit=768%2C560&ssl=1",768,560,true],"large":["https:\/\/i0.wp.com\/blogdobispo.com.br\/wp-content\/uploads\/2025\/11\/98567e0cd3078df6766e465d4ed1059d.jpg?fit=800%2C584&ssl=1",800,584,true],"1536x1536":["https:\/\/i0.wp.com\/blogdobispo.com.br\/wp-content\/uploads\/2025\/11\/98567e0cd3078df6766e465d4ed1059d.jpg?fit=1536%2C1120&ssl=1",1536,1120,true],"2048x2048":["https:\/\/i0.wp.com\/blogdobispo.com.br\/wp-content\/uploads\/2025\/11\/98567e0cd3078df6766e465d4ed1059d.jpg?fit=1600%2C1167&ssl=1",1600,1167,true]},"author_info":{"display_name":"Jefferson Sterfeno","author_link":"https:\/\/blogdobispo.com.br\/?author=1"},"category_info":"<a href=\"https:\/\/blogdobispo.com.br\/?cat=1\" rel=\"category\">diversos<\/a>","tag_info":"diversos","comment_count":"0","jetpack_featured_media_url":"https:\/\/i0.wp.com\/blogdobispo.com.br\/wp-content\/uploads\/2025\/11\/98567e0cd3078df6766e465d4ed1059d.jpg?fit=1600%2C1167&ssl=1","jetpack_sharing_enabled":true,"_links":{"self":[{"href":"https:\/\/blogdobispo.com.br\/index.php?rest_route=\/wp\/v2\/posts\/18505","targetHints":{"allow":["GET"]}}],"collection":[{"href":"https:\/\/blogdobispo.com.br\/index.php?rest_route=\/wp\/v2\/posts"}],"about":[{"href":"https:\/\/blogdobispo.com.br\/index.php?rest_route=\/wp\/v2\/types\/post"}],"author":[{"embeddable":true,"href":"https:\/\/blogdobispo.com.br\/index.php?rest_route=\/wp\/v2\/users\/1"}],"replies":[{"embeddable":true,"href":"https:\/\/blogdobispo.com.br\/index.php?rest_route=%2Fwp%2Fv2%2Fcomments&post=18505"}],"version-history":[{"count":2,"href":"https:\/\/blogdobispo.com.br\/index.php?rest_route=\/wp\/v2\/posts\/18505\/revisions"}],"predecessor-version":[{"id":18602,"href":"https:\/\/blogdobispo.com.br\/index.php?rest_route=\/wp\/v2\/posts\/18505\/revisions\/18602"}],"wp:featuredmedia":[{"embeddable":true,"href":"https:\/\/blogdobispo.com.br\/index.php?rest_route=\/wp\/v2\/media\/18506"}],"wp:attachment":[{"href":"https:\/\/blogdobispo.com.br\/index.php?rest_route=%2Fwp%2Fv2%2Fmedia&parent=18505"}],"wp:term":[{"taxonomy":"category","embeddable":true,"href":"https:\/\/blogdobispo.com.br\/index.php?rest_route=%2Fwp%2Fv2%2Fcategories&post=18505"},{"taxonomy":"post_tag","embeddable":true,"href":"https:\/\/blogdobispo.com.br\/index.php?rest_route=%2Fwp%2Fv2%2Ftags&post=18505"}],"curies":[{"name":"wp","href":"https:\/\/api.w.org\/{rel}","templated":true}]}}