{"id":18502,"date":"2025-11-11T13:45:12","date_gmt":"2025-11-11T13:45:12","guid":{"rendered":"https:\/\/blogdobispo.com.br\/?p=18502"},"modified":"2025-11-11T13:45:36","modified_gmt":"2025-11-11T13:45:36","slug":"pt-tenta-atrair-vice-prefeita-milena-galvao-para-chapa-majoritaria-mas-alianca-e-vista-como-improvavel","status":"publish","type":"post","link":"https:\/\/blogdobispo.com.br\/?p=18502","title":{"rendered":"PT tenta atrair vice-prefeita Milena Galv\u00e3o para chapa majorit\u00e1ria, mas alian\u00e7a \u00e9 vista como improv\u00e1vel"},"content":{"rendered":"<h3 data-start=\"135\" data-end=\"246\"><img data-recalc-dims=\"1\" fetchpriority=\"high\" decoding=\"async\" class=\"alignnone size-medium wp-image-18503\" src=\"https:\/\/i0.wp.com\/blogdobispo.com.br\/wp-content\/uploads\/2025\/11\/image-65.webp?resize=300%2C270\" alt=\"\" width=\"300\" height=\"270\" srcset=\"https:\/\/i0.wp.com\/blogdobispo.com.br\/wp-content\/uploads\/2025\/11\/image-65.webp?resize=300%2C270&amp;ssl=1 300w, https:\/\/i0.wp.com\/blogdobispo.com.br\/wp-content\/uploads\/2025\/11\/image-65.webp?w=409&amp;ssl=1 409w\" sizes=\"(max-width: 300px) 100vw, 300px\" \/><\/h3>\n<p data-start=\"248\" data-end=\"540\">O <strong data-start=\"250\" data-end=\"284\">Partido dos Trabalhadores (PT)<\/strong> vem tentando ampliar suas alian\u00e7as pol\u00edticas no Rio Grande do Norte e, segundo fontes ligadas ao diret\u00f3rio estadual, tem sondado a <strong data-start=\"416\" data-end=\"465\">vice-prefeita de Currais Novos, Milena Galv\u00e3o<\/strong>, para uma poss\u00edvel composi\u00e7\u00e3o na chapa majorit\u00e1ria nas elei\u00e7\u00f5es de 2026.<\/p>\n<p data-start=\"542\" data-end=\"823\">Milena, entretanto, \u00e9 <strong data-start=\"564\" data-end=\"647\">irm\u00e3 do presidente da Assembleia Legislativa, deputado Ezequiel Ferreira (PSDB)<\/strong>, e <strong data-start=\"651\" data-end=\"719\">vem estreitando la\u00e7os com o senador Styvenson Valentim (Podemos)<\/strong>, movimento que tem chamado aten\u00e7\u00e3o nos bastidores e afastado a possibilidade de aproxima\u00e7\u00e3o com o PT.<\/p>\n<p data-start=\"825\" data-end=\"1105\">Nos \u00faltimos meses, Milena tem participado de agendas e eventos ao lado de Styvenson, o que \u00e9 interpretado por analistas pol\u00edticos como um <strong data-start=\"963\" data-end=\"1036\">sinal de afinidade e de alinhamento com o projeto pol\u00edtico do senador<\/strong>, que articula discretamente uma candidatura majorit\u00e1ria no estado.<\/p>\n<p data-start=\"1107\" data-end=\"1335\">Apesar disso, setores do PT enxergam em Milena um <strong data-start=\"1157\" data-end=\"1215\">perfil moderado, t\u00e9cnico e com bom di\u00e1logo no interior<\/strong>, o que poderia ajudar o partido a <strong data-start=\"1250\" data-end=\"1284\">romper resist\u00eancias hist\u00f3ricas<\/strong> em regi\u00f5es de perfil conservador, como o Serid\u00f3.<\/p>\n<p data-start=\"1337\" data-end=\"1524\">\u201cMilena \u00e9 uma lideran\u00e7a consolidada e com boa aceita\u00e7\u00e3o popular. O PT busca nomes capazes de unir e somar, especialmente fora da Grande Natal\u201d, afirmou um dirigente petista sob reserva.<\/p>\n<p data-start=\"1526\" data-end=\"1811\">Por outro lado, aliados de Ezequiel Ferreira garantem que Milena <strong data-start=\"1591\" data-end=\"1632\">segue fiel ao grupo pol\u00edtico do irm\u00e3o<\/strong>, embora mantenha autonomia para dialogar com outras for\u00e7as. \u201cEla \u00e9 uma lideran\u00e7a que tem luz pr\u00f3pria e vem construindo seu pr\u00f3prio espa\u00e7o pol\u00edtico\u201d, comentou um aliado pr\u00f3ximo.<\/p>\n<p data-start=\"1813\" data-end=\"2027\">Com isso, a ideia de ver Milena Galv\u00e3o integrando uma chapa liderada pelo PT, <strong data-start=\"1891\" data-end=\"1982\">por enquanto, soa mais como um desejo estrat\u00e9gico do partido do que um movimento vi\u00e1vel<\/strong> dentro do atual cen\u00e1rio pol\u00edtico potiguar.<\/p>\n<p data-start=\"248\" data-end=\"540\">O <strong data-start=\"250\" data-end=\"284\">Partido dos Trabalhadores (PT)<\/strong> vem tentando ampliar suas alian\u00e7as pol\u00edticas no Rio Grande do Norte e, segundo fontes ligadas ao diret\u00f3rio estadual, tem sondado a <strong data-start=\"416\" data-end=\"465\">vice-prefeita de Currais Novos, Milena Galv\u00e3o<\/strong>, para uma poss\u00edvel composi\u00e7\u00e3o na chapa majorit\u00e1ria nas elei\u00e7\u00f5es de 2026.<\/p>\n<p data-start=\"542\" data-end=\"823\">Milena, entretanto, \u00e9 <strong data-start=\"564\" data-end=\"647\">irm\u00e3 do presidente da Assembleia Legislativa, deputado Ezequiel Ferreira (PSDB)<\/strong>, e <strong data-start=\"651\" data-end=\"719\">vem estreitando la\u00e7os com o senador Styvenson Valentim (Podemos)<\/strong>, movimento que tem chamado aten\u00e7\u00e3o nos bastidores e afastado a possibilidade de aproxima\u00e7\u00e3o com o PT.<\/p>\n<p data-start=\"825\" data-end=\"1105\">Nos \u00faltimos meses, Milena tem participado de agendas e eventos ao lado de Styvenson, o que \u00e9 interpretado por analistas pol\u00edticos como um <strong data-start=\"963\" data-end=\"1036\">sinal de afinidade e de alinhamento com o projeto pol\u00edtico do senador<\/strong>, que articula discretamente uma candidatura majorit\u00e1ria no estado.<\/p>\n<p data-start=\"1107\" data-end=\"1335\">Apesar disso, setores do PT enxergam em Milena um <strong data-start=\"1157\" data-end=\"1215\">perfil moderado, t\u00e9cnico e com bom di\u00e1logo no interior<\/strong>, o que poderia ajudar o partido a <strong data-start=\"1250\" data-end=\"1284\">romper resist\u00eancias hist\u00f3ricas<\/strong> em regi\u00f5es de perfil conservador, como o Serid\u00f3.<\/p>\n<p data-start=\"1337\" data-end=\"1524\">\u201cMilena \u00e9 uma lideran\u00e7a consolidada e com boa aceita\u00e7\u00e3o popular. O PT busca nomes capazes de unir e somar, especialmente fora da Grande Natal\u201d, afirmou um dirigente petista sob reserva.<\/p>\n<p data-start=\"1526\" data-end=\"1811\">Por outro lado, aliados de Ezequiel Ferreira garantem que Milena <strong data-start=\"1591\" data-end=\"1632\">segue fiel ao grupo pol\u00edtico do irm\u00e3o<\/strong>, embora mantenha autonomia para dialogar com outras for\u00e7as. \u201cEla \u00e9 uma lideran\u00e7a que tem luz pr\u00f3pria e vem construindo seu pr\u00f3prio espa\u00e7o pol\u00edtico\u201d, comentou um aliado pr\u00f3ximo.<\/p>\n<p data-start=\"1813\" data-end=\"2027\">Com isso, a ideia de ver Milena Galv\u00e3o integrando uma chapa liderada pelo PT, <strong data-start=\"1891\" data-end=\"1982\">por enquanto, soa mais como um desejo estrat\u00e9gico do partido do que um movimento vi\u00e1vel<\/strong> dentro do atual cen\u00e1rio pol\u00edtico potiguar.<\/p>\n","protected":false},"excerpt":{"rendered":"<p>O Partido dos Trabalhadores (PT) vem tentando ampliar suas alian\u00e7as pol\u00edticas no Rio Grande do Norte e, segundo fontes ligadas ao diret\u00f3rio estadual, tem sondado a vice-prefeita de Currais Novos, Milena Galv\u00e3o, para uma poss\u00edvel composi\u00e7\u00e3o na chapa majorit\u00e1ria nas elei\u00e7\u00f5es de 2026. Milena, entretanto, \u00e9 irm\u00e3 do presidente da Assembleia Legislativa, deputado Ezequiel Ferreira [&hellip;]<\/p>\n","protected":false},"author":1,"featured_media":18503,"comment_status":"open","ping_status":"open","sticky":false,"template":"","format":"standard","meta":{"cybocfi_hide_featured_image":"","_jetpack_memberships_contains_paid_content":false,"footnotes":""},"categories":[1],"tags":[],"class_list":["post-18502","post","type-post","status-publish","format-standard","has-post-thumbnail","hentry","category-diversos"],"yoast_head":"<!-- This site is optimized with the Yoast SEO plugin v25.6 - https:\/\/yoast.com\/wordpress\/plugins\/seo\/ -->\n<title>PT tenta atrair vice-prefeita Milena Galv\u00e3o para chapa majorit\u00e1ria, mas alian\u00e7a \u00e9 vista como improv\u00e1vel - Blog do Bispo<\/title>\n<meta name=\"robots\" content=\"index, follow, max-snippet:-1, max-image-preview:large, max-video-preview:-1\" \/>\n<link rel=\"canonical\" href=\"https:\/\/blogdobispo.com.br\/?p=18502\" \/>\n<meta property=\"og:locale\" content=\"pt_BR\" \/>\n<meta property=\"og:type\" content=\"article\" \/>\n<meta property=\"og:title\" content=\"PT tenta atrair vice-prefeita Milena Galv\u00e3o para chapa majorit\u00e1ria, mas alian\u00e7a \u00e9 vista como improv\u00e1vel - Blog do Bispo\" \/>\n<meta property=\"og:description\" content=\"O Partido dos Trabalhadores (PT) vem tentando ampliar suas alian\u00e7as pol\u00edticas no Rio Grande do Norte e, segundo fontes ligadas ao diret\u00f3rio estadual, tem sondado a vice-prefeita de Currais Novos, Milena Galv\u00e3o, para uma poss\u00edvel composi\u00e7\u00e3o na chapa majorit\u00e1ria nas elei\u00e7\u00f5es de 2026. Milena, entretanto, \u00e9 irm\u00e3 do presidente da Assembleia Legislativa, deputado Ezequiel Ferreira [&hellip;]\" \/>\n<meta property=\"og:url\" content=\"https:\/\/blogdobispo.com.br\/?p=18502\" \/>\n<meta property=\"og:site_name\" content=\"Blog do Bispo\" \/>\n<meta property=\"article:published_time\" content=\"2025-11-11T13:45:12+00:00\" \/>\n<meta property=\"article:modified_time\" content=\"2025-11-11T13:45:36+00:00\" \/>\n<meta property=\"og:image\" content=\"http:\/\/blogdobispo.com.br\/wp-content\/uploads\/2025\/11\/image-65.webp\" \/>\n\t<meta property=\"og:image:width\" content=\"409\" \/>\n\t<meta property=\"og:image:height\" content=\"368\" \/>\n\t<meta property=\"og:image:type\" content=\"image\/webp\" \/>\n<meta name=\"author\" content=\"Jefferson Sterfeno\" \/>\n<meta name=\"twitter:card\" content=\"summary_large_image\" \/>\n<meta name=\"twitter:label1\" content=\"Escrito por\" \/>\n\t<meta name=\"twitter:data1\" content=\"Jefferson Sterfeno\" \/>\n\t<meta name=\"twitter:label2\" content=\"Est. tempo de leitura\" \/>\n\t<meta name=\"twitter:data2\" content=\"4 minutos\" \/>\n<script type=\"application\/ld+json\" class=\"yoast-schema-graph\">{\"@context\":\"https:\/\/schema.org\",\"@graph\":[{\"@type\":\"Article\",\"@id\":\"https:\/\/blogdobispo.com.br\/?p=18502#article\",\"isPartOf\":{\"@id\":\"https:\/\/blogdobispo.com.br\/?p=18502\"},\"author\":{\"name\":\"Jefferson Sterfeno\",\"@id\":\"https:\/\/blogdobispo.com.br\/#\/schema\/person\/e2209cc0e6cea5c5233d033e997b373f\"},\"headline\":\"PT tenta atrair vice-prefeita Milena Galv\u00e3o para chapa majorit\u00e1ria, mas alian\u00e7a \u00e9 vista como improv\u00e1vel\",\"datePublished\":\"2025-11-11T13:45:12+00:00\",\"dateModified\":\"2025-11-11T13:45:36+00:00\",\"mainEntityOfPage\":{\"@id\":\"https:\/\/blogdobispo.com.br\/?p=18502\"},\"wordCount\":618,\"commentCount\":0,\"publisher\":{\"@id\":\"https:\/\/blogdobispo.com.br\/#organization\"},\"image\":{\"@id\":\"https:\/\/blogdobispo.com.br\/?p=18502#primaryimage\"},\"thumbnailUrl\":\"https:\/\/i0.wp.com\/blogdobispo.com.br\/wp-content\/uploads\/2025\/11\/image-65.webp?fit=409%2C368&ssl=1\",\"articleSection\":[\"diversos\"],\"inLanguage\":\"pt-BR\",\"potentialAction\":[{\"@type\":\"CommentAction\",\"name\":\"Comment\",\"target\":[\"https:\/\/blogdobispo.com.br\/?p=18502#respond\"]}]},{\"@type\":\"WebPage\",\"@id\":\"https:\/\/blogdobispo.com.br\/?p=18502\",\"url\":\"https:\/\/blogdobispo.com.br\/?p=18502\",\"name\":\"PT tenta atrair vice-prefeita Milena Galv\u00e3o para chapa majorit\u00e1ria, mas alian\u00e7a \u00e9 vista como improv\u00e1vel - Blog do Bispo\",\"isPartOf\":{\"@id\":\"https:\/\/blogdobispo.com.br\/#website\"},\"primaryImageOfPage\":{\"@id\":\"https:\/\/blogdobispo.com.br\/?p=18502#primaryimage\"},\"image\":{\"@id\":\"https:\/\/blogdobispo.com.br\/?p=18502#primaryimage\"},\"thumbnailUrl\":\"https:\/\/i0.wp.com\/blogdobispo.com.br\/wp-content\/uploads\/2025\/11\/image-65.webp?fit=409%2C368&ssl=1\",\"datePublished\":\"2025-11-11T13:45:12+00:00\",\"dateModified\":\"2025-11-11T13:45:36+00:00\",\"breadcrumb\":{\"@id\":\"https:\/\/blogdobispo.com.br\/?p=18502#breadcrumb\"},\"inLanguage\":\"pt-BR\",\"potentialAction\":[{\"@type\":\"ReadAction\",\"target\":[\"https:\/\/blogdobispo.com.br\/?p=18502\"]}]},{\"@type\":\"ImageObject\",\"inLanguage\":\"pt-BR\",\"@id\":\"https:\/\/blogdobispo.com.br\/?p=18502#primaryimage\",\"url\":\"https:\/\/i0.wp.com\/blogdobispo.com.br\/wp-content\/uploads\/2025\/11\/image-65.webp?fit=409%2C368&ssl=1\",\"contentUrl\":\"https:\/\/i0.wp.com\/blogdobispo.com.br\/wp-content\/uploads\/2025\/11\/image-65.webp?fit=409%2C368&ssl=1\",\"width\":409,\"height\":368},{\"@type\":\"BreadcrumbList\",\"@id\":\"https:\/\/blogdobispo.com.br\/?p=18502#breadcrumb\",\"itemListElement\":[{\"@type\":\"ListItem\",\"position\":1,\"name\":\"In\u00edcio\",\"item\":\"https:\/\/blogdobispo.com.br\/\"},{\"@type\":\"ListItem\",\"position\":2,\"name\":\"PT tenta atrair vice-prefeita Milena Galv\u00e3o para chapa majorit\u00e1ria, mas alian\u00e7a \u00e9 vista como improv\u00e1vel\"}]},{\"@type\":\"WebSite\",\"@id\":\"https:\/\/blogdobispo.com.br\/#website\",\"url\":\"https:\/\/blogdobispo.com.br\/\",\"name\":\"Blog do Bispo\",\"description\":\"Comprometido apenas com o leitor\",\"publisher\":{\"@id\":\"https:\/\/blogdobispo.com.br\/#organization\"},\"potentialAction\":[{\"@type\":\"SearchAction\",\"target\":{\"@type\":\"EntryPoint\",\"urlTemplate\":\"https:\/\/blogdobispo.com.br\/?s={search_term_string}\"},\"query-input\":{\"@type\":\"PropertyValueSpecification\",\"valueRequired\":true,\"valueName\":\"search_term_string\"}}],\"inLanguage\":\"pt-BR\"},{\"@type\":\"Organization\",\"@id\":\"https:\/\/blogdobispo.com.br\/#organization\",\"name\":\"Blog do Bispo\",\"url\":\"https:\/\/blogdobispo.com.br\/\",\"logo\":{\"@type\":\"ImageObject\",\"inLanguage\":\"pt-BR\",\"@id\":\"https:\/\/blogdobispo.com.br\/#\/schema\/logo\/image\/\",\"url\":\"http:\/\/blogdobispo.com.br\/wp-content\/uploads\/2023\/05\/cropped-headear.png\",\"contentUrl\":\"http:\/\/blogdobispo.com.br\/wp-content\/uploads\/2023\/05\/cropped-headear.png\",\"width\":1500,\"height\":399,\"caption\":\"Blog do Bispo\"},\"image\":{\"@id\":\"https:\/\/blogdobispo.com.br\/#\/schema\/logo\/image\/\"}},{\"@type\":\"Person\",\"@id\":\"https:\/\/blogdobispo.com.br\/#\/schema\/person\/e2209cc0e6cea5c5233d033e997b373f\",\"name\":\"Jefferson Sterfeno\",\"image\":{\"@type\":\"ImageObject\",\"inLanguage\":\"pt-BR\",\"@id\":\"https:\/\/blogdobispo.com.br\/#\/schema\/person\/image\/\",\"url\":\"https:\/\/secure.gravatar.com\/avatar\/0534e84764641168a677026b6d57a3f51dc7ac4db0b4f6186d9cb330d4ee1160?s=96&d=mm&r=g\",\"contentUrl\":\"https:\/\/secure.gravatar.com\/avatar\/0534e84764641168a677026b6d57a3f51dc7ac4db0b4f6186d9cb330d4ee1160?s=96&d=mm&r=g\",\"caption\":\"Jefferson Sterfeno\"},\"sameAs\":[\"http:\/\/blogdobispo.com.br\"],\"url\":\"https:\/\/blogdobispo.com.br\/?author=1\"}]}<\/script>\n<!-- \/ Yoast SEO plugin. -->","yoast_head_json":{"title":"PT tenta atrair vice-prefeita Milena Galv\u00e3o para chapa majorit\u00e1ria, mas alian\u00e7a \u00e9 vista como improv\u00e1vel - Blog do Bispo","robots":{"index":"index","follow":"follow","max-snippet":"max-snippet:-1","max-image-preview":"max-image-preview:large","max-video-preview":"max-video-preview:-1"},"canonical":"https:\/\/blogdobispo.com.br\/?p=18502","og_locale":"pt_BR","og_type":"article","og_title":"PT tenta atrair vice-prefeita Milena Galv\u00e3o para chapa majorit\u00e1ria, mas alian\u00e7a \u00e9 vista como improv\u00e1vel - Blog do Bispo","og_description":"O Partido dos Trabalhadores (PT) vem tentando ampliar suas alian\u00e7as pol\u00edticas no Rio Grande do Norte e, segundo fontes ligadas ao diret\u00f3rio estadual, tem sondado a vice-prefeita de Currais Novos, Milena Galv\u00e3o, para uma poss\u00edvel composi\u00e7\u00e3o na chapa majorit\u00e1ria nas elei\u00e7\u00f5es de 2026. Milena, entretanto, \u00e9 irm\u00e3 do presidente da Assembleia Legislativa, deputado Ezequiel Ferreira [&hellip;]","og_url":"https:\/\/blogdobispo.com.br\/?p=18502","og_site_name":"Blog do Bispo","article_published_time":"2025-11-11T13:45:12+00:00","article_modified_time":"2025-11-11T13:45:36+00:00","og_image":[{"width":409,"height":368,"url":"http:\/\/blogdobispo.com.br\/wp-content\/uploads\/2025\/11\/image-65.webp","type":"image\/webp"}],"author":"Jefferson Sterfeno","twitter_card":"summary_large_image","twitter_misc":{"Escrito por":"Jefferson Sterfeno","Est. tempo de leitura":"4 minutos"},"schema":{"@context":"https:\/\/schema.org","@graph":[{"@type":"Article","@id":"https:\/\/blogdobispo.com.br\/?p=18502#article","isPartOf":{"@id":"https:\/\/blogdobispo.com.br\/?p=18502"},"author":{"name":"Jefferson Sterfeno","@id":"https:\/\/blogdobispo.com.br\/#\/schema\/person\/e2209cc0e6cea5c5233d033e997b373f"},"headline":"PT tenta atrair vice-prefeita Milena Galv\u00e3o para chapa majorit\u00e1ria, mas alian\u00e7a \u00e9 vista como improv\u00e1vel","datePublished":"2025-11-11T13:45:12+00:00","dateModified":"2025-11-11T13:45:36+00:00","mainEntityOfPage":{"@id":"https:\/\/blogdobispo.com.br\/?p=18502"},"wordCount":618,"commentCount":0,"publisher":{"@id":"https:\/\/blogdobispo.com.br\/#organization"},"image":{"@id":"https:\/\/blogdobispo.com.br\/?p=18502#primaryimage"},"thumbnailUrl":"https:\/\/i0.wp.com\/blogdobispo.com.br\/wp-content\/uploads\/2025\/11\/image-65.webp?fit=409%2C368&ssl=1","articleSection":["diversos"],"inLanguage":"pt-BR","potentialAction":[{"@type":"CommentAction","name":"Comment","target":["https:\/\/blogdobispo.com.br\/?p=18502#respond"]}]},{"@type":"WebPage","@id":"https:\/\/blogdobispo.com.br\/?p=18502","url":"https:\/\/blogdobispo.com.br\/?p=18502","name":"PT tenta atrair vice-prefeita Milena Galv\u00e3o para chapa majorit\u00e1ria, mas alian\u00e7a \u00e9 vista como improv\u00e1vel - Blog do Bispo","isPartOf":{"@id":"https:\/\/blogdobispo.com.br\/#website"},"primaryImageOfPage":{"@id":"https:\/\/blogdobispo.com.br\/?p=18502#primaryimage"},"image":{"@id":"https:\/\/blogdobispo.com.br\/?p=18502#primaryimage"},"thumbnailUrl":"https:\/\/i0.wp.com\/blogdobispo.com.br\/wp-content\/uploads\/2025\/11\/image-65.webp?fit=409%2C368&ssl=1","datePublished":"2025-11-11T13:45:12+00:00","dateModified":"2025-11-11T13:45:36+00:00","breadcrumb":{"@id":"https:\/\/blogdobispo.com.br\/?p=18502#breadcrumb"},"inLanguage":"pt-BR","potentialAction":[{"@type":"ReadAction","target":["https:\/\/blogdobispo.com.br\/?p=18502"]}]},{"@type":"ImageObject","inLanguage":"pt-BR","@id":"https:\/\/blogdobispo.com.br\/?p=18502#primaryimage","url":"https:\/\/i0.wp.com\/blogdobispo.com.br\/wp-content\/uploads\/2025\/11\/image-65.webp?fit=409%2C368&ssl=1","contentUrl":"https:\/\/i0.wp.com\/blogdobispo.com.br\/wp-content\/uploads\/2025\/11\/image-65.webp?fit=409%2C368&ssl=1","width":409,"height":368},{"@type":"BreadcrumbList","@id":"https:\/\/blogdobispo.com.br\/?p=18502#breadcrumb","itemListElement":[{"@type":"ListItem","position":1,"name":"In\u00edcio","item":"https:\/\/blogdobispo.com.br\/"},{"@type":"ListItem","position":2,"name":"PT tenta atrair vice-prefeita Milena Galv\u00e3o para chapa majorit\u00e1ria, mas alian\u00e7a \u00e9 vista como improv\u00e1vel"}]},{"@type":"WebSite","@id":"https:\/\/blogdobispo.com.br\/#website","url":"https:\/\/blogdobispo.com.br\/","name":"Blog do Bispo","description":"Comprometido apenas com o leitor","publisher":{"@id":"https:\/\/blogdobispo.com.br\/#organization"},"potentialAction":[{"@type":"SearchAction","target":{"@type":"EntryPoint","urlTemplate":"https:\/\/blogdobispo.com.br\/?s={search_term_string}"},"query-input":{"@type":"PropertyValueSpecification","valueRequired":true,"valueName":"search_term_string"}}],"inLanguage":"pt-BR"},{"@type":"Organization","@id":"https:\/\/blogdobispo.com.br\/#organization","name":"Blog do Bispo","url":"https:\/\/blogdobispo.com.br\/","logo":{"@type":"ImageObject","inLanguage":"pt-BR","@id":"https:\/\/blogdobispo.com.br\/#\/schema\/logo\/image\/","url":"http:\/\/blogdobispo.com.br\/wp-content\/uploads\/2023\/05\/cropped-headear.png","contentUrl":"http:\/\/blogdobispo.com.br\/wp-content\/uploads\/2023\/05\/cropped-headear.png","width":1500,"height":399,"caption":"Blog do Bispo"},"image":{"@id":"https:\/\/blogdobispo.com.br\/#\/schema\/logo\/image\/"}},{"@type":"Person","@id":"https:\/\/blogdobispo.com.br\/#\/schema\/person\/e2209cc0e6cea5c5233d033e997b373f","name":"Jefferson Sterfeno","image":{"@type":"ImageObject","inLanguage":"pt-BR","@id":"https:\/\/blogdobispo.com.br\/#\/schema\/person\/image\/","url":"https:\/\/secure.gravatar.com\/avatar\/0534e84764641168a677026b6d57a3f51dc7ac4db0b4f6186d9cb330d4ee1160?s=96&d=mm&r=g","contentUrl":"https:\/\/secure.gravatar.com\/avatar\/0534e84764641168a677026b6d57a3f51dc7ac4db0b4f6186d9cb330d4ee1160?s=96&d=mm&r=g","caption":"Jefferson Sterfeno"},"sameAs":["http:\/\/blogdobispo.com.br"],"url":"https:\/\/blogdobispo.com.br\/?author=1"}]}},"featured_image_urls":{"full":["https:\/\/i0.wp.com\/blogdobispo.com.br\/wp-content\/uploads\/2025\/11\/image-65.webp?fit=409%2C368&ssl=1",409,368,false],"thumbnail":["https:\/\/i0.wp.com\/blogdobispo.com.br\/wp-content\/uploads\/2025\/11\/image-65.webp?resize=150%2C150&ssl=1",150,150,true],"medium":["https:\/\/i0.wp.com\/blogdobispo.com.br\/wp-content\/uploads\/2025\/11\/image-65.webp?fit=300%2C270&ssl=1",300,270,true],"medium_large":["https:\/\/i0.wp.com\/blogdobispo.com.br\/wp-content\/uploads\/2025\/11\/image-65.webp?fit=409%2C368&ssl=1",409,368,true],"large":["https:\/\/i0.wp.com\/blogdobispo.com.br\/wp-content\/uploads\/2025\/11\/image-65.webp?fit=409%2C368&ssl=1",409,368,true],"1536x1536":["https:\/\/i0.wp.com\/blogdobispo.com.br\/wp-content\/uploads\/2025\/11\/image-65.webp?fit=409%2C368&ssl=1",409,368,true],"2048x2048":["https:\/\/i0.wp.com\/blogdobispo.com.br\/wp-content\/uploads\/2025\/11\/image-65.webp?fit=409%2C368&ssl=1",409,368,true]},"author_info":{"display_name":"Jefferson Sterfeno","author_link":"https:\/\/blogdobispo.com.br\/?author=1"},"category_info":"<a href=\"https:\/\/blogdobispo.com.br\/?cat=1\" rel=\"category\">diversos<\/a>","tag_info":"diversos","comment_count":"0","jetpack_featured_media_url":"https:\/\/i0.wp.com\/blogdobispo.com.br\/wp-content\/uploads\/2025\/11\/image-65.webp?fit=409%2C368&ssl=1","jetpack_sharing_enabled":true,"_links":{"self":[{"href":"https:\/\/blogdobispo.com.br\/index.php?rest_route=\/wp\/v2\/posts\/18502","targetHints":{"allow":["GET"]}}],"collection":[{"href":"https:\/\/blogdobispo.com.br\/index.php?rest_route=\/wp\/v2\/posts"}],"about":[{"href":"https:\/\/blogdobispo.com.br\/index.php?rest_route=\/wp\/v2\/types\/post"}],"author":[{"embeddable":true,"href":"https:\/\/blogdobispo.com.br\/index.php?rest_route=\/wp\/v2\/users\/1"}],"replies":[{"embeddable":true,"href":"https:\/\/blogdobispo.com.br\/index.php?rest_route=%2Fwp%2Fv2%2Fcomments&post=18502"}],"version-history":[{"count":1,"href":"https:\/\/blogdobispo.com.br\/index.php?rest_route=\/wp\/v2\/posts\/18502\/revisions"}],"predecessor-version":[{"id":18504,"href":"https:\/\/blogdobispo.com.br\/index.php?rest_route=\/wp\/v2\/posts\/18502\/revisions\/18504"}],"wp:featuredmedia":[{"embeddable":true,"href":"https:\/\/blogdobispo.com.br\/index.php?rest_route=\/wp\/v2\/media\/18503"}],"wp:attachment":[{"href":"https:\/\/blogdobispo.com.br\/index.php?rest_route=%2Fwp%2Fv2%2Fmedia&parent=18502"}],"wp:term":[{"taxonomy":"category","embeddable":true,"href":"https:\/\/blogdobispo.com.br\/index.php?rest_route=%2Fwp%2Fv2%2Fcategories&post=18502"},{"taxonomy":"post_tag","embeddable":true,"href":"https:\/\/blogdobispo.com.br\/index.php?rest_route=%2Fwp%2Fv2%2Ftags&post=18502"}],"curies":[{"name":"wp","href":"https:\/\/api.w.org\/{rel}","templated":true}]}}