{"id":18497,"date":"2025-11-10T21:26:37","date_gmt":"2025-11-10T21:26:37","guid":{"rendered":"https:\/\/blogdobispo.com.br\/?p=18497"},"modified":"2025-11-10T21:26:37","modified_gmt":"2025-11-10T21:26:37","slug":"rogerio-marinho-e-alvaro-dias-lideram-cenarios-para-o-governo-do-rn-em-parnamirim","status":"publish","type":"post","link":"https:\/\/blogdobispo.com.br\/?p=18497","title":{"rendered":"Rog\u00e9rio Marinho e \u00c1lvaro Dias lideram cen\u00e1rios para o Governo do RN em Parnamirim"},"content":{"rendered":"\n<p><em>Levantamento&nbsp;<strong>Media\/oPotengi<\/strong>&nbsp;mostra dois cen\u00e1rios de inten\u00e7\u00e3o de voto com lideran\u00e7a de Rog\u00e9rio Marinho e destaque para \u00c1lvaro Dias e Allyson Bezerra<\/em><\/p>\n\n\n\n<hr class=\"wp-block-separator has-alpha-channel-opacity\"\/>\n\n\n\n<p>Pesquisa realizada pelo Instituto Media, em parceria com o jornal&nbsp;<em>O Potengi<\/em>, entre os dias 3 e 5 de novembro de 2025, mostra os primeiros movimentos do eleitorado de Parnamirim na disputa pelo Governo do Rio Grande do Norte.<\/p>\n\n\n\n<h2 class=\"wp-block-heading\">Cen\u00e1rio 1 \u2013 com Rog\u00e9rio Marinho<\/h2>\n\n\n\n<p>No primeiro cen\u00e1rio, com o senador&nbsp;<strong>Rog\u00e9rio Marinho<\/strong>&nbsp;inclu\u00eddo na disputa, o ex-ministro aparece na lideran\u00e7a com 35,5% das inten\u00e7\u00f5es de voto. Em segundo lugar,&nbsp;<strong>Allyson Bezerra<\/strong>&nbsp;registra 19,6%, seguido por&nbsp;<strong>Cadu Xavier<\/strong>&nbsp;com 7,9%. Brancos e nulos s\u00e3o 5,6% e 31,4% n\u00e3o sabem ou n\u00e3o responderam.<\/p>\n\n\n\n<h2 class=\"wp-block-heading\">Cen\u00e1rio 2 \u2013 com \u00c1lvaro Dias<\/h2>\n\n\n\n<p>Em um segundo cen\u00e1rio testado, sem a presen\u00e7a de Rog\u00e9rio Marinho, quem assume a lideran\u00e7a \u00e9&nbsp;<strong>\u00c1lvaro Dias<\/strong>, com 30,6%.&nbsp;<strong>Allyson Bezerra<\/strong>&nbsp;aparece com 23,5%, enquanto&nbsp;<strong>Cadu Xavier<\/strong>&nbsp;obt\u00e9m 8,7%. Brancos e nulos: 7,7%. Indecisos ou n\u00e3o responderam: 29,4%.<\/p>\n\n\n\n<p><\/p>\n\n\n\n<p>Na pergunta espont\u00e2nea \u2014 quando o entrevistado responde sem est\u00edmulo de nomes \u2014 Rog\u00e9rio Marinho tamb\u00e9m lidera, com 13,7%, seguido por Allyson Bezerra com 8,1%.<\/p>\n\n\n\n<p>\u00c1lvaro Dias tem 6,1%; Styvenson Valentim, 4,8%; Walter Alves, 3,4%; Cadu Xavier, 2,8%; Carlos Eduardo, 1,1%; Thabatta Pimenta, 0,1%. 59,9% n\u00e3o souberam ou preferiram n\u00e3o responder.<\/p>\n\n\n\n<h2 class=\"wp-block-heading\">Sobre a pesquisa<\/h2>\n\n\n\n<p>A pesquisa Media\/oPotengi para Parnamirim ouviu 800 eleitores de todas as regi\u00f5es do munic\u00edpio entre os dias 3 e 5 de novembro de 2025. O intervalo de confian\u00e7a \u00e9 de 95%, com margem de erro de 3%.<\/p>\n\n\n\n<p>O POTENGI<\/p>\n\n\n\n<figure class=\"wp-block-image size-large\"><img data-recalc-dims=\"1\" fetchpriority=\"high\" decoding=\"async\" width=\"800\" height=\"450\" src=\"https:\/\/i0.wp.com\/blogdobispo.com.br\/wp-content\/uploads\/2025\/11\/img_7570.jpg?resize=800%2C450&#038;ssl=1\" class=\"wp-image-18495\" srcset=\"https:\/\/i0.wp.com\/blogdobispo.com.br\/wp-content\/uploads\/2025\/11\/img_7570.jpg?w=800&amp;ssl=1 800w, https:\/\/i0.wp.com\/blogdobispo.com.br\/wp-content\/uploads\/2025\/11\/img_7570.jpg?resize=300%2C169&amp;ssl=1 300w, https:\/\/i0.wp.com\/blogdobispo.com.br\/wp-content\/uploads\/2025\/11\/img_7570.jpg?resize=768%2C432&amp;ssl=1 768w\" sizes=\"(max-width: 800px) 100vw, 800px\" \/><\/figure>\n","protected":false},"excerpt":{"rendered":"<p>Levantamento&nbsp;Media\/oPotengi&nbsp;mostra dois cen\u00e1rios de inten\u00e7\u00e3o de voto com lideran\u00e7a de Rog\u00e9rio Marinho e destaque para \u00c1lvaro Dias e Allyson Bezerra Pesquisa realizada pelo Instituto Media, em parceria com o jornal&nbsp;O Potengi, entre os dias 3 e 5 de novembro de 2025, mostra os primeiros movimentos do eleitorado de Parnamirim na disputa pelo Governo do Rio [&hellip;]<\/p>\n","protected":false},"author":1,"featured_media":18496,"comment_status":"open","ping_status":"open","sticky":false,"template":"","format":"standard","meta":{"cybocfi_hide_featured_image":"","_jetpack_memberships_contains_paid_content":false,"footnotes":""},"categories":[1],"tags":[],"class_list":["post-18497","post","type-post","status-publish","format-standard","has-post-thumbnail","hentry","category-diversos"],"yoast_head":"<!-- This site is optimized with the Yoast SEO plugin v25.6 - https:\/\/yoast.com\/wordpress\/plugins\/seo\/ -->\n<title>Rog\u00e9rio Marinho e \u00c1lvaro Dias lideram cen\u00e1rios para o Governo do RN em Parnamirim - Blog do Bispo<\/title>\n<meta name=\"robots\" content=\"index, follow, max-snippet:-1, max-image-preview:large, max-video-preview:-1\" \/>\n<link rel=\"canonical\" href=\"https:\/\/blogdobispo.com.br\/?p=18497\" \/>\n<meta property=\"og:locale\" content=\"pt_BR\" \/>\n<meta property=\"og:type\" content=\"article\" \/>\n<meta property=\"og:title\" content=\"Rog\u00e9rio Marinho e \u00c1lvaro Dias lideram cen\u00e1rios para o Governo do RN em Parnamirim - Blog do Bispo\" \/>\n<meta property=\"og:description\" content=\"Levantamento&nbsp;Media\/oPotengi&nbsp;mostra dois cen\u00e1rios de inten\u00e7\u00e3o de voto com lideran\u00e7a de Rog\u00e9rio Marinho e destaque para \u00c1lvaro Dias e Allyson Bezerra Pesquisa realizada pelo Instituto Media, em parceria com o jornal&nbsp;O Potengi, entre os dias 3 e 5 de novembro de 2025, mostra os primeiros movimentos do eleitorado de Parnamirim na disputa pelo Governo do Rio [&hellip;]\" \/>\n<meta property=\"og:url\" content=\"https:\/\/blogdobispo.com.br\/?p=18497\" \/>\n<meta property=\"og:site_name\" content=\"Blog do Bispo\" \/>\n<meta property=\"article:published_time\" content=\"2025-11-10T21:26:37+00:00\" \/>\n<meta property=\"og:image\" content=\"https:\/\/blogdobispo.com.br\/wp-content\/uploads\/2025\/11\/img_7570.jpg\" \/>\n<meta name=\"author\" content=\"Jefferson Sterfeno\" \/>\n<meta name=\"twitter:card\" content=\"summary_large_image\" \/>\n<meta name=\"twitter:label1\" content=\"Escrito por\" \/>\n\t<meta name=\"twitter:data1\" content=\"Jefferson Sterfeno\" \/>\n\t<meta name=\"twitter:label2\" content=\"Est. tempo de leitura\" \/>\n\t<meta name=\"twitter:data2\" content=\"1 minuto\" \/>\n<script type=\"application\/ld+json\" class=\"yoast-schema-graph\">{\"@context\":\"https:\/\/schema.org\",\"@graph\":[{\"@type\":\"Article\",\"@id\":\"https:\/\/blogdobispo.com.br\/?p=18497#article\",\"isPartOf\":{\"@id\":\"https:\/\/blogdobispo.com.br\/?p=18497\"},\"author\":{\"name\":\"Jefferson Sterfeno\",\"@id\":\"https:\/\/blogdobispo.com.br\/#\/schema\/person\/e2209cc0e6cea5c5233d033e997b373f\"},\"headline\":\"Rog\u00e9rio Marinho e \u00c1lvaro Dias lideram cen\u00e1rios para o Governo do RN em Parnamirim\",\"datePublished\":\"2025-11-10T21:26:37+00:00\",\"mainEntityOfPage\":{\"@id\":\"https:\/\/blogdobispo.com.br\/?p=18497\"},\"wordCount\":278,\"commentCount\":0,\"publisher\":{\"@id\":\"https:\/\/blogdobispo.com.br\/#organization\"},\"image\":{\"@id\":\"https:\/\/blogdobispo.com.br\/?p=18497#primaryimage\"},\"thumbnailUrl\":\"https:\/\/i0.wp.com\/blogdobispo.com.br\/wp-content\/uploads\/2025\/11\/img_7570-1.jpg?fit=800%2C450&ssl=1\",\"articleSection\":[\"diversos\"],\"inLanguage\":\"pt-BR\",\"potentialAction\":[{\"@type\":\"CommentAction\",\"name\":\"Comment\",\"target\":[\"https:\/\/blogdobispo.com.br\/?p=18497#respond\"]}]},{\"@type\":\"WebPage\",\"@id\":\"https:\/\/blogdobispo.com.br\/?p=18497\",\"url\":\"https:\/\/blogdobispo.com.br\/?p=18497\",\"name\":\"Rog\u00e9rio Marinho e \u00c1lvaro Dias lideram cen\u00e1rios para o Governo do RN em Parnamirim - Blog do Bispo\",\"isPartOf\":{\"@id\":\"https:\/\/blogdobispo.com.br\/#website\"},\"primaryImageOfPage\":{\"@id\":\"https:\/\/blogdobispo.com.br\/?p=18497#primaryimage\"},\"image\":{\"@id\":\"https:\/\/blogdobispo.com.br\/?p=18497#primaryimage\"},\"thumbnailUrl\":\"https:\/\/i0.wp.com\/blogdobispo.com.br\/wp-content\/uploads\/2025\/11\/img_7570-1.jpg?fit=800%2C450&ssl=1\",\"datePublished\":\"2025-11-10T21:26:37+00:00\",\"breadcrumb\":{\"@id\":\"https:\/\/blogdobispo.com.br\/?p=18497#breadcrumb\"},\"inLanguage\":\"pt-BR\",\"potentialAction\":[{\"@type\":\"ReadAction\",\"target\":[\"https:\/\/blogdobispo.com.br\/?p=18497\"]}]},{\"@type\":\"ImageObject\",\"inLanguage\":\"pt-BR\",\"@id\":\"https:\/\/blogdobispo.com.br\/?p=18497#primaryimage\",\"url\":\"https:\/\/i0.wp.com\/blogdobispo.com.br\/wp-content\/uploads\/2025\/11\/img_7570-1.jpg?fit=800%2C450&ssl=1\",\"contentUrl\":\"https:\/\/i0.wp.com\/blogdobispo.com.br\/wp-content\/uploads\/2025\/11\/img_7570-1.jpg?fit=800%2C450&ssl=1\",\"width\":800,\"height\":450},{\"@type\":\"BreadcrumbList\",\"@id\":\"https:\/\/blogdobispo.com.br\/?p=18497#breadcrumb\",\"itemListElement\":[{\"@type\":\"ListItem\",\"position\":1,\"name\":\"In\u00edcio\",\"item\":\"https:\/\/blogdobispo.com.br\/\"},{\"@type\":\"ListItem\",\"position\":2,\"name\":\"Rog\u00e9rio Marinho e \u00c1lvaro Dias lideram cen\u00e1rios para o Governo do RN em Parnamirim\"}]},{\"@type\":\"WebSite\",\"@id\":\"https:\/\/blogdobispo.com.br\/#website\",\"url\":\"https:\/\/blogdobispo.com.br\/\",\"name\":\"Blog do Bispo\",\"description\":\"Comprometido apenas com o leitor\",\"publisher\":{\"@id\":\"https:\/\/blogdobispo.com.br\/#organization\"},\"potentialAction\":[{\"@type\":\"SearchAction\",\"target\":{\"@type\":\"EntryPoint\",\"urlTemplate\":\"https:\/\/blogdobispo.com.br\/?s={search_term_string}\"},\"query-input\":{\"@type\":\"PropertyValueSpecification\",\"valueRequired\":true,\"valueName\":\"search_term_string\"}}],\"inLanguage\":\"pt-BR\"},{\"@type\":\"Organization\",\"@id\":\"https:\/\/blogdobispo.com.br\/#organization\",\"name\":\"Blog do Bispo\",\"url\":\"https:\/\/blogdobispo.com.br\/\",\"logo\":{\"@type\":\"ImageObject\",\"inLanguage\":\"pt-BR\",\"@id\":\"https:\/\/blogdobispo.com.br\/#\/schema\/logo\/image\/\",\"url\":\"http:\/\/blogdobispo.com.br\/wp-content\/uploads\/2023\/05\/cropped-headear.png\",\"contentUrl\":\"http:\/\/blogdobispo.com.br\/wp-content\/uploads\/2023\/05\/cropped-headear.png\",\"width\":1500,\"height\":399,\"caption\":\"Blog do Bispo\"},\"image\":{\"@id\":\"https:\/\/blogdobispo.com.br\/#\/schema\/logo\/image\/\"}},{\"@type\":\"Person\",\"@id\":\"https:\/\/blogdobispo.com.br\/#\/schema\/person\/e2209cc0e6cea5c5233d033e997b373f\",\"name\":\"Jefferson Sterfeno\",\"image\":{\"@type\":\"ImageObject\",\"inLanguage\":\"pt-BR\",\"@id\":\"https:\/\/blogdobispo.com.br\/#\/schema\/person\/image\/\",\"url\":\"https:\/\/secure.gravatar.com\/avatar\/0534e84764641168a677026b6d57a3f51dc7ac4db0b4f6186d9cb330d4ee1160?s=96&d=mm&r=g\",\"contentUrl\":\"https:\/\/secure.gravatar.com\/avatar\/0534e84764641168a677026b6d57a3f51dc7ac4db0b4f6186d9cb330d4ee1160?s=96&d=mm&r=g\",\"caption\":\"Jefferson Sterfeno\"},\"sameAs\":[\"http:\/\/blogdobispo.com.br\"],\"url\":\"https:\/\/blogdobispo.com.br\/?author=1\"}]}<\/script>\n<!-- \/ Yoast SEO plugin. -->","yoast_head_json":{"title":"Rog\u00e9rio Marinho e \u00c1lvaro Dias lideram cen\u00e1rios para o Governo do RN em Parnamirim - Blog do Bispo","robots":{"index":"index","follow":"follow","max-snippet":"max-snippet:-1","max-image-preview":"max-image-preview:large","max-video-preview":"max-video-preview:-1"},"canonical":"https:\/\/blogdobispo.com.br\/?p=18497","og_locale":"pt_BR","og_type":"article","og_title":"Rog\u00e9rio Marinho e \u00c1lvaro Dias lideram cen\u00e1rios para o Governo do RN em Parnamirim - Blog do Bispo","og_description":"Levantamento&nbsp;Media\/oPotengi&nbsp;mostra dois cen\u00e1rios de inten\u00e7\u00e3o de voto com lideran\u00e7a de Rog\u00e9rio Marinho e destaque para \u00c1lvaro Dias e Allyson Bezerra Pesquisa realizada pelo Instituto Media, em parceria com o jornal&nbsp;O Potengi, entre os dias 3 e 5 de novembro de 2025, mostra os primeiros movimentos do eleitorado de Parnamirim na disputa pelo Governo do Rio [&hellip;]","og_url":"https:\/\/blogdobispo.com.br\/?p=18497","og_site_name":"Blog do Bispo","article_published_time":"2025-11-10T21:26:37+00:00","og_image":[{"url":"https:\/\/blogdobispo.com.br\/wp-content\/uploads\/2025\/11\/img_7570.jpg","type":"","width":"","height":""}],"author":"Jefferson Sterfeno","twitter_card":"summary_large_image","twitter_misc":{"Escrito por":"Jefferson Sterfeno","Est. tempo de leitura":"1 minuto"},"schema":{"@context":"https:\/\/schema.org","@graph":[{"@type":"Article","@id":"https:\/\/blogdobispo.com.br\/?p=18497#article","isPartOf":{"@id":"https:\/\/blogdobispo.com.br\/?p=18497"},"author":{"name":"Jefferson Sterfeno","@id":"https:\/\/blogdobispo.com.br\/#\/schema\/person\/e2209cc0e6cea5c5233d033e997b373f"},"headline":"Rog\u00e9rio Marinho e \u00c1lvaro Dias lideram cen\u00e1rios para o Governo do RN em Parnamirim","datePublished":"2025-11-10T21:26:37+00:00","mainEntityOfPage":{"@id":"https:\/\/blogdobispo.com.br\/?p=18497"},"wordCount":278,"commentCount":0,"publisher":{"@id":"https:\/\/blogdobispo.com.br\/#organization"},"image":{"@id":"https:\/\/blogdobispo.com.br\/?p=18497#primaryimage"},"thumbnailUrl":"https:\/\/i0.wp.com\/blogdobispo.com.br\/wp-content\/uploads\/2025\/11\/img_7570-1.jpg?fit=800%2C450&ssl=1","articleSection":["diversos"],"inLanguage":"pt-BR","potentialAction":[{"@type":"CommentAction","name":"Comment","target":["https:\/\/blogdobispo.com.br\/?p=18497#respond"]}]},{"@type":"WebPage","@id":"https:\/\/blogdobispo.com.br\/?p=18497","url":"https:\/\/blogdobispo.com.br\/?p=18497","name":"Rog\u00e9rio Marinho e \u00c1lvaro Dias lideram cen\u00e1rios para o Governo do RN em Parnamirim - Blog do Bispo","isPartOf":{"@id":"https:\/\/blogdobispo.com.br\/#website"},"primaryImageOfPage":{"@id":"https:\/\/blogdobispo.com.br\/?p=18497#primaryimage"},"image":{"@id":"https:\/\/blogdobispo.com.br\/?p=18497#primaryimage"},"thumbnailUrl":"https:\/\/i0.wp.com\/blogdobispo.com.br\/wp-content\/uploads\/2025\/11\/img_7570-1.jpg?fit=800%2C450&ssl=1","datePublished":"2025-11-10T21:26:37+00:00","breadcrumb":{"@id":"https:\/\/blogdobispo.com.br\/?p=18497#breadcrumb"},"inLanguage":"pt-BR","potentialAction":[{"@type":"ReadAction","target":["https:\/\/blogdobispo.com.br\/?p=18497"]}]},{"@type":"ImageObject","inLanguage":"pt-BR","@id":"https:\/\/blogdobispo.com.br\/?p=18497#primaryimage","url":"https:\/\/i0.wp.com\/blogdobispo.com.br\/wp-content\/uploads\/2025\/11\/img_7570-1.jpg?fit=800%2C450&ssl=1","contentUrl":"https:\/\/i0.wp.com\/blogdobispo.com.br\/wp-content\/uploads\/2025\/11\/img_7570-1.jpg?fit=800%2C450&ssl=1","width":800,"height":450},{"@type":"BreadcrumbList","@id":"https:\/\/blogdobispo.com.br\/?p=18497#breadcrumb","itemListElement":[{"@type":"ListItem","position":1,"name":"In\u00edcio","item":"https:\/\/blogdobispo.com.br\/"},{"@type":"ListItem","position":2,"name":"Rog\u00e9rio Marinho e \u00c1lvaro Dias lideram cen\u00e1rios para o Governo do RN em Parnamirim"}]},{"@type":"WebSite","@id":"https:\/\/blogdobispo.com.br\/#website","url":"https:\/\/blogdobispo.com.br\/","name":"Blog do Bispo","description":"Comprometido apenas com o leitor","publisher":{"@id":"https:\/\/blogdobispo.com.br\/#organization"},"potentialAction":[{"@type":"SearchAction","target":{"@type":"EntryPoint","urlTemplate":"https:\/\/blogdobispo.com.br\/?s={search_term_string}"},"query-input":{"@type":"PropertyValueSpecification","valueRequired":true,"valueName":"search_term_string"}}],"inLanguage":"pt-BR"},{"@type":"Organization","@id":"https:\/\/blogdobispo.com.br\/#organization","name":"Blog do Bispo","url":"https:\/\/blogdobispo.com.br\/","logo":{"@type":"ImageObject","inLanguage":"pt-BR","@id":"https:\/\/blogdobispo.com.br\/#\/schema\/logo\/image\/","url":"http:\/\/blogdobispo.com.br\/wp-content\/uploads\/2023\/05\/cropped-headear.png","contentUrl":"http:\/\/blogdobispo.com.br\/wp-content\/uploads\/2023\/05\/cropped-headear.png","width":1500,"height":399,"caption":"Blog do Bispo"},"image":{"@id":"https:\/\/blogdobispo.com.br\/#\/schema\/logo\/image\/"}},{"@type":"Person","@id":"https:\/\/blogdobispo.com.br\/#\/schema\/person\/e2209cc0e6cea5c5233d033e997b373f","name":"Jefferson Sterfeno","image":{"@type":"ImageObject","inLanguage":"pt-BR","@id":"https:\/\/blogdobispo.com.br\/#\/schema\/person\/image\/","url":"https:\/\/secure.gravatar.com\/avatar\/0534e84764641168a677026b6d57a3f51dc7ac4db0b4f6186d9cb330d4ee1160?s=96&d=mm&r=g","contentUrl":"https:\/\/secure.gravatar.com\/avatar\/0534e84764641168a677026b6d57a3f51dc7ac4db0b4f6186d9cb330d4ee1160?s=96&d=mm&r=g","caption":"Jefferson Sterfeno"},"sameAs":["http:\/\/blogdobispo.com.br"],"url":"https:\/\/blogdobispo.com.br\/?author=1"}]}},"featured_image_urls":{"full":["https:\/\/i0.wp.com\/blogdobispo.com.br\/wp-content\/uploads\/2025\/11\/img_7570-1.jpg?fit=800%2C450&ssl=1",800,450,false],"thumbnail":["https:\/\/i0.wp.com\/blogdobispo.com.br\/wp-content\/uploads\/2025\/11\/img_7570-1.jpg?resize=150%2C150&ssl=1",150,150,true],"medium":["https:\/\/i0.wp.com\/blogdobispo.com.br\/wp-content\/uploads\/2025\/11\/img_7570-1.jpg?fit=300%2C169&ssl=1",300,169,true],"medium_large":["https:\/\/i0.wp.com\/blogdobispo.com.br\/wp-content\/uploads\/2025\/11\/img_7570-1.jpg?fit=768%2C432&ssl=1",768,432,true],"large":["https:\/\/i0.wp.com\/blogdobispo.com.br\/wp-content\/uploads\/2025\/11\/img_7570-1.jpg?fit=800%2C450&ssl=1",800,450,true],"1536x1536":["https:\/\/i0.wp.com\/blogdobispo.com.br\/wp-content\/uploads\/2025\/11\/img_7570-1.jpg?fit=800%2C450&ssl=1",800,450,true],"2048x2048":["https:\/\/i0.wp.com\/blogdobispo.com.br\/wp-content\/uploads\/2025\/11\/img_7570-1.jpg?fit=800%2C450&ssl=1",800,450,true]},"author_info":{"display_name":"Jefferson Sterfeno","author_link":"https:\/\/blogdobispo.com.br\/?author=1"},"category_info":"<a href=\"https:\/\/blogdobispo.com.br\/?cat=1\" rel=\"category\">diversos<\/a>","tag_info":"diversos","comment_count":"0","jetpack_featured_media_url":"https:\/\/i0.wp.com\/blogdobispo.com.br\/wp-content\/uploads\/2025\/11\/img_7570-1.jpg?fit=800%2C450&ssl=1","jetpack_sharing_enabled":true,"_links":{"self":[{"href":"https:\/\/blogdobispo.com.br\/index.php?rest_route=\/wp\/v2\/posts\/18497","targetHints":{"allow":["GET"]}}],"collection":[{"href":"https:\/\/blogdobispo.com.br\/index.php?rest_route=\/wp\/v2\/posts"}],"about":[{"href":"https:\/\/blogdobispo.com.br\/index.php?rest_route=\/wp\/v2\/types\/post"}],"author":[{"embeddable":true,"href":"https:\/\/blogdobispo.com.br\/index.php?rest_route=\/wp\/v2\/users\/1"}],"replies":[{"embeddable":true,"href":"https:\/\/blogdobispo.com.br\/index.php?rest_route=%2Fwp%2Fv2%2Fcomments&post=18497"}],"version-history":[{"count":0,"href":"https:\/\/blogdobispo.com.br\/index.php?rest_route=\/wp\/v2\/posts\/18497\/revisions"}],"wp:featuredmedia":[{"embeddable":true,"href":"https:\/\/blogdobispo.com.br\/index.php?rest_route=\/wp\/v2\/media\/18496"}],"wp:attachment":[{"href":"https:\/\/blogdobispo.com.br\/index.php?rest_route=%2Fwp%2Fv2%2Fmedia&parent=18497"}],"wp:term":[{"taxonomy":"category","embeddable":true,"href":"https:\/\/blogdobispo.com.br\/index.php?rest_route=%2Fwp%2Fv2%2Fcategories&post=18497"},{"taxonomy":"post_tag","embeddable":true,"href":"https:\/\/blogdobispo.com.br\/index.php?rest_route=%2Fwp%2Fv2%2Ftags&post=18497"}],"curies":[{"name":"wp","href":"https:\/\/api.w.org\/{rel}","templated":true}]}}