{"id":18494,"date":"2025-11-10T16:36:30","date_gmt":"2025-11-10T16:36:30","guid":{"rendered":"https:\/\/blogdobispo.com.br\/?p=18494"},"modified":"2025-12-01T19:04:13","modified_gmt":"2025-12-01T19:04:13","slug":"marcia-maia-no-pp-ilusao-ou-uma-possibilidade","status":"publish","type":"post","link":"https:\/\/blogdobispo.com.br\/?p=18494","title":{"rendered":"Comiss\u00e3o de Justi\u00e7a da C\u00e2mara de Natal aprova 44 pareceres e designa 13"},"content":{"rendered":"\r\n<figure class=\"wp-block-image size-large\">\r\n<div class=\"row\">\r\n<div class=\"col-sm-12\">\r\n<div class=\"conteudo conteudo-interna\">\r\n<p>A Comiss\u00e3o de Legisla\u00e7\u00e3o, Justi\u00e7a e Reda\u00e7\u00e3o Final da C\u00e2mara Municipal de Natal realizou reuni\u00e3o nesta segunda-feira (6) para analisar 57 proposi\u00e7\u00f5es, sendo 44 projetos de lei com pareceres apreciados e 13 com relatoria designada.<\/p>\r\n<p>Entre as mat\u00e9rias aprovadas, est\u00e1 o Projeto de Lei n\u00ba 315\/2025, de autoria do vereador Daniell Rendall (Republicanos), que institui o \u201cOutubro Violeta pela Vida e Valoriza\u00e7\u00e3o do Professor\u201d no calend\u00e1rio oficial do munic\u00edpio. O projeto foi relatado pela vereadora Brisa Bracchi (PT), que destacou a import\u00e2ncia da valoriza\u00e7\u00e3o e do cuidado com os profissionais da educa\u00e7\u00e3o.<\/p>\r\n<p>\u201cQualquer mat\u00e9ria que trate da valoriza\u00e7\u00e3o e do cuidado dos profissionais da educa\u00e7\u00e3o \u00e9 v\u00e1lida. A campanha fala sobre acolhimento e sa\u00fade f\u00edsica e psicol\u00f3gica de quem enfrenta diariamente desafios nas salas de aula\u201d, afirmou Brisa.<\/p>\r\n<p>Outro destaque foi o PL n\u00ba 645\/2025, de autoria do vereador Kleber Fernandes (Republicanos), que prop\u00f5e a distribui\u00e7\u00e3o de um manual did\u00e1tico para auxiliar na identifica\u00e7\u00e3o precoce de sinais de autismo.<\/p>\r\n<p>\u201c\u00c9 essencial que as fam\u00edlias recebam informa\u00e7\u00f5es no momento da vacina\u00e7\u00e3o, quando levam seus filhos \u00e0s unidades de sa\u00fade. Assim, podem reconhecer os sinais e buscar ajuda especializada o quanto antes\u201d, explicou Kleber.<\/p>\r\n<p>A reuni\u00e3o tamb\u00e9m marcou a derrubada do veto parcial ao Projeto de Lei n\u00ba 447\/2022, de autoria de Kleber Fernandes, que cria o Projeto de Fomento ao Empreendedorismo para fam\u00edlias de estudantes da rede municipal.<\/p>\r\n<p>\u201cA proposta visa fomentar o empreendedorismo junto \u00e0s fam\u00edlias dos alunos da rede p\u00fablica, promovendo autonomia, dignidade e gera\u00e7\u00e3o de renda\u201d, acrescentou o parlamentar.<\/p>\r\n<p>Entre as proposi\u00e7\u00f5es analisadas, tamb\u00e9m esteve o PL n\u00ba 251\/2025, de autoria da vereadora Thabatta Pimenta (PSOL), que trata do reconhecimento e uso do nome social de pessoas trans e travestis em l\u00e1pides, jazigos e registros p\u00f3s-morte no munic\u00edpio.<\/p>\r\n<p>A vereadora Camila Ara\u00fajo (Uni\u00e3o Brasil), avaliou a reuni\u00e3o como produtiva e destacou o volume de trabalho do colegiado.<\/p>\r\n<p>\u201cForam 44 pareceres aprovados e 13 designa\u00e7\u00f5es de relatoria. A Comiss\u00e3o de Justi\u00e7a \u00e9 a mais demandada da Casa, por ser a primeira a avaliar a constitucionalidade das mat\u00e9rias. Sa\u00edmos com a sensa\u00e7\u00e3o de dever cumprido\u201d, afirmou.<\/p>\r\n<p>Tamb\u00e9m participaram da reuni\u00e3o os vereadores F\u00falvio Saulo (Solidariedade), Preto Aquino (Podemos) e Tony Henrique (PL).<\/p>\r\n<p>Texto: Phablo Galv\u00e3o\u00a0<br \/>Fotos: Francisco de Assis<\/p>\r\n<\/div>\r\n<\/div>\r\n<\/div>\r\n<div class=\"row\">\r\n<div class=\"col-sm-12\"><img data-recalc-dims=\"1\" fetchpriority=\"high\" decoding=\"async\" class=\"alignnone size-medium wp-image-18718\" src=\"https:\/\/i0.wp.com\/blogdobispo.com.br\/wp-content\/uploads\/2025\/11\/2e2ef233bf0459901754497b52bdd824.jpeg?resize=300%2C226\" alt=\"\" width=\"300\" height=\"226\" srcset=\"https:\/\/i0.wp.com\/blogdobispo.com.br\/wp-content\/uploads\/2025\/11\/2e2ef233bf0459901754497b52bdd824.jpeg?resize=300%2C226&amp;ssl=1 300w, https:\/\/i0.wp.com\/blogdobispo.com.br\/wp-content\/uploads\/2025\/11\/2e2ef233bf0459901754497b52bdd824.jpeg?resize=1024%2C770&amp;ssl=1 1024w, https:\/\/i0.wp.com\/blogdobispo.com.br\/wp-content\/uploads\/2025\/11\/2e2ef233bf0459901754497b52bdd824.jpeg?resize=768%2C577&amp;ssl=1 768w, https:\/\/i0.wp.com\/blogdobispo.com.br\/wp-content\/uploads\/2025\/11\/2e2ef233bf0459901754497b52bdd824.jpeg?resize=1536%2C1155&amp;ssl=1 1536w, https:\/\/i0.wp.com\/blogdobispo.com.br\/wp-content\/uploads\/2025\/11\/2e2ef233bf0459901754497b52bdd824.jpeg?w=1600&amp;ssl=1 1600w\" sizes=\"(max-width: 300px) 100vw, 300px\" \/><\/div>\r\n<\/div>\r\n<\/figure>\r\n\r\n\r\n\r\n<p>&nbsp;<\/p>\r\n\r\n\r\n\r\n<p>&nbsp;<\/p>\r\n","protected":false},"excerpt":{"rendered":"<p>&nbsp; &nbsp;<\/p>\n","protected":false},"author":1,"featured_media":18718,"comment_status":"open","ping_status":"open","sticky":false,"template":"","format":"standard","meta":{"cybocfi_hide_featured_image":"","_jetpack_memberships_contains_paid_content":false,"footnotes":""},"categories":[1],"tags":[],"class_list":["post-18494","post","type-post","status-publish","format-standard","has-post-thumbnail","hentry","category-diversos"],"yoast_head":"<!-- This site is optimized with the Yoast SEO plugin v25.6 - https:\/\/yoast.com\/wordpress\/plugins\/seo\/ -->\n<title>Comiss\u00e3o de Justi\u00e7a da C\u00e2mara de Natal aprova 44 pareceres e designa 13 - Blog do Bispo<\/title>\n<meta name=\"robots\" content=\"index, follow, max-snippet:-1, max-image-preview:large, max-video-preview:-1\" \/>\n<link rel=\"canonical\" href=\"https:\/\/blogdobispo.com.br\/?p=18494\" \/>\n<meta property=\"og:locale\" content=\"pt_BR\" \/>\n<meta property=\"og:type\" content=\"article\" \/>\n<meta property=\"og:title\" content=\"Comiss\u00e3o de Justi\u00e7a da C\u00e2mara de Natal aprova 44 pareceres e designa 13 - Blog do Bispo\" \/>\n<meta property=\"og:description\" content=\"&nbsp; &nbsp;\" \/>\n<meta property=\"og:url\" content=\"https:\/\/blogdobispo.com.br\/?p=18494\" \/>\n<meta property=\"og:site_name\" content=\"Blog do Bispo\" \/>\n<meta property=\"article:published_time\" content=\"2025-11-10T16:36:30+00:00\" \/>\n<meta property=\"article:modified_time\" content=\"2025-12-01T19:04:13+00:00\" \/>\n<meta property=\"og:image\" content=\"http:\/\/blogdobispo.com.br\/wp-content\/uploads\/2025\/11\/2e2ef233bf0459901754497b52bdd824.jpeg\" \/>\n\t<meta property=\"og:image:width\" content=\"1600\" \/>\n\t<meta property=\"og:image:height\" content=\"1203\" \/>\n\t<meta property=\"og:image:type\" content=\"image\/jpeg\" \/>\n<meta name=\"author\" content=\"Jefferson Sterfeno\" \/>\n<meta name=\"twitter:card\" content=\"summary_large_image\" \/>\n<meta name=\"twitter:label1\" content=\"Escrito por\" \/>\n\t<meta name=\"twitter:data1\" content=\"Jefferson Sterfeno\" \/>\n\t<meta name=\"twitter:label2\" content=\"Est. tempo de leitura\" \/>\n\t<meta name=\"twitter:data2\" content=\"3 minutos\" \/>\n<script type=\"application\/ld+json\" class=\"yoast-schema-graph\">{\"@context\":\"https:\/\/schema.org\",\"@graph\":[{\"@type\":\"Article\",\"@id\":\"https:\/\/blogdobispo.com.br\/?p=18494#article\",\"isPartOf\":{\"@id\":\"https:\/\/blogdobispo.com.br\/?p=18494\"},\"author\":{\"name\":\"Jefferson Sterfeno\",\"@id\":\"https:\/\/blogdobispo.com.br\/#\/schema\/person\/e2209cc0e6cea5c5233d033e997b373f\"},\"headline\":\"Comiss\u00e3o de Justi\u00e7a da C\u00e2mara de Natal aprova 44 pareceres e designa 13\",\"datePublished\":\"2025-11-10T16:36:30+00:00\",\"dateModified\":\"2025-12-01T19:04:13+00:00\",\"mainEntityOfPage\":{\"@id\":\"https:\/\/blogdobispo.com.br\/?p=18494\"},\"wordCount\":425,\"commentCount\":0,\"publisher\":{\"@id\":\"https:\/\/blogdobispo.com.br\/#organization\"},\"image\":{\"@id\":\"https:\/\/blogdobispo.com.br\/?p=18494#primaryimage\"},\"thumbnailUrl\":\"https:\/\/i0.wp.com\/blogdobispo.com.br\/wp-content\/uploads\/2025\/11\/2e2ef233bf0459901754497b52bdd824.jpeg?fit=1600%2C1203&ssl=1\",\"articleSection\":[\"diversos\"],\"inLanguage\":\"pt-BR\",\"potentialAction\":[{\"@type\":\"CommentAction\",\"name\":\"Comment\",\"target\":[\"https:\/\/blogdobispo.com.br\/?p=18494#respond\"]}]},{\"@type\":\"WebPage\",\"@id\":\"https:\/\/blogdobispo.com.br\/?p=18494\",\"url\":\"https:\/\/blogdobispo.com.br\/?p=18494\",\"name\":\"Comiss\u00e3o de Justi\u00e7a da C\u00e2mara de Natal aprova 44 pareceres e designa 13 - Blog do Bispo\",\"isPartOf\":{\"@id\":\"https:\/\/blogdobispo.com.br\/#website\"},\"primaryImageOfPage\":{\"@id\":\"https:\/\/blogdobispo.com.br\/?p=18494#primaryimage\"},\"image\":{\"@id\":\"https:\/\/blogdobispo.com.br\/?p=18494#primaryimage\"},\"thumbnailUrl\":\"https:\/\/i0.wp.com\/blogdobispo.com.br\/wp-content\/uploads\/2025\/11\/2e2ef233bf0459901754497b52bdd824.jpeg?fit=1600%2C1203&ssl=1\",\"datePublished\":\"2025-11-10T16:36:30+00:00\",\"dateModified\":\"2025-12-01T19:04:13+00:00\",\"breadcrumb\":{\"@id\":\"https:\/\/blogdobispo.com.br\/?p=18494#breadcrumb\"},\"inLanguage\":\"pt-BR\",\"potentialAction\":[{\"@type\":\"ReadAction\",\"target\":[\"https:\/\/blogdobispo.com.br\/?p=18494\"]}]},{\"@type\":\"ImageObject\",\"inLanguage\":\"pt-BR\",\"@id\":\"https:\/\/blogdobispo.com.br\/?p=18494#primaryimage\",\"url\":\"https:\/\/i0.wp.com\/blogdobispo.com.br\/wp-content\/uploads\/2025\/11\/2e2ef233bf0459901754497b52bdd824.jpeg?fit=1600%2C1203&ssl=1\",\"contentUrl\":\"https:\/\/i0.wp.com\/blogdobispo.com.br\/wp-content\/uploads\/2025\/11\/2e2ef233bf0459901754497b52bdd824.jpeg?fit=1600%2C1203&ssl=1\",\"width\":1600,\"height\":1203},{\"@type\":\"BreadcrumbList\",\"@id\":\"https:\/\/blogdobispo.com.br\/?p=18494#breadcrumb\",\"itemListElement\":[{\"@type\":\"ListItem\",\"position\":1,\"name\":\"In\u00edcio\",\"item\":\"https:\/\/blogdobispo.com.br\/\"},{\"@type\":\"ListItem\",\"position\":2,\"name\":\"Comiss\u00e3o de Justi\u00e7a da C\u00e2mara de Natal aprova 44 pareceres e designa 13\"}]},{\"@type\":\"WebSite\",\"@id\":\"https:\/\/blogdobispo.com.br\/#website\",\"url\":\"https:\/\/blogdobispo.com.br\/\",\"name\":\"Blog do Bispo\",\"description\":\"Comprometido apenas com o leitor\",\"publisher\":{\"@id\":\"https:\/\/blogdobispo.com.br\/#organization\"},\"potentialAction\":[{\"@type\":\"SearchAction\",\"target\":{\"@type\":\"EntryPoint\",\"urlTemplate\":\"https:\/\/blogdobispo.com.br\/?s={search_term_string}\"},\"query-input\":{\"@type\":\"PropertyValueSpecification\",\"valueRequired\":true,\"valueName\":\"search_term_string\"}}],\"inLanguage\":\"pt-BR\"},{\"@type\":\"Organization\",\"@id\":\"https:\/\/blogdobispo.com.br\/#organization\",\"name\":\"Blog do Bispo\",\"url\":\"https:\/\/blogdobispo.com.br\/\",\"logo\":{\"@type\":\"ImageObject\",\"inLanguage\":\"pt-BR\",\"@id\":\"https:\/\/blogdobispo.com.br\/#\/schema\/logo\/image\/\",\"url\":\"http:\/\/blogdobispo.com.br\/wp-content\/uploads\/2023\/05\/cropped-headear.png\",\"contentUrl\":\"http:\/\/blogdobispo.com.br\/wp-content\/uploads\/2023\/05\/cropped-headear.png\",\"width\":1500,\"height\":399,\"caption\":\"Blog do Bispo\"},\"image\":{\"@id\":\"https:\/\/blogdobispo.com.br\/#\/schema\/logo\/image\/\"}},{\"@type\":\"Person\",\"@id\":\"https:\/\/blogdobispo.com.br\/#\/schema\/person\/e2209cc0e6cea5c5233d033e997b373f\",\"name\":\"Jefferson Sterfeno\",\"image\":{\"@type\":\"ImageObject\",\"inLanguage\":\"pt-BR\",\"@id\":\"https:\/\/blogdobispo.com.br\/#\/schema\/person\/image\/\",\"url\":\"https:\/\/secure.gravatar.com\/avatar\/0534e84764641168a677026b6d57a3f51dc7ac4db0b4f6186d9cb330d4ee1160?s=96&d=mm&r=g\",\"contentUrl\":\"https:\/\/secure.gravatar.com\/avatar\/0534e84764641168a677026b6d57a3f51dc7ac4db0b4f6186d9cb330d4ee1160?s=96&d=mm&r=g\",\"caption\":\"Jefferson Sterfeno\"},\"sameAs\":[\"http:\/\/blogdobispo.com.br\"],\"url\":\"https:\/\/blogdobispo.com.br\/?author=1\"}]}<\/script>\n<!-- \/ Yoast SEO plugin. -->","yoast_head_json":{"title":"Comiss\u00e3o de Justi\u00e7a da C\u00e2mara de Natal aprova 44 pareceres e designa 13 - Blog do Bispo","robots":{"index":"index","follow":"follow","max-snippet":"max-snippet:-1","max-image-preview":"max-image-preview:large","max-video-preview":"max-video-preview:-1"},"canonical":"https:\/\/blogdobispo.com.br\/?p=18494","og_locale":"pt_BR","og_type":"article","og_title":"Comiss\u00e3o de Justi\u00e7a da C\u00e2mara de Natal aprova 44 pareceres e designa 13 - Blog do Bispo","og_description":"&nbsp; &nbsp;","og_url":"https:\/\/blogdobispo.com.br\/?p=18494","og_site_name":"Blog do Bispo","article_published_time":"2025-11-10T16:36:30+00:00","article_modified_time":"2025-12-01T19:04:13+00:00","og_image":[{"width":1600,"height":1203,"url":"http:\/\/blogdobispo.com.br\/wp-content\/uploads\/2025\/11\/2e2ef233bf0459901754497b52bdd824.jpeg","type":"image\/jpeg"}],"author":"Jefferson Sterfeno","twitter_card":"summary_large_image","twitter_misc":{"Escrito por":"Jefferson Sterfeno","Est. tempo de leitura":"3 minutos"},"schema":{"@context":"https:\/\/schema.org","@graph":[{"@type":"Article","@id":"https:\/\/blogdobispo.com.br\/?p=18494#article","isPartOf":{"@id":"https:\/\/blogdobispo.com.br\/?p=18494"},"author":{"name":"Jefferson Sterfeno","@id":"https:\/\/blogdobispo.com.br\/#\/schema\/person\/e2209cc0e6cea5c5233d033e997b373f"},"headline":"Comiss\u00e3o de Justi\u00e7a da C\u00e2mara de Natal aprova 44 pareceres e designa 13","datePublished":"2025-11-10T16:36:30+00:00","dateModified":"2025-12-01T19:04:13+00:00","mainEntityOfPage":{"@id":"https:\/\/blogdobispo.com.br\/?p=18494"},"wordCount":425,"commentCount":0,"publisher":{"@id":"https:\/\/blogdobispo.com.br\/#organization"},"image":{"@id":"https:\/\/blogdobispo.com.br\/?p=18494#primaryimage"},"thumbnailUrl":"https:\/\/i0.wp.com\/blogdobispo.com.br\/wp-content\/uploads\/2025\/11\/2e2ef233bf0459901754497b52bdd824.jpeg?fit=1600%2C1203&ssl=1","articleSection":["diversos"],"inLanguage":"pt-BR","potentialAction":[{"@type":"CommentAction","name":"Comment","target":["https:\/\/blogdobispo.com.br\/?p=18494#respond"]}]},{"@type":"WebPage","@id":"https:\/\/blogdobispo.com.br\/?p=18494","url":"https:\/\/blogdobispo.com.br\/?p=18494","name":"Comiss\u00e3o de Justi\u00e7a da C\u00e2mara de Natal aprova 44 pareceres e designa 13 - Blog do Bispo","isPartOf":{"@id":"https:\/\/blogdobispo.com.br\/#website"},"primaryImageOfPage":{"@id":"https:\/\/blogdobispo.com.br\/?p=18494#primaryimage"},"image":{"@id":"https:\/\/blogdobispo.com.br\/?p=18494#primaryimage"},"thumbnailUrl":"https:\/\/i0.wp.com\/blogdobispo.com.br\/wp-content\/uploads\/2025\/11\/2e2ef233bf0459901754497b52bdd824.jpeg?fit=1600%2C1203&ssl=1","datePublished":"2025-11-10T16:36:30+00:00","dateModified":"2025-12-01T19:04:13+00:00","breadcrumb":{"@id":"https:\/\/blogdobispo.com.br\/?p=18494#breadcrumb"},"inLanguage":"pt-BR","potentialAction":[{"@type":"ReadAction","target":["https:\/\/blogdobispo.com.br\/?p=18494"]}]},{"@type":"ImageObject","inLanguage":"pt-BR","@id":"https:\/\/blogdobispo.com.br\/?p=18494#primaryimage","url":"https:\/\/i0.wp.com\/blogdobispo.com.br\/wp-content\/uploads\/2025\/11\/2e2ef233bf0459901754497b52bdd824.jpeg?fit=1600%2C1203&ssl=1","contentUrl":"https:\/\/i0.wp.com\/blogdobispo.com.br\/wp-content\/uploads\/2025\/11\/2e2ef233bf0459901754497b52bdd824.jpeg?fit=1600%2C1203&ssl=1","width":1600,"height":1203},{"@type":"BreadcrumbList","@id":"https:\/\/blogdobispo.com.br\/?p=18494#breadcrumb","itemListElement":[{"@type":"ListItem","position":1,"name":"In\u00edcio","item":"https:\/\/blogdobispo.com.br\/"},{"@type":"ListItem","position":2,"name":"Comiss\u00e3o de Justi\u00e7a da C\u00e2mara de Natal aprova 44 pareceres e designa 13"}]},{"@type":"WebSite","@id":"https:\/\/blogdobispo.com.br\/#website","url":"https:\/\/blogdobispo.com.br\/","name":"Blog do Bispo","description":"Comprometido apenas com o leitor","publisher":{"@id":"https:\/\/blogdobispo.com.br\/#organization"},"potentialAction":[{"@type":"SearchAction","target":{"@type":"EntryPoint","urlTemplate":"https:\/\/blogdobispo.com.br\/?s={search_term_string}"},"query-input":{"@type":"PropertyValueSpecification","valueRequired":true,"valueName":"search_term_string"}}],"inLanguage":"pt-BR"},{"@type":"Organization","@id":"https:\/\/blogdobispo.com.br\/#organization","name":"Blog do Bispo","url":"https:\/\/blogdobispo.com.br\/","logo":{"@type":"ImageObject","inLanguage":"pt-BR","@id":"https:\/\/blogdobispo.com.br\/#\/schema\/logo\/image\/","url":"http:\/\/blogdobispo.com.br\/wp-content\/uploads\/2023\/05\/cropped-headear.png","contentUrl":"http:\/\/blogdobispo.com.br\/wp-content\/uploads\/2023\/05\/cropped-headear.png","width":1500,"height":399,"caption":"Blog do Bispo"},"image":{"@id":"https:\/\/blogdobispo.com.br\/#\/schema\/logo\/image\/"}},{"@type":"Person","@id":"https:\/\/blogdobispo.com.br\/#\/schema\/person\/e2209cc0e6cea5c5233d033e997b373f","name":"Jefferson Sterfeno","image":{"@type":"ImageObject","inLanguage":"pt-BR","@id":"https:\/\/blogdobispo.com.br\/#\/schema\/person\/image\/","url":"https:\/\/secure.gravatar.com\/avatar\/0534e84764641168a677026b6d57a3f51dc7ac4db0b4f6186d9cb330d4ee1160?s=96&d=mm&r=g","contentUrl":"https:\/\/secure.gravatar.com\/avatar\/0534e84764641168a677026b6d57a3f51dc7ac4db0b4f6186d9cb330d4ee1160?s=96&d=mm&r=g","caption":"Jefferson Sterfeno"},"sameAs":["http:\/\/blogdobispo.com.br"],"url":"https:\/\/blogdobispo.com.br\/?author=1"}]}},"featured_image_urls":{"full":["https:\/\/i0.wp.com\/blogdobispo.com.br\/wp-content\/uploads\/2025\/11\/2e2ef233bf0459901754497b52bdd824.jpeg?fit=1600%2C1203&ssl=1",1600,1203,false],"thumbnail":["https:\/\/i0.wp.com\/blogdobispo.com.br\/wp-content\/uploads\/2025\/11\/2e2ef233bf0459901754497b52bdd824.jpeg?resize=150%2C150&ssl=1",150,150,true],"medium":["https:\/\/i0.wp.com\/blogdobispo.com.br\/wp-content\/uploads\/2025\/11\/2e2ef233bf0459901754497b52bdd824.jpeg?fit=300%2C226&ssl=1",300,226,true],"medium_large":["https:\/\/i0.wp.com\/blogdobispo.com.br\/wp-content\/uploads\/2025\/11\/2e2ef233bf0459901754497b52bdd824.jpeg?fit=768%2C577&ssl=1",768,577,true],"large":["https:\/\/i0.wp.com\/blogdobispo.com.br\/wp-content\/uploads\/2025\/11\/2e2ef233bf0459901754497b52bdd824.jpeg?fit=800%2C602&ssl=1",800,602,true],"1536x1536":["https:\/\/i0.wp.com\/blogdobispo.com.br\/wp-content\/uploads\/2025\/11\/2e2ef233bf0459901754497b52bdd824.jpeg?fit=1536%2C1155&ssl=1",1536,1155,true],"2048x2048":["https:\/\/i0.wp.com\/blogdobispo.com.br\/wp-content\/uploads\/2025\/11\/2e2ef233bf0459901754497b52bdd824.jpeg?fit=1600%2C1203&ssl=1",1600,1203,true]},"author_info":{"display_name":"Jefferson Sterfeno","author_link":"https:\/\/blogdobispo.com.br\/?author=1"},"category_info":"<a href=\"https:\/\/blogdobispo.com.br\/?cat=1\" rel=\"category\">diversos<\/a>","tag_info":"diversos","comment_count":"0","jetpack_featured_media_url":"https:\/\/i0.wp.com\/blogdobispo.com.br\/wp-content\/uploads\/2025\/11\/2e2ef233bf0459901754497b52bdd824.jpeg?fit=1600%2C1203&ssl=1","jetpack_sharing_enabled":true,"_links":{"self":[{"href":"https:\/\/blogdobispo.com.br\/index.php?rest_route=\/wp\/v2\/posts\/18494","targetHints":{"allow":["GET"]}}],"collection":[{"href":"https:\/\/blogdobispo.com.br\/index.php?rest_route=\/wp\/v2\/posts"}],"about":[{"href":"https:\/\/blogdobispo.com.br\/index.php?rest_route=\/wp\/v2\/types\/post"}],"author":[{"embeddable":true,"href":"https:\/\/blogdobispo.com.br\/index.php?rest_route=\/wp\/v2\/users\/1"}],"replies":[{"embeddable":true,"href":"https:\/\/blogdobispo.com.br\/index.php?rest_route=%2Fwp%2Fv2%2Fcomments&post=18494"}],"version-history":[{"count":2,"href":"https:\/\/blogdobispo.com.br\/index.php?rest_route=\/wp\/v2\/posts\/18494\/revisions"}],"predecessor-version":[{"id":18720,"href":"https:\/\/blogdobispo.com.br\/index.php?rest_route=\/wp\/v2\/posts\/18494\/revisions\/18720"}],"wp:featuredmedia":[{"embeddable":true,"href":"https:\/\/blogdobispo.com.br\/index.php?rest_route=\/wp\/v2\/media\/18718"}],"wp:attachment":[{"href":"https:\/\/blogdobispo.com.br\/index.php?rest_route=%2Fwp%2Fv2%2Fmedia&parent=18494"}],"wp:term":[{"taxonomy":"category","embeddable":true,"href":"https:\/\/blogdobispo.com.br\/index.php?rest_route=%2Fwp%2Fv2%2Fcategories&post=18494"},{"taxonomy":"post_tag","embeddable":true,"href":"https:\/\/blogdobispo.com.br\/index.php?rest_route=%2Fwp%2Fv2%2Ftags&post=18494"}],"curies":[{"name":"wp","href":"https:\/\/api.w.org\/{rel}","templated":true}]}}