{"id":18489,"date":"2025-11-10T12:33:56","date_gmt":"2025-11-10T12:33:56","guid":{"rendered":"https:\/\/blogdobispo.com.br\/?p=18489"},"modified":"2025-11-10T12:44:54","modified_gmt":"2025-11-10T12:44:54","slug":"plano-estrategico-de-gestao-de-pessoas-e-apresentado-ao-conselho-de-governanca","status":"publish","type":"post","link":"https:\/\/blogdobispo.com.br\/?p=18489","title":{"rendered":"Plano Estrat\u00e9gico de Gest\u00e3o de Pessoas \u00e9 apresentado ao Conselho de Governan\u00e7a"},"content":{"rendered":"<p>A Assembleia Legislativa do Rio Grande do Norte apresentou, nesta sexta-feira (7), ao Conselho de Governan\u00e7a, o Plano Estrat\u00e9gico de Gest\u00e3o de Pessoas \u2014 documento que orientar\u00e1 as a\u00e7\u00f5es na \u00e1rea de pessoal at\u00e9 2027, alinhado ao Planejamento Estrat\u00e9gico \u201cHorizonte 27\u201d.<\/p>\n<p>A apresenta\u00e7\u00e3o foi conduzida pelo diretor de Gest\u00e3o de Pessoas, Thyago Cortez, e pelo consultor da Redde Consultoria, Leonardo Aguiar, respons\u00e1vel pelo suporte t\u00e9cnico na elabora\u00e7\u00e3o do plano.<\/p>\n<p>Thyago Cortez destacou a representatividade do processo de constru\u00e7\u00e3o do documento e a mensagem do presidente da Casa, deputado Ezequiel Ferreira, que integra o material. O plano contempla seis macrodesafios, com foco no desenvolvimento, valoriza\u00e7\u00e3o e bem-estar dos servidores, al\u00e9m de a\u00e7\u00f5es voltadas \u00e0 prepara\u00e7\u00e3o para aposentadoria.<\/p>\n<p>Participaram da reuni\u00e3o o diretor-geral, Augusto Viveiros; o diretor de Gest\u00e3o Tecnol\u00f3gica e Inova\u00e7\u00e3o, M\u00e1rio S\u00e9rgio; o diretor da Escola da Assembleia, Jos\u00e9 Bezerra Marinho; a controladora Johannes Guerra; a diretora de Planejamento Estrat\u00e9gico Luciana Cardoso; a diretora da Presid\u00eancia, Dulcin\u00e9a Brand\u00e3o; a diretora Legislativa, Tatiana Mendes Cunha; a ouvidora Elissa Galv\u00e3o, e servidores de diferentes \u00e1reas da Casa.<\/p>\n<p>\u201cO encontro marcou mais uma etapa da implementa\u00e7\u00e3o do planejamento estrat\u00e9gico de gest\u00e3o de pessoas, refor\u00e7ando o compromisso da Assembleia com a valoriza\u00e7\u00e3o dos servidores e a efici\u00eancia na gest\u00e3o p\u00fablica\u201d, destacou Thyago Cortez.<\/p>\n<p><img data-recalc-dims=\"1\" fetchpriority=\"high\" decoding=\"async\" class=\"alignnone size-medium wp-image-18490\" src=\"https:\/\/i0.wp.com\/blogdobispo.com.br\/wp-content\/uploads\/2025\/11\/CzhuYnCe2Bl3XnXGbhyeR7n6WQktSGW2khUlvS2U.jpg?resize=300%2C200\" alt=\"\" width=\"300\" height=\"200\" srcset=\"https:\/\/i0.wp.com\/blogdobispo.com.br\/wp-content\/uploads\/2025\/11\/CzhuYnCe2Bl3XnXGbhyeR7n6WQktSGW2khUlvS2U.jpg?resize=300%2C200&amp;ssl=1 300w, https:\/\/i0.wp.com\/blogdobispo.com.br\/wp-content\/uploads\/2025\/11\/CzhuYnCe2Bl3XnXGbhyeR7n6WQktSGW2khUlvS2U.jpg?resize=1024%2C681&amp;ssl=1 1024w, https:\/\/i0.wp.com\/blogdobispo.com.br\/wp-content\/uploads\/2025\/11\/CzhuYnCe2Bl3XnXGbhyeR7n6WQktSGW2khUlvS2U.jpg?resize=768%2C511&amp;ssl=1 768w, https:\/\/i0.wp.com\/blogdobispo.com.br\/wp-content\/uploads\/2025\/11\/CzhuYnCe2Bl3XnXGbhyeR7n6WQktSGW2khUlvS2U.jpg?resize=1536%2C1022&amp;ssl=1 1536w, https:\/\/i0.wp.com\/blogdobispo.com.br\/wp-content\/uploads\/2025\/11\/CzhuYnCe2Bl3XnXGbhyeR7n6WQktSGW2khUlvS2U.jpg?resize=2048%2C1362&amp;ssl=1 2048w, https:\/\/i0.wp.com\/blogdobispo.com.br\/wp-content\/uploads\/2025\/11\/CzhuYnCe2Bl3XnXGbhyeR7n6WQktSGW2khUlvS2U.jpg?w=1600 1600w, https:\/\/i0.wp.com\/blogdobispo.com.br\/wp-content\/uploads\/2025\/11\/CzhuYnCe2Bl3XnXGbhyeR7n6WQktSGW2khUlvS2U.jpg?w=2400 2400w\" sizes=\"(max-width: 300px) 100vw, 300px\" \/><\/p>\n","protected":false},"excerpt":{"rendered":"<p>A Assembleia Legislativa do Rio Grande do Norte apresentou, nesta sexta-feira (7), ao Conselho de Governan\u00e7a, o Plano Estrat\u00e9gico de Gest\u00e3o de Pessoas \u2014 documento que orientar\u00e1 as a\u00e7\u00f5es na \u00e1rea de pessoal at\u00e9 2027, alinhado ao Planejamento Estrat\u00e9gico \u201cHorizonte 27\u201d. A apresenta\u00e7\u00e3o foi conduzida pelo diretor de Gest\u00e3o de Pessoas, Thyago Cortez, e pelo [&hellip;]<\/p>\n","protected":false},"author":1,"featured_media":18490,"comment_status":"open","ping_status":"open","sticky":false,"template":"","format":"standard","meta":{"cybocfi_hide_featured_image":"","_jetpack_memberships_contains_paid_content":false,"footnotes":""},"categories":[1],"tags":[],"class_list":["post-18489","post","type-post","status-publish","format-standard","has-post-thumbnail","hentry","category-diversos"],"yoast_head":"<!-- This site is optimized with the Yoast SEO plugin v25.6 - https:\/\/yoast.com\/wordpress\/plugins\/seo\/ -->\n<title>Plano Estrat\u00e9gico de Gest\u00e3o de Pessoas \u00e9 apresentado ao Conselho de Governan\u00e7a - Blog do Bispo<\/title>\n<meta name=\"robots\" content=\"index, follow, max-snippet:-1, max-image-preview:large, max-video-preview:-1\" \/>\n<link rel=\"canonical\" href=\"https:\/\/blogdobispo.com.br\/?p=18489\" \/>\n<meta property=\"og:locale\" content=\"pt_BR\" \/>\n<meta property=\"og:type\" content=\"article\" \/>\n<meta property=\"og:title\" content=\"Plano Estrat\u00e9gico de Gest\u00e3o de Pessoas \u00e9 apresentado ao Conselho de Governan\u00e7a - Blog do Bispo\" \/>\n<meta property=\"og:description\" content=\"A Assembleia Legislativa do Rio Grande do Norte apresentou, nesta sexta-feira (7), ao Conselho de Governan\u00e7a, o Plano Estrat\u00e9gico de Gest\u00e3o de Pessoas \u2014 documento que orientar\u00e1 as a\u00e7\u00f5es na \u00e1rea de pessoal at\u00e9 2027, alinhado ao Planejamento Estrat\u00e9gico \u201cHorizonte 27\u201d. A apresenta\u00e7\u00e3o foi conduzida pelo diretor de Gest\u00e3o de Pessoas, Thyago Cortez, e pelo [&hellip;]\" \/>\n<meta property=\"og:url\" content=\"https:\/\/blogdobispo.com.br\/?p=18489\" \/>\n<meta property=\"og:site_name\" content=\"Blog do Bispo\" \/>\n<meta property=\"article:published_time\" content=\"2025-11-10T12:33:56+00:00\" \/>\n<meta property=\"article:modified_time\" content=\"2025-11-10T12:44:54+00:00\" \/>\n<meta property=\"og:image\" content=\"http:\/\/blogdobispo.com.br\/wp-content\/uploads\/2025\/11\/CzhuYnCe2Bl3XnXGbhyeR7n6WQktSGW2khUlvS2U.jpg\" \/>\n\t<meta property=\"og:image:width\" content=\"2560\" \/>\n\t<meta property=\"og:image:height\" content=\"1703\" \/>\n\t<meta property=\"og:image:type\" content=\"image\/jpeg\" \/>\n<meta name=\"author\" content=\"Jefferson Sterfeno\" \/>\n<meta name=\"twitter:card\" content=\"summary_large_image\" \/>\n<meta name=\"twitter:label1\" content=\"Escrito por\" \/>\n\t<meta name=\"twitter:data1\" content=\"Jefferson Sterfeno\" \/>\n\t<meta name=\"twitter:label2\" content=\"Est. tempo de leitura\" \/>\n\t<meta name=\"twitter:data2\" content=\"2 minutos\" \/>\n<script type=\"application\/ld+json\" class=\"yoast-schema-graph\">{\"@context\":\"https:\/\/schema.org\",\"@graph\":[{\"@type\":\"Article\",\"@id\":\"https:\/\/blogdobispo.com.br\/?p=18489#article\",\"isPartOf\":{\"@id\":\"https:\/\/blogdobispo.com.br\/?p=18489\"},\"author\":{\"name\":\"Jefferson Sterfeno\",\"@id\":\"https:\/\/blogdobispo.com.br\/#\/schema\/person\/e2209cc0e6cea5c5233d033e997b373f\"},\"headline\":\"Plano Estrat\u00e9gico de Gest\u00e3o de Pessoas \u00e9 apresentado ao Conselho de Governan\u00e7a\",\"datePublished\":\"2025-11-10T12:33:56+00:00\",\"dateModified\":\"2025-11-10T12:44:54+00:00\",\"mainEntityOfPage\":{\"@id\":\"https:\/\/blogdobispo.com.br\/?p=18489\"},\"wordCount\":252,\"commentCount\":0,\"publisher\":{\"@id\":\"https:\/\/blogdobispo.com.br\/#organization\"},\"image\":{\"@id\":\"https:\/\/blogdobispo.com.br\/?p=18489#primaryimage\"},\"thumbnailUrl\":\"https:\/\/i0.wp.com\/blogdobispo.com.br\/wp-content\/uploads\/2025\/11\/CzhuYnCe2Bl3XnXGbhyeR7n6WQktSGW2khUlvS2U.jpg?fit=2560%2C1703&ssl=1\",\"articleSection\":[\"diversos\"],\"inLanguage\":\"pt-BR\",\"potentialAction\":[{\"@type\":\"CommentAction\",\"name\":\"Comment\",\"target\":[\"https:\/\/blogdobispo.com.br\/?p=18489#respond\"]}]},{\"@type\":\"WebPage\",\"@id\":\"https:\/\/blogdobispo.com.br\/?p=18489\",\"url\":\"https:\/\/blogdobispo.com.br\/?p=18489\",\"name\":\"Plano Estrat\u00e9gico de Gest\u00e3o de Pessoas \u00e9 apresentado ao Conselho de Governan\u00e7a - Blog do Bispo\",\"isPartOf\":{\"@id\":\"https:\/\/blogdobispo.com.br\/#website\"},\"primaryImageOfPage\":{\"@id\":\"https:\/\/blogdobispo.com.br\/?p=18489#primaryimage\"},\"image\":{\"@id\":\"https:\/\/blogdobispo.com.br\/?p=18489#primaryimage\"},\"thumbnailUrl\":\"https:\/\/i0.wp.com\/blogdobispo.com.br\/wp-content\/uploads\/2025\/11\/CzhuYnCe2Bl3XnXGbhyeR7n6WQktSGW2khUlvS2U.jpg?fit=2560%2C1703&ssl=1\",\"datePublished\":\"2025-11-10T12:33:56+00:00\",\"dateModified\":\"2025-11-10T12:44:54+00:00\",\"breadcrumb\":{\"@id\":\"https:\/\/blogdobispo.com.br\/?p=18489#breadcrumb\"},\"inLanguage\":\"pt-BR\",\"potentialAction\":[{\"@type\":\"ReadAction\",\"target\":[\"https:\/\/blogdobispo.com.br\/?p=18489\"]}]},{\"@type\":\"ImageObject\",\"inLanguage\":\"pt-BR\",\"@id\":\"https:\/\/blogdobispo.com.br\/?p=18489#primaryimage\",\"url\":\"https:\/\/i0.wp.com\/blogdobispo.com.br\/wp-content\/uploads\/2025\/11\/CzhuYnCe2Bl3XnXGbhyeR7n6WQktSGW2khUlvS2U.jpg?fit=2560%2C1703&ssl=1\",\"contentUrl\":\"https:\/\/i0.wp.com\/blogdobispo.com.br\/wp-content\/uploads\/2025\/11\/CzhuYnCe2Bl3XnXGbhyeR7n6WQktSGW2khUlvS2U.jpg?fit=2560%2C1703&ssl=1\",\"width\":2560,\"height\":1703},{\"@type\":\"BreadcrumbList\",\"@id\":\"https:\/\/blogdobispo.com.br\/?p=18489#breadcrumb\",\"itemListElement\":[{\"@type\":\"ListItem\",\"position\":1,\"name\":\"In\u00edcio\",\"item\":\"https:\/\/blogdobispo.com.br\/\"},{\"@type\":\"ListItem\",\"position\":2,\"name\":\"Plano Estrat\u00e9gico de Gest\u00e3o de Pessoas \u00e9 apresentado ao Conselho de Governan\u00e7a\"}]},{\"@type\":\"WebSite\",\"@id\":\"https:\/\/blogdobispo.com.br\/#website\",\"url\":\"https:\/\/blogdobispo.com.br\/\",\"name\":\"Blog do Bispo\",\"description\":\"Comprometido apenas com o leitor\",\"publisher\":{\"@id\":\"https:\/\/blogdobispo.com.br\/#organization\"},\"potentialAction\":[{\"@type\":\"SearchAction\",\"target\":{\"@type\":\"EntryPoint\",\"urlTemplate\":\"https:\/\/blogdobispo.com.br\/?s={search_term_string}\"},\"query-input\":{\"@type\":\"PropertyValueSpecification\",\"valueRequired\":true,\"valueName\":\"search_term_string\"}}],\"inLanguage\":\"pt-BR\"},{\"@type\":\"Organization\",\"@id\":\"https:\/\/blogdobispo.com.br\/#organization\",\"name\":\"Blog do Bispo\",\"url\":\"https:\/\/blogdobispo.com.br\/\",\"logo\":{\"@type\":\"ImageObject\",\"inLanguage\":\"pt-BR\",\"@id\":\"https:\/\/blogdobispo.com.br\/#\/schema\/logo\/image\/\",\"url\":\"http:\/\/blogdobispo.com.br\/wp-content\/uploads\/2023\/05\/cropped-headear.png\",\"contentUrl\":\"http:\/\/blogdobispo.com.br\/wp-content\/uploads\/2023\/05\/cropped-headear.png\",\"width\":1500,\"height\":399,\"caption\":\"Blog do Bispo\"},\"image\":{\"@id\":\"https:\/\/blogdobispo.com.br\/#\/schema\/logo\/image\/\"}},{\"@type\":\"Person\",\"@id\":\"https:\/\/blogdobispo.com.br\/#\/schema\/person\/e2209cc0e6cea5c5233d033e997b373f\",\"name\":\"Jefferson Sterfeno\",\"image\":{\"@type\":\"ImageObject\",\"inLanguage\":\"pt-BR\",\"@id\":\"https:\/\/blogdobispo.com.br\/#\/schema\/person\/image\/\",\"url\":\"https:\/\/secure.gravatar.com\/avatar\/0534e84764641168a677026b6d57a3f51dc7ac4db0b4f6186d9cb330d4ee1160?s=96&d=mm&r=g\",\"contentUrl\":\"https:\/\/secure.gravatar.com\/avatar\/0534e84764641168a677026b6d57a3f51dc7ac4db0b4f6186d9cb330d4ee1160?s=96&d=mm&r=g\",\"caption\":\"Jefferson Sterfeno\"},\"sameAs\":[\"http:\/\/blogdobispo.com.br\"],\"url\":\"https:\/\/blogdobispo.com.br\/?author=1\"}]}<\/script>\n<!-- \/ Yoast SEO plugin. -->","yoast_head_json":{"title":"Plano Estrat\u00e9gico de Gest\u00e3o de Pessoas \u00e9 apresentado ao Conselho de Governan\u00e7a - Blog do Bispo","robots":{"index":"index","follow":"follow","max-snippet":"max-snippet:-1","max-image-preview":"max-image-preview:large","max-video-preview":"max-video-preview:-1"},"canonical":"https:\/\/blogdobispo.com.br\/?p=18489","og_locale":"pt_BR","og_type":"article","og_title":"Plano Estrat\u00e9gico de Gest\u00e3o de Pessoas \u00e9 apresentado ao Conselho de Governan\u00e7a - Blog do Bispo","og_description":"A Assembleia Legislativa do Rio Grande do Norte apresentou, nesta sexta-feira (7), ao Conselho de Governan\u00e7a, o Plano Estrat\u00e9gico de Gest\u00e3o de Pessoas \u2014 documento que orientar\u00e1 as a\u00e7\u00f5es na \u00e1rea de pessoal at\u00e9 2027, alinhado ao Planejamento Estrat\u00e9gico \u201cHorizonte 27\u201d. A apresenta\u00e7\u00e3o foi conduzida pelo diretor de Gest\u00e3o de Pessoas, Thyago Cortez, e pelo [&hellip;]","og_url":"https:\/\/blogdobispo.com.br\/?p=18489","og_site_name":"Blog do Bispo","article_published_time":"2025-11-10T12:33:56+00:00","article_modified_time":"2025-11-10T12:44:54+00:00","og_image":[{"width":2560,"height":1703,"url":"http:\/\/blogdobispo.com.br\/wp-content\/uploads\/2025\/11\/CzhuYnCe2Bl3XnXGbhyeR7n6WQktSGW2khUlvS2U.jpg","type":"image\/jpeg"}],"author":"Jefferson Sterfeno","twitter_card":"summary_large_image","twitter_misc":{"Escrito por":"Jefferson Sterfeno","Est. tempo de leitura":"2 minutos"},"schema":{"@context":"https:\/\/schema.org","@graph":[{"@type":"Article","@id":"https:\/\/blogdobispo.com.br\/?p=18489#article","isPartOf":{"@id":"https:\/\/blogdobispo.com.br\/?p=18489"},"author":{"name":"Jefferson Sterfeno","@id":"https:\/\/blogdobispo.com.br\/#\/schema\/person\/e2209cc0e6cea5c5233d033e997b373f"},"headline":"Plano Estrat\u00e9gico de Gest\u00e3o de Pessoas \u00e9 apresentado ao Conselho de Governan\u00e7a","datePublished":"2025-11-10T12:33:56+00:00","dateModified":"2025-11-10T12:44:54+00:00","mainEntityOfPage":{"@id":"https:\/\/blogdobispo.com.br\/?p=18489"},"wordCount":252,"commentCount":0,"publisher":{"@id":"https:\/\/blogdobispo.com.br\/#organization"},"image":{"@id":"https:\/\/blogdobispo.com.br\/?p=18489#primaryimage"},"thumbnailUrl":"https:\/\/i0.wp.com\/blogdobispo.com.br\/wp-content\/uploads\/2025\/11\/CzhuYnCe2Bl3XnXGbhyeR7n6WQktSGW2khUlvS2U.jpg?fit=2560%2C1703&ssl=1","articleSection":["diversos"],"inLanguage":"pt-BR","potentialAction":[{"@type":"CommentAction","name":"Comment","target":["https:\/\/blogdobispo.com.br\/?p=18489#respond"]}]},{"@type":"WebPage","@id":"https:\/\/blogdobispo.com.br\/?p=18489","url":"https:\/\/blogdobispo.com.br\/?p=18489","name":"Plano Estrat\u00e9gico de Gest\u00e3o de Pessoas \u00e9 apresentado ao Conselho de Governan\u00e7a - Blog do Bispo","isPartOf":{"@id":"https:\/\/blogdobispo.com.br\/#website"},"primaryImageOfPage":{"@id":"https:\/\/blogdobispo.com.br\/?p=18489#primaryimage"},"image":{"@id":"https:\/\/blogdobispo.com.br\/?p=18489#primaryimage"},"thumbnailUrl":"https:\/\/i0.wp.com\/blogdobispo.com.br\/wp-content\/uploads\/2025\/11\/CzhuYnCe2Bl3XnXGbhyeR7n6WQktSGW2khUlvS2U.jpg?fit=2560%2C1703&ssl=1","datePublished":"2025-11-10T12:33:56+00:00","dateModified":"2025-11-10T12:44:54+00:00","breadcrumb":{"@id":"https:\/\/blogdobispo.com.br\/?p=18489#breadcrumb"},"inLanguage":"pt-BR","potentialAction":[{"@type":"ReadAction","target":["https:\/\/blogdobispo.com.br\/?p=18489"]}]},{"@type":"ImageObject","inLanguage":"pt-BR","@id":"https:\/\/blogdobispo.com.br\/?p=18489#primaryimage","url":"https:\/\/i0.wp.com\/blogdobispo.com.br\/wp-content\/uploads\/2025\/11\/CzhuYnCe2Bl3XnXGbhyeR7n6WQktSGW2khUlvS2U.jpg?fit=2560%2C1703&ssl=1","contentUrl":"https:\/\/i0.wp.com\/blogdobispo.com.br\/wp-content\/uploads\/2025\/11\/CzhuYnCe2Bl3XnXGbhyeR7n6WQktSGW2khUlvS2U.jpg?fit=2560%2C1703&ssl=1","width":2560,"height":1703},{"@type":"BreadcrumbList","@id":"https:\/\/blogdobispo.com.br\/?p=18489#breadcrumb","itemListElement":[{"@type":"ListItem","position":1,"name":"In\u00edcio","item":"https:\/\/blogdobispo.com.br\/"},{"@type":"ListItem","position":2,"name":"Plano Estrat\u00e9gico de Gest\u00e3o de Pessoas \u00e9 apresentado ao Conselho de Governan\u00e7a"}]},{"@type":"WebSite","@id":"https:\/\/blogdobispo.com.br\/#website","url":"https:\/\/blogdobispo.com.br\/","name":"Blog do Bispo","description":"Comprometido apenas com o leitor","publisher":{"@id":"https:\/\/blogdobispo.com.br\/#organization"},"potentialAction":[{"@type":"SearchAction","target":{"@type":"EntryPoint","urlTemplate":"https:\/\/blogdobispo.com.br\/?s={search_term_string}"},"query-input":{"@type":"PropertyValueSpecification","valueRequired":true,"valueName":"search_term_string"}}],"inLanguage":"pt-BR"},{"@type":"Organization","@id":"https:\/\/blogdobispo.com.br\/#organization","name":"Blog do Bispo","url":"https:\/\/blogdobispo.com.br\/","logo":{"@type":"ImageObject","inLanguage":"pt-BR","@id":"https:\/\/blogdobispo.com.br\/#\/schema\/logo\/image\/","url":"http:\/\/blogdobispo.com.br\/wp-content\/uploads\/2023\/05\/cropped-headear.png","contentUrl":"http:\/\/blogdobispo.com.br\/wp-content\/uploads\/2023\/05\/cropped-headear.png","width":1500,"height":399,"caption":"Blog do Bispo"},"image":{"@id":"https:\/\/blogdobispo.com.br\/#\/schema\/logo\/image\/"}},{"@type":"Person","@id":"https:\/\/blogdobispo.com.br\/#\/schema\/person\/e2209cc0e6cea5c5233d033e997b373f","name":"Jefferson Sterfeno","image":{"@type":"ImageObject","inLanguage":"pt-BR","@id":"https:\/\/blogdobispo.com.br\/#\/schema\/person\/image\/","url":"https:\/\/secure.gravatar.com\/avatar\/0534e84764641168a677026b6d57a3f51dc7ac4db0b4f6186d9cb330d4ee1160?s=96&d=mm&r=g","contentUrl":"https:\/\/secure.gravatar.com\/avatar\/0534e84764641168a677026b6d57a3f51dc7ac4db0b4f6186d9cb330d4ee1160?s=96&d=mm&r=g","caption":"Jefferson Sterfeno"},"sameAs":["http:\/\/blogdobispo.com.br"],"url":"https:\/\/blogdobispo.com.br\/?author=1"}]}},"featured_image_urls":{"full":["https:\/\/i0.wp.com\/blogdobispo.com.br\/wp-content\/uploads\/2025\/11\/CzhuYnCe2Bl3XnXGbhyeR7n6WQktSGW2khUlvS2U.jpg?fit=2560%2C1703&ssl=1",2560,1703,false],"thumbnail":["https:\/\/i0.wp.com\/blogdobispo.com.br\/wp-content\/uploads\/2025\/11\/CzhuYnCe2Bl3XnXGbhyeR7n6WQktSGW2khUlvS2U.jpg?resize=150%2C150&ssl=1",150,150,true],"medium":["https:\/\/i0.wp.com\/blogdobispo.com.br\/wp-content\/uploads\/2025\/11\/CzhuYnCe2Bl3XnXGbhyeR7n6WQktSGW2khUlvS2U.jpg?fit=300%2C200&ssl=1",300,200,true],"medium_large":["https:\/\/i0.wp.com\/blogdobispo.com.br\/wp-content\/uploads\/2025\/11\/CzhuYnCe2Bl3XnXGbhyeR7n6WQktSGW2khUlvS2U.jpg?fit=768%2C511&ssl=1",768,511,true],"large":["https:\/\/i0.wp.com\/blogdobispo.com.br\/wp-content\/uploads\/2025\/11\/CzhuYnCe2Bl3XnXGbhyeR7n6WQktSGW2khUlvS2U.jpg?fit=800%2C532&ssl=1",800,532,true],"1536x1536":["https:\/\/i0.wp.com\/blogdobispo.com.br\/wp-content\/uploads\/2025\/11\/CzhuYnCe2Bl3XnXGbhyeR7n6WQktSGW2khUlvS2U.jpg?fit=1536%2C1022&ssl=1",1536,1022,true],"2048x2048":["https:\/\/i0.wp.com\/blogdobispo.com.br\/wp-content\/uploads\/2025\/11\/CzhuYnCe2Bl3XnXGbhyeR7n6WQktSGW2khUlvS2U.jpg?fit=2048%2C1362&ssl=1",2048,1362,true]},"author_info":{"display_name":"Jefferson Sterfeno","author_link":"https:\/\/blogdobispo.com.br\/?author=1"},"category_info":"<a href=\"https:\/\/blogdobispo.com.br\/?cat=1\" rel=\"category\">diversos<\/a>","tag_info":"diversos","comment_count":"0","jetpack_featured_media_url":"https:\/\/i0.wp.com\/blogdobispo.com.br\/wp-content\/uploads\/2025\/11\/CzhuYnCe2Bl3XnXGbhyeR7n6WQktSGW2khUlvS2U.jpg?fit=2560%2C1703&ssl=1","jetpack_sharing_enabled":true,"_links":{"self":[{"href":"https:\/\/blogdobispo.com.br\/index.php?rest_route=\/wp\/v2\/posts\/18489","targetHints":{"allow":["GET"]}}],"collection":[{"href":"https:\/\/blogdobispo.com.br\/index.php?rest_route=\/wp\/v2\/posts"}],"about":[{"href":"https:\/\/blogdobispo.com.br\/index.php?rest_route=\/wp\/v2\/types\/post"}],"author":[{"embeddable":true,"href":"https:\/\/blogdobispo.com.br\/index.php?rest_route=\/wp\/v2\/users\/1"}],"replies":[{"embeddable":true,"href":"https:\/\/blogdobispo.com.br\/index.php?rest_route=%2Fwp%2Fv2%2Fcomments&post=18489"}],"version-history":[{"count":1,"href":"https:\/\/blogdobispo.com.br\/index.php?rest_route=\/wp\/v2\/posts\/18489\/revisions"}],"predecessor-version":[{"id":18491,"href":"https:\/\/blogdobispo.com.br\/index.php?rest_route=\/wp\/v2\/posts\/18489\/revisions\/18491"}],"wp:featuredmedia":[{"embeddable":true,"href":"https:\/\/blogdobispo.com.br\/index.php?rest_route=\/wp\/v2\/media\/18490"}],"wp:attachment":[{"href":"https:\/\/blogdobispo.com.br\/index.php?rest_route=%2Fwp%2Fv2%2Fmedia&parent=18489"}],"wp:term":[{"taxonomy":"category","embeddable":true,"href":"https:\/\/blogdobispo.com.br\/index.php?rest_route=%2Fwp%2Fv2%2Fcategories&post=18489"},{"taxonomy":"post_tag","embeddable":true,"href":"https:\/\/blogdobispo.com.br\/index.php?rest_route=%2Fwp%2Fv2%2Ftags&post=18489"}],"curies":[{"name":"wp","href":"https:\/\/api.w.org\/{rel}","templated":true}]}}