{"id":18486,"date":"2025-11-10T12:30:28","date_gmt":"2025-11-10T12:30:28","guid":{"rendered":"https:\/\/blogdobispo.com.br\/?p=18486"},"modified":"2025-12-01T18:59:13","modified_gmt":"2025-12-01T18:59:13","slug":"prefeita-nilda-garante-isencao-do-itiv-e-beneficia-mais-de-5-mil-familias-do-minha-casa-minha-vida","status":"publish","type":"post","link":"https:\/\/blogdobispo.com.br\/?p=18486","title":{"rendered":"CMN promove Caminhando pela Vida, Passos da Preven\u00e7\u00e3o durante outubro rosa"},"content":{"rendered":"<p>A campanha de combate ao c\u00e2ncer de mama desenvolvida pela C\u00e2mara Municipal de Natal realizou, nesta quinta-feira (09), uma caminhada para chamar aten\u00e7\u00e3o para a preven\u00e7\u00e3o desta doen\u00e7a. Com iniciativa da mesa diretora da Casa, e carregando o tema \u201cCaminhando pela Vida, Passos de Preven\u00e7\u00e3o\u201d, a atividade percorreu algumas ruas do bairro do Tirol, saindo do pal\u00e1cio Padre Miguelino, sede do legislativo natalense. O presidente da C\u00e2mara, vereador Eriko J\u00e1come (PP), ressaltou que a a\u00e7\u00e3o era apenas mais uma, numa semana repleta de atividades em defesa do combate ao c\u00e2ncer de mama.<\/p>\n<p>\u201c\u00c0s vezes, a gente acha que um gesto desse \u00e9 pequeno. A gente acha que poderia fazer uma mobiliza\u00e7\u00e3o maior. Mas o que cada um de voc\u00eas est\u00e1 fazendo junto ao poder legislativo da nossa cidade, levando essa palavra de gratid\u00e3o ao combate ao c\u00e2ncer de mama, \u00e9 muito\u201d, ressaltou o presidente, em discurso para os presentes.<\/p>\n<p>Na oportunidade, o presidente Eriko J\u00e1come entregou uma placa em homenagem \u00e0s a\u00e7\u00f5es de combate ao c\u00e2ncer \u00e0 Jandira Ferreira, representante do grupo Reviver, parceiro da C\u00e2mara na realiza\u00e7\u00e3o das atividade do outubro rosa, e tamb\u00e9m anunciou a conquista, junto ao senador Styvenson Valentim (PSDB), de uma emenda federal com o valor de R$ 300 mil, para a continuidade das atividades da carreta da mamografia.<\/p>\n<p>\u201cEsta verba vem para custear essa carreta, para que ela possa estar todos os bairros de Natal, atendendo a popula\u00e7\u00e3o, realizando o exame de mamografia, que \u00e9 o principal exame de preven\u00e7\u00e3o a esta doen\u00e7a\u201d destacou Eriko J\u00e1come.<\/p>\n<p>Promotora de outras a\u00e7\u00f5es de combate ao c\u00e2ncer realizadas em conjunto neste mesmo dia, a vereadora Anne Lagartixa (Solidariedade), disse que atividades em prol da preven\u00e7\u00e3o da sa\u00fade feminina devem ser realizadas durante o ano todo. \u201c\u00c9 muito importante a gente fazer essas a\u00e7\u00f5es de conscientiza\u00e7\u00e3o, mas n\u00e3o somente durante o m\u00eas de outubro. O ano todo devemos estar atentas para prevenir que o c\u00e2ncer de mama se alastre. \u00c0s vezes vem como uma doen\u00e7a silenciosa, \u00e0s vezes com sintomas, \u00e0s vezes sem. Ent\u00e3o, o autoexame tem import\u00e2ncia, a mamografia tem import\u00e2ncia, e a gente aconselha sempre que se toquem, se cuidem, se previnam\u201d, observou a vereadora.<\/p>\n<p>Para a vereadora Brisa Bracchi (PT), atividades de preven\u00e7\u00e3o ao c\u00e2ncer de mama, como as realizadas durante esta semana pela C\u00e2mara, s\u00e3o importantes para garantirem o acesso \u00e0 popula\u00e7\u00e3o a qual, por diversos motivos, n\u00e3o conseguem realizar seus exames preventivos. \u201cA gente viu aqui uma senhora de 93 anos, essa semana, dando entrevistas, parando para fazer o exame. E veja s\u00f3, era a primeira vez que ela vinha fazer o exame de mamografia, com 93 anos. E ela veio fazer porque ele estava no lugar de f\u00e1cil acesso, porque ele era gratuito, porque ele foi divulgado. Porque aqui ela sabia que ia ser acolhida, bem recebida e bem tratada. Esse \u00e9 o compromisso das vereadoras, dos vereadores, das servidoras da C\u00e2mara e do grupo Reviver\u201d, evidenciou a vereadora.<\/p>\n<p>Paula Noga, servidora municipal que participou da caminhada, descreveu sua experi\u00eancia no combate ao c\u00e2ncer de mama, e lembrou da import\u00e2ncia da preven\u00e7\u00e3o para a cura da doen\u00e7a. \u201cEu tive um problema de sa\u00fade, procurei um \u00a0m\u00e9dico, e ele pediu uma ultrassonografia. A partir da\u00ed, ele j\u00e1 me encaminhou, com urg\u00eancia, para um especialista, e foi determinado que eu estava com c\u00e2ncer de mama. hoje, gra\u00e7a a Deus, eu estou curada\u201d, relatou.<\/p>\n<p>O evento Caminhando\u00a0pela Vida, Passos de Preven\u00e7\u00e3o, contou ainda com a presen\u00e7a dos vereadores Cleiton da Policl\u00ednica (PSDB), Daniell Rendall (Republicanos), Eribaldo Medeiros (REDE), Jo\u00e3o Batista Torres (DC), Luciano Nascimento (PSD), Preto Aquino (Podemos), Subtenente Eliabe (PL) e Tony Henrique (PL).<\/p>\n<p>Texto: Cleber Femina<br \/>\nFotos: Francisco de Assis<\/p>\n","protected":false},"excerpt":{"rendered":"<p>A campanha de combate ao c\u00e2ncer de mama desenvolvida pela C\u00e2mara Municipal de Natal realizou, nesta quinta-feira (09), uma caminhada para chamar aten\u00e7\u00e3o para a preven\u00e7\u00e3o desta doen\u00e7a. Com iniciativa da mesa diretora da Casa, e carregando o tema \u201cCaminhando pela Vida, Passos de Preven\u00e7\u00e3o\u201d, a atividade percorreu algumas ruas do bairro do Tirol, saindo [&hellip;]<\/p>\n","protected":false},"author":1,"featured_media":18711,"comment_status":"open","ping_status":"open","sticky":false,"template":"","format":"standard","meta":{"cybocfi_hide_featured_image":"","_jetpack_memberships_contains_paid_content":false,"footnotes":""},"categories":[1],"tags":[],"class_list":["post-18486","post","type-post","status-publish","format-standard","has-post-thumbnail","hentry","category-diversos"],"yoast_head":"<!-- This site is optimized with the Yoast SEO plugin v25.6 - https:\/\/yoast.com\/wordpress\/plugins\/seo\/ -->\n<title>CMN promove Caminhando pela Vida, Passos da Preven\u00e7\u00e3o durante outubro rosa - Blog do Bispo<\/title>\n<meta name=\"robots\" content=\"index, follow, max-snippet:-1, max-image-preview:large, max-video-preview:-1\" \/>\n<link rel=\"canonical\" href=\"https:\/\/blogdobispo.com.br\/?p=18486\" \/>\n<meta property=\"og:locale\" content=\"pt_BR\" \/>\n<meta property=\"og:type\" content=\"article\" \/>\n<meta property=\"og:title\" content=\"CMN promove Caminhando pela Vida, Passos da Preven\u00e7\u00e3o durante outubro rosa - Blog do Bispo\" \/>\n<meta property=\"og:description\" content=\"A campanha de combate ao c\u00e2ncer de mama desenvolvida pela C\u00e2mara Municipal de Natal realizou, nesta quinta-feira (09), uma caminhada para chamar aten\u00e7\u00e3o para a preven\u00e7\u00e3o desta doen\u00e7a. Com iniciativa da mesa diretora da Casa, e carregando o tema \u201cCaminhando pela Vida, Passos de Preven\u00e7\u00e3o\u201d, a atividade percorreu algumas ruas do bairro do Tirol, saindo [&hellip;]\" \/>\n<meta property=\"og:url\" content=\"https:\/\/blogdobispo.com.br\/?p=18486\" \/>\n<meta property=\"og:site_name\" content=\"Blog do Bispo\" \/>\n<meta property=\"article:published_time\" content=\"2025-11-10T12:30:28+00:00\" \/>\n<meta property=\"article:modified_time\" content=\"2025-12-01T18:59:13+00:00\" \/>\n<meta property=\"og:image\" content=\"http:\/\/blogdobispo.com.br\/wp-content\/uploads\/2025\/11\/a5b50a97f90e9a4ae927d690da2e0c05-1.jpeg\" \/>\n\t<meta property=\"og:image:width\" content=\"1600\" \/>\n\t<meta property=\"og:image:height\" content=\"1179\" \/>\n\t<meta property=\"og:image:type\" content=\"image\/jpeg\" \/>\n<meta name=\"author\" content=\"Jefferson Sterfeno\" \/>\n<meta name=\"twitter:card\" content=\"summary_large_image\" \/>\n<meta name=\"twitter:label1\" content=\"Escrito por\" \/>\n\t<meta name=\"twitter:data1\" content=\"Jefferson Sterfeno\" \/>\n\t<meta name=\"twitter:label2\" content=\"Est. tempo de leitura\" \/>\n\t<meta name=\"twitter:data2\" content=\"4 minutos\" \/>\n<script type=\"application\/ld+json\" class=\"yoast-schema-graph\">{\"@context\":\"https:\/\/schema.org\",\"@graph\":[{\"@type\":\"Article\",\"@id\":\"https:\/\/blogdobispo.com.br\/?p=18486#article\",\"isPartOf\":{\"@id\":\"https:\/\/blogdobispo.com.br\/?p=18486\"},\"author\":{\"name\":\"Jefferson Sterfeno\",\"@id\":\"https:\/\/blogdobispo.com.br\/#\/schema\/person\/e2209cc0e6cea5c5233d033e997b373f\"},\"headline\":\"CMN promove Caminhando pela Vida, Passos da Preven\u00e7\u00e3o durante outubro rosa\",\"datePublished\":\"2025-11-10T12:30:28+00:00\",\"dateModified\":\"2025-12-01T18:59:13+00:00\",\"mainEntityOfPage\":{\"@id\":\"https:\/\/blogdobispo.com.br\/?p=18486\"},\"wordCount\":669,\"commentCount\":0,\"publisher\":{\"@id\":\"https:\/\/blogdobispo.com.br\/#organization\"},\"image\":{\"@id\":\"https:\/\/blogdobispo.com.br\/?p=18486#primaryimage\"},\"thumbnailUrl\":\"https:\/\/i0.wp.com\/blogdobispo.com.br\/wp-content\/uploads\/2025\/11\/a5b50a97f90e9a4ae927d690da2e0c05-1.jpeg?fit=1600%2C1179&ssl=1\",\"articleSection\":[\"diversos\"],\"inLanguage\":\"pt-BR\",\"potentialAction\":[{\"@type\":\"CommentAction\",\"name\":\"Comment\",\"target\":[\"https:\/\/blogdobispo.com.br\/?p=18486#respond\"]}]},{\"@type\":\"WebPage\",\"@id\":\"https:\/\/blogdobispo.com.br\/?p=18486\",\"url\":\"https:\/\/blogdobispo.com.br\/?p=18486\",\"name\":\"CMN promove Caminhando pela Vida, Passos da Preven\u00e7\u00e3o durante outubro rosa - Blog do Bispo\",\"isPartOf\":{\"@id\":\"https:\/\/blogdobispo.com.br\/#website\"},\"primaryImageOfPage\":{\"@id\":\"https:\/\/blogdobispo.com.br\/?p=18486#primaryimage\"},\"image\":{\"@id\":\"https:\/\/blogdobispo.com.br\/?p=18486#primaryimage\"},\"thumbnailUrl\":\"https:\/\/i0.wp.com\/blogdobispo.com.br\/wp-content\/uploads\/2025\/11\/a5b50a97f90e9a4ae927d690da2e0c05-1.jpeg?fit=1600%2C1179&ssl=1\",\"datePublished\":\"2025-11-10T12:30:28+00:00\",\"dateModified\":\"2025-12-01T18:59:13+00:00\",\"breadcrumb\":{\"@id\":\"https:\/\/blogdobispo.com.br\/?p=18486#breadcrumb\"},\"inLanguage\":\"pt-BR\",\"potentialAction\":[{\"@type\":\"ReadAction\",\"target\":[\"https:\/\/blogdobispo.com.br\/?p=18486\"]}]},{\"@type\":\"ImageObject\",\"inLanguage\":\"pt-BR\",\"@id\":\"https:\/\/blogdobispo.com.br\/?p=18486#primaryimage\",\"url\":\"https:\/\/i0.wp.com\/blogdobispo.com.br\/wp-content\/uploads\/2025\/11\/a5b50a97f90e9a4ae927d690da2e0c05-1.jpeg?fit=1600%2C1179&ssl=1\",\"contentUrl\":\"https:\/\/i0.wp.com\/blogdobispo.com.br\/wp-content\/uploads\/2025\/11\/a5b50a97f90e9a4ae927d690da2e0c05-1.jpeg?fit=1600%2C1179&ssl=1\",\"width\":1600,\"height\":1179},{\"@type\":\"BreadcrumbList\",\"@id\":\"https:\/\/blogdobispo.com.br\/?p=18486#breadcrumb\",\"itemListElement\":[{\"@type\":\"ListItem\",\"position\":1,\"name\":\"In\u00edcio\",\"item\":\"https:\/\/blogdobispo.com.br\/\"},{\"@type\":\"ListItem\",\"position\":2,\"name\":\"CMN promove Caminhando pela Vida, Passos da Preven\u00e7\u00e3o durante outubro rosa\"}]},{\"@type\":\"WebSite\",\"@id\":\"https:\/\/blogdobispo.com.br\/#website\",\"url\":\"https:\/\/blogdobispo.com.br\/\",\"name\":\"Blog do Bispo\",\"description\":\"Comprometido apenas com o leitor\",\"publisher\":{\"@id\":\"https:\/\/blogdobispo.com.br\/#organization\"},\"potentialAction\":[{\"@type\":\"SearchAction\",\"target\":{\"@type\":\"EntryPoint\",\"urlTemplate\":\"https:\/\/blogdobispo.com.br\/?s={search_term_string}\"},\"query-input\":{\"@type\":\"PropertyValueSpecification\",\"valueRequired\":true,\"valueName\":\"search_term_string\"}}],\"inLanguage\":\"pt-BR\"},{\"@type\":\"Organization\",\"@id\":\"https:\/\/blogdobispo.com.br\/#organization\",\"name\":\"Blog do Bispo\",\"url\":\"https:\/\/blogdobispo.com.br\/\",\"logo\":{\"@type\":\"ImageObject\",\"inLanguage\":\"pt-BR\",\"@id\":\"https:\/\/blogdobispo.com.br\/#\/schema\/logo\/image\/\",\"url\":\"http:\/\/blogdobispo.com.br\/wp-content\/uploads\/2023\/05\/cropped-headear.png\",\"contentUrl\":\"http:\/\/blogdobispo.com.br\/wp-content\/uploads\/2023\/05\/cropped-headear.png\",\"width\":1500,\"height\":399,\"caption\":\"Blog do Bispo\"},\"image\":{\"@id\":\"https:\/\/blogdobispo.com.br\/#\/schema\/logo\/image\/\"}},{\"@type\":\"Person\",\"@id\":\"https:\/\/blogdobispo.com.br\/#\/schema\/person\/e2209cc0e6cea5c5233d033e997b373f\",\"name\":\"Jefferson Sterfeno\",\"image\":{\"@type\":\"ImageObject\",\"inLanguage\":\"pt-BR\",\"@id\":\"https:\/\/blogdobispo.com.br\/#\/schema\/person\/image\/\",\"url\":\"https:\/\/secure.gravatar.com\/avatar\/0534e84764641168a677026b6d57a3f51dc7ac4db0b4f6186d9cb330d4ee1160?s=96&d=mm&r=g\",\"contentUrl\":\"https:\/\/secure.gravatar.com\/avatar\/0534e84764641168a677026b6d57a3f51dc7ac4db0b4f6186d9cb330d4ee1160?s=96&d=mm&r=g\",\"caption\":\"Jefferson Sterfeno\"},\"sameAs\":[\"http:\/\/blogdobispo.com.br\"],\"url\":\"https:\/\/blogdobispo.com.br\/?author=1\"}]}<\/script>\n<!-- \/ Yoast SEO plugin. -->","yoast_head_json":{"title":"CMN promove Caminhando pela Vida, Passos da Preven\u00e7\u00e3o durante outubro rosa - Blog do Bispo","robots":{"index":"index","follow":"follow","max-snippet":"max-snippet:-1","max-image-preview":"max-image-preview:large","max-video-preview":"max-video-preview:-1"},"canonical":"https:\/\/blogdobispo.com.br\/?p=18486","og_locale":"pt_BR","og_type":"article","og_title":"CMN promove Caminhando pela Vida, Passos da Preven\u00e7\u00e3o durante outubro rosa - Blog do Bispo","og_description":"A campanha de combate ao c\u00e2ncer de mama desenvolvida pela C\u00e2mara Municipal de Natal realizou, nesta quinta-feira (09), uma caminhada para chamar aten\u00e7\u00e3o para a preven\u00e7\u00e3o desta doen\u00e7a. Com iniciativa da mesa diretora da Casa, e carregando o tema \u201cCaminhando pela Vida, Passos de Preven\u00e7\u00e3o\u201d, a atividade percorreu algumas ruas do bairro do Tirol, saindo [&hellip;]","og_url":"https:\/\/blogdobispo.com.br\/?p=18486","og_site_name":"Blog do Bispo","article_published_time":"2025-11-10T12:30:28+00:00","article_modified_time":"2025-12-01T18:59:13+00:00","og_image":[{"width":1600,"height":1179,"url":"http:\/\/blogdobispo.com.br\/wp-content\/uploads\/2025\/11\/a5b50a97f90e9a4ae927d690da2e0c05-1.jpeg","type":"image\/jpeg"}],"author":"Jefferson Sterfeno","twitter_card":"summary_large_image","twitter_misc":{"Escrito por":"Jefferson Sterfeno","Est. tempo de leitura":"4 minutos"},"schema":{"@context":"https:\/\/schema.org","@graph":[{"@type":"Article","@id":"https:\/\/blogdobispo.com.br\/?p=18486#article","isPartOf":{"@id":"https:\/\/blogdobispo.com.br\/?p=18486"},"author":{"name":"Jefferson Sterfeno","@id":"https:\/\/blogdobispo.com.br\/#\/schema\/person\/e2209cc0e6cea5c5233d033e997b373f"},"headline":"CMN promove Caminhando pela Vida, Passos da Preven\u00e7\u00e3o durante outubro rosa","datePublished":"2025-11-10T12:30:28+00:00","dateModified":"2025-12-01T18:59:13+00:00","mainEntityOfPage":{"@id":"https:\/\/blogdobispo.com.br\/?p=18486"},"wordCount":669,"commentCount":0,"publisher":{"@id":"https:\/\/blogdobispo.com.br\/#organization"},"image":{"@id":"https:\/\/blogdobispo.com.br\/?p=18486#primaryimage"},"thumbnailUrl":"https:\/\/i0.wp.com\/blogdobispo.com.br\/wp-content\/uploads\/2025\/11\/a5b50a97f90e9a4ae927d690da2e0c05-1.jpeg?fit=1600%2C1179&ssl=1","articleSection":["diversos"],"inLanguage":"pt-BR","potentialAction":[{"@type":"CommentAction","name":"Comment","target":["https:\/\/blogdobispo.com.br\/?p=18486#respond"]}]},{"@type":"WebPage","@id":"https:\/\/blogdobispo.com.br\/?p=18486","url":"https:\/\/blogdobispo.com.br\/?p=18486","name":"CMN promove Caminhando pela Vida, Passos da Preven\u00e7\u00e3o durante outubro rosa - Blog do Bispo","isPartOf":{"@id":"https:\/\/blogdobispo.com.br\/#website"},"primaryImageOfPage":{"@id":"https:\/\/blogdobispo.com.br\/?p=18486#primaryimage"},"image":{"@id":"https:\/\/blogdobispo.com.br\/?p=18486#primaryimage"},"thumbnailUrl":"https:\/\/i0.wp.com\/blogdobispo.com.br\/wp-content\/uploads\/2025\/11\/a5b50a97f90e9a4ae927d690da2e0c05-1.jpeg?fit=1600%2C1179&ssl=1","datePublished":"2025-11-10T12:30:28+00:00","dateModified":"2025-12-01T18:59:13+00:00","breadcrumb":{"@id":"https:\/\/blogdobispo.com.br\/?p=18486#breadcrumb"},"inLanguage":"pt-BR","potentialAction":[{"@type":"ReadAction","target":["https:\/\/blogdobispo.com.br\/?p=18486"]}]},{"@type":"ImageObject","inLanguage":"pt-BR","@id":"https:\/\/blogdobispo.com.br\/?p=18486#primaryimage","url":"https:\/\/i0.wp.com\/blogdobispo.com.br\/wp-content\/uploads\/2025\/11\/a5b50a97f90e9a4ae927d690da2e0c05-1.jpeg?fit=1600%2C1179&ssl=1","contentUrl":"https:\/\/i0.wp.com\/blogdobispo.com.br\/wp-content\/uploads\/2025\/11\/a5b50a97f90e9a4ae927d690da2e0c05-1.jpeg?fit=1600%2C1179&ssl=1","width":1600,"height":1179},{"@type":"BreadcrumbList","@id":"https:\/\/blogdobispo.com.br\/?p=18486#breadcrumb","itemListElement":[{"@type":"ListItem","position":1,"name":"In\u00edcio","item":"https:\/\/blogdobispo.com.br\/"},{"@type":"ListItem","position":2,"name":"CMN promove Caminhando pela Vida, Passos da Preven\u00e7\u00e3o durante outubro rosa"}]},{"@type":"WebSite","@id":"https:\/\/blogdobispo.com.br\/#website","url":"https:\/\/blogdobispo.com.br\/","name":"Blog do Bispo","description":"Comprometido apenas com o leitor","publisher":{"@id":"https:\/\/blogdobispo.com.br\/#organization"},"potentialAction":[{"@type":"SearchAction","target":{"@type":"EntryPoint","urlTemplate":"https:\/\/blogdobispo.com.br\/?s={search_term_string}"},"query-input":{"@type":"PropertyValueSpecification","valueRequired":true,"valueName":"search_term_string"}}],"inLanguage":"pt-BR"},{"@type":"Organization","@id":"https:\/\/blogdobispo.com.br\/#organization","name":"Blog do Bispo","url":"https:\/\/blogdobispo.com.br\/","logo":{"@type":"ImageObject","inLanguage":"pt-BR","@id":"https:\/\/blogdobispo.com.br\/#\/schema\/logo\/image\/","url":"http:\/\/blogdobispo.com.br\/wp-content\/uploads\/2023\/05\/cropped-headear.png","contentUrl":"http:\/\/blogdobispo.com.br\/wp-content\/uploads\/2023\/05\/cropped-headear.png","width":1500,"height":399,"caption":"Blog do Bispo"},"image":{"@id":"https:\/\/blogdobispo.com.br\/#\/schema\/logo\/image\/"}},{"@type":"Person","@id":"https:\/\/blogdobispo.com.br\/#\/schema\/person\/e2209cc0e6cea5c5233d033e997b373f","name":"Jefferson Sterfeno","image":{"@type":"ImageObject","inLanguage":"pt-BR","@id":"https:\/\/blogdobispo.com.br\/#\/schema\/person\/image\/","url":"https:\/\/secure.gravatar.com\/avatar\/0534e84764641168a677026b6d57a3f51dc7ac4db0b4f6186d9cb330d4ee1160?s=96&d=mm&r=g","contentUrl":"https:\/\/secure.gravatar.com\/avatar\/0534e84764641168a677026b6d57a3f51dc7ac4db0b4f6186d9cb330d4ee1160?s=96&d=mm&r=g","caption":"Jefferson Sterfeno"},"sameAs":["http:\/\/blogdobispo.com.br"],"url":"https:\/\/blogdobispo.com.br\/?author=1"}]}},"featured_image_urls":{"full":["https:\/\/i0.wp.com\/blogdobispo.com.br\/wp-content\/uploads\/2025\/11\/a5b50a97f90e9a4ae927d690da2e0c05-1.jpeg?fit=1600%2C1179&ssl=1",1600,1179,false],"thumbnail":["https:\/\/i0.wp.com\/blogdobispo.com.br\/wp-content\/uploads\/2025\/11\/a5b50a97f90e9a4ae927d690da2e0c05-1.jpeg?resize=150%2C150&ssl=1",150,150,true],"medium":["https:\/\/i0.wp.com\/blogdobispo.com.br\/wp-content\/uploads\/2025\/11\/a5b50a97f90e9a4ae927d690da2e0c05-1.jpeg?fit=300%2C221&ssl=1",300,221,true],"medium_large":["https:\/\/i0.wp.com\/blogdobispo.com.br\/wp-content\/uploads\/2025\/11\/a5b50a97f90e9a4ae927d690da2e0c05-1.jpeg?fit=768%2C566&ssl=1",768,566,true],"large":["https:\/\/i0.wp.com\/blogdobispo.com.br\/wp-content\/uploads\/2025\/11\/a5b50a97f90e9a4ae927d690da2e0c05-1.jpeg?fit=800%2C590&ssl=1",800,590,true],"1536x1536":["https:\/\/i0.wp.com\/blogdobispo.com.br\/wp-content\/uploads\/2025\/11\/a5b50a97f90e9a4ae927d690da2e0c05-1.jpeg?fit=1536%2C1132&ssl=1",1536,1132,true],"2048x2048":["https:\/\/i0.wp.com\/blogdobispo.com.br\/wp-content\/uploads\/2025\/11\/a5b50a97f90e9a4ae927d690da2e0c05-1.jpeg?fit=1600%2C1179&ssl=1",1600,1179,true]},"author_info":{"display_name":"Jefferson Sterfeno","author_link":"https:\/\/blogdobispo.com.br\/?author=1"},"category_info":"<a href=\"https:\/\/blogdobispo.com.br\/?cat=1\" rel=\"category\">diversos<\/a>","tag_info":"diversos","comment_count":"0","jetpack_featured_media_url":"https:\/\/i0.wp.com\/blogdobispo.com.br\/wp-content\/uploads\/2025\/11\/a5b50a97f90e9a4ae927d690da2e0c05-1.jpeg?fit=1600%2C1179&ssl=1","jetpack_sharing_enabled":true,"_links":{"self":[{"href":"https:\/\/blogdobispo.com.br\/index.php?rest_route=\/wp\/v2\/posts\/18486","targetHints":{"allow":["GET"]}}],"collection":[{"href":"https:\/\/blogdobispo.com.br\/index.php?rest_route=\/wp\/v2\/posts"}],"about":[{"href":"https:\/\/blogdobispo.com.br\/index.php?rest_route=\/wp\/v2\/types\/post"}],"author":[{"embeddable":true,"href":"https:\/\/blogdobispo.com.br\/index.php?rest_route=\/wp\/v2\/users\/1"}],"replies":[{"embeddable":true,"href":"https:\/\/blogdobispo.com.br\/index.php?rest_route=%2Fwp%2Fv2%2Fcomments&post=18486"}],"version-history":[{"count":2,"href":"https:\/\/blogdobispo.com.br\/index.php?rest_route=\/wp\/v2\/posts\/18486\/revisions"}],"predecessor-version":[{"id":18712,"href":"https:\/\/blogdobispo.com.br\/index.php?rest_route=\/wp\/v2\/posts\/18486\/revisions\/18712"}],"wp:featuredmedia":[{"embeddable":true,"href":"https:\/\/blogdobispo.com.br\/index.php?rest_route=\/wp\/v2\/media\/18711"}],"wp:attachment":[{"href":"https:\/\/blogdobispo.com.br\/index.php?rest_route=%2Fwp%2Fv2%2Fmedia&parent=18486"}],"wp:term":[{"taxonomy":"category","embeddable":true,"href":"https:\/\/blogdobispo.com.br\/index.php?rest_route=%2Fwp%2Fv2%2Fcategories&post=18486"},{"taxonomy":"post_tag","embeddable":true,"href":"https:\/\/blogdobispo.com.br\/index.php?rest_route=%2Fwp%2Fv2%2Ftags&post=18486"}],"curies":[{"name":"wp","href":"https:\/\/api.w.org\/{rel}","templated":true}]}}