{"id":18474,"date":"2025-11-06T15:46:40","date_gmt":"2025-11-06T15:46:40","guid":{"rendered":"https:\/\/blogdobispo.com.br\/?p=18474"},"modified":"2025-11-06T15:46:53","modified_gmt":"2025-11-06T15:46:53","slug":"comunicador-jose-patricio-neto-lanca-a-revista-essencia-projeto-que-valoriza-historias-e-conexoes-reais","status":"publish","type":"post","link":"https:\/\/blogdobispo.com.br\/?p=18474","title":{"rendered":"Comunicador Jos\u00e9 Patr\u00edcio Neto lan\u00e7a a Revista Ess\u00eancia, projeto que valoriza hist\u00f3rias e conex\u00f5es reais"},"content":{"rendered":"<p><img data-recalc-dims=\"1\" fetchpriority=\"high\" decoding=\"async\" class=\"alignnone size-medium wp-image-18475\" src=\"https:\/\/i0.wp.com\/blogdobispo.com.br\/wp-content\/uploads\/2025\/11\/WhatsApp-Image-2025-11-04-at-07.48.42.jpeg?resize=300%2C200\" alt=\"\" width=\"300\" height=\"200\" srcset=\"https:\/\/i0.wp.com\/blogdobispo.com.br\/wp-content\/uploads\/2025\/11\/WhatsApp-Image-2025-11-04-at-07.48.42.jpeg?resize=300%2C200&amp;ssl=1 300w, https:\/\/i0.wp.com\/blogdobispo.com.br\/wp-content\/uploads\/2025\/11\/WhatsApp-Image-2025-11-04-at-07.48.42.jpeg?resize=1024%2C683&amp;ssl=1 1024w, https:\/\/i0.wp.com\/blogdobispo.com.br\/wp-content\/uploads\/2025\/11\/WhatsApp-Image-2025-11-04-at-07.48.42.jpeg?resize=768%2C512&amp;ssl=1 768w, https:\/\/i0.wp.com\/blogdobispo.com.br\/wp-content\/uploads\/2025\/11\/WhatsApp-Image-2025-11-04-at-07.48.42.jpeg?w=1280&amp;ssl=1 1280w\" sizes=\"(max-width: 300px) 100vw, 300px\" \/><\/p>\n<p>O lan\u00e7amento oficial acontece no dia 7 de novembro em Natal e marca a estreia de um novo projeto editorial voltado a empres\u00e1rios e empreendedores que acreditam no poder das conex\u00f5es humanas.<\/p>\n<p>Foto: Erika Dam\u00e1sio e Miguel Sampaio<\/p>\n<p>O comunicador Jos\u00e9 Patr\u00edcio Neto se prepara para lan\u00e7ar oficialmente a Revista Ess\u00eancia no dia 7 de novembro, em Natal. A publica\u00e7\u00e3o chega com a proposta de valorizar hist\u00f3rias reais, inspirar l\u00edderes e promover conex\u00f5es genu\u00ednas entre pessoas e marcas. Idealizada e dirigida por Jos\u00e9 Patr\u00edcio, a revista nasce como um projeto editorial independente que une est\u00e9tica, prop\u00f3sito e emo\u00e7\u00e3o.<\/p>\n<p>Al\u00e9m da vers\u00e3o impressa, a Revista Ess\u00eancia faz hist\u00f3ria ao se tornar a primeira revista comercial do Rio Grande do Norte a integrar o cat\u00e1logo online da Amazon, ampliando seu alcance e acessibilidade para leitores de todo o pa\u00eds e do exterior.<\/p>\n<p>A noite de lan\u00e7amento ser\u00e1 marcada por uma programa\u00e7\u00e3o especial com atra\u00e7\u00f5es musicais que prometem embalar a celebra\u00e7\u00e3o. Est\u00e3o confirmadas as apresenta\u00e7\u00f5es do DJ TMF, da cantora Thabata Medeiros e do m\u00fasico Thiago Novaes, que garantir\u00e3o o clima de festa e sofistica\u00e7\u00e3o do evento.<\/p>\n<p>Antes do lan\u00e7amento oficial, a revista j\u00e1 come\u00e7ou a criar conex\u00f5es marcantes. No dia 25 de outubro, um grupo de parceiros e convidados participou de um pr\u00e9-lan\u00e7amento especial sobre as \u00e1guas do Rio Potengi. O passeio, com assinatura da Marina Badau\u00ea, reuniu empreendedores, formadores de opini\u00e3o e anunciantes em um clima de gratid\u00e3o e celebra\u00e7\u00e3o. O evento contou com o talento da Kave Casa Caf\u00e9, comandada por Karla Veruska, com caf\u00e9s especiais e buffet exclusivo, al\u00e9m dos drinks autorais da Mult Coquetel e da anima\u00e7\u00e3o musical da dupla Den\u00edmel, formada por Den\u00edsia Diniz e Melky Medeiros.<\/p>\n<p>A capa da primeira edi\u00e7\u00e3o traz oito mulheres que simbolizam a ess\u00eancia do projeto: inspira\u00e7\u00e3o, coragem e impacto. Elas representam trajet\u00f3rias que marcaram a caminhada profissional e pessoal de Jos\u00e9 Patr\u00edcio Neto e foram fundamentais para tornar o sonho da revista poss\u00edvel.<\/p>\n<p>Entre elas est\u00e3o Gisele Soares, empres\u00e1ria e propriet\u00e1ria da Pirokaria, a primeira doceria er\u00f3tica do RN; Luciana Tito, jornalista, assessora de comunica\u00e7\u00e3o e cerimonialista; Patr\u00edcia Vankoke, empres\u00e1ria, estilista e estrategista de imagem; Ana Carla, advogada, comunicadora e apresentadora de TV; Karla Guimar\u00e3es, empres\u00e1ria, florista e propriet\u00e1ria do Espa\u00e7o Flor e Flor; Dra. Ilana Barros, angiologista e cirurgi\u00e3 vascular, al\u00e9m de CEO da Loja Provanza Natal; Tainan Cruz, estrategista digital e mentora de posicionamento; e a eterna Jarlene Marika (in memoriam), psic\u00f3loga e fundadora do Instituto Desperta 360 Mind.<\/p>\n<p>A escolha traduz o prop\u00f3sito da publica\u00e7\u00e3o de celebrar pessoas que fazem a diferen\u00e7a e constroem relev\u00e2ncia com autenticidade.<\/p>\n<p>\u201cA Revista Ess\u00eancia nasceu do desejo de resgatar o valor da comunica\u00e7\u00e3o com prop\u00f3sito. \u00c9 sobre olhar para as pessoas e suas hist\u00f3rias de forma sens\u00edvel e verdadeira. Cada p\u00e1gina \u00e9 um convite para refletir, inspirar e se reconectar com o que realmente importa\u201d, destaca Jos\u00e9 Patr\u00edcio Neto.<\/p>\n<p>Com projeto gr\u00e1fico sofisticado e conte\u00fado que transita entre empreendedorismo, comportamento, cultura e estilo de vida, a Revista Ess\u00eancia ter\u00e1 circula\u00e7\u00e3o f\u00edsica nos estados do Rio Grande do Norte, Para\u00edba e Cear\u00e1, al\u00e9m de presen\u00e7a digital. O lan\u00e7amento do dia 7 de novembro marca o in\u00edcio de uma nova fase para o comunicador. Com experi\u00eancia na imprensa e no marketing, Jos\u00e9 Patr\u00edcio Neto refor\u00e7a a relev\u00e2ncia da comunica\u00e7\u00e3o potiguar no cen\u00e1rio nacional.<\/p>\n<p>Para saber mais, acesse o Instagram: @revistaessenciaoficial | https:\/\/www.instagram.com\/revistaessenciaoficial<\/p>\n<p>Sobre Jos\u00e9 Patr\u00edcio Neto<\/p>\n<p>Jos\u00e9 Patr\u00edcio Neto \u00e9 comunicador e assessor de comunica\u00e7\u00e3o com atua\u00e7\u00e3o local, nacional e internacional. \u00c9 colunista da coluna &#8220;Comunica\u00e7\u00e3o e Empreendedorismo&#8221; no Di\u00e1rio do RN e criador do blog Jos\u00e9 Patr\u00edcio, onde aborda pol\u00edtica, cultura, neg\u00f3cios e comportamento. Com mais de sete anos de experi\u00eancia, j\u00e1 assessorou mais de 90 clientes nacionais e internacionais, transformando hist\u00f3rias em autoridade e conectando talentos a oportunidades. Tamb\u00e9m atua como mentor e palestrante em comunica\u00e7\u00e3o estrat\u00e9gica e empresarial, e assina a dire\u00e7\u00e3o editorial da Revista Ess\u00eancia, consolidando sua trajet\u00f3ria como uma das vozes mais influentes da nova gera\u00e7\u00e3o de comunicadores do Nordeste.<\/p>\n","protected":false},"excerpt":{"rendered":"<p>O lan\u00e7amento oficial acontece no dia 7 de novembro em Natal e marca a estreia de um novo projeto editorial voltado a empres\u00e1rios e empreendedores que acreditam no poder das conex\u00f5es humanas. Foto: Erika Dam\u00e1sio e Miguel Sampaio O comunicador Jos\u00e9 Patr\u00edcio Neto se prepara para lan\u00e7ar oficialmente a Revista Ess\u00eancia no dia 7 de [&hellip;]<\/p>\n","protected":false},"author":1,"featured_media":18475,"comment_status":"open","ping_status":"open","sticky":false,"template":"","format":"standard","meta":{"cybocfi_hide_featured_image":"","_jetpack_memberships_contains_paid_content":false,"footnotes":""},"categories":[1],"tags":[],"class_list":["post-18474","post","type-post","status-publish","format-standard","has-post-thumbnail","hentry","category-diversos"],"yoast_head":"<!-- This site is optimized with the Yoast SEO plugin v25.6 - https:\/\/yoast.com\/wordpress\/plugins\/seo\/ -->\n<title>Comunicador Jos\u00e9 Patr\u00edcio Neto lan\u00e7a a Revista Ess\u00eancia, projeto que valoriza hist\u00f3rias e conex\u00f5es reais - Blog do Bispo<\/title>\n<meta name=\"robots\" content=\"index, follow, max-snippet:-1, max-image-preview:large, max-video-preview:-1\" \/>\n<link rel=\"canonical\" href=\"https:\/\/blogdobispo.com.br\/?p=18474\" \/>\n<meta property=\"og:locale\" content=\"pt_BR\" \/>\n<meta property=\"og:type\" content=\"article\" \/>\n<meta property=\"og:title\" content=\"Comunicador Jos\u00e9 Patr\u00edcio Neto lan\u00e7a a Revista Ess\u00eancia, projeto que valoriza hist\u00f3rias e conex\u00f5es reais - Blog do Bispo\" \/>\n<meta property=\"og:description\" content=\"O lan\u00e7amento oficial acontece no dia 7 de novembro em Natal e marca a estreia de um novo projeto editorial voltado a empres\u00e1rios e empreendedores que acreditam no poder das conex\u00f5es humanas. Foto: Erika Dam\u00e1sio e Miguel Sampaio O comunicador Jos\u00e9 Patr\u00edcio Neto se prepara para lan\u00e7ar oficialmente a Revista Ess\u00eancia no dia 7 de [&hellip;]\" \/>\n<meta property=\"og:url\" content=\"https:\/\/blogdobispo.com.br\/?p=18474\" \/>\n<meta property=\"og:site_name\" content=\"Blog do Bispo\" \/>\n<meta property=\"article:published_time\" content=\"2025-11-06T15:46:40+00:00\" \/>\n<meta property=\"article:modified_time\" content=\"2025-11-06T15:46:53+00:00\" \/>\n<meta property=\"og:image\" content=\"http:\/\/blogdobispo.com.br\/wp-content\/uploads\/2025\/11\/WhatsApp-Image-2025-11-04-at-07.48.42.jpeg\" \/>\n\t<meta property=\"og:image:width\" content=\"1280\" \/>\n\t<meta property=\"og:image:height\" content=\"854\" \/>\n\t<meta property=\"og:image:type\" content=\"image\/jpeg\" \/>\n<meta name=\"author\" content=\"Jefferson Sterfeno\" \/>\n<meta name=\"twitter:card\" content=\"summary_large_image\" \/>\n<meta name=\"twitter:label1\" content=\"Escrito por\" \/>\n\t<meta name=\"twitter:data1\" content=\"Jefferson Sterfeno\" \/>\n\t<meta name=\"twitter:label2\" content=\"Est. tempo de leitura\" \/>\n\t<meta name=\"twitter:data2\" content=\"5 minutos\" \/>\n<script type=\"application\/ld+json\" class=\"yoast-schema-graph\">{\"@context\":\"https:\/\/schema.org\",\"@graph\":[{\"@type\":\"Article\",\"@id\":\"https:\/\/blogdobispo.com.br\/?p=18474#article\",\"isPartOf\":{\"@id\":\"https:\/\/blogdobispo.com.br\/?p=18474\"},\"author\":{\"name\":\"Jefferson Sterfeno\",\"@id\":\"https:\/\/blogdobispo.com.br\/#\/schema\/person\/e2209cc0e6cea5c5233d033e997b373f\"},\"headline\":\"Comunicador Jos\u00e9 Patr\u00edcio Neto lan\u00e7a a Revista Ess\u00eancia, projeto que valoriza hist\u00f3rias e conex\u00f5es reais\",\"datePublished\":\"2025-11-06T15:46:40+00:00\",\"dateModified\":\"2025-11-06T15:46:53+00:00\",\"mainEntityOfPage\":{\"@id\":\"https:\/\/blogdobispo.com.br\/?p=18474\"},\"wordCount\":782,\"commentCount\":0,\"publisher\":{\"@id\":\"https:\/\/blogdobispo.com.br\/#organization\"},\"image\":{\"@id\":\"https:\/\/blogdobispo.com.br\/?p=18474#primaryimage\"},\"thumbnailUrl\":\"https:\/\/i0.wp.com\/blogdobispo.com.br\/wp-content\/uploads\/2025\/11\/WhatsApp-Image-2025-11-04-at-07.48.42.jpeg?fit=1280%2C854&ssl=1\",\"articleSection\":[\"diversos\"],\"inLanguage\":\"pt-BR\",\"potentialAction\":[{\"@type\":\"CommentAction\",\"name\":\"Comment\",\"target\":[\"https:\/\/blogdobispo.com.br\/?p=18474#respond\"]}]},{\"@type\":\"WebPage\",\"@id\":\"https:\/\/blogdobispo.com.br\/?p=18474\",\"url\":\"https:\/\/blogdobispo.com.br\/?p=18474\",\"name\":\"Comunicador Jos\u00e9 Patr\u00edcio Neto lan\u00e7a a Revista Ess\u00eancia, projeto que valoriza hist\u00f3rias e conex\u00f5es reais - Blog do Bispo\",\"isPartOf\":{\"@id\":\"https:\/\/blogdobispo.com.br\/#website\"},\"primaryImageOfPage\":{\"@id\":\"https:\/\/blogdobispo.com.br\/?p=18474#primaryimage\"},\"image\":{\"@id\":\"https:\/\/blogdobispo.com.br\/?p=18474#primaryimage\"},\"thumbnailUrl\":\"https:\/\/i0.wp.com\/blogdobispo.com.br\/wp-content\/uploads\/2025\/11\/WhatsApp-Image-2025-11-04-at-07.48.42.jpeg?fit=1280%2C854&ssl=1\",\"datePublished\":\"2025-11-06T15:46:40+00:00\",\"dateModified\":\"2025-11-06T15:46:53+00:00\",\"breadcrumb\":{\"@id\":\"https:\/\/blogdobispo.com.br\/?p=18474#breadcrumb\"},\"inLanguage\":\"pt-BR\",\"potentialAction\":[{\"@type\":\"ReadAction\",\"target\":[\"https:\/\/blogdobispo.com.br\/?p=18474\"]}]},{\"@type\":\"ImageObject\",\"inLanguage\":\"pt-BR\",\"@id\":\"https:\/\/blogdobispo.com.br\/?p=18474#primaryimage\",\"url\":\"https:\/\/i0.wp.com\/blogdobispo.com.br\/wp-content\/uploads\/2025\/11\/WhatsApp-Image-2025-11-04-at-07.48.42.jpeg?fit=1280%2C854&ssl=1\",\"contentUrl\":\"https:\/\/i0.wp.com\/blogdobispo.com.br\/wp-content\/uploads\/2025\/11\/WhatsApp-Image-2025-11-04-at-07.48.42.jpeg?fit=1280%2C854&ssl=1\",\"width\":1280,\"height\":854},{\"@type\":\"BreadcrumbList\",\"@id\":\"https:\/\/blogdobispo.com.br\/?p=18474#breadcrumb\",\"itemListElement\":[{\"@type\":\"ListItem\",\"position\":1,\"name\":\"In\u00edcio\",\"item\":\"https:\/\/blogdobispo.com.br\/\"},{\"@type\":\"ListItem\",\"position\":2,\"name\":\"Comunicador Jos\u00e9 Patr\u00edcio Neto lan\u00e7a a Revista Ess\u00eancia, projeto que valoriza hist\u00f3rias e conex\u00f5es reais\"}]},{\"@type\":\"WebSite\",\"@id\":\"https:\/\/blogdobispo.com.br\/#website\",\"url\":\"https:\/\/blogdobispo.com.br\/\",\"name\":\"Blog do Bispo\",\"description\":\"Comprometido apenas com o leitor\",\"publisher\":{\"@id\":\"https:\/\/blogdobispo.com.br\/#organization\"},\"potentialAction\":[{\"@type\":\"SearchAction\",\"target\":{\"@type\":\"EntryPoint\",\"urlTemplate\":\"https:\/\/blogdobispo.com.br\/?s={search_term_string}\"},\"query-input\":{\"@type\":\"PropertyValueSpecification\",\"valueRequired\":true,\"valueName\":\"search_term_string\"}}],\"inLanguage\":\"pt-BR\"},{\"@type\":\"Organization\",\"@id\":\"https:\/\/blogdobispo.com.br\/#organization\",\"name\":\"Blog do Bispo\",\"url\":\"https:\/\/blogdobispo.com.br\/\",\"logo\":{\"@type\":\"ImageObject\",\"inLanguage\":\"pt-BR\",\"@id\":\"https:\/\/blogdobispo.com.br\/#\/schema\/logo\/image\/\",\"url\":\"http:\/\/blogdobispo.com.br\/wp-content\/uploads\/2023\/05\/cropped-headear.png\",\"contentUrl\":\"http:\/\/blogdobispo.com.br\/wp-content\/uploads\/2023\/05\/cropped-headear.png\",\"width\":1500,\"height\":399,\"caption\":\"Blog do Bispo\"},\"image\":{\"@id\":\"https:\/\/blogdobispo.com.br\/#\/schema\/logo\/image\/\"}},{\"@type\":\"Person\",\"@id\":\"https:\/\/blogdobispo.com.br\/#\/schema\/person\/e2209cc0e6cea5c5233d033e997b373f\",\"name\":\"Jefferson Sterfeno\",\"image\":{\"@type\":\"ImageObject\",\"inLanguage\":\"pt-BR\",\"@id\":\"https:\/\/blogdobispo.com.br\/#\/schema\/person\/image\/\",\"url\":\"https:\/\/secure.gravatar.com\/avatar\/0534e84764641168a677026b6d57a3f51dc7ac4db0b4f6186d9cb330d4ee1160?s=96&d=mm&r=g\",\"contentUrl\":\"https:\/\/secure.gravatar.com\/avatar\/0534e84764641168a677026b6d57a3f51dc7ac4db0b4f6186d9cb330d4ee1160?s=96&d=mm&r=g\",\"caption\":\"Jefferson Sterfeno\"},\"sameAs\":[\"http:\/\/blogdobispo.com.br\"],\"url\":\"https:\/\/blogdobispo.com.br\/?author=1\"}]}<\/script>\n<!-- \/ Yoast SEO plugin. -->","yoast_head_json":{"title":"Comunicador Jos\u00e9 Patr\u00edcio Neto lan\u00e7a a Revista Ess\u00eancia, projeto que valoriza hist\u00f3rias e conex\u00f5es reais - Blog do Bispo","robots":{"index":"index","follow":"follow","max-snippet":"max-snippet:-1","max-image-preview":"max-image-preview:large","max-video-preview":"max-video-preview:-1"},"canonical":"https:\/\/blogdobispo.com.br\/?p=18474","og_locale":"pt_BR","og_type":"article","og_title":"Comunicador Jos\u00e9 Patr\u00edcio Neto lan\u00e7a a Revista Ess\u00eancia, projeto que valoriza hist\u00f3rias e conex\u00f5es reais - Blog do Bispo","og_description":"O lan\u00e7amento oficial acontece no dia 7 de novembro em Natal e marca a estreia de um novo projeto editorial voltado a empres\u00e1rios e empreendedores que acreditam no poder das conex\u00f5es humanas. Foto: Erika Dam\u00e1sio e Miguel Sampaio O comunicador Jos\u00e9 Patr\u00edcio Neto se prepara para lan\u00e7ar oficialmente a Revista Ess\u00eancia no dia 7 de [&hellip;]","og_url":"https:\/\/blogdobispo.com.br\/?p=18474","og_site_name":"Blog do Bispo","article_published_time":"2025-11-06T15:46:40+00:00","article_modified_time":"2025-11-06T15:46:53+00:00","og_image":[{"width":1280,"height":854,"url":"http:\/\/blogdobispo.com.br\/wp-content\/uploads\/2025\/11\/WhatsApp-Image-2025-11-04-at-07.48.42.jpeg","type":"image\/jpeg"}],"author":"Jefferson Sterfeno","twitter_card":"summary_large_image","twitter_misc":{"Escrito por":"Jefferson Sterfeno","Est. tempo de leitura":"5 minutos"},"schema":{"@context":"https:\/\/schema.org","@graph":[{"@type":"Article","@id":"https:\/\/blogdobispo.com.br\/?p=18474#article","isPartOf":{"@id":"https:\/\/blogdobispo.com.br\/?p=18474"},"author":{"name":"Jefferson Sterfeno","@id":"https:\/\/blogdobispo.com.br\/#\/schema\/person\/e2209cc0e6cea5c5233d033e997b373f"},"headline":"Comunicador Jos\u00e9 Patr\u00edcio Neto lan\u00e7a a Revista Ess\u00eancia, projeto que valoriza hist\u00f3rias e conex\u00f5es reais","datePublished":"2025-11-06T15:46:40+00:00","dateModified":"2025-11-06T15:46:53+00:00","mainEntityOfPage":{"@id":"https:\/\/blogdobispo.com.br\/?p=18474"},"wordCount":782,"commentCount":0,"publisher":{"@id":"https:\/\/blogdobispo.com.br\/#organization"},"image":{"@id":"https:\/\/blogdobispo.com.br\/?p=18474#primaryimage"},"thumbnailUrl":"https:\/\/i0.wp.com\/blogdobispo.com.br\/wp-content\/uploads\/2025\/11\/WhatsApp-Image-2025-11-04-at-07.48.42.jpeg?fit=1280%2C854&ssl=1","articleSection":["diversos"],"inLanguage":"pt-BR","potentialAction":[{"@type":"CommentAction","name":"Comment","target":["https:\/\/blogdobispo.com.br\/?p=18474#respond"]}]},{"@type":"WebPage","@id":"https:\/\/blogdobispo.com.br\/?p=18474","url":"https:\/\/blogdobispo.com.br\/?p=18474","name":"Comunicador Jos\u00e9 Patr\u00edcio Neto lan\u00e7a a Revista Ess\u00eancia, projeto que valoriza hist\u00f3rias e conex\u00f5es reais - Blog do Bispo","isPartOf":{"@id":"https:\/\/blogdobispo.com.br\/#website"},"primaryImageOfPage":{"@id":"https:\/\/blogdobispo.com.br\/?p=18474#primaryimage"},"image":{"@id":"https:\/\/blogdobispo.com.br\/?p=18474#primaryimage"},"thumbnailUrl":"https:\/\/i0.wp.com\/blogdobispo.com.br\/wp-content\/uploads\/2025\/11\/WhatsApp-Image-2025-11-04-at-07.48.42.jpeg?fit=1280%2C854&ssl=1","datePublished":"2025-11-06T15:46:40+00:00","dateModified":"2025-11-06T15:46:53+00:00","breadcrumb":{"@id":"https:\/\/blogdobispo.com.br\/?p=18474#breadcrumb"},"inLanguage":"pt-BR","potentialAction":[{"@type":"ReadAction","target":["https:\/\/blogdobispo.com.br\/?p=18474"]}]},{"@type":"ImageObject","inLanguage":"pt-BR","@id":"https:\/\/blogdobispo.com.br\/?p=18474#primaryimage","url":"https:\/\/i0.wp.com\/blogdobispo.com.br\/wp-content\/uploads\/2025\/11\/WhatsApp-Image-2025-11-04-at-07.48.42.jpeg?fit=1280%2C854&ssl=1","contentUrl":"https:\/\/i0.wp.com\/blogdobispo.com.br\/wp-content\/uploads\/2025\/11\/WhatsApp-Image-2025-11-04-at-07.48.42.jpeg?fit=1280%2C854&ssl=1","width":1280,"height":854},{"@type":"BreadcrumbList","@id":"https:\/\/blogdobispo.com.br\/?p=18474#breadcrumb","itemListElement":[{"@type":"ListItem","position":1,"name":"In\u00edcio","item":"https:\/\/blogdobispo.com.br\/"},{"@type":"ListItem","position":2,"name":"Comunicador Jos\u00e9 Patr\u00edcio Neto lan\u00e7a a Revista Ess\u00eancia, projeto que valoriza hist\u00f3rias e conex\u00f5es reais"}]},{"@type":"WebSite","@id":"https:\/\/blogdobispo.com.br\/#website","url":"https:\/\/blogdobispo.com.br\/","name":"Blog do Bispo","description":"Comprometido apenas com o leitor","publisher":{"@id":"https:\/\/blogdobispo.com.br\/#organization"},"potentialAction":[{"@type":"SearchAction","target":{"@type":"EntryPoint","urlTemplate":"https:\/\/blogdobispo.com.br\/?s={search_term_string}"},"query-input":{"@type":"PropertyValueSpecification","valueRequired":true,"valueName":"search_term_string"}}],"inLanguage":"pt-BR"},{"@type":"Organization","@id":"https:\/\/blogdobispo.com.br\/#organization","name":"Blog do Bispo","url":"https:\/\/blogdobispo.com.br\/","logo":{"@type":"ImageObject","inLanguage":"pt-BR","@id":"https:\/\/blogdobispo.com.br\/#\/schema\/logo\/image\/","url":"http:\/\/blogdobispo.com.br\/wp-content\/uploads\/2023\/05\/cropped-headear.png","contentUrl":"http:\/\/blogdobispo.com.br\/wp-content\/uploads\/2023\/05\/cropped-headear.png","width":1500,"height":399,"caption":"Blog do Bispo"},"image":{"@id":"https:\/\/blogdobispo.com.br\/#\/schema\/logo\/image\/"}},{"@type":"Person","@id":"https:\/\/blogdobispo.com.br\/#\/schema\/person\/e2209cc0e6cea5c5233d033e997b373f","name":"Jefferson Sterfeno","image":{"@type":"ImageObject","inLanguage":"pt-BR","@id":"https:\/\/blogdobispo.com.br\/#\/schema\/person\/image\/","url":"https:\/\/secure.gravatar.com\/avatar\/0534e84764641168a677026b6d57a3f51dc7ac4db0b4f6186d9cb330d4ee1160?s=96&d=mm&r=g","contentUrl":"https:\/\/secure.gravatar.com\/avatar\/0534e84764641168a677026b6d57a3f51dc7ac4db0b4f6186d9cb330d4ee1160?s=96&d=mm&r=g","caption":"Jefferson Sterfeno"},"sameAs":["http:\/\/blogdobispo.com.br"],"url":"https:\/\/blogdobispo.com.br\/?author=1"}]}},"featured_image_urls":{"full":["https:\/\/i0.wp.com\/blogdobispo.com.br\/wp-content\/uploads\/2025\/11\/WhatsApp-Image-2025-11-04-at-07.48.42.jpeg?fit=1280%2C854&ssl=1",1280,854,false],"thumbnail":["https:\/\/i0.wp.com\/blogdobispo.com.br\/wp-content\/uploads\/2025\/11\/WhatsApp-Image-2025-11-04-at-07.48.42.jpeg?resize=150%2C150&ssl=1",150,150,true],"medium":["https:\/\/i0.wp.com\/blogdobispo.com.br\/wp-content\/uploads\/2025\/11\/WhatsApp-Image-2025-11-04-at-07.48.42.jpeg?fit=300%2C200&ssl=1",300,200,true],"medium_large":["https:\/\/i0.wp.com\/blogdobispo.com.br\/wp-content\/uploads\/2025\/11\/WhatsApp-Image-2025-11-04-at-07.48.42.jpeg?fit=768%2C512&ssl=1",768,512,true],"large":["https:\/\/i0.wp.com\/blogdobispo.com.br\/wp-content\/uploads\/2025\/11\/WhatsApp-Image-2025-11-04-at-07.48.42.jpeg?fit=800%2C534&ssl=1",800,534,true],"1536x1536":["https:\/\/i0.wp.com\/blogdobispo.com.br\/wp-content\/uploads\/2025\/11\/WhatsApp-Image-2025-11-04-at-07.48.42.jpeg?fit=1280%2C854&ssl=1",1280,854,true],"2048x2048":["https:\/\/i0.wp.com\/blogdobispo.com.br\/wp-content\/uploads\/2025\/11\/WhatsApp-Image-2025-11-04-at-07.48.42.jpeg?fit=1280%2C854&ssl=1",1280,854,true]},"author_info":{"display_name":"Jefferson Sterfeno","author_link":"https:\/\/blogdobispo.com.br\/?author=1"},"category_info":"<a href=\"https:\/\/blogdobispo.com.br\/?cat=1\" rel=\"category\">diversos<\/a>","tag_info":"diversos","comment_count":"0","jetpack_featured_media_url":"https:\/\/i0.wp.com\/blogdobispo.com.br\/wp-content\/uploads\/2025\/11\/WhatsApp-Image-2025-11-04-at-07.48.42.jpeg?fit=1280%2C854&ssl=1","jetpack_sharing_enabled":true,"_links":{"self":[{"href":"https:\/\/blogdobispo.com.br\/index.php?rest_route=\/wp\/v2\/posts\/18474","targetHints":{"allow":["GET"]}}],"collection":[{"href":"https:\/\/blogdobispo.com.br\/index.php?rest_route=\/wp\/v2\/posts"}],"about":[{"href":"https:\/\/blogdobispo.com.br\/index.php?rest_route=\/wp\/v2\/types\/post"}],"author":[{"embeddable":true,"href":"https:\/\/blogdobispo.com.br\/index.php?rest_route=\/wp\/v2\/users\/1"}],"replies":[{"embeddable":true,"href":"https:\/\/blogdobispo.com.br\/index.php?rest_route=%2Fwp%2Fv2%2Fcomments&post=18474"}],"version-history":[{"count":1,"href":"https:\/\/blogdobispo.com.br\/index.php?rest_route=\/wp\/v2\/posts\/18474\/revisions"}],"predecessor-version":[{"id":18476,"href":"https:\/\/blogdobispo.com.br\/index.php?rest_route=\/wp\/v2\/posts\/18474\/revisions\/18476"}],"wp:featuredmedia":[{"embeddable":true,"href":"https:\/\/blogdobispo.com.br\/index.php?rest_route=\/wp\/v2\/media\/18475"}],"wp:attachment":[{"href":"https:\/\/blogdobispo.com.br\/index.php?rest_route=%2Fwp%2Fv2%2Fmedia&parent=18474"}],"wp:term":[{"taxonomy":"category","embeddable":true,"href":"https:\/\/blogdobispo.com.br\/index.php?rest_route=%2Fwp%2Fv2%2Fcategories&post=18474"},{"taxonomy":"post_tag","embeddable":true,"href":"https:\/\/blogdobispo.com.br\/index.php?rest_route=%2Fwp%2Fv2%2Ftags&post=18474"}],"curies":[{"name":"wp","href":"https:\/\/api.w.org\/{rel}","templated":true}]}}