{"id":18468,"date":"2025-11-06T15:35:17","date_gmt":"2025-11-06T15:35:17","guid":{"rendered":"https:\/\/blogdobispo.com.br\/?p=18468"},"modified":"2025-11-06T15:35:17","modified_gmt":"2025-11-06T15:35:17","slug":"paulo-frateschi-ex-deputado-do-pt-morre-apos-ser-esfaqueado-pelo-filho-em-sp","status":"publish","type":"post","link":"https:\/\/blogdobispo.com.br\/?p=18468","title":{"rendered":"Paulo Frateschi, ex-deputado do PT, morre ap\u00f3s ser esfaqueado pelo filho em SP"},"content":{"rendered":"<div id=\"chunk-c95a9\">\n<div class=\"mc-column content-text active-extra-styles \" data-block-type=\"unstyled\" data-block-weight=\"48\" data-block-id=\"2\">\n<p class=\" content-text__container \" data-track-category=\"Link no Texto\" data-track-links=\"\" data-mrf-recirculation=\"Mat\u00e9ria - Links no Texto\">Paulo Frateschi, ex-deputado estadual pelo PT, morreu ap\u00f3s ser esfaqueado pelo filho, na manh\u00e3 desta quinta-feira (6), numa casa na Zona Oeste de S\u00e3o Paulo. Ele tinha 75 anos. A informa\u00e7\u00e3o foi confirmada por meio de nota pelo Partido dos Trabalhadores\u00a0<strong><em>(veja abaixo a \u00edntegra do comunicado)<\/em><\/strong>.<\/p>\n<\/div>\n<\/div>\n<div class=\"wall protected-content\">\n<div id=\"chunk-1vm9k\">\n<div class=\"mc-column content-text active-extra-styles \" data-block-type=\"unstyled\" data-block-weight=\"51\" data-block-id=\"4\">\n<p class=\" content-text__container \" data-track-category=\"Link no Texto\" data-track-links=\"\" data-mrf-recirculation=\"Mat\u00e9ria - Links no Texto\">O ex-deputado foi socorrido e levado ao Hospital das Cl\u00ednicas (HC), no Centro da capital, mas n\u00e3o resistiu aos ferimentos. O filho de Frateschi acabou detido pela Pol\u00edcia Militar (PM), que o levou para o 91\u00ba Distrito Policial, Ceasa, tamb\u00e9m na Zona Oeste. O nome dele n\u00e3o foi divulgado pelas autoridades.<\/p>\n<\/div>\n<\/div>\n<div id=\"chunk-206c0\">\n<div class=\"mc-column content-text active-extra-styles \" data-block-type=\"unstyled\" data-block-weight=\"23\" data-block-id=\"5\">\n<p class=\" content-text__container \" data-track-category=\"Link no Texto\" data-track-links=\"\" data-mrf-recirculation=\"Mat\u00e9ria - Links no Texto\">Segundo os policiais militares, o agressor teve um surto e<\/p>\n<div id=\"chunk-206c0\">\n<div class=\"mc-column content-text active-extra-styles \" data-block-type=\"unstyled\" data-block-weight=\"23\" data-block-id=\"5\">\n<p class=\" content-text__container \" data-track-category=\"Link no Texto\" data-track-links=\"\" data-mrf-recirculation=\"Mat\u00e9ria - Links no Texto\">atacou o pai com uma faca. Ele ainda agrediu a m\u00e3e, que sobreviveu.<\/p>\n<\/div>\n<\/div>\n<div id=\"chunk-df4k1\">\n<div class=\"content-ads content-ads--reveal\" data-block-type=\"ads\" data-block-id=\"6\">\n<div id=\"banner_materia2\" class=\"tag-manager-publicidade-container tag-manager-publicidade-banner_materia2 tag-manager-publicidade-container--carregado tag-manager-publicidade-container--visivel\" data-google-query-id=\"CIz-pcvs3ZADFb8J4AMdHEwijw\">\n<div id=\"chunk-c7o3i\">\n<div class=\"mc-column content-text active-extra-styles \" data-block-type=\"unstyled\" data-block-weight=\"28\" data-block-id=\"8\">\n<p class=\" content-text__container \" data-track-category=\"Link no Texto\" data-track-links=\"\" data-mrf-recirculation=\"Mat\u00e9ria - Links no Texto\">De acordo com os agentes que atenderam a ocorr\u00eancia, eles foram acionados para atender um caso de agress\u00e3o numa resid\u00eancia na Rua Ponta Por\u00e3, no bairro da Lapa.<\/p>\n<\/div>\n<\/div>\n<div id=\"chunk-5h8f5\">\n<div class=\"mc-column content-text active-extra-styles \" data-block-type=\"unstyled\" data-block-weight=\"29\" data-block-id=\"9\">\n<p class=\" content-text__container \" data-track-category=\"Link no Texto\" data-track-links=\"\" data-mrf-recirculation=\"Mat\u00e9ria - Links no Texto\">Ao chegarem ao im\u00f3vel, os policiais informaram ter encontrado um homem em surto que havia acatado o pr\u00f3prio pai com golpes de faca, atingindo-o na cabe\u00e7a e no bra\u00e7o.<\/p>\n<\/div>\n<\/div>\n<div id=\"chunk-2sebl\">\n<div class=\"mc-column content-text active-extra-styles \" data-block-type=\"unstyled\" data-block-weight=\"22\" data-block-id=\"10\">\n<p class=\" content-text__container \" data-track-category=\"Link no Texto\" data-track-links=\"\" data-mrf-recirculation=\"Mat\u00e9ria - Links no Texto\">A m\u00e3e do agressor tentou intervir, mas foi agredida _ela teve ferimentos leves. N\u00e3o h\u00e1 confirma\u00e7\u00e3o se a mulher tamb\u00e9m foi esfaqueada.<\/p>\n<\/div>\n<\/div>\n<div id=\"chunk-d1fu3\">\n<div class=\"mc-column content-text active-extra-styles \" data-block-type=\"unstyled\" data-block-weight=\"17\" data-block-id=\"11\">\n<p class=\" content-text__container \" data-track-category=\"Link no Texto\" data-track-links=\"\" data-mrf-recirculation=\"Mat\u00e9ria - Links no Texto\">Frateschi foi socorrido por um ambul\u00e2ncia que o levou ao Pronto Socorro do HC, onde morreu.<\/p>\n<\/div>\n<\/div>\n<div id=\"chunk-fanri\">\n<div class=\"mc-column content-text active-extra-styles \" data-block-type=\"unstyled\" data-block-weight=\"37\" data-block-id=\"12\">\n<p class=\" content-text__container \" data-track-category=\"Link no Texto\" data-track-links=\"\" data-mrf-recirculation=\"Mat\u00e9ria - Links no Texto\">Segundo a Pol\u00edcia Militar, o homem acabou levado para a delegacia para que a Pol\u00edcia Civil tome as &#8220;provid\u00eancias legais&#8221; pelo caso. A Pol\u00edcia T\u00e9cnico-Cient\u00edfica dever\u00e1 ir ao local onde Frateschi foi esfaqueado para fazer a per\u00edcia.<\/p>\n<\/div>\n<\/div>\n<div id=\"chunk-e14ei\">\n<div class=\"content-ads\" data-block-type=\"ads\" data-block-id=\"13\"><\/div>\n<\/div>\n<div id=\"chunk-adpo8\">\n<div class=\"mc-column content-text active-extra-styles \" data-block-type=\"unstyled\" data-block-weight=\"20\" data-block-id=\"14\">\n<p class=\" content-text__container \" data-track-category=\"Link no Texto\" data-track-links=\"\" data-mrf-recirculation=\"Mat\u00e9ria - Links no Texto\">A equipe de reportagem procurou a Secretaria da Seguran\u00e7a P\u00fablica (SSP) para comentar o assunto e aguarda o seu posicionamento.<\/p>\n<\/div>\n<\/div>\n<div id=\"chunk-7a7qg\">\n<div class=\"mc-column content-text active-extra-styles\" data-block-type=\"raw\" data-block-weight=\"5\" data-block-id=\"15\">\n<p class=\"content-text__container\" data-mrf-recirculation=\"Mat\u00e9ria - Links no Texto\">\n<div class=\"content-intertitle\">\n<h2>O que diz o PT<\/h2>\n<\/div>\n<p>&nbsp;<\/p>\n<\/div>\n<\/div>\n<div id=\"chunk-agi9c\">\n<div class=\"mc-column content-text active-extra-styles \" data-block-type=\"unstyled\" data-block-weight=\"18\" data-block-id=\"16\">\n<p class=\" content-text__container \" data-track-category=\"Link no Texto\" data-track-links=\"\" data-mrf-recirculation=\"Mat\u00e9ria - Links no Texto\">Por meio de nota o Partido dos Trabalhadores confirmou a morte de Frateschi e lamentou a perda dele:<\/p>\n<\/div>\n<\/div>\n<div id=\"chunk-3j85m\">\n<div class=\"mc-column content-text active-extra-styles \" data-block-type=\"unstyled\" data-block-weight=\"25\" data-block-id=\"17\">\n<p class=\" content-text__container \" data-track-category=\"Link no Texto\" data-track-links=\"\" data-mrf-recirculation=\"Mat\u00e9ria - Links no Texto\"><em>&#8220;\u00c9 com profunda tristeza que comunicamos o falecimento do ex-presidente do PT Paulista e ex-deputado estadual Paulo Frateschi, companheiro e dedicado militante do nosso partido.<\/em><\/p>\n<\/div>\n<\/div>\n<div id=\"chunk-bqe1c\">\n<div class=\"mc-column content-text active-extra-styles \" data-block-type=\"unstyled\" data-block-weight=\"24\" data-block-id=\"18\">\n<p class=\" content-text__container \" data-track-category=\"Link no Texto\" data-track-links=\"\" data-mrf-recirculation=\"Mat\u00e9ria - Links no Texto\"><em>Durante toda a sua trajet\u00f3ria, nosso companheiro demonstrou coragem, integridade e compromisso com o PT e pela busca de um pa\u00eds mais justo.<\/em><\/p>\n<\/div>\n<\/div>\n<div id=\"chunk-71arp\">\n<div class=\"mc-column content-text active-extra-styles \" data-block-type=\"unstyled\" data-block-weight=\"28\" data-block-id=\"19\">\n<p class=\" content-text__container \" data-track-category=\"Link no Texto\" data-track-links=\"\" data-mrf-recirculation=\"Mat\u00e9ria - Links no Texto\"><em>Paulo Frateschi deixa um legado, marcado pela luta pela justi\u00e7a e pela inclus\u00e3o. Ele permanecer\u00e1 vivo em nossos cora\u00e7\u00f5es e nas a\u00e7\u00f5es que ele ajudou a inspirar.<\/em><\/p>\n<\/div>\n<\/div>\n<div id=\"chunk-679a5\">\n<div class=\"mc-column content-text active-extra-styles \" data-block-type=\"unstyled\" data-block-weight=\"20\" data-block-id=\"20\">\n<p class=\" content-text__container \" data-track-category=\"Link no Texto\" data-track-links=\"\" data-mrf-recirculation=\"Mat\u00e9ria - Links no Texto\"><em>A aus\u00eancia do nosso querido Frateschi deixa uma lacuna irrepar\u00e1vel entre amigos, familiares, companheiras e companheiros de luta.<\/em><\/p>\n<\/div>\n<\/div>\n<div id=\"chunk-3i0s9\">\n<div class=\"mc-column content-text active-extra-styles \" data-block-type=\"unstyled\" data-block-weight=\"17\" data-block-id=\"21\">\n<p class=\" content-text__container \" data-track-category=\"Link no Texto\" data-track-links=\"\" data-mrf-recirculation=\"Mat\u00e9ria - Links no Texto\"><em>Manifestamos \u00e0 fam\u00edlia, aos amigos e a todos que com ele caminharam, a nossa mais sincera solidariedade.&#8221;<\/em><\/p>\n<\/div>\n<\/div>\n<div id=\"chunk-70aie\">\n<div class=\"mc-column content-text active-extra-styles\" data-block-type=\"raw\" data-block-weight=\"3\" data-block-id=\"22\">\n<p class=\"content-text__container\" data-mrf-recirculation=\"Mat\u00e9ria - Links no Texto\">\n<div class=\"content-intertitle\"><\/div>\n<\/div>\n<\/div>\n<div id=\"chunk-djb70\">\n<div class=\"mc-column content-text active-extra-styles \" data-block-type=\"unstyled\" data-block-weight=\"6\" data-block-id=\"23\">\n<p class=\" content-text__container \" data-track-category=\"Link no Texto\" data-track-links=\"\" data-mrf-recirculation=\"Mat\u00e9ria - Links no Texto\">G1<img fetchpriority=\"high\" decoding=\"async\" class=\"alignnone size-medium wp-image-18470\" src=\"http:\/\/blogdobispo.com.br\/wp-content\/uploads\/2025\/11\/paulo-frateschi-300x167.avif\" alt=\"\" width=\"300\" height=\"167\" srcset=\"https:\/\/blogdobispo.com.br\/wp-content\/uploads\/2025\/11\/paulo-frateschi-300x167.avif 300w, https:\/\/blogdobispo.com.br\/wp-content\/uploads\/2025\/11\/paulo-frateschi-768x428.avif 768w, https:\/\/blogdobispo.com.br\/wp-content\/uploads\/2025\/11\/paulo-frateschi.avif 984w\" sizes=\"(max-width: 300px) 100vw, 300px\" \/><\/p>\n<\/div>\n<\/div>\n<\/div>\n<\/div>\n<\/div>\n<\/div>\n<\/div>\n<\/div>\n","protected":false},"excerpt":{"rendered":"<p>Paulo Frateschi, ex-deputado estadual pelo PT, morreu ap\u00f3s ser esfaqueado pelo filho, na manh\u00e3 desta quinta-feira (6), numa casa na Zona Oeste de S\u00e3o Paulo. Ele tinha 75 anos. A informa\u00e7\u00e3o foi confirmada por meio de nota pelo Partido dos Trabalhadores\u00a0(veja abaixo a \u00edntegra do comunicado). O ex-deputado foi socorrido e levado ao Hospital das [&hellip;]<\/p>\n","protected":false},"author":1,"featured_media":18470,"comment_status":"open","ping_status":"open","sticky":false,"template":"","format":"standard","meta":{"cybocfi_hide_featured_image":"","_jetpack_memberships_contains_paid_content":false,"footnotes":""},"categories":[1],"tags":[],"class_list":["post-18468","post","type-post","status-publish","format-standard","has-post-thumbnail","hentry","category-diversos"],"yoast_head":"<!-- This site is optimized with the Yoast SEO plugin v25.6 - https:\/\/yoast.com\/wordpress\/plugins\/seo\/ -->\n<title>Paulo Frateschi, ex-deputado do PT, morre ap\u00f3s ser esfaqueado pelo filho em SP - Blog do Bispo<\/title>\n<meta name=\"robots\" content=\"index, follow, max-snippet:-1, max-image-preview:large, max-video-preview:-1\" \/>\n<link rel=\"canonical\" href=\"https:\/\/blogdobispo.com.br\/?p=18468\" \/>\n<meta property=\"og:locale\" content=\"pt_BR\" \/>\n<meta property=\"og:type\" content=\"article\" \/>\n<meta property=\"og:title\" content=\"Paulo Frateschi, ex-deputado do PT, morre ap\u00f3s ser esfaqueado pelo filho em SP - Blog do Bispo\" \/>\n<meta property=\"og:description\" content=\"Paulo Frateschi, ex-deputado estadual pelo PT, morreu ap\u00f3s ser esfaqueado pelo filho, na manh\u00e3 desta quinta-feira (6), numa casa na Zona Oeste de S\u00e3o Paulo. Ele tinha 75 anos. A informa\u00e7\u00e3o foi confirmada por meio de nota pelo Partido dos Trabalhadores\u00a0(veja abaixo a \u00edntegra do comunicado). O ex-deputado foi socorrido e levado ao Hospital das [&hellip;]\" \/>\n<meta property=\"og:url\" content=\"https:\/\/blogdobispo.com.br\/?p=18468\" \/>\n<meta property=\"og:site_name\" content=\"Blog do Bispo\" \/>\n<meta property=\"article:published_time\" content=\"2025-11-06T15:35:17+00:00\" \/>\n<meta name=\"author\" content=\"Jefferson Sterfeno\" \/>\n<meta name=\"twitter:card\" content=\"summary_large_image\" \/>\n<meta name=\"twitter:label1\" content=\"Escrito por\" \/>\n\t<meta name=\"twitter:data1\" content=\"Jefferson Sterfeno\" \/>\n\t<meta name=\"twitter:label2\" content=\"Est. tempo de leitura\" \/>\n\t<meta name=\"twitter:data2\" content=\"3 minutos\" \/>\n<script type=\"application\/ld+json\" class=\"yoast-schema-graph\">{\"@context\":\"https:\/\/schema.org\",\"@graph\":[{\"@type\":\"Article\",\"@id\":\"https:\/\/blogdobispo.com.br\/?p=18468#article\",\"isPartOf\":{\"@id\":\"https:\/\/blogdobispo.com.br\/?p=18468\"},\"author\":{\"name\":\"Jefferson Sterfeno\",\"@id\":\"https:\/\/blogdobispo.com.br\/#\/schema\/person\/e2209cc0e6cea5c5233d033e997b373f\"},\"headline\":\"Paulo Frateschi, ex-deputado do PT, morre ap\u00f3s ser esfaqueado pelo filho em SP\",\"datePublished\":\"2025-11-06T15:35:17+00:00\",\"mainEntityOfPage\":{\"@id\":\"https:\/\/blogdobispo.com.br\/?p=18468\"},\"wordCount\":456,\"commentCount\":0,\"publisher\":{\"@id\":\"https:\/\/blogdobispo.com.br\/#organization\"},\"image\":{\"@id\":\"https:\/\/blogdobispo.com.br\/?p=18468#primaryimage\"},\"thumbnailUrl\":\"https:\/\/blogdobispo.com.br\/wp-content\/uploads\/2025\/11\/paulo-frateschi.avif\",\"articleSection\":[\"diversos\"],\"inLanguage\":\"pt-BR\",\"potentialAction\":[{\"@type\":\"CommentAction\",\"name\":\"Comment\",\"target\":[\"https:\/\/blogdobispo.com.br\/?p=18468#respond\"]}]},{\"@type\":\"WebPage\",\"@id\":\"https:\/\/blogdobispo.com.br\/?p=18468\",\"url\":\"https:\/\/blogdobispo.com.br\/?p=18468\",\"name\":\"Paulo Frateschi, ex-deputado do PT, morre ap\u00f3s ser esfaqueado pelo filho em SP - Blog do Bispo\",\"isPartOf\":{\"@id\":\"https:\/\/blogdobispo.com.br\/#website\"},\"primaryImageOfPage\":{\"@id\":\"https:\/\/blogdobispo.com.br\/?p=18468#primaryimage\"},\"image\":{\"@id\":\"https:\/\/blogdobispo.com.br\/?p=18468#primaryimage\"},\"thumbnailUrl\":\"https:\/\/blogdobispo.com.br\/wp-content\/uploads\/2025\/11\/paulo-frateschi.avif\",\"datePublished\":\"2025-11-06T15:35:17+00:00\",\"breadcrumb\":{\"@id\":\"https:\/\/blogdobispo.com.br\/?p=18468#breadcrumb\"},\"inLanguage\":\"pt-BR\",\"potentialAction\":[{\"@type\":\"ReadAction\",\"target\":[\"https:\/\/blogdobispo.com.br\/?p=18468\"]}]},{\"@type\":\"ImageObject\",\"inLanguage\":\"pt-BR\",\"@id\":\"https:\/\/blogdobispo.com.br\/?p=18468#primaryimage\",\"url\":\"https:\/\/blogdobispo.com.br\/wp-content\/uploads\/2025\/11\/paulo-frateschi.avif\",\"contentUrl\":\"https:\/\/blogdobispo.com.br\/wp-content\/uploads\/2025\/11\/paulo-frateschi.avif\",\"width\":984,\"height\":549},{\"@type\":\"BreadcrumbList\",\"@id\":\"https:\/\/blogdobispo.com.br\/?p=18468#breadcrumb\",\"itemListElement\":[{\"@type\":\"ListItem\",\"position\":1,\"name\":\"In\u00edcio\",\"item\":\"https:\/\/blogdobispo.com.br\/\"},{\"@type\":\"ListItem\",\"position\":2,\"name\":\"Paulo Frateschi, ex-deputado do PT, morre ap\u00f3s ser esfaqueado pelo filho em SP\"}]},{\"@type\":\"WebSite\",\"@id\":\"https:\/\/blogdobispo.com.br\/#website\",\"url\":\"https:\/\/blogdobispo.com.br\/\",\"name\":\"Blog do Bispo\",\"description\":\"Comprometido apenas com o leitor\",\"publisher\":{\"@id\":\"https:\/\/blogdobispo.com.br\/#organization\"},\"potentialAction\":[{\"@type\":\"SearchAction\",\"target\":{\"@type\":\"EntryPoint\",\"urlTemplate\":\"https:\/\/blogdobispo.com.br\/?s={search_term_string}\"},\"query-input\":{\"@type\":\"PropertyValueSpecification\",\"valueRequired\":true,\"valueName\":\"search_term_string\"}}],\"inLanguage\":\"pt-BR\"},{\"@type\":\"Organization\",\"@id\":\"https:\/\/blogdobispo.com.br\/#organization\",\"name\":\"Blog do Bispo\",\"url\":\"https:\/\/blogdobispo.com.br\/\",\"logo\":{\"@type\":\"ImageObject\",\"inLanguage\":\"pt-BR\",\"@id\":\"https:\/\/blogdobispo.com.br\/#\/schema\/logo\/image\/\",\"url\":\"http:\/\/blogdobispo.com.br\/wp-content\/uploads\/2023\/05\/cropped-headear.png\",\"contentUrl\":\"http:\/\/blogdobispo.com.br\/wp-content\/uploads\/2023\/05\/cropped-headear.png\",\"width\":1500,\"height\":399,\"caption\":\"Blog do Bispo\"},\"image\":{\"@id\":\"https:\/\/blogdobispo.com.br\/#\/schema\/logo\/image\/\"}},{\"@type\":\"Person\",\"@id\":\"https:\/\/blogdobispo.com.br\/#\/schema\/person\/e2209cc0e6cea5c5233d033e997b373f\",\"name\":\"Jefferson Sterfeno\",\"image\":{\"@type\":\"ImageObject\",\"inLanguage\":\"pt-BR\",\"@id\":\"https:\/\/blogdobispo.com.br\/#\/schema\/person\/image\/\",\"url\":\"https:\/\/secure.gravatar.com\/avatar\/0534e84764641168a677026b6d57a3f51dc7ac4db0b4f6186d9cb330d4ee1160?s=96&d=mm&r=g\",\"contentUrl\":\"https:\/\/secure.gravatar.com\/avatar\/0534e84764641168a677026b6d57a3f51dc7ac4db0b4f6186d9cb330d4ee1160?s=96&d=mm&r=g\",\"caption\":\"Jefferson Sterfeno\"},\"sameAs\":[\"http:\/\/blogdobispo.com.br\"],\"url\":\"https:\/\/blogdobispo.com.br\/?author=1\"}]}<\/script>\n<!-- \/ Yoast SEO plugin. -->","yoast_head_json":{"title":"Paulo Frateschi, ex-deputado do PT, morre ap\u00f3s ser esfaqueado pelo filho em SP - Blog do Bispo","robots":{"index":"index","follow":"follow","max-snippet":"max-snippet:-1","max-image-preview":"max-image-preview:large","max-video-preview":"max-video-preview:-1"},"canonical":"https:\/\/blogdobispo.com.br\/?p=18468","og_locale":"pt_BR","og_type":"article","og_title":"Paulo Frateschi, ex-deputado do PT, morre ap\u00f3s ser esfaqueado pelo filho em SP - Blog do Bispo","og_description":"Paulo Frateschi, ex-deputado estadual pelo PT, morreu ap\u00f3s ser esfaqueado pelo filho, na manh\u00e3 desta quinta-feira (6), numa casa na Zona Oeste de S\u00e3o Paulo. Ele tinha 75 anos. A informa\u00e7\u00e3o foi confirmada por meio de nota pelo Partido dos Trabalhadores\u00a0(veja abaixo a \u00edntegra do comunicado). O ex-deputado foi socorrido e levado ao Hospital das [&hellip;]","og_url":"https:\/\/blogdobispo.com.br\/?p=18468","og_site_name":"Blog do Bispo","article_published_time":"2025-11-06T15:35:17+00:00","author":"Jefferson Sterfeno","twitter_card":"summary_large_image","twitter_misc":{"Escrito por":"Jefferson Sterfeno","Est. tempo de leitura":"3 minutos"},"schema":{"@context":"https:\/\/schema.org","@graph":[{"@type":"Article","@id":"https:\/\/blogdobispo.com.br\/?p=18468#article","isPartOf":{"@id":"https:\/\/blogdobispo.com.br\/?p=18468"},"author":{"name":"Jefferson Sterfeno","@id":"https:\/\/blogdobispo.com.br\/#\/schema\/person\/e2209cc0e6cea5c5233d033e997b373f"},"headline":"Paulo Frateschi, ex-deputado do PT, morre ap\u00f3s ser esfaqueado pelo filho em SP","datePublished":"2025-11-06T15:35:17+00:00","mainEntityOfPage":{"@id":"https:\/\/blogdobispo.com.br\/?p=18468"},"wordCount":456,"commentCount":0,"publisher":{"@id":"https:\/\/blogdobispo.com.br\/#organization"},"image":{"@id":"https:\/\/blogdobispo.com.br\/?p=18468#primaryimage"},"thumbnailUrl":"https:\/\/blogdobispo.com.br\/wp-content\/uploads\/2025\/11\/paulo-frateschi.avif","articleSection":["diversos"],"inLanguage":"pt-BR","potentialAction":[{"@type":"CommentAction","name":"Comment","target":["https:\/\/blogdobispo.com.br\/?p=18468#respond"]}]},{"@type":"WebPage","@id":"https:\/\/blogdobispo.com.br\/?p=18468","url":"https:\/\/blogdobispo.com.br\/?p=18468","name":"Paulo Frateschi, ex-deputado do PT, morre ap\u00f3s ser esfaqueado pelo filho em SP - Blog do Bispo","isPartOf":{"@id":"https:\/\/blogdobispo.com.br\/#website"},"primaryImageOfPage":{"@id":"https:\/\/blogdobispo.com.br\/?p=18468#primaryimage"},"image":{"@id":"https:\/\/blogdobispo.com.br\/?p=18468#primaryimage"},"thumbnailUrl":"https:\/\/blogdobispo.com.br\/wp-content\/uploads\/2025\/11\/paulo-frateschi.avif","datePublished":"2025-11-06T15:35:17+00:00","breadcrumb":{"@id":"https:\/\/blogdobispo.com.br\/?p=18468#breadcrumb"},"inLanguage":"pt-BR","potentialAction":[{"@type":"ReadAction","target":["https:\/\/blogdobispo.com.br\/?p=18468"]}]},{"@type":"ImageObject","inLanguage":"pt-BR","@id":"https:\/\/blogdobispo.com.br\/?p=18468#primaryimage","url":"https:\/\/blogdobispo.com.br\/wp-content\/uploads\/2025\/11\/paulo-frateschi.avif","contentUrl":"https:\/\/blogdobispo.com.br\/wp-content\/uploads\/2025\/11\/paulo-frateschi.avif","width":984,"height":549},{"@type":"BreadcrumbList","@id":"https:\/\/blogdobispo.com.br\/?p=18468#breadcrumb","itemListElement":[{"@type":"ListItem","position":1,"name":"In\u00edcio","item":"https:\/\/blogdobispo.com.br\/"},{"@type":"ListItem","position":2,"name":"Paulo Frateschi, ex-deputado do PT, morre ap\u00f3s ser esfaqueado pelo filho em SP"}]},{"@type":"WebSite","@id":"https:\/\/blogdobispo.com.br\/#website","url":"https:\/\/blogdobispo.com.br\/","name":"Blog do Bispo","description":"Comprometido apenas com o leitor","publisher":{"@id":"https:\/\/blogdobispo.com.br\/#organization"},"potentialAction":[{"@type":"SearchAction","target":{"@type":"EntryPoint","urlTemplate":"https:\/\/blogdobispo.com.br\/?s={search_term_string}"},"query-input":{"@type":"PropertyValueSpecification","valueRequired":true,"valueName":"search_term_string"}}],"inLanguage":"pt-BR"},{"@type":"Organization","@id":"https:\/\/blogdobispo.com.br\/#organization","name":"Blog do Bispo","url":"https:\/\/blogdobispo.com.br\/","logo":{"@type":"ImageObject","inLanguage":"pt-BR","@id":"https:\/\/blogdobispo.com.br\/#\/schema\/logo\/image\/","url":"http:\/\/blogdobispo.com.br\/wp-content\/uploads\/2023\/05\/cropped-headear.png","contentUrl":"http:\/\/blogdobispo.com.br\/wp-content\/uploads\/2023\/05\/cropped-headear.png","width":1500,"height":399,"caption":"Blog do Bispo"},"image":{"@id":"https:\/\/blogdobispo.com.br\/#\/schema\/logo\/image\/"}},{"@type":"Person","@id":"https:\/\/blogdobispo.com.br\/#\/schema\/person\/e2209cc0e6cea5c5233d033e997b373f","name":"Jefferson Sterfeno","image":{"@type":"ImageObject","inLanguage":"pt-BR","@id":"https:\/\/blogdobispo.com.br\/#\/schema\/person\/image\/","url":"https:\/\/secure.gravatar.com\/avatar\/0534e84764641168a677026b6d57a3f51dc7ac4db0b4f6186d9cb330d4ee1160?s=96&d=mm&r=g","contentUrl":"https:\/\/secure.gravatar.com\/avatar\/0534e84764641168a677026b6d57a3f51dc7ac4db0b4f6186d9cb330d4ee1160?s=96&d=mm&r=g","caption":"Jefferson Sterfeno"},"sameAs":["http:\/\/blogdobispo.com.br"],"url":"https:\/\/blogdobispo.com.br\/?author=1"}]}},"featured_image_urls":{"full":["https:\/\/blogdobispo.com.br\/wp-content\/uploads\/2025\/11\/paulo-frateschi.avif",984,549,false],"thumbnail":["https:\/\/blogdobispo.com.br\/wp-content\/uploads\/2025\/11\/paulo-frateschi-150x150.avif",150,150,true],"medium":["https:\/\/blogdobispo.com.br\/wp-content\/uploads\/2025\/11\/paulo-frateschi-300x167.avif",300,167,true],"medium_large":["https:\/\/blogdobispo.com.br\/wp-content\/uploads\/2025\/11\/paulo-frateschi-768x428.avif",768,428,true],"large":["https:\/\/blogdobispo.com.br\/wp-content\/uploads\/2025\/11\/paulo-frateschi.avif",800,446,false],"1536x1536":["https:\/\/blogdobispo.com.br\/wp-content\/uploads\/2025\/11\/paulo-frateschi.avif",984,549,false],"2048x2048":["https:\/\/blogdobispo.com.br\/wp-content\/uploads\/2025\/11\/paulo-frateschi.avif",984,549,false]},"author_info":{"display_name":"Jefferson Sterfeno","author_link":"https:\/\/blogdobispo.com.br\/?author=1"},"category_info":"<a href=\"https:\/\/blogdobispo.com.br\/?cat=1\" rel=\"category\">diversos<\/a>","tag_info":"diversos","comment_count":"0","jetpack_featured_media_url":"https:\/\/blogdobispo.com.br\/wp-content\/uploads\/2025\/11\/paulo-frateschi.avif","jetpack_sharing_enabled":true,"_links":{"self":[{"href":"https:\/\/blogdobispo.com.br\/index.php?rest_route=\/wp\/v2\/posts\/18468","targetHints":{"allow":["GET"]}}],"collection":[{"href":"https:\/\/blogdobispo.com.br\/index.php?rest_route=\/wp\/v2\/posts"}],"about":[{"href":"https:\/\/blogdobispo.com.br\/index.php?rest_route=\/wp\/v2\/types\/post"}],"author":[{"embeddable":true,"href":"https:\/\/blogdobispo.com.br\/index.php?rest_route=\/wp\/v2\/users\/1"}],"replies":[{"embeddable":true,"href":"https:\/\/blogdobispo.com.br\/index.php?rest_route=%2Fwp%2Fv2%2Fcomments&post=18468"}],"version-history":[{"count":1,"href":"https:\/\/blogdobispo.com.br\/index.php?rest_route=\/wp\/v2\/posts\/18468\/revisions"}],"predecessor-version":[{"id":18471,"href":"https:\/\/blogdobispo.com.br\/index.php?rest_route=\/wp\/v2\/posts\/18468\/revisions\/18471"}],"wp:featuredmedia":[{"embeddable":true,"href":"https:\/\/blogdobispo.com.br\/index.php?rest_route=\/wp\/v2\/media\/18470"}],"wp:attachment":[{"href":"https:\/\/blogdobispo.com.br\/index.php?rest_route=%2Fwp%2Fv2%2Fmedia&parent=18468"}],"wp:term":[{"taxonomy":"category","embeddable":true,"href":"https:\/\/blogdobispo.com.br\/index.php?rest_route=%2Fwp%2Fv2%2Fcategories&post=18468"},{"taxonomy":"post_tag","embeddable":true,"href":"https:\/\/blogdobispo.com.br\/index.php?rest_route=%2Fwp%2Fv2%2Ftags&post=18468"}],"curies":[{"name":"wp","href":"https:\/\/api.w.org\/{rel}","templated":true}]}}