{"id":18463,"date":"2025-11-06T13:43:29","date_gmt":"2025-11-06T13:43:29","guid":{"rendered":"https:\/\/blogdobispo.com.br\/?p=18463"},"modified":"2025-11-06T13:44:13","modified_gmt":"2025-11-06T13:44:13","slug":"mossoro-allyson-bezerra-trata-vereador-na-chibata","status":"publish","type":"post","link":"https:\/\/blogdobispo.com.br\/?p=18463","title":{"rendered":"Mossor\u00f3: Allyson Bezerra trata vereador na chibata"},"content":{"rendered":"<p data-start=\"122\" data-end=\"587\">Em Mossor\u00f3, o discurso de di\u00e1logo e modernidade do prefeito <strong data-start=\"182\" data-end=\"201\">Allyson Bezerra<\/strong> (Uni\u00e3o Brasil) parece ficar s\u00f3 no palanque. Na pr\u00e1tica, o tratamento dispensado aos aliados que ousam pensar diferente tem sido marcado por <strong data-start=\"342\" data-end=\"381\">autoritarismo e retalia\u00e7\u00e3o pol\u00edtica<\/strong>. A mais recente v\u00edtima dessa postura \u00e9 o vereador <strong data-start=\"432\" data-end=\"450\">Wiginis do G\u00e1s<\/strong>, que teve todos os seus cargos exonerados da Prefeitura ap\u00f3s declarar apoio \u00e0 pr\u00e9-candidatura de <strong data-start=\"548\" data-end=\"562\">Nina Souza<\/strong> para deputada federal.<\/p>\n<p data-start=\"589\" data-end=\"940\">A decis\u00e3o pegou mal at\u00e9 entre alguns aliados de primeira hora do gestor. Nos bastidores, o clima \u00e9 de <strong data-start=\"691\" data-end=\"712\">indigna\u00e7\u00e3o e medo<\/strong>. Muitos vereadores j\u00e1 comentam, em tom de revolta, que \u201cem Mossor\u00f3 ningu\u00e9m pode ter opini\u00e3o pr\u00f3pria\u201d. O recado de Allyson, segundo interlocutores, foi direto: <strong data-start=\"872\" data-end=\"937\">quem n\u00e3o marchar sob a sua bandeira ser\u00e1 tratado como inimigo<\/strong>.<\/p>\n<p data-start=\"942\" data-end=\"1317\">O caso de Wiginis escancara uma contradi\u00e7\u00e3o no discurso do prefeito. Enquanto se apresenta como o s\u00edmbolo da \u201cnova pol\u00edtica\u201d, Allyson reproduz <strong data-start=\"1085\" data-end=\"1129\">velhas pr\u00e1ticas de coer\u00e7\u00e3o e persegui\u00e7\u00e3o<\/strong> que sempre condenou. A exonera\u00e7\u00e3o em massa de aliados do vereador \u2014 gente humilde, que depende do trabalho para sustentar suas fam\u00edlias \u2014 soa como uma puni\u00e7\u00e3o <strong data-start=\"1289\" data-end=\"1314\">cruel e desnecess\u00e1ria<\/strong>.<\/p>\n<p data-start=\"1319\" data-end=\"1663\">Curiosamente, o cen\u00e1rio pol\u00edtico em Natal segue em outra dire\u00e7\u00e3o. L\u00e1, tem <strong data-start=\"1392\" data-end=\"1422\">vereadores mal acostumados<\/strong> com privil\u00e9gios e regalias, que tentam c<strong data-start=\"1475\" data-end=\"1516\">olocar a faca no pesco\u00e7o do prefeito<\/strong> para arrancar vantagens pol\u00edticas. Enquanto na capital o problema \u00e9 o excesso de chantagem, em Mossor\u00f3 o drama \u00e9 o <strong data-start=\"1632\" data-end=\"1660\">excesso de autoritarismo<\/strong>.<\/p>\n<p data-start=\"1319\" data-end=\"1663\"><img data-recalc-dims=\"1\" fetchpriority=\"high\" decoding=\"async\" class=\"alignnone size-medium wp-image-18464\" src=\"https:\/\/i0.wp.com\/blogdobispo.com.br\/wp-content\/uploads\/2025\/11\/Allyson-Bezerra-Prefeito-de-Mossoro-RN-591-930x524-1.webp?resize=300%2C169\" alt=\"\" width=\"300\" height=\"169\" srcset=\"https:\/\/i0.wp.com\/blogdobispo.com.br\/wp-content\/uploads\/2025\/11\/Allyson-Bezerra-Prefeito-de-Mossoro-RN-591-930x524-1.webp?resize=300%2C169&amp;ssl=1 300w, https:\/\/i0.wp.com\/blogdobispo.com.br\/wp-content\/uploads\/2025\/11\/Allyson-Bezerra-Prefeito-de-Mossoro-RN-591-930x524-1.webp?resize=768%2C433&amp;ssl=1 768w, https:\/\/i0.wp.com\/blogdobispo.com.br\/wp-content\/uploads\/2025\/11\/Allyson-Bezerra-Prefeito-de-Mossoro-RN-591-930x524-1.webp?w=930&amp;ssl=1 930w\" sizes=\"(max-width: 300px) 100vw, 300px\" \/><\/p>\n<p data-start=\"1665\" data-end=\"1923\" data-is-last-node=\"\" data-is-only-node=\"\">Entre a submiss\u00e3o e a imposi\u00e7\u00e3o, o bom senso parece estar em falta na pol\u00edtica potiguar. E diante do comportamento do prefeito mossoroense, uma reflex\u00e3o inevit\u00e1vel ecoa pelos bastidores:<br data-start=\"1851\" data-end=\"1854\" \/><strong data-start=\"1854\" data-end=\"1923\" data-is-last-node=\"\">se Allyson age assim como prefeito, imagine esse cara governador?<\/strong><\/p>\n","protected":false},"excerpt":{"rendered":"<p>Em Mossor\u00f3, o discurso de di\u00e1logo e modernidade do prefeito Allyson Bezerra (Uni\u00e3o Brasil) parece ficar s\u00f3 no palanque. Na pr\u00e1tica, o tratamento dispensado aos aliados que ousam pensar diferente tem sido marcado por autoritarismo e retalia\u00e7\u00e3o pol\u00edtica. A mais recente v\u00edtima dessa postura \u00e9 o vereador Wiginis do G\u00e1s, que teve todos os seus [&hellip;]<\/p>\n","protected":false},"author":1,"featured_media":0,"comment_status":"open","ping_status":"open","sticky":false,"template":"","format":"standard","meta":{"cybocfi_hide_featured_image":"","_jetpack_memberships_contains_paid_content":false,"footnotes":""},"categories":[1],"tags":[],"class_list":["post-18463","post","type-post","status-publish","format-standard","hentry","category-diversos"],"yoast_head":"<!-- This site is optimized with the Yoast SEO plugin v25.6 - https:\/\/yoast.com\/wordpress\/plugins\/seo\/ -->\n<title>Mossor\u00f3: Allyson Bezerra trata vereador na chibata - Blog do Bispo<\/title>\n<meta name=\"robots\" content=\"index, follow, max-snippet:-1, max-image-preview:large, max-video-preview:-1\" \/>\n<link rel=\"canonical\" href=\"https:\/\/blogdobispo.com.br\/?p=18463\" \/>\n<meta property=\"og:locale\" content=\"pt_BR\" \/>\n<meta property=\"og:type\" content=\"article\" \/>\n<meta property=\"og:title\" content=\"Mossor\u00f3: Allyson Bezerra trata vereador na chibata - Blog do Bispo\" \/>\n<meta property=\"og:description\" content=\"Em Mossor\u00f3, o discurso de di\u00e1logo e modernidade do prefeito Allyson Bezerra (Uni\u00e3o Brasil) parece ficar s\u00f3 no palanque. Na pr\u00e1tica, o tratamento dispensado aos aliados que ousam pensar diferente tem sido marcado por autoritarismo e retalia\u00e7\u00e3o pol\u00edtica. A mais recente v\u00edtima dessa postura \u00e9 o vereador Wiginis do G\u00e1s, que teve todos os seus [&hellip;]\" \/>\n<meta property=\"og:url\" content=\"https:\/\/blogdobispo.com.br\/?p=18463\" \/>\n<meta property=\"og:site_name\" content=\"Blog do Bispo\" \/>\n<meta property=\"article:published_time\" content=\"2025-11-06T13:43:29+00:00\" \/>\n<meta property=\"article:modified_time\" content=\"2025-11-06T13:44:13+00:00\" \/>\n<meta property=\"og:image\" content=\"http:\/\/blogdobispo.com.br\/wp-content\/uploads\/2025\/11\/Allyson-Bezerra-Prefeito-de-Mossoro-RN-591-930x524-1-300x169.webp\" \/>\n<meta name=\"author\" content=\"Jefferson Sterfeno\" \/>\n<meta name=\"twitter:card\" content=\"summary_large_image\" \/>\n<meta name=\"twitter:label1\" content=\"Escrito por\" \/>\n\t<meta name=\"twitter:data1\" content=\"Jefferson Sterfeno\" \/>\n\t<meta name=\"twitter:label2\" content=\"Est. tempo de leitura\" \/>\n\t<meta name=\"twitter:data2\" content=\"2 minutos\" \/>\n<script type=\"application\/ld+json\" class=\"yoast-schema-graph\">{\"@context\":\"https:\/\/schema.org\",\"@graph\":[{\"@type\":\"Article\",\"@id\":\"https:\/\/blogdobispo.com.br\/?p=18463#article\",\"isPartOf\":{\"@id\":\"https:\/\/blogdobispo.com.br\/?p=18463\"},\"author\":{\"name\":\"Jefferson Sterfeno\",\"@id\":\"https:\/\/blogdobispo.com.br\/#\/schema\/person\/e2209cc0e6cea5c5233d033e997b373f\"},\"headline\":\"Mossor\u00f3: Allyson Bezerra trata vereador na chibata\",\"datePublished\":\"2025-11-06T13:43:29+00:00\",\"dateModified\":\"2025-11-06T13:44:13+00:00\",\"mainEntityOfPage\":{\"@id\":\"https:\/\/blogdobispo.com.br\/?p=18463\"},\"wordCount\":311,\"commentCount\":0,\"publisher\":{\"@id\":\"https:\/\/blogdobispo.com.br\/#organization\"},\"image\":{\"@id\":\"https:\/\/blogdobispo.com.br\/?p=18463#primaryimage\"},\"thumbnailUrl\":\"http:\/\/blogdobispo.com.br\/wp-content\/uploads\/2025\/11\/Allyson-Bezerra-Prefeito-de-Mossoro-RN-591-930x524-1-300x169.webp\",\"articleSection\":[\"diversos\"],\"inLanguage\":\"pt-BR\",\"potentialAction\":[{\"@type\":\"CommentAction\",\"name\":\"Comment\",\"target\":[\"https:\/\/blogdobispo.com.br\/?p=18463#respond\"]}]},{\"@type\":\"WebPage\",\"@id\":\"https:\/\/blogdobispo.com.br\/?p=18463\",\"url\":\"https:\/\/blogdobispo.com.br\/?p=18463\",\"name\":\"Mossor\u00f3: Allyson Bezerra trata vereador na chibata - Blog do Bispo\",\"isPartOf\":{\"@id\":\"https:\/\/blogdobispo.com.br\/#website\"},\"primaryImageOfPage\":{\"@id\":\"https:\/\/blogdobispo.com.br\/?p=18463#primaryimage\"},\"image\":{\"@id\":\"https:\/\/blogdobispo.com.br\/?p=18463#primaryimage\"},\"thumbnailUrl\":\"http:\/\/blogdobispo.com.br\/wp-content\/uploads\/2025\/11\/Allyson-Bezerra-Prefeito-de-Mossoro-RN-591-930x524-1-300x169.webp\",\"datePublished\":\"2025-11-06T13:43:29+00:00\",\"dateModified\":\"2025-11-06T13:44:13+00:00\",\"breadcrumb\":{\"@id\":\"https:\/\/blogdobispo.com.br\/?p=18463#breadcrumb\"},\"inLanguage\":\"pt-BR\",\"potentialAction\":[{\"@type\":\"ReadAction\",\"target\":[\"https:\/\/blogdobispo.com.br\/?p=18463\"]}]},{\"@type\":\"ImageObject\",\"inLanguage\":\"pt-BR\",\"@id\":\"https:\/\/blogdobispo.com.br\/?p=18463#primaryimage\",\"url\":\"http:\/\/blogdobispo.com.br\/wp-content\/uploads\/2025\/11\/Allyson-Bezerra-Prefeito-de-Mossoro-RN-591-930x524-1-300x169.webp\",\"contentUrl\":\"http:\/\/blogdobispo.com.br\/wp-content\/uploads\/2025\/11\/Allyson-Bezerra-Prefeito-de-Mossoro-RN-591-930x524-1-300x169.webp\"},{\"@type\":\"BreadcrumbList\",\"@id\":\"https:\/\/blogdobispo.com.br\/?p=18463#breadcrumb\",\"itemListElement\":[{\"@type\":\"ListItem\",\"position\":1,\"name\":\"In\u00edcio\",\"item\":\"https:\/\/blogdobispo.com.br\/\"},{\"@type\":\"ListItem\",\"position\":2,\"name\":\"Mossor\u00f3: Allyson Bezerra trata vereador na chibata\"}]},{\"@type\":\"WebSite\",\"@id\":\"https:\/\/blogdobispo.com.br\/#website\",\"url\":\"https:\/\/blogdobispo.com.br\/\",\"name\":\"Blog do Bispo\",\"description\":\"Comprometido apenas com o leitor\",\"publisher\":{\"@id\":\"https:\/\/blogdobispo.com.br\/#organization\"},\"potentialAction\":[{\"@type\":\"SearchAction\",\"target\":{\"@type\":\"EntryPoint\",\"urlTemplate\":\"https:\/\/blogdobispo.com.br\/?s={search_term_string}\"},\"query-input\":{\"@type\":\"PropertyValueSpecification\",\"valueRequired\":true,\"valueName\":\"search_term_string\"}}],\"inLanguage\":\"pt-BR\"},{\"@type\":\"Organization\",\"@id\":\"https:\/\/blogdobispo.com.br\/#organization\",\"name\":\"Blog do Bispo\",\"url\":\"https:\/\/blogdobispo.com.br\/\",\"logo\":{\"@type\":\"ImageObject\",\"inLanguage\":\"pt-BR\",\"@id\":\"https:\/\/blogdobispo.com.br\/#\/schema\/logo\/image\/\",\"url\":\"http:\/\/blogdobispo.com.br\/wp-content\/uploads\/2023\/05\/cropped-headear.png\",\"contentUrl\":\"http:\/\/blogdobispo.com.br\/wp-content\/uploads\/2023\/05\/cropped-headear.png\",\"width\":1500,\"height\":399,\"caption\":\"Blog do Bispo\"},\"image\":{\"@id\":\"https:\/\/blogdobispo.com.br\/#\/schema\/logo\/image\/\"}},{\"@type\":\"Person\",\"@id\":\"https:\/\/blogdobispo.com.br\/#\/schema\/person\/e2209cc0e6cea5c5233d033e997b373f\",\"name\":\"Jefferson Sterfeno\",\"image\":{\"@type\":\"ImageObject\",\"inLanguage\":\"pt-BR\",\"@id\":\"https:\/\/blogdobispo.com.br\/#\/schema\/person\/image\/\",\"url\":\"https:\/\/secure.gravatar.com\/avatar\/0534e84764641168a677026b6d57a3f51dc7ac4db0b4f6186d9cb330d4ee1160?s=96&d=mm&r=g\",\"contentUrl\":\"https:\/\/secure.gravatar.com\/avatar\/0534e84764641168a677026b6d57a3f51dc7ac4db0b4f6186d9cb330d4ee1160?s=96&d=mm&r=g\",\"caption\":\"Jefferson Sterfeno\"},\"sameAs\":[\"http:\/\/blogdobispo.com.br\"],\"url\":\"https:\/\/blogdobispo.com.br\/?author=1\"}]}<\/script>\n<!-- \/ Yoast SEO plugin. -->","yoast_head_json":{"title":"Mossor\u00f3: Allyson Bezerra trata vereador na chibata - Blog do Bispo","robots":{"index":"index","follow":"follow","max-snippet":"max-snippet:-1","max-image-preview":"max-image-preview:large","max-video-preview":"max-video-preview:-1"},"canonical":"https:\/\/blogdobispo.com.br\/?p=18463","og_locale":"pt_BR","og_type":"article","og_title":"Mossor\u00f3: Allyson Bezerra trata vereador na chibata - Blog do Bispo","og_description":"Em Mossor\u00f3, o discurso de di\u00e1logo e modernidade do prefeito Allyson Bezerra (Uni\u00e3o Brasil) parece ficar s\u00f3 no palanque. Na pr\u00e1tica, o tratamento dispensado aos aliados que ousam pensar diferente tem sido marcado por autoritarismo e retalia\u00e7\u00e3o pol\u00edtica. A mais recente v\u00edtima dessa postura \u00e9 o vereador Wiginis do G\u00e1s, que teve todos os seus [&hellip;]","og_url":"https:\/\/blogdobispo.com.br\/?p=18463","og_site_name":"Blog do Bispo","article_published_time":"2025-11-06T13:43:29+00:00","article_modified_time":"2025-11-06T13:44:13+00:00","og_image":[{"url":"http:\/\/blogdobispo.com.br\/wp-content\/uploads\/2025\/11\/Allyson-Bezerra-Prefeito-de-Mossoro-RN-591-930x524-1-300x169.webp","type":"","width":"","height":""}],"author":"Jefferson Sterfeno","twitter_card":"summary_large_image","twitter_misc":{"Escrito por":"Jefferson Sterfeno","Est. tempo de leitura":"2 minutos"},"schema":{"@context":"https:\/\/schema.org","@graph":[{"@type":"Article","@id":"https:\/\/blogdobispo.com.br\/?p=18463#article","isPartOf":{"@id":"https:\/\/blogdobispo.com.br\/?p=18463"},"author":{"name":"Jefferson Sterfeno","@id":"https:\/\/blogdobispo.com.br\/#\/schema\/person\/e2209cc0e6cea5c5233d033e997b373f"},"headline":"Mossor\u00f3: Allyson Bezerra trata vereador na chibata","datePublished":"2025-11-06T13:43:29+00:00","dateModified":"2025-11-06T13:44:13+00:00","mainEntityOfPage":{"@id":"https:\/\/blogdobispo.com.br\/?p=18463"},"wordCount":311,"commentCount":0,"publisher":{"@id":"https:\/\/blogdobispo.com.br\/#organization"},"image":{"@id":"https:\/\/blogdobispo.com.br\/?p=18463#primaryimage"},"thumbnailUrl":"http:\/\/blogdobispo.com.br\/wp-content\/uploads\/2025\/11\/Allyson-Bezerra-Prefeito-de-Mossoro-RN-591-930x524-1-300x169.webp","articleSection":["diversos"],"inLanguage":"pt-BR","potentialAction":[{"@type":"CommentAction","name":"Comment","target":["https:\/\/blogdobispo.com.br\/?p=18463#respond"]}]},{"@type":"WebPage","@id":"https:\/\/blogdobispo.com.br\/?p=18463","url":"https:\/\/blogdobispo.com.br\/?p=18463","name":"Mossor\u00f3: Allyson Bezerra trata vereador na chibata - Blog do Bispo","isPartOf":{"@id":"https:\/\/blogdobispo.com.br\/#website"},"primaryImageOfPage":{"@id":"https:\/\/blogdobispo.com.br\/?p=18463#primaryimage"},"image":{"@id":"https:\/\/blogdobispo.com.br\/?p=18463#primaryimage"},"thumbnailUrl":"http:\/\/blogdobispo.com.br\/wp-content\/uploads\/2025\/11\/Allyson-Bezerra-Prefeito-de-Mossoro-RN-591-930x524-1-300x169.webp","datePublished":"2025-11-06T13:43:29+00:00","dateModified":"2025-11-06T13:44:13+00:00","breadcrumb":{"@id":"https:\/\/blogdobispo.com.br\/?p=18463#breadcrumb"},"inLanguage":"pt-BR","potentialAction":[{"@type":"ReadAction","target":["https:\/\/blogdobispo.com.br\/?p=18463"]}]},{"@type":"ImageObject","inLanguage":"pt-BR","@id":"https:\/\/blogdobispo.com.br\/?p=18463#primaryimage","url":"http:\/\/blogdobispo.com.br\/wp-content\/uploads\/2025\/11\/Allyson-Bezerra-Prefeito-de-Mossoro-RN-591-930x524-1-300x169.webp","contentUrl":"http:\/\/blogdobispo.com.br\/wp-content\/uploads\/2025\/11\/Allyson-Bezerra-Prefeito-de-Mossoro-RN-591-930x524-1-300x169.webp"},{"@type":"BreadcrumbList","@id":"https:\/\/blogdobispo.com.br\/?p=18463#breadcrumb","itemListElement":[{"@type":"ListItem","position":1,"name":"In\u00edcio","item":"https:\/\/blogdobispo.com.br\/"},{"@type":"ListItem","position":2,"name":"Mossor\u00f3: Allyson Bezerra trata vereador na chibata"}]},{"@type":"WebSite","@id":"https:\/\/blogdobispo.com.br\/#website","url":"https:\/\/blogdobispo.com.br\/","name":"Blog do Bispo","description":"Comprometido apenas com o leitor","publisher":{"@id":"https:\/\/blogdobispo.com.br\/#organization"},"potentialAction":[{"@type":"SearchAction","target":{"@type":"EntryPoint","urlTemplate":"https:\/\/blogdobispo.com.br\/?s={search_term_string}"},"query-input":{"@type":"PropertyValueSpecification","valueRequired":true,"valueName":"search_term_string"}}],"inLanguage":"pt-BR"},{"@type":"Organization","@id":"https:\/\/blogdobispo.com.br\/#organization","name":"Blog do Bispo","url":"https:\/\/blogdobispo.com.br\/","logo":{"@type":"ImageObject","inLanguage":"pt-BR","@id":"https:\/\/blogdobispo.com.br\/#\/schema\/logo\/image\/","url":"http:\/\/blogdobispo.com.br\/wp-content\/uploads\/2023\/05\/cropped-headear.png","contentUrl":"http:\/\/blogdobispo.com.br\/wp-content\/uploads\/2023\/05\/cropped-headear.png","width":1500,"height":399,"caption":"Blog do Bispo"},"image":{"@id":"https:\/\/blogdobispo.com.br\/#\/schema\/logo\/image\/"}},{"@type":"Person","@id":"https:\/\/blogdobispo.com.br\/#\/schema\/person\/e2209cc0e6cea5c5233d033e997b373f","name":"Jefferson Sterfeno","image":{"@type":"ImageObject","inLanguage":"pt-BR","@id":"https:\/\/blogdobispo.com.br\/#\/schema\/person\/image\/","url":"https:\/\/secure.gravatar.com\/avatar\/0534e84764641168a677026b6d57a3f51dc7ac4db0b4f6186d9cb330d4ee1160?s=96&d=mm&r=g","contentUrl":"https:\/\/secure.gravatar.com\/avatar\/0534e84764641168a677026b6d57a3f51dc7ac4db0b4f6186d9cb330d4ee1160?s=96&d=mm&r=g","caption":"Jefferson Sterfeno"},"sameAs":["http:\/\/blogdobispo.com.br"],"url":"https:\/\/blogdobispo.com.br\/?author=1"}]}},"featured_image_urls":{"full":"","thumbnail":"","medium":"","medium_large":"","large":"","1536x1536":"","2048x2048":""},"author_info":{"display_name":"Jefferson Sterfeno","author_link":"https:\/\/blogdobispo.com.br\/?author=1"},"category_info":"<a href=\"https:\/\/blogdobispo.com.br\/?cat=1\" rel=\"category\">diversos<\/a>","tag_info":"diversos","comment_count":"0","jetpack_featured_media_url":"","jetpack_sharing_enabled":true,"_links":{"self":[{"href":"https:\/\/blogdobispo.com.br\/index.php?rest_route=\/wp\/v2\/posts\/18463","targetHints":{"allow":["GET"]}}],"collection":[{"href":"https:\/\/blogdobispo.com.br\/index.php?rest_route=\/wp\/v2\/posts"}],"about":[{"href":"https:\/\/blogdobispo.com.br\/index.php?rest_route=\/wp\/v2\/types\/post"}],"author":[{"embeddable":true,"href":"https:\/\/blogdobispo.com.br\/index.php?rest_route=\/wp\/v2\/users\/1"}],"replies":[{"embeddable":true,"href":"https:\/\/blogdobispo.com.br\/index.php?rest_route=%2Fwp%2Fv2%2Fcomments&post=18463"}],"version-history":[{"count":2,"href":"https:\/\/blogdobispo.com.br\/index.php?rest_route=\/wp\/v2\/posts\/18463\/revisions"}],"predecessor-version":[{"id":18466,"href":"https:\/\/blogdobispo.com.br\/index.php?rest_route=\/wp\/v2\/posts\/18463\/revisions\/18466"}],"wp:attachment":[{"href":"https:\/\/blogdobispo.com.br\/index.php?rest_route=%2Fwp%2Fv2%2Fmedia&parent=18463"}],"wp:term":[{"taxonomy":"category","embeddable":true,"href":"https:\/\/blogdobispo.com.br\/index.php?rest_route=%2Fwp%2Fv2%2Fcategories&post=18463"},{"taxonomy":"post_tag","embeddable":true,"href":"https:\/\/blogdobispo.com.br\/index.php?rest_route=%2Fwp%2Fv2%2Ftags&post=18463"}],"curies":[{"name":"wp","href":"https:\/\/api.w.org\/{rel}","templated":true}]}}