{"id":18447,"date":"2025-11-05T15:07:00","date_gmt":"2025-11-05T15:07:00","guid":{"rendered":"https:\/\/blogdobispo.com.br\/?p=18447"},"modified":"2025-11-06T02:44:25","modified_gmt":"2025-11-06T02:44:25","slug":"quem-apoia-quem-mapa-politico-dos-vereadores-de-natal-revela-os-primeiros-alinhamentos-para-2026","status":"publish","type":"post","link":"https:\/\/blogdobispo.com.br\/?p=18447","title":{"rendered":"Quem apoia quem: Mapa pol\u00edtico dos vereadores de Natal revela os primeiros alinhamentos para 2026"},"content":{"rendered":"<p data-start=\"120\" data-end=\"444\"><img data-recalc-dims=\"1\" fetchpriority=\"high\" decoding=\"async\" src=\"https:\/\/i0.wp.com\/blogdobispo.com.br\/wp-content\/uploads\/2025\/11\/bc7896e3dea50bef2b66a268627ed643.jpeg?resize=300%2C192\" class=\"alignnone size-medium wp-image-18452\" width=\"300\" height=\"192\" alt=\"\" srcset=\"https:\/\/i0.wp.com\/blogdobispo.com.br\/wp-content\/uploads\/2025\/11\/bc7896e3dea50bef2b66a268627ed643.jpeg?resize=300%2C192&amp;ssl=1 300w, https:\/\/i0.wp.com\/blogdobispo.com.br\/wp-content\/uploads\/2025\/11\/bc7896e3dea50bef2b66a268627ed643.jpeg?resize=1024%2C657&amp;ssl=1 1024w, https:\/\/i0.wp.com\/blogdobispo.com.br\/wp-content\/uploads\/2025\/11\/bc7896e3dea50bef2b66a268627ed643.jpeg?resize=768%2C493&amp;ssl=1 768w, https:\/\/i0.wp.com\/blogdobispo.com.br\/wp-content\/uploads\/2025\/11\/bc7896e3dea50bef2b66a268627ed643.jpeg?w=1280&amp;ssl=1 1280w\" sizes=\"(max-width: 300px) 100vw, 300px\" \/><\/p>\n<p data-start=\"120\" data-end=\"444\">O cen\u00e1rio pol\u00edtico da C\u00e2mara Municipal de Natal come\u00e7a a se desenhar para as elei\u00e7\u00f5es de 2026. Com o avan\u00e7o das articula\u00e7\u00f5es nos bastidores, j\u00e1 \u00e9 poss\u00edvel identificar os primeiros apoios declarados e os nomes que cada vereador pretende fortalecer nas disputas para a Assembleia Legislativa e a C\u00e2mara Federal.<\/p>\n<p data-start=\"446\" data-end=\"791\">Entre os apoios mais s\u00f3lidos, o presidente da Assembleia Legislativa, <strong data-start=\"516\" data-end=\"544\">Ezequiel Ferreira (PSDB)<\/strong>, desponta como um dos principais nomes com ades\u00f5es na capital. Al\u00e9m de <strong data-start=\"616\" data-end=\"640\">Aldo Clemente (PSDB)<\/strong>, o vereador <strong data-start=\"653\" data-end=\"686\">Cleiton da Policl\u00ednica (PSDB)<\/strong> tamb\u00e9m confirmou apoio ao l\u00edder tucano, refor\u00e7ando a base de Ezequiel dentro do Legislativo natalense.<\/p>\n<p data-start=\"793\" data-end=\"1085\">O grupo do <strong data-start=\"804\" data-end=\"820\">Republicanos<\/strong> segue fortemente vinculado ao deputado <strong data-start=\"860\" data-end=\"875\">Adjuto Dias<\/strong>, com os vereadores <strong data-start=\"895\" data-end=\"913\">Daniel Rendall<\/strong>, <strong data-start=\"915\" data-end=\"933\">Irapo\u00e3 N\u00f3brega<\/strong> e <strong data-start=\"936\" data-end=\"956\">Kleber Fernandes<\/strong> j\u00e1 alinhados ao projeto do parlamentar. Outro nome do mesmo partido, <strong data-start=\"1033\" data-end=\"1046\">L\u00e9o Souza<\/strong>, ainda n\u00e3o definiu posicionamento.<\/p>\n<p data-start=\"1087\" data-end=\"1417\">Pelo <strong data-start=\"1092\" data-end=\"1114\">Progressistas (PP)<\/strong>, a tend\u00eancia \u00e9 de apoio a lideran\u00e7as tradicionais da Assembleia. <strong data-start=\"1180\" data-end=\"1200\">Cl\u00e1udio Cust\u00f3dio<\/strong> e <strong data-start=\"1203\" data-end=\"1239\">T\u00e1rcio de Eudiane (Uni\u00e3o Brasil)<\/strong> caminham com <strong data-start=\"1253\" data-end=\"1271\">Eudiane Macedo<\/strong>, enquanto <strong data-start=\"1282\" data-end=\"1300\">Pedro Henrique<\/strong> refor\u00e7a o grupo do deputado <strong data-start=\"1329\" data-end=\"1347\">Hermano Moraes<\/strong>. <strong data-start=\"1349\" data-end=\"1373\">Daniel Santiago (PP)<\/strong>, por sua vez, apoia <strong data-start=\"1394\" data-end=\"1414\">Cristiane Dantas<\/strong>.<\/p>\n<p data-start=\"1419\" data-end=\"1601\">Na ala do <strong data-start=\"1429\" data-end=\"1435\">PT<\/strong>, os vereadores <strong data-start=\"1451\" data-end=\"1468\">Brisa Bracchi<\/strong> e <strong data-start=\"1471\" data-end=\"1489\">Daniel Valen\u00e7a<\/strong> devem concorrer \u00e0 Assembleia Legislativa, enquanto <strong data-start=\"1541\" data-end=\"1558\">Samanda Alves<\/strong> vai disputar uma vaga na C\u00e2mara Federal.<\/p>\n<p data-start=\"1603\" data-end=\"1925\">O <strong data-start=\"1605\" data-end=\"1621\">Uni\u00e3o Brasil<\/strong> tamb\u00e9m se movimenta com for\u00e7a: <strong data-start=\"1653\" data-end=\"1670\">Camila Ara\u00fajo<\/strong> e <strong data-start=\"1673\" data-end=\"1692\">Robson Carvalho<\/strong> s\u00e3o pr\u00e9-candidatos \u00e0 Assembleia, enquanto <strong data-start=\"1752\" data-end=\"1772\">Matheus Faustino<\/strong> disputar\u00e1 a C\u00e2mara Federal. <strong data-start=\"1802\" data-end=\"1819\">T\u00e9rcio Tin\u00f4co<\/strong> apoia o deputado <strong data-start=\"1837\" data-end=\"1857\">Kl\u00e9ber Rodrigues<\/strong>.<\/p>\n<p data-start=\"1927\" data-end=\"2230\">Entre os aliados do deputado <strong data-start=\"1956\" data-end=\"1976\">Ubaldo Fernandes<\/strong>, est\u00e3o os vereadores <strong data-start=\"1998\" data-end=\"2026\">Eribaldo Medeiros (Rede)<\/strong> e <strong data-start=\"2029\" data-end=\"2051\">Herberth Sena (PV)<\/strong>. No Solidariedade <strong>F\u00falvio Saulo (Solidariedade<\/strong>) apoiar\u00e1 <strong>Luiz Eduardo<\/strong> e <strong>Anne Lagartixa (Solidariedade) <\/strong>segue na d\u00favida se ser\u00e1 candidata. J\u00e1 <strong data-start=\"2056\" data-end=\"2077\">\u00c9riko J\u00e1come (PP)<\/strong>, que tamb\u00e9m ser\u00e1 candidato \u00e0 Assembleia, conta com o apoio de <strong data-start=\"2140\" data-end=\"2168\">Jo\u00e3o Batista Torres (DC)<\/strong>, <strong data-start=\"2170\" data-end=\"2198\">Luciano Nascimento (PSD) e Chagas Catarino (Uni\u00e3o Brasil)<\/strong><strong data-start=\"2201\" data-end=\"2227\">, Preto Aquino (Podemos)<\/strong> ser\u00e1 candidato a estadual.<\/p>\n<p data-start=\"2232\" data-end=\"2396\">No campo do <strong data-start=\"2244\" data-end=\"2250\">PL<\/strong>, os vereadores <strong data-start=\"2266\" data-end=\"2287\">Subtenente Eliabe<\/strong> e <strong data-start=\"2290\" data-end=\"2304\">Tony Henrique<\/strong>&nbsp;marcham juntos com o <strong data-start=\"2326\" data-end=\"2345\">Coronel Azevedo<\/strong>, refor\u00e7ando o bloco bolsonarista no Legislativo.<\/p>\n<p data-start=\"2398\" data-end=\"2567\">Fechando o panorama, a vereadora <strong data-start=\"2431\" data-end=\"2458\">Thabatta Pimenta (PSOL)<\/strong> dever\u00e1 ser candidata \u00e0 C\u00e2mara Federal ou ao Senado, mantendo o discurso de renova\u00e7\u00e3o e representatividade.<\/p>\n<p data-start=\"2569\" data-end=\"2795\">Com essas defini\u00e7\u00f5es, a C\u00e2mara de Natal vai se tornando um espelho das disputas que prometem marcar o pleito de 2026, onde alian\u00e7as, grupos e estrat\u00e9gias come\u00e7am a se delinear com nitidez nos bastidores da pol\u00edtica potiguar.<\/p>\n","protected":false},"excerpt":{"rendered":"<p>O cen\u00e1rio pol\u00edtico da C\u00e2mara Municipal de Natal come\u00e7a a se desenhar para as elei\u00e7\u00f5es de 2026. Com o avan\u00e7o das articula\u00e7\u00f5es nos bastidores, j\u00e1 \u00e9 poss\u00edvel identificar os primeiros apoios declarados e os nomes que cada vereador pretende fortalecer nas disputas para a Assembleia Legislativa e a C\u00e2mara Federal. Entre os apoios mais s\u00f3lidos, [&hellip;]<\/p>\n","protected":false},"author":1,"featured_media":18448,"comment_status":"open","ping_status":"open","sticky":false,"template":"","format":"standard","meta":{"cybocfi_hide_featured_image":"","_jetpack_memberships_contains_paid_content":false,"footnotes":""},"categories":[1],"tags":[],"class_list":["post-18447","post","type-post","status-publish","format-standard","has-post-thumbnail","hentry","category-diversos"],"yoast_head":"<!-- This site is optimized with the Yoast SEO plugin v25.6 - https:\/\/yoast.com\/wordpress\/plugins\/seo\/ -->\n<title>Quem apoia quem: Mapa pol\u00edtico dos vereadores de Natal revela os primeiros alinhamentos para 2026 - Blog do Bispo<\/title>\n<meta name=\"robots\" content=\"index, follow, max-snippet:-1, max-image-preview:large, max-video-preview:-1\" \/>\n<link rel=\"canonical\" href=\"https:\/\/blogdobispo.com.br\/?p=18447\" \/>\n<meta property=\"og:locale\" content=\"pt_BR\" \/>\n<meta property=\"og:type\" content=\"article\" \/>\n<meta property=\"og:title\" content=\"Quem apoia quem: Mapa pol\u00edtico dos vereadores de Natal revela os primeiros alinhamentos para 2026 - Blog do Bispo\" \/>\n<meta property=\"og:description\" content=\"O cen\u00e1rio pol\u00edtico da C\u00e2mara Municipal de Natal come\u00e7a a se desenhar para as elei\u00e7\u00f5es de 2026. Com o avan\u00e7o das articula\u00e7\u00f5es nos bastidores, j\u00e1 \u00e9 poss\u00edvel identificar os primeiros apoios declarados e os nomes que cada vereador pretende fortalecer nas disputas para a Assembleia Legislativa e a C\u00e2mara Federal. Entre os apoios mais s\u00f3lidos, [&hellip;]\" \/>\n<meta property=\"og:url\" content=\"https:\/\/blogdobispo.com.br\/?p=18447\" \/>\n<meta property=\"og:site_name\" content=\"Blog do Bispo\" \/>\n<meta property=\"article:published_time\" content=\"2025-11-05T15:07:00+00:00\" \/>\n<meta property=\"article:modified_time\" content=\"2025-11-06T02:44:25+00:00\" \/>\n<meta name=\"author\" content=\"Jefferson Sterfeno\" \/>\n<meta name=\"twitter:card\" content=\"summary_large_image\" \/>\n<meta name=\"twitter:label1\" content=\"Escrito por\" \/>\n\t<meta name=\"twitter:data1\" content=\"Jefferson Sterfeno\" \/>\n\t<meta name=\"twitter:label2\" content=\"Est. tempo de leitura\" \/>\n\t<meta name=\"twitter:data2\" content=\"3 minutos\" \/>\n<script type=\"application\/ld+json\" class=\"yoast-schema-graph\">{\"@context\":\"https:\/\/schema.org\",\"@graph\":[{\"@type\":\"Article\",\"@id\":\"https:\/\/blogdobispo.com.br\/?p=18447#article\",\"isPartOf\":{\"@id\":\"https:\/\/blogdobispo.com.br\/?p=18447\"},\"author\":{\"name\":\"Jefferson Sterfeno\",\"@id\":\"https:\/\/blogdobispo.com.br\/#\/schema\/person\/e2209cc0e6cea5c5233d033e997b373f\"},\"headline\":\"Quem apoia quem: Mapa pol\u00edtico dos vereadores de Natal revela os primeiros alinhamentos para 2026\",\"datePublished\":\"2025-11-05T15:07:00+00:00\",\"dateModified\":\"2025-11-06T02:44:25+00:00\",\"mainEntityOfPage\":{\"@id\":\"https:\/\/blogdobispo.com.br\/?p=18447\"},\"wordCount\":453,\"commentCount\":0,\"publisher\":{\"@id\":\"https:\/\/blogdobispo.com.br\/#organization\"},\"image\":{\"@id\":\"https:\/\/blogdobispo.com.br\/?p=18447#primaryimage\"},\"thumbnailUrl\":\"https:\/\/blogdobispo.com.br\/wp-content\/uploads\/2025\/11\/whatsapp-image-2025-02-25-at-12.30.45.avif\",\"articleSection\":[\"diversos\"],\"inLanguage\":\"pt-BR\",\"potentialAction\":[{\"@type\":\"CommentAction\",\"name\":\"Comment\",\"target\":[\"https:\/\/blogdobispo.com.br\/?p=18447#respond\"]}]},{\"@type\":\"WebPage\",\"@id\":\"https:\/\/blogdobispo.com.br\/?p=18447\",\"url\":\"https:\/\/blogdobispo.com.br\/?p=18447\",\"name\":\"Quem apoia quem: Mapa pol\u00edtico dos vereadores de Natal revela os primeiros alinhamentos para 2026 - Blog do Bispo\",\"isPartOf\":{\"@id\":\"https:\/\/blogdobispo.com.br\/#website\"},\"primaryImageOfPage\":{\"@id\":\"https:\/\/blogdobispo.com.br\/?p=18447#primaryimage\"},\"image\":{\"@id\":\"https:\/\/blogdobispo.com.br\/?p=18447#primaryimage\"},\"thumbnailUrl\":\"https:\/\/blogdobispo.com.br\/wp-content\/uploads\/2025\/11\/whatsapp-image-2025-02-25-at-12.30.45.avif\",\"datePublished\":\"2025-11-05T15:07:00+00:00\",\"dateModified\":\"2025-11-06T02:44:25+00:00\",\"breadcrumb\":{\"@id\":\"https:\/\/blogdobispo.com.br\/?p=18447#breadcrumb\"},\"inLanguage\":\"pt-BR\",\"potentialAction\":[{\"@type\":\"ReadAction\",\"target\":[\"https:\/\/blogdobispo.com.br\/?p=18447\"]}]},{\"@type\":\"ImageObject\",\"inLanguage\":\"pt-BR\",\"@id\":\"https:\/\/blogdobispo.com.br\/?p=18447#primaryimage\",\"url\":\"https:\/\/blogdobispo.com.br\/wp-content\/uploads\/2025\/11\/whatsapp-image-2025-02-25-at-12.30.45.avif\",\"contentUrl\":\"https:\/\/blogdobispo.com.br\/wp-content\/uploads\/2025\/11\/whatsapp-image-2025-02-25-at-12.30.45.avif\",\"width\":984,\"height\":562},{\"@type\":\"BreadcrumbList\",\"@id\":\"https:\/\/blogdobispo.com.br\/?p=18447#breadcrumb\",\"itemListElement\":[{\"@type\":\"ListItem\",\"position\":1,\"name\":\"In\u00edcio\",\"item\":\"https:\/\/blogdobispo.com.br\/\"},{\"@type\":\"ListItem\",\"position\":2,\"name\":\"Quem apoia quem: Mapa pol\u00edtico dos vereadores de Natal revela os primeiros alinhamentos para 2026\"}]},{\"@type\":\"WebSite\",\"@id\":\"https:\/\/blogdobispo.com.br\/#website\",\"url\":\"https:\/\/blogdobispo.com.br\/\",\"name\":\"Blog do Bispo\",\"description\":\"Comprometido apenas com o leitor\",\"publisher\":{\"@id\":\"https:\/\/blogdobispo.com.br\/#organization\"},\"potentialAction\":[{\"@type\":\"SearchAction\",\"target\":{\"@type\":\"EntryPoint\",\"urlTemplate\":\"https:\/\/blogdobispo.com.br\/?s={search_term_string}\"},\"query-input\":{\"@type\":\"PropertyValueSpecification\",\"valueRequired\":true,\"valueName\":\"search_term_string\"}}],\"inLanguage\":\"pt-BR\"},{\"@type\":\"Organization\",\"@id\":\"https:\/\/blogdobispo.com.br\/#organization\",\"name\":\"Blog do Bispo\",\"url\":\"https:\/\/blogdobispo.com.br\/\",\"logo\":{\"@type\":\"ImageObject\",\"inLanguage\":\"pt-BR\",\"@id\":\"https:\/\/blogdobispo.com.br\/#\/schema\/logo\/image\/\",\"url\":\"http:\/\/blogdobispo.com.br\/wp-content\/uploads\/2023\/05\/cropped-headear.png\",\"contentUrl\":\"http:\/\/blogdobispo.com.br\/wp-content\/uploads\/2023\/05\/cropped-headear.png\",\"width\":1500,\"height\":399,\"caption\":\"Blog do Bispo\"},\"image\":{\"@id\":\"https:\/\/blogdobispo.com.br\/#\/schema\/logo\/image\/\"}},{\"@type\":\"Person\",\"@id\":\"https:\/\/blogdobispo.com.br\/#\/schema\/person\/e2209cc0e6cea5c5233d033e997b373f\",\"name\":\"Jefferson Sterfeno\",\"image\":{\"@type\":\"ImageObject\",\"inLanguage\":\"pt-BR\",\"@id\":\"https:\/\/blogdobispo.com.br\/#\/schema\/person\/image\/\",\"url\":\"https:\/\/secure.gravatar.com\/avatar\/0534e84764641168a677026b6d57a3f51dc7ac4db0b4f6186d9cb330d4ee1160?s=96&d=mm&r=g\",\"contentUrl\":\"https:\/\/secure.gravatar.com\/avatar\/0534e84764641168a677026b6d57a3f51dc7ac4db0b4f6186d9cb330d4ee1160?s=96&d=mm&r=g\",\"caption\":\"Jefferson Sterfeno\"},\"sameAs\":[\"http:\/\/blogdobispo.com.br\"],\"url\":\"https:\/\/blogdobispo.com.br\/?author=1\"}]}<\/script>\n<!-- \/ Yoast SEO plugin. -->","yoast_head_json":{"title":"Quem apoia quem: Mapa pol\u00edtico dos vereadores de Natal revela os primeiros alinhamentos para 2026 - Blog do Bispo","robots":{"index":"index","follow":"follow","max-snippet":"max-snippet:-1","max-image-preview":"max-image-preview:large","max-video-preview":"max-video-preview:-1"},"canonical":"https:\/\/blogdobispo.com.br\/?p=18447","og_locale":"pt_BR","og_type":"article","og_title":"Quem apoia quem: Mapa pol\u00edtico dos vereadores de Natal revela os primeiros alinhamentos para 2026 - Blog do Bispo","og_description":"O cen\u00e1rio pol\u00edtico da C\u00e2mara Municipal de Natal come\u00e7a a se desenhar para as elei\u00e7\u00f5es de 2026. Com o avan\u00e7o das articula\u00e7\u00f5es nos bastidores, j\u00e1 \u00e9 poss\u00edvel identificar os primeiros apoios declarados e os nomes que cada vereador pretende fortalecer nas disputas para a Assembleia Legislativa e a C\u00e2mara Federal. Entre os apoios mais s\u00f3lidos, [&hellip;]","og_url":"https:\/\/blogdobispo.com.br\/?p=18447","og_site_name":"Blog do Bispo","article_published_time":"2025-11-05T15:07:00+00:00","article_modified_time":"2025-11-06T02:44:25+00:00","author":"Jefferson Sterfeno","twitter_card":"summary_large_image","twitter_misc":{"Escrito por":"Jefferson Sterfeno","Est. tempo de leitura":"3 minutos"},"schema":{"@context":"https:\/\/schema.org","@graph":[{"@type":"Article","@id":"https:\/\/blogdobispo.com.br\/?p=18447#article","isPartOf":{"@id":"https:\/\/blogdobispo.com.br\/?p=18447"},"author":{"name":"Jefferson Sterfeno","@id":"https:\/\/blogdobispo.com.br\/#\/schema\/person\/e2209cc0e6cea5c5233d033e997b373f"},"headline":"Quem apoia quem: Mapa pol\u00edtico dos vereadores de Natal revela os primeiros alinhamentos para 2026","datePublished":"2025-11-05T15:07:00+00:00","dateModified":"2025-11-06T02:44:25+00:00","mainEntityOfPage":{"@id":"https:\/\/blogdobispo.com.br\/?p=18447"},"wordCount":453,"commentCount":0,"publisher":{"@id":"https:\/\/blogdobispo.com.br\/#organization"},"image":{"@id":"https:\/\/blogdobispo.com.br\/?p=18447#primaryimage"},"thumbnailUrl":"https:\/\/blogdobispo.com.br\/wp-content\/uploads\/2025\/11\/whatsapp-image-2025-02-25-at-12.30.45.avif","articleSection":["diversos"],"inLanguage":"pt-BR","potentialAction":[{"@type":"CommentAction","name":"Comment","target":["https:\/\/blogdobispo.com.br\/?p=18447#respond"]}]},{"@type":"WebPage","@id":"https:\/\/blogdobispo.com.br\/?p=18447","url":"https:\/\/blogdobispo.com.br\/?p=18447","name":"Quem apoia quem: Mapa pol\u00edtico dos vereadores de Natal revela os primeiros alinhamentos para 2026 - Blog do Bispo","isPartOf":{"@id":"https:\/\/blogdobispo.com.br\/#website"},"primaryImageOfPage":{"@id":"https:\/\/blogdobispo.com.br\/?p=18447#primaryimage"},"image":{"@id":"https:\/\/blogdobispo.com.br\/?p=18447#primaryimage"},"thumbnailUrl":"https:\/\/blogdobispo.com.br\/wp-content\/uploads\/2025\/11\/whatsapp-image-2025-02-25-at-12.30.45.avif","datePublished":"2025-11-05T15:07:00+00:00","dateModified":"2025-11-06T02:44:25+00:00","breadcrumb":{"@id":"https:\/\/blogdobispo.com.br\/?p=18447#breadcrumb"},"inLanguage":"pt-BR","potentialAction":[{"@type":"ReadAction","target":["https:\/\/blogdobispo.com.br\/?p=18447"]}]},{"@type":"ImageObject","inLanguage":"pt-BR","@id":"https:\/\/blogdobispo.com.br\/?p=18447#primaryimage","url":"https:\/\/blogdobispo.com.br\/wp-content\/uploads\/2025\/11\/whatsapp-image-2025-02-25-at-12.30.45.avif","contentUrl":"https:\/\/blogdobispo.com.br\/wp-content\/uploads\/2025\/11\/whatsapp-image-2025-02-25-at-12.30.45.avif","width":984,"height":562},{"@type":"BreadcrumbList","@id":"https:\/\/blogdobispo.com.br\/?p=18447#breadcrumb","itemListElement":[{"@type":"ListItem","position":1,"name":"In\u00edcio","item":"https:\/\/blogdobispo.com.br\/"},{"@type":"ListItem","position":2,"name":"Quem apoia quem: Mapa pol\u00edtico dos vereadores de Natal revela os primeiros alinhamentos para 2026"}]},{"@type":"WebSite","@id":"https:\/\/blogdobispo.com.br\/#website","url":"https:\/\/blogdobispo.com.br\/","name":"Blog do Bispo","description":"Comprometido apenas com o leitor","publisher":{"@id":"https:\/\/blogdobispo.com.br\/#organization"},"potentialAction":[{"@type":"SearchAction","target":{"@type":"EntryPoint","urlTemplate":"https:\/\/blogdobispo.com.br\/?s={search_term_string}"},"query-input":{"@type":"PropertyValueSpecification","valueRequired":true,"valueName":"search_term_string"}}],"inLanguage":"pt-BR"},{"@type":"Organization","@id":"https:\/\/blogdobispo.com.br\/#organization","name":"Blog do Bispo","url":"https:\/\/blogdobispo.com.br\/","logo":{"@type":"ImageObject","inLanguage":"pt-BR","@id":"https:\/\/blogdobispo.com.br\/#\/schema\/logo\/image\/","url":"http:\/\/blogdobispo.com.br\/wp-content\/uploads\/2023\/05\/cropped-headear.png","contentUrl":"http:\/\/blogdobispo.com.br\/wp-content\/uploads\/2023\/05\/cropped-headear.png","width":1500,"height":399,"caption":"Blog do Bispo"},"image":{"@id":"https:\/\/blogdobispo.com.br\/#\/schema\/logo\/image\/"}},{"@type":"Person","@id":"https:\/\/blogdobispo.com.br\/#\/schema\/person\/e2209cc0e6cea5c5233d033e997b373f","name":"Jefferson Sterfeno","image":{"@type":"ImageObject","inLanguage":"pt-BR","@id":"https:\/\/blogdobispo.com.br\/#\/schema\/person\/image\/","url":"https:\/\/secure.gravatar.com\/avatar\/0534e84764641168a677026b6d57a3f51dc7ac4db0b4f6186d9cb330d4ee1160?s=96&d=mm&r=g","contentUrl":"https:\/\/secure.gravatar.com\/avatar\/0534e84764641168a677026b6d57a3f51dc7ac4db0b4f6186d9cb330d4ee1160?s=96&d=mm&r=g","caption":"Jefferson Sterfeno"},"sameAs":["http:\/\/blogdobispo.com.br"],"url":"https:\/\/blogdobispo.com.br\/?author=1"}]}},"featured_image_urls":{"full":["https:\/\/blogdobispo.com.br\/wp-content\/uploads\/2025\/11\/whatsapp-image-2025-02-25-at-12.30.45.avif",984,562,false],"thumbnail":["https:\/\/blogdobispo.com.br\/wp-content\/uploads\/2025\/11\/whatsapp-image-2025-02-25-at-12.30.45-150x150.avif",150,150,true],"medium":["https:\/\/blogdobispo.com.br\/wp-content\/uploads\/2025\/11\/whatsapp-image-2025-02-25-at-12.30.45-300x171.avif",300,171,true],"medium_large":["https:\/\/blogdobispo.com.br\/wp-content\/uploads\/2025\/11\/whatsapp-image-2025-02-25-at-12.30.45-768x439.avif",768,439,true],"large":["https:\/\/blogdobispo.com.br\/wp-content\/uploads\/2025\/11\/whatsapp-image-2025-02-25-at-12.30.45.avif",800,457,false],"1536x1536":["https:\/\/blogdobispo.com.br\/wp-content\/uploads\/2025\/11\/whatsapp-image-2025-02-25-at-12.30.45.avif",984,562,false],"2048x2048":["https:\/\/blogdobispo.com.br\/wp-content\/uploads\/2025\/11\/whatsapp-image-2025-02-25-at-12.30.45.avif",984,562,false]},"author_info":{"display_name":"Jefferson Sterfeno","author_link":"https:\/\/blogdobispo.com.br\/?author=1"},"category_info":"<a href=\"https:\/\/blogdobispo.com.br\/?cat=1\" rel=\"category\">diversos<\/a>","tag_info":"diversos","comment_count":"0","jetpack_featured_media_url":"https:\/\/blogdobispo.com.br\/wp-content\/uploads\/2025\/11\/whatsapp-image-2025-02-25-at-12.30.45.avif","jetpack_sharing_enabled":true,"_links":{"self":[{"href":"https:\/\/blogdobispo.com.br\/index.php?rest_route=\/wp\/v2\/posts\/18447","targetHints":{"allow":["GET"]}}],"collection":[{"href":"https:\/\/blogdobispo.com.br\/index.php?rest_route=\/wp\/v2\/posts"}],"about":[{"href":"https:\/\/blogdobispo.com.br\/index.php?rest_route=\/wp\/v2\/types\/post"}],"author":[{"embeddable":true,"href":"https:\/\/blogdobispo.com.br\/index.php?rest_route=\/wp\/v2\/users\/1"}],"replies":[{"embeddable":true,"href":"https:\/\/blogdobispo.com.br\/index.php?rest_route=%2Fwp%2Fv2%2Fcomments&post=18447"}],"version-history":[{"count":11,"href":"https:\/\/blogdobispo.com.br\/index.php?rest_route=\/wp\/v2\/posts\/18447\/revisions"}],"predecessor-version":[{"id":18460,"href":"https:\/\/blogdobispo.com.br\/index.php?rest_route=\/wp\/v2\/posts\/18447\/revisions\/18460"}],"wp:featuredmedia":[{"embeddable":true,"href":"https:\/\/blogdobispo.com.br\/index.php?rest_route=\/wp\/v2\/media\/18448"}],"wp:attachment":[{"href":"https:\/\/blogdobispo.com.br\/index.php?rest_route=%2Fwp%2Fv2%2Fmedia&parent=18447"}],"wp:term":[{"taxonomy":"category","embeddable":true,"href":"https:\/\/blogdobispo.com.br\/index.php?rest_route=%2Fwp%2Fv2%2Fcategories&post=18447"},{"taxonomy":"post_tag","embeddable":true,"href":"https:\/\/blogdobispo.com.br\/index.php?rest_route=%2Fwp%2Fv2%2Ftags&post=18447"}],"curies":[{"name":"wp","href":"https:\/\/api.w.org\/{rel}","templated":true}]}}