{"id":18443,"date":"2025-11-05T13:26:31","date_gmt":"2025-11-05T13:26:31","guid":{"rendered":"https:\/\/blogdobispo.com.br\/?p=18443"},"modified":"2025-11-05T13:26:31","modified_gmt":"2025-11-05T13:26:31","slug":"prefeitura-de-natal-anuncia-avancos-em-atendimentos-para-pessoas-com-tea-e-cirurgias-bucais","status":"publish","type":"post","link":"https:\/\/blogdobispo.com.br\/?p=18443","title":{"rendered":"Prefeitura de Natal anuncia avan\u00e7os em atendimentos para pessoas com TEA e cirurgias bucais"},"content":{"rendered":"<div class=\"post-content text-justify pt-4\">\n<p>A Prefeitura do Natal realizou, nesta ter\u00e7a-feira (4), a 5\u00aa Reuni\u00e3o do Grupo de Trabalho sobre o Transtorno do Espectro Autista (TEA), coordenado pela vice-prefeita Joanna Guerra. O encontro reuniu representantes das secretarias municipais de Sa\u00fade (SMS), Educa\u00e7\u00e3o (SME), Igualdade Racial e Direitos Humanos (SEMIDH), Assist\u00eancia Social (SEMTAS) e SEPAE, com o objetivo de apresentar novas a\u00e7\u00f5es e fortalecer a rede de atendimento \u00e0s pessoas com TEA e com outras necessidades especiais.<\/p>\n<p>Entre os principais encaminhamentos, a gest\u00e3o municipal anunciou o in\u00edcio do servi\u00e7o de Avalia\u00e7\u00e3o Global de crian\u00e7as com suspeita de autismo e o avan\u00e7o nas cirurgias de sa\u00fade bucal do Programa de Necessidades Especiais (PNE). As duas medidas integram o conjunto de a\u00e7\u00f5es da Prefeitura voltadas \u00e0 amplia\u00e7\u00e3o e qualifica\u00e7\u00e3o da aten\u00e7\u00e3o especializada no munic\u00edpio.<\/p>\n<p>O novo servi\u00e7o de Avalia\u00e7\u00e3o Global funcionar\u00e1 no Centro de Especialidades Integradas (CEI Leste II), localizado na Rua Fonseca e Silva, n\u00ba 1129, no Alecrim, com atendimentos de segunda a sexta-feira, nos turnos da manh\u00e3 e da tarde. O primeiro atendimento est\u00e1 previsto para esta sexta-feira (7). A unidade contar\u00e1 com duas equipes de profissionais especializados, distribu\u00eddas em seis salas, permitindo o atendimento simult\u00e2neo das crian\u00e7as e de suas fam\u00edlias. A equipe multiprofissional ser\u00e1 composta por psic\u00f3logo(a), fonoaudi\u00f3logo(a), aplicador(a) de ABA, psicopedagogo(a), nutricionista e neuropsic\u00f3logo(a), al\u00e9m do suporte de um neuropediatra.<\/p>\n<p>O objetivo \u00e9 oferecer um processo de avalia\u00e7\u00e3o completo, com possibilidade de emiss\u00e3o do laudo diagn\u00f3stico no mesmo dia. Atualmente, mais de cinco mil pessoas aguardam avalia\u00e7\u00e3o, organizadas por ordem de prioridade. Os agendamentos ser\u00e3o realizados por meio da Central de Regula\u00e7\u00e3o, mediante encaminhamento m\u00e9dico.<\/p>\n<p>Tamb\u00e9m foi apresentado o avan\u00e7o do Programa de Necessidades Especiais (PNE), voltado \u00e0 realiza\u00e7\u00e3o de cirurgias de sa\u00fade bucal em pacientes com defici\u00eancia. O servi\u00e7o ser\u00e1 executado no Hospital dos Pescadores, \u00e0s ter\u00e7as e quintas-feiras, com capacidade para tr\u00eas cirurgias por dia. A equipe respons\u00e1vel \u00e9 composta por anestesiologista, \u00a0enfermeira, cirurgi\u00e3-dentista, cirurgi\u00e3o bucomaxilofacial e auxiliar de sa\u00fade bucal.<\/p>\n<p>Atualmente, 39 pacientes aguardam na fila para os procedimentos, que contam com o apoio do SESI, garantindo mais assist\u00eancia e seguran\u00e7a no atendimento. A expectativa \u00e9 que, at\u00e9 o final de 2025, todas as cirurgias sejam conclu\u00eddas, zerando a fila de espera.<\/p>\n<p>A vice-prefeita Joanna Guerra destacou que as a\u00e7\u00f5es representam um avan\u00e7o significativo na pol\u00edtica p\u00fablica voltada \u00e0s pessoas com TEA e outras condi\u00e7\u00f5es que exigem acompanhamento especializado. \u201cEstamos concretizando avan\u00e7os importantes. O servi\u00e7o de Avalia\u00e7\u00e3o Global e as cirurgias do PNE representam dignidade e cuidado para centenas de fam\u00edlias que aguardavam por uma resposta do poder p\u00fablico\u201d, afirmou.<\/p>\n<p>O secret\u00e1rio municipal de Sa\u00fade, Geraldo Pinho, refor\u00e7ou que a amplia\u00e7\u00e3o dos servi\u00e7os faz parte da estrat\u00e9gia da Prefeitura para fortalecer o atendimento especializado na rede municipal. \u201cEstamos abrindo caminhos para que o diagn\u00f3stico e o tratamento cheguem de forma mais r\u00e1pida, eficiente e humanizada. Esse \u00e9 um compromisso da gest\u00e3o com a popula\u00e7\u00e3o\u201d, destacou.<\/p>\n<p>Tamb\u00e9m participaram da reuni\u00e3o o secret\u00e1rio de Educa\u00e7\u00e3o, Aldo Fernandes; a secret\u00e1ria da SEMIDH, Luciana Oliveira; os vereadores Daniel Santiago e T\u00e9rcio Tinoco; al\u00e9m de representantes da deputada federal Carla Dickson e do vereador Daniel Rendal.<\/p>\n<p>Com o in\u00edcio dos atendimentos no CEI Leste II e o retorno das cirurgias no Hospital dos Pescadores, a Prefeitura do Natal d\u00e1 mais um passo para a inclus\u00e3o e o fortalecimento das pol\u00edticas p\u00fablicas voltadas \u00e0 sa\u00fade e ao bem-estar da\u00a0pessoa\u00a0com defici\u00eancia. <img data-recalc-dims=\"1\" fetchpriority=\"high\" decoding=\"async\" class=\"alignnone size-medium wp-image-18444\" src=\"https:\/\/i0.wp.com\/blogdobispo.com.br\/wp-content\/uploads\/2025\/11\/43717_Original.jpeg?resize=300%2C200\" alt=\"\" width=\"300\" height=\"200\" srcset=\"https:\/\/i0.wp.com\/blogdobispo.com.br\/wp-content\/uploads\/2025\/11\/43717_Original.jpeg?resize=300%2C200&amp;ssl=1 300w, https:\/\/i0.wp.com\/blogdobispo.com.br\/wp-content\/uploads\/2025\/11\/43717_Original.jpeg?resize=1024%2C682&amp;ssl=1 1024w, https:\/\/i0.wp.com\/blogdobispo.com.br\/wp-content\/uploads\/2025\/11\/43717_Original.jpeg?resize=768%2C512&amp;ssl=1 768w, https:\/\/i0.wp.com\/blogdobispo.com.br\/wp-content\/uploads\/2025\/11\/43717_Original.jpeg?w=1478&amp;ssl=1 1478w\" sizes=\"(max-width: 300px) 100vw, 300px\" \/><\/p>\n<\/div>\n","protected":false},"excerpt":{"rendered":"<p>A Prefeitura do Natal realizou, nesta ter\u00e7a-feira (4), a 5\u00aa Reuni\u00e3o do Grupo de Trabalho sobre o Transtorno do Espectro Autista (TEA), coordenado pela vice-prefeita Joanna Guerra. O encontro reuniu representantes das secretarias municipais de Sa\u00fade (SMS), Educa\u00e7\u00e3o (SME), Igualdade Racial e Direitos Humanos (SEMIDH), Assist\u00eancia Social (SEMTAS) e SEPAE, com o objetivo de apresentar [&hellip;]<\/p>\n","protected":false},"author":1,"featured_media":18444,"comment_status":"open","ping_status":"open","sticky":false,"template":"","format":"standard","meta":{"cybocfi_hide_featured_image":"","_jetpack_memberships_contains_paid_content":false,"footnotes":""},"categories":[1],"tags":[],"class_list":["post-18443","post","type-post","status-publish","format-standard","has-post-thumbnail","hentry","category-diversos"],"yoast_head":"<!-- This site is optimized with the Yoast SEO plugin v25.6 - https:\/\/yoast.com\/wordpress\/plugins\/seo\/ -->\n<title>Prefeitura de Natal anuncia avan\u00e7os em atendimentos para pessoas com TEA e cirurgias bucais - Blog do Bispo<\/title>\n<meta name=\"robots\" content=\"index, follow, max-snippet:-1, max-image-preview:large, max-video-preview:-1\" \/>\n<link rel=\"canonical\" href=\"https:\/\/blogdobispo.com.br\/?p=18443\" \/>\n<meta property=\"og:locale\" content=\"pt_BR\" \/>\n<meta property=\"og:type\" content=\"article\" \/>\n<meta property=\"og:title\" content=\"Prefeitura de Natal anuncia avan\u00e7os em atendimentos para pessoas com TEA e cirurgias bucais - Blog do Bispo\" \/>\n<meta property=\"og:description\" content=\"A Prefeitura do Natal realizou, nesta ter\u00e7a-feira (4), a 5\u00aa Reuni\u00e3o do Grupo de Trabalho sobre o Transtorno do Espectro Autista (TEA), coordenado pela vice-prefeita Joanna Guerra. O encontro reuniu representantes das secretarias municipais de Sa\u00fade (SMS), Educa\u00e7\u00e3o (SME), Igualdade Racial e Direitos Humanos (SEMIDH), Assist\u00eancia Social (SEMTAS) e SEPAE, com o objetivo de apresentar [&hellip;]\" \/>\n<meta property=\"og:url\" content=\"https:\/\/blogdobispo.com.br\/?p=18443\" \/>\n<meta property=\"og:site_name\" content=\"Blog do Bispo\" \/>\n<meta property=\"article:published_time\" content=\"2025-11-05T13:26:31+00:00\" \/>\n<meta property=\"og:image\" content=\"http:\/\/blogdobispo.com.br\/wp-content\/uploads\/2025\/11\/43717_Original.jpeg\" \/>\n\t<meta property=\"og:image:width\" content=\"1478\" \/>\n\t<meta property=\"og:image:height\" content=\"985\" \/>\n\t<meta property=\"og:image:type\" content=\"image\/jpeg\" \/>\n<meta name=\"author\" content=\"Jefferson Sterfeno\" \/>\n<meta name=\"twitter:card\" content=\"summary_large_image\" \/>\n<meta name=\"twitter:label1\" content=\"Escrito por\" \/>\n\t<meta name=\"twitter:data1\" content=\"Jefferson Sterfeno\" \/>\n\t<meta name=\"twitter:label2\" content=\"Est. tempo de leitura\" \/>\n\t<meta name=\"twitter:data2\" content=\"4 minutos\" \/>\n<script type=\"application\/ld+json\" class=\"yoast-schema-graph\">{\"@context\":\"https:\/\/schema.org\",\"@graph\":[{\"@type\":\"Article\",\"@id\":\"https:\/\/blogdobispo.com.br\/?p=18443#article\",\"isPartOf\":{\"@id\":\"https:\/\/blogdobispo.com.br\/?p=18443\"},\"author\":{\"name\":\"Jefferson Sterfeno\",\"@id\":\"https:\/\/blogdobispo.com.br\/#\/schema\/person\/e2209cc0e6cea5c5233d033e997b373f\"},\"headline\":\"Prefeitura de Natal anuncia avan\u00e7os em atendimentos para pessoas com TEA e cirurgias bucais\",\"datePublished\":\"2025-11-05T13:26:31+00:00\",\"mainEntityOfPage\":{\"@id\":\"https:\/\/blogdobispo.com.br\/?p=18443\"},\"wordCount\":647,\"commentCount\":0,\"publisher\":{\"@id\":\"https:\/\/blogdobispo.com.br\/#organization\"},\"image\":{\"@id\":\"https:\/\/blogdobispo.com.br\/?p=18443#primaryimage\"},\"thumbnailUrl\":\"https:\/\/i0.wp.com\/blogdobispo.com.br\/wp-content\/uploads\/2025\/11\/43717_Original.jpeg?fit=1478%2C985&ssl=1\",\"articleSection\":[\"diversos\"],\"inLanguage\":\"pt-BR\",\"potentialAction\":[{\"@type\":\"CommentAction\",\"name\":\"Comment\",\"target\":[\"https:\/\/blogdobispo.com.br\/?p=18443#respond\"]}]},{\"@type\":\"WebPage\",\"@id\":\"https:\/\/blogdobispo.com.br\/?p=18443\",\"url\":\"https:\/\/blogdobispo.com.br\/?p=18443\",\"name\":\"Prefeitura de Natal anuncia avan\u00e7os em atendimentos para pessoas com TEA e cirurgias bucais - Blog do Bispo\",\"isPartOf\":{\"@id\":\"https:\/\/blogdobispo.com.br\/#website\"},\"primaryImageOfPage\":{\"@id\":\"https:\/\/blogdobispo.com.br\/?p=18443#primaryimage\"},\"image\":{\"@id\":\"https:\/\/blogdobispo.com.br\/?p=18443#primaryimage\"},\"thumbnailUrl\":\"https:\/\/i0.wp.com\/blogdobispo.com.br\/wp-content\/uploads\/2025\/11\/43717_Original.jpeg?fit=1478%2C985&ssl=1\",\"datePublished\":\"2025-11-05T13:26:31+00:00\",\"breadcrumb\":{\"@id\":\"https:\/\/blogdobispo.com.br\/?p=18443#breadcrumb\"},\"inLanguage\":\"pt-BR\",\"potentialAction\":[{\"@type\":\"ReadAction\",\"target\":[\"https:\/\/blogdobispo.com.br\/?p=18443\"]}]},{\"@type\":\"ImageObject\",\"inLanguage\":\"pt-BR\",\"@id\":\"https:\/\/blogdobispo.com.br\/?p=18443#primaryimage\",\"url\":\"https:\/\/i0.wp.com\/blogdobispo.com.br\/wp-content\/uploads\/2025\/11\/43717_Original.jpeg?fit=1478%2C985&ssl=1\",\"contentUrl\":\"https:\/\/i0.wp.com\/blogdobispo.com.br\/wp-content\/uploads\/2025\/11\/43717_Original.jpeg?fit=1478%2C985&ssl=1\",\"width\":1478,\"height\":985},{\"@type\":\"BreadcrumbList\",\"@id\":\"https:\/\/blogdobispo.com.br\/?p=18443#breadcrumb\",\"itemListElement\":[{\"@type\":\"ListItem\",\"position\":1,\"name\":\"In\u00edcio\",\"item\":\"https:\/\/blogdobispo.com.br\/\"},{\"@type\":\"ListItem\",\"position\":2,\"name\":\"Prefeitura de Natal anuncia avan\u00e7os em atendimentos para pessoas com TEA e cirurgias bucais\"}]},{\"@type\":\"WebSite\",\"@id\":\"https:\/\/blogdobispo.com.br\/#website\",\"url\":\"https:\/\/blogdobispo.com.br\/\",\"name\":\"Blog do Bispo\",\"description\":\"Comprometido apenas com o leitor\",\"publisher\":{\"@id\":\"https:\/\/blogdobispo.com.br\/#organization\"},\"potentialAction\":[{\"@type\":\"SearchAction\",\"target\":{\"@type\":\"EntryPoint\",\"urlTemplate\":\"https:\/\/blogdobispo.com.br\/?s={search_term_string}\"},\"query-input\":{\"@type\":\"PropertyValueSpecification\",\"valueRequired\":true,\"valueName\":\"search_term_string\"}}],\"inLanguage\":\"pt-BR\"},{\"@type\":\"Organization\",\"@id\":\"https:\/\/blogdobispo.com.br\/#organization\",\"name\":\"Blog do Bispo\",\"url\":\"https:\/\/blogdobispo.com.br\/\",\"logo\":{\"@type\":\"ImageObject\",\"inLanguage\":\"pt-BR\",\"@id\":\"https:\/\/blogdobispo.com.br\/#\/schema\/logo\/image\/\",\"url\":\"http:\/\/blogdobispo.com.br\/wp-content\/uploads\/2023\/05\/cropped-headear.png\",\"contentUrl\":\"http:\/\/blogdobispo.com.br\/wp-content\/uploads\/2023\/05\/cropped-headear.png\",\"width\":1500,\"height\":399,\"caption\":\"Blog do Bispo\"},\"image\":{\"@id\":\"https:\/\/blogdobispo.com.br\/#\/schema\/logo\/image\/\"}},{\"@type\":\"Person\",\"@id\":\"https:\/\/blogdobispo.com.br\/#\/schema\/person\/e2209cc0e6cea5c5233d033e997b373f\",\"name\":\"Jefferson Sterfeno\",\"image\":{\"@type\":\"ImageObject\",\"inLanguage\":\"pt-BR\",\"@id\":\"https:\/\/blogdobispo.com.br\/#\/schema\/person\/image\/\",\"url\":\"https:\/\/secure.gravatar.com\/avatar\/0534e84764641168a677026b6d57a3f51dc7ac4db0b4f6186d9cb330d4ee1160?s=96&d=mm&r=g\",\"contentUrl\":\"https:\/\/secure.gravatar.com\/avatar\/0534e84764641168a677026b6d57a3f51dc7ac4db0b4f6186d9cb330d4ee1160?s=96&d=mm&r=g\",\"caption\":\"Jefferson Sterfeno\"},\"sameAs\":[\"http:\/\/blogdobispo.com.br\"],\"url\":\"https:\/\/blogdobispo.com.br\/?author=1\"}]}<\/script>\n<!-- \/ Yoast SEO plugin. -->","yoast_head_json":{"title":"Prefeitura de Natal anuncia avan\u00e7os em atendimentos para pessoas com TEA e cirurgias bucais - Blog do Bispo","robots":{"index":"index","follow":"follow","max-snippet":"max-snippet:-1","max-image-preview":"max-image-preview:large","max-video-preview":"max-video-preview:-1"},"canonical":"https:\/\/blogdobispo.com.br\/?p=18443","og_locale":"pt_BR","og_type":"article","og_title":"Prefeitura de Natal anuncia avan\u00e7os em atendimentos para pessoas com TEA e cirurgias bucais - Blog do Bispo","og_description":"A Prefeitura do Natal realizou, nesta ter\u00e7a-feira (4), a 5\u00aa Reuni\u00e3o do Grupo de Trabalho sobre o Transtorno do Espectro Autista (TEA), coordenado pela vice-prefeita Joanna Guerra. O encontro reuniu representantes das secretarias municipais de Sa\u00fade (SMS), Educa\u00e7\u00e3o (SME), Igualdade Racial e Direitos Humanos (SEMIDH), Assist\u00eancia Social (SEMTAS) e SEPAE, com o objetivo de apresentar [&hellip;]","og_url":"https:\/\/blogdobispo.com.br\/?p=18443","og_site_name":"Blog do Bispo","article_published_time":"2025-11-05T13:26:31+00:00","og_image":[{"width":1478,"height":985,"url":"http:\/\/blogdobispo.com.br\/wp-content\/uploads\/2025\/11\/43717_Original.jpeg","type":"image\/jpeg"}],"author":"Jefferson Sterfeno","twitter_card":"summary_large_image","twitter_misc":{"Escrito por":"Jefferson Sterfeno","Est. tempo de leitura":"4 minutos"},"schema":{"@context":"https:\/\/schema.org","@graph":[{"@type":"Article","@id":"https:\/\/blogdobispo.com.br\/?p=18443#article","isPartOf":{"@id":"https:\/\/blogdobispo.com.br\/?p=18443"},"author":{"name":"Jefferson Sterfeno","@id":"https:\/\/blogdobispo.com.br\/#\/schema\/person\/e2209cc0e6cea5c5233d033e997b373f"},"headline":"Prefeitura de Natal anuncia avan\u00e7os em atendimentos para pessoas com TEA e cirurgias bucais","datePublished":"2025-11-05T13:26:31+00:00","mainEntityOfPage":{"@id":"https:\/\/blogdobispo.com.br\/?p=18443"},"wordCount":647,"commentCount":0,"publisher":{"@id":"https:\/\/blogdobispo.com.br\/#organization"},"image":{"@id":"https:\/\/blogdobispo.com.br\/?p=18443#primaryimage"},"thumbnailUrl":"https:\/\/i0.wp.com\/blogdobispo.com.br\/wp-content\/uploads\/2025\/11\/43717_Original.jpeg?fit=1478%2C985&ssl=1","articleSection":["diversos"],"inLanguage":"pt-BR","potentialAction":[{"@type":"CommentAction","name":"Comment","target":["https:\/\/blogdobispo.com.br\/?p=18443#respond"]}]},{"@type":"WebPage","@id":"https:\/\/blogdobispo.com.br\/?p=18443","url":"https:\/\/blogdobispo.com.br\/?p=18443","name":"Prefeitura de Natal anuncia avan\u00e7os em atendimentos para pessoas com TEA e cirurgias bucais - Blog do Bispo","isPartOf":{"@id":"https:\/\/blogdobispo.com.br\/#website"},"primaryImageOfPage":{"@id":"https:\/\/blogdobispo.com.br\/?p=18443#primaryimage"},"image":{"@id":"https:\/\/blogdobispo.com.br\/?p=18443#primaryimage"},"thumbnailUrl":"https:\/\/i0.wp.com\/blogdobispo.com.br\/wp-content\/uploads\/2025\/11\/43717_Original.jpeg?fit=1478%2C985&ssl=1","datePublished":"2025-11-05T13:26:31+00:00","breadcrumb":{"@id":"https:\/\/blogdobispo.com.br\/?p=18443#breadcrumb"},"inLanguage":"pt-BR","potentialAction":[{"@type":"ReadAction","target":["https:\/\/blogdobispo.com.br\/?p=18443"]}]},{"@type":"ImageObject","inLanguage":"pt-BR","@id":"https:\/\/blogdobispo.com.br\/?p=18443#primaryimage","url":"https:\/\/i0.wp.com\/blogdobispo.com.br\/wp-content\/uploads\/2025\/11\/43717_Original.jpeg?fit=1478%2C985&ssl=1","contentUrl":"https:\/\/i0.wp.com\/blogdobispo.com.br\/wp-content\/uploads\/2025\/11\/43717_Original.jpeg?fit=1478%2C985&ssl=1","width":1478,"height":985},{"@type":"BreadcrumbList","@id":"https:\/\/blogdobispo.com.br\/?p=18443#breadcrumb","itemListElement":[{"@type":"ListItem","position":1,"name":"In\u00edcio","item":"https:\/\/blogdobispo.com.br\/"},{"@type":"ListItem","position":2,"name":"Prefeitura de Natal anuncia avan\u00e7os em atendimentos para pessoas com TEA e cirurgias bucais"}]},{"@type":"WebSite","@id":"https:\/\/blogdobispo.com.br\/#website","url":"https:\/\/blogdobispo.com.br\/","name":"Blog do Bispo","description":"Comprometido apenas com o leitor","publisher":{"@id":"https:\/\/blogdobispo.com.br\/#organization"},"potentialAction":[{"@type":"SearchAction","target":{"@type":"EntryPoint","urlTemplate":"https:\/\/blogdobispo.com.br\/?s={search_term_string}"},"query-input":{"@type":"PropertyValueSpecification","valueRequired":true,"valueName":"search_term_string"}}],"inLanguage":"pt-BR"},{"@type":"Organization","@id":"https:\/\/blogdobispo.com.br\/#organization","name":"Blog do Bispo","url":"https:\/\/blogdobispo.com.br\/","logo":{"@type":"ImageObject","inLanguage":"pt-BR","@id":"https:\/\/blogdobispo.com.br\/#\/schema\/logo\/image\/","url":"http:\/\/blogdobispo.com.br\/wp-content\/uploads\/2023\/05\/cropped-headear.png","contentUrl":"http:\/\/blogdobispo.com.br\/wp-content\/uploads\/2023\/05\/cropped-headear.png","width":1500,"height":399,"caption":"Blog do Bispo"},"image":{"@id":"https:\/\/blogdobispo.com.br\/#\/schema\/logo\/image\/"}},{"@type":"Person","@id":"https:\/\/blogdobispo.com.br\/#\/schema\/person\/e2209cc0e6cea5c5233d033e997b373f","name":"Jefferson Sterfeno","image":{"@type":"ImageObject","inLanguage":"pt-BR","@id":"https:\/\/blogdobispo.com.br\/#\/schema\/person\/image\/","url":"https:\/\/secure.gravatar.com\/avatar\/0534e84764641168a677026b6d57a3f51dc7ac4db0b4f6186d9cb330d4ee1160?s=96&d=mm&r=g","contentUrl":"https:\/\/secure.gravatar.com\/avatar\/0534e84764641168a677026b6d57a3f51dc7ac4db0b4f6186d9cb330d4ee1160?s=96&d=mm&r=g","caption":"Jefferson Sterfeno"},"sameAs":["http:\/\/blogdobispo.com.br"],"url":"https:\/\/blogdobispo.com.br\/?author=1"}]}},"featured_image_urls":{"full":["https:\/\/i0.wp.com\/blogdobispo.com.br\/wp-content\/uploads\/2025\/11\/43717_Original.jpeg?fit=1478%2C985&ssl=1",1478,985,false],"thumbnail":["https:\/\/i0.wp.com\/blogdobispo.com.br\/wp-content\/uploads\/2025\/11\/43717_Original.jpeg?resize=150%2C150&ssl=1",150,150,true],"medium":["https:\/\/i0.wp.com\/blogdobispo.com.br\/wp-content\/uploads\/2025\/11\/43717_Original.jpeg?fit=300%2C200&ssl=1",300,200,true],"medium_large":["https:\/\/i0.wp.com\/blogdobispo.com.br\/wp-content\/uploads\/2025\/11\/43717_Original.jpeg?fit=768%2C512&ssl=1",768,512,true],"large":["https:\/\/i0.wp.com\/blogdobispo.com.br\/wp-content\/uploads\/2025\/11\/43717_Original.jpeg?fit=800%2C533&ssl=1",800,533,true],"1536x1536":["https:\/\/i0.wp.com\/blogdobispo.com.br\/wp-content\/uploads\/2025\/11\/43717_Original.jpeg?fit=1478%2C985&ssl=1",1478,985,true],"2048x2048":["https:\/\/i0.wp.com\/blogdobispo.com.br\/wp-content\/uploads\/2025\/11\/43717_Original.jpeg?fit=1478%2C985&ssl=1",1478,985,true]},"author_info":{"display_name":"Jefferson Sterfeno","author_link":"https:\/\/blogdobispo.com.br\/?author=1"},"category_info":"<a href=\"https:\/\/blogdobispo.com.br\/?cat=1\" rel=\"category\">diversos<\/a>","tag_info":"diversos","comment_count":"0","jetpack_featured_media_url":"https:\/\/i0.wp.com\/blogdobispo.com.br\/wp-content\/uploads\/2025\/11\/43717_Original.jpeg?fit=1478%2C985&ssl=1","jetpack_sharing_enabled":true,"_links":{"self":[{"href":"https:\/\/blogdobispo.com.br\/index.php?rest_route=\/wp\/v2\/posts\/18443","targetHints":{"allow":["GET"]}}],"collection":[{"href":"https:\/\/blogdobispo.com.br\/index.php?rest_route=\/wp\/v2\/posts"}],"about":[{"href":"https:\/\/blogdobispo.com.br\/index.php?rest_route=\/wp\/v2\/types\/post"}],"author":[{"embeddable":true,"href":"https:\/\/blogdobispo.com.br\/index.php?rest_route=\/wp\/v2\/users\/1"}],"replies":[{"embeddable":true,"href":"https:\/\/blogdobispo.com.br\/index.php?rest_route=%2Fwp%2Fv2%2Fcomments&post=18443"}],"version-history":[{"count":1,"href":"https:\/\/blogdobispo.com.br\/index.php?rest_route=\/wp\/v2\/posts\/18443\/revisions"}],"predecessor-version":[{"id":18445,"href":"https:\/\/blogdobispo.com.br\/index.php?rest_route=\/wp\/v2\/posts\/18443\/revisions\/18445"}],"wp:featuredmedia":[{"embeddable":true,"href":"https:\/\/blogdobispo.com.br\/index.php?rest_route=\/wp\/v2\/media\/18444"}],"wp:attachment":[{"href":"https:\/\/blogdobispo.com.br\/index.php?rest_route=%2Fwp%2Fv2%2Fmedia&parent=18443"}],"wp:term":[{"taxonomy":"category","embeddable":true,"href":"https:\/\/blogdobispo.com.br\/index.php?rest_route=%2Fwp%2Fv2%2Fcategories&post=18443"},{"taxonomy":"post_tag","embeddable":true,"href":"https:\/\/blogdobispo.com.br\/index.php?rest_route=%2Fwp%2Fv2%2Ftags&post=18443"}],"curies":[{"name":"wp","href":"https:\/\/api.w.org\/{rel}","templated":true}]}}