{"id":18439,"date":"2025-11-05T13:17:12","date_gmt":"2025-11-05T13:17:12","guid":{"rendered":"https:\/\/blogdobispo.com.br\/?p=18439"},"modified":"2025-11-05T13:17:12","modified_gmt":"2025-11-05T13:17:12","slug":"tse-aprova-registro-do-missao-partido-do-mbl-e-30o-do-pais","status":"publish","type":"post","link":"https:\/\/blogdobispo.com.br\/?p=18439","title":{"rendered":"TSE aprova registro do Miss\u00e3o, partido do MBL e 30\u00ba do pa\u00eds"},"content":{"rendered":"<p>O plen\u00e1rio do\u00a0<strong class=\"group-[.isActiveSource]:text-xl group-[.isActiveSource]:font-bold\">TSE (Tribunal Superior Eleitoral)<\/strong>\u00a0aprovou nesta ter\u00e7a-feira (4), por unanimidade, o registro do\u00a0<strong class=\"group-[.isActiveSource]:text-xl group-[.isActiveSource]:font-bold\">partido Miss\u00e3o<\/strong>, ligado ao\u00a0<strong class=\"group-[.isActiveSource]:text-xl group-[.isActiveSource]:font-bold\">MBL (Movimento Brasil Livre).\u00a0<\/strong>A sigla ser\u00e1 a 30\u00aa legenda pol\u00edtica no pa\u00eds.<\/p>\n<p>O assunto foi tratado na sess\u00e3o administrativa do TSE e o processo foi relatado pelo ministro\u00a0<strong class=\"group-[.isActiveSource]:text-xl group-[.isActiveSource]:font-bold\">Andr\u00e9 Mendon\u00e7a<\/strong>.<\/p>\n<p>Ao fazer a defesa da cria\u00e7\u00e3o do partido, o advogado Arthur Lu\u00eds Mendon\u00e7a Rollo ressaltou a atua\u00e7\u00e3o do movimento pol\u00edtico e destacou as mais de 590 mil assinaturas colhidas em todas as regi\u00f5es do pa\u00eds.<\/p>\n<p class=\"my-5 break-words group-[.isActiveSource]:text-xl\">Mendon\u00e7a, por sua vez, ponderou a necessidade de fazer ajustes do estatuto do partido para ficar em conformidade com a legisla\u00e7\u00e3o, no prazo de 90 dias, e votou pelo deferimento do registro.<\/p>\n<p class=\"my-5 break-words group-[.isActiveSource]:text-xl\">O voto do relator foi acompanhado sem ressalvas pelos ministros\u00a0<strong class=\"group-[.isActiveSource]:text-xl group-[.isActiveSource]:font-bold\">Antonio Carlos Ferreira<\/strong>,\u00a0<strong class=\"group-[.isActiveSource]:text-xl group-[.isActiveSource]:font-bold\">Floriano de Azevedo Marques<\/strong>,\u00a0<strong class=\"group-[.isActiveSource]:text-xl group-[.isActiveSource]:font-bold\">Nunes Marques<\/strong>, e pelas ministras\u00a0<strong class=\"group-[.isActiveSource]:text-xl group-[.isActiveSource]:font-bold\">Isabel Gallotti<\/strong>,\u00a0<strong class=\"group-[.isActiveSource]:text-xl group-[.isActiveSource]:font-bold\">Estela Aranha<\/strong>\u00a0e a presidente\u00a0<strong class=\"group-[.isActiveSource]:text-xl group-[.isActiveSource]:font-bold\">C\u00e1rmen L\u00facia<\/strong>.<\/p>\n<p class=\"my-5 break-words group-[.isActiveSource]:text-xl\">\u00c0\u00a0<strong class=\"group-[.isActiveSource]:text-xl group-[.isActiveSource]:font-bold\">CNN Brasil<\/strong>, o deputado federal\u00a0<a class=\"text-red-600 underline hover:text-red-500 font-medium break-words group-[.isActiveSource]:text-xl\" href=\"https:\/\/www.cnnbrasil.com.br\/politica\/deputado-sugere-inelegibilidade-a-pessoas-ligadas-ao-crime-organizado\/\" target=\"_blank\" rel=\"noopener noreferrer\"><strong class=\"group-[.isActiveSource]:text-xl group-[.isActiveSource]:font-bold\">Kim Kataguiri<\/strong><\/a>\u00a0(Uni\u00e3o-SP), um dos l\u00edderes do MBL, disse que a legenda pretende lan\u00e7ar pr\u00e9-candidatos \u00e0 Presid\u00eancia da Rep\u00fablica e aos governos de S\u00e3o Paulo e do Rio de Janeiro.<\/p>\n<p class=\"my-5 break-words group-[.isActiveSource]:text-xl\">&#8220;N\u00f3s temos, primeiro, uma das nossas principais frentes est\u00e1 em voga agora, que \u00e9 o enfrentamento ao crime organizado, que \u00e9 a declara\u00e7\u00e3o de guerra \u00e0s fac\u00e7\u00f5es criminosas e n\u00e3o \u00e9 uma guerra no sentido figurado, \u00e9 uma guerra literal&#8221;, disse Kataguiri.<\/p>\n<p class=\"my-5 break-words group-[.isActiveSource]:text-xl\">&#8220;Tamb\u00e9m uma defesa radical e uma reforma do Estado, de senadores, deputados, de ju\u00edzes, de promotores, enfim, fazer uma defesa muito veemente de que se corte os privil\u00e9gios que a gente tem hoje, tanto para a elite do funcionalismo p\u00fablico, como tamb\u00e9m a gente tem a\u00ed para a elite de setores privados que tem poder de lobby dentro do Congresso Nacional&#8221;, completou.<\/p>\n<p class=\"my-5 break-words group-[.isActiveSource]:text-xl\"><img data-recalc-dims=\"1\" fetchpriority=\"high\" decoding=\"async\" class=\"alignnone size-medium wp-image-18440\" src=\"https:\/\/i0.wp.com\/blogdobispo.com.br\/wp-content\/uploads\/2025\/11\/204536.jpg?resize=300%2C225\" alt=\"\" width=\"300\" height=\"225\" srcset=\"https:\/\/i0.wp.com\/blogdobispo.com.br\/wp-content\/uploads\/2025\/11\/204536.jpg?resize=300%2C225&amp;ssl=1 300w, https:\/\/i0.wp.com\/blogdobispo.com.br\/wp-content\/uploads\/2025\/11\/204536.jpg?w=640&amp;ssl=1 640w\" sizes=\"(max-width: 300px) 100vw, 300px\" \/><\/p>\n","protected":false},"excerpt":{"rendered":"<p>O plen\u00e1rio do\u00a0TSE (Tribunal Superior Eleitoral)\u00a0aprovou nesta ter\u00e7a-feira (4), por unanimidade, o registro do\u00a0partido Miss\u00e3o, ligado ao\u00a0MBL (Movimento Brasil Livre).\u00a0A sigla ser\u00e1 a 30\u00aa legenda pol\u00edtica no pa\u00eds. O assunto foi tratado na sess\u00e3o administrativa do TSE e o processo foi relatado pelo ministro\u00a0Andr\u00e9 Mendon\u00e7a. Ao fazer a defesa da cria\u00e7\u00e3o do partido, o advogado [&hellip;]<\/p>\n","protected":false},"author":1,"featured_media":18440,"comment_status":"open","ping_status":"open","sticky":false,"template":"","format":"standard","meta":{"cybocfi_hide_featured_image":"","_jetpack_memberships_contains_paid_content":false,"footnotes":""},"categories":[1],"tags":[],"class_list":["post-18439","post","type-post","status-publish","format-standard","has-post-thumbnail","hentry","category-diversos"],"yoast_head":"<!-- This site is optimized with the Yoast SEO plugin v25.6 - https:\/\/yoast.com\/wordpress\/plugins\/seo\/ -->\n<title>TSE aprova registro do Miss\u00e3o, partido do MBL e 30\u00ba do pa\u00eds - Blog do Bispo<\/title>\n<meta name=\"robots\" content=\"index, follow, max-snippet:-1, max-image-preview:large, max-video-preview:-1\" \/>\n<link rel=\"canonical\" href=\"https:\/\/blogdobispo.com.br\/?p=18439\" \/>\n<meta property=\"og:locale\" content=\"pt_BR\" \/>\n<meta property=\"og:type\" content=\"article\" \/>\n<meta property=\"og:title\" content=\"TSE aprova registro do Miss\u00e3o, partido do MBL e 30\u00ba do pa\u00eds - Blog do Bispo\" \/>\n<meta property=\"og:description\" content=\"O plen\u00e1rio do\u00a0TSE (Tribunal Superior Eleitoral)\u00a0aprovou nesta ter\u00e7a-feira (4), por unanimidade, o registro do\u00a0partido Miss\u00e3o, ligado ao\u00a0MBL (Movimento Brasil Livre).\u00a0A sigla ser\u00e1 a 30\u00aa legenda pol\u00edtica no pa\u00eds. O assunto foi tratado na sess\u00e3o administrativa do TSE e o processo foi relatado pelo ministro\u00a0Andr\u00e9 Mendon\u00e7a. Ao fazer a defesa da cria\u00e7\u00e3o do partido, o advogado [&hellip;]\" \/>\n<meta property=\"og:url\" content=\"https:\/\/blogdobispo.com.br\/?p=18439\" \/>\n<meta property=\"og:site_name\" content=\"Blog do Bispo\" \/>\n<meta property=\"article:published_time\" content=\"2025-11-05T13:17:12+00:00\" \/>\n<meta property=\"og:image\" content=\"http:\/\/blogdobispo.com.br\/wp-content\/uploads\/2025\/11\/204536.jpg\" \/>\n\t<meta property=\"og:image:width\" content=\"640\" \/>\n\t<meta property=\"og:image:height\" content=\"480\" \/>\n\t<meta property=\"og:image:type\" content=\"image\/jpeg\" \/>\n<meta name=\"author\" content=\"Jefferson Sterfeno\" \/>\n<meta name=\"twitter:card\" content=\"summary_large_image\" \/>\n<meta name=\"twitter:label1\" content=\"Escrito por\" \/>\n\t<meta name=\"twitter:data1\" content=\"Jefferson Sterfeno\" \/>\n\t<meta name=\"twitter:label2\" content=\"Est. tempo de leitura\" \/>\n\t<meta name=\"twitter:data2\" content=\"2 minutos\" \/>\n<script type=\"application\/ld+json\" class=\"yoast-schema-graph\">{\"@context\":\"https:\/\/schema.org\",\"@graph\":[{\"@type\":\"Article\",\"@id\":\"https:\/\/blogdobispo.com.br\/?p=18439#article\",\"isPartOf\":{\"@id\":\"https:\/\/blogdobispo.com.br\/?p=18439\"},\"author\":{\"name\":\"Jefferson Sterfeno\",\"@id\":\"https:\/\/blogdobispo.com.br\/#\/schema\/person\/e2209cc0e6cea5c5233d033e997b373f\"},\"headline\":\"TSE aprova registro do Miss\u00e3o, partido do MBL e 30\u00ba do pa\u00eds\",\"datePublished\":\"2025-11-05T13:17:12+00:00\",\"mainEntityOfPage\":{\"@id\":\"https:\/\/blogdobispo.com.br\/?p=18439\"},\"wordCount\":326,\"commentCount\":0,\"publisher\":{\"@id\":\"https:\/\/blogdobispo.com.br\/#organization\"},\"image\":{\"@id\":\"https:\/\/blogdobispo.com.br\/?p=18439#primaryimage\"},\"thumbnailUrl\":\"https:\/\/i0.wp.com\/blogdobispo.com.br\/wp-content\/uploads\/2025\/11\/204536.jpg?fit=640%2C480&ssl=1\",\"articleSection\":[\"diversos\"],\"inLanguage\":\"pt-BR\",\"potentialAction\":[{\"@type\":\"CommentAction\",\"name\":\"Comment\",\"target\":[\"https:\/\/blogdobispo.com.br\/?p=18439#respond\"]}]},{\"@type\":\"WebPage\",\"@id\":\"https:\/\/blogdobispo.com.br\/?p=18439\",\"url\":\"https:\/\/blogdobispo.com.br\/?p=18439\",\"name\":\"TSE aprova registro do Miss\u00e3o, partido do MBL e 30\u00ba do pa\u00eds - Blog do Bispo\",\"isPartOf\":{\"@id\":\"https:\/\/blogdobispo.com.br\/#website\"},\"primaryImageOfPage\":{\"@id\":\"https:\/\/blogdobispo.com.br\/?p=18439#primaryimage\"},\"image\":{\"@id\":\"https:\/\/blogdobispo.com.br\/?p=18439#primaryimage\"},\"thumbnailUrl\":\"https:\/\/i0.wp.com\/blogdobispo.com.br\/wp-content\/uploads\/2025\/11\/204536.jpg?fit=640%2C480&ssl=1\",\"datePublished\":\"2025-11-05T13:17:12+00:00\",\"breadcrumb\":{\"@id\":\"https:\/\/blogdobispo.com.br\/?p=18439#breadcrumb\"},\"inLanguage\":\"pt-BR\",\"potentialAction\":[{\"@type\":\"ReadAction\",\"target\":[\"https:\/\/blogdobispo.com.br\/?p=18439\"]}]},{\"@type\":\"ImageObject\",\"inLanguage\":\"pt-BR\",\"@id\":\"https:\/\/blogdobispo.com.br\/?p=18439#primaryimage\",\"url\":\"https:\/\/i0.wp.com\/blogdobispo.com.br\/wp-content\/uploads\/2025\/11\/204536.jpg?fit=640%2C480&ssl=1\",\"contentUrl\":\"https:\/\/i0.wp.com\/blogdobispo.com.br\/wp-content\/uploads\/2025\/11\/204536.jpg?fit=640%2C480&ssl=1\",\"width\":640,\"height\":480},{\"@type\":\"BreadcrumbList\",\"@id\":\"https:\/\/blogdobispo.com.br\/?p=18439#breadcrumb\",\"itemListElement\":[{\"@type\":\"ListItem\",\"position\":1,\"name\":\"In\u00edcio\",\"item\":\"https:\/\/blogdobispo.com.br\/\"},{\"@type\":\"ListItem\",\"position\":2,\"name\":\"TSE aprova registro do Miss\u00e3o, partido do MBL e 30\u00ba do pa\u00eds\"}]},{\"@type\":\"WebSite\",\"@id\":\"https:\/\/blogdobispo.com.br\/#website\",\"url\":\"https:\/\/blogdobispo.com.br\/\",\"name\":\"Blog do Bispo\",\"description\":\"Comprometido apenas com o leitor\",\"publisher\":{\"@id\":\"https:\/\/blogdobispo.com.br\/#organization\"},\"potentialAction\":[{\"@type\":\"SearchAction\",\"target\":{\"@type\":\"EntryPoint\",\"urlTemplate\":\"https:\/\/blogdobispo.com.br\/?s={search_term_string}\"},\"query-input\":{\"@type\":\"PropertyValueSpecification\",\"valueRequired\":true,\"valueName\":\"search_term_string\"}}],\"inLanguage\":\"pt-BR\"},{\"@type\":\"Organization\",\"@id\":\"https:\/\/blogdobispo.com.br\/#organization\",\"name\":\"Blog do Bispo\",\"url\":\"https:\/\/blogdobispo.com.br\/\",\"logo\":{\"@type\":\"ImageObject\",\"inLanguage\":\"pt-BR\",\"@id\":\"https:\/\/blogdobispo.com.br\/#\/schema\/logo\/image\/\",\"url\":\"http:\/\/blogdobispo.com.br\/wp-content\/uploads\/2023\/05\/cropped-headear.png\",\"contentUrl\":\"http:\/\/blogdobispo.com.br\/wp-content\/uploads\/2023\/05\/cropped-headear.png\",\"width\":1500,\"height\":399,\"caption\":\"Blog do Bispo\"},\"image\":{\"@id\":\"https:\/\/blogdobispo.com.br\/#\/schema\/logo\/image\/\"}},{\"@type\":\"Person\",\"@id\":\"https:\/\/blogdobispo.com.br\/#\/schema\/person\/e2209cc0e6cea5c5233d033e997b373f\",\"name\":\"Jefferson Sterfeno\",\"image\":{\"@type\":\"ImageObject\",\"inLanguage\":\"pt-BR\",\"@id\":\"https:\/\/blogdobispo.com.br\/#\/schema\/person\/image\/\",\"url\":\"https:\/\/secure.gravatar.com\/avatar\/0534e84764641168a677026b6d57a3f51dc7ac4db0b4f6186d9cb330d4ee1160?s=96&d=mm&r=g\",\"contentUrl\":\"https:\/\/secure.gravatar.com\/avatar\/0534e84764641168a677026b6d57a3f51dc7ac4db0b4f6186d9cb330d4ee1160?s=96&d=mm&r=g\",\"caption\":\"Jefferson Sterfeno\"},\"sameAs\":[\"http:\/\/blogdobispo.com.br\"],\"url\":\"https:\/\/blogdobispo.com.br\/?author=1\"}]}<\/script>\n<!-- \/ Yoast SEO plugin. -->","yoast_head_json":{"title":"TSE aprova registro do Miss\u00e3o, partido do MBL e 30\u00ba do pa\u00eds - Blog do Bispo","robots":{"index":"index","follow":"follow","max-snippet":"max-snippet:-1","max-image-preview":"max-image-preview:large","max-video-preview":"max-video-preview:-1"},"canonical":"https:\/\/blogdobispo.com.br\/?p=18439","og_locale":"pt_BR","og_type":"article","og_title":"TSE aprova registro do Miss\u00e3o, partido do MBL e 30\u00ba do pa\u00eds - Blog do Bispo","og_description":"O plen\u00e1rio do\u00a0TSE (Tribunal Superior Eleitoral)\u00a0aprovou nesta ter\u00e7a-feira (4), por unanimidade, o registro do\u00a0partido Miss\u00e3o, ligado ao\u00a0MBL (Movimento Brasil Livre).\u00a0A sigla ser\u00e1 a 30\u00aa legenda pol\u00edtica no pa\u00eds. O assunto foi tratado na sess\u00e3o administrativa do TSE e o processo foi relatado pelo ministro\u00a0Andr\u00e9 Mendon\u00e7a. Ao fazer a defesa da cria\u00e7\u00e3o do partido, o advogado [&hellip;]","og_url":"https:\/\/blogdobispo.com.br\/?p=18439","og_site_name":"Blog do Bispo","article_published_time":"2025-11-05T13:17:12+00:00","og_image":[{"width":640,"height":480,"url":"http:\/\/blogdobispo.com.br\/wp-content\/uploads\/2025\/11\/204536.jpg","type":"image\/jpeg"}],"author":"Jefferson Sterfeno","twitter_card":"summary_large_image","twitter_misc":{"Escrito por":"Jefferson Sterfeno","Est. tempo de leitura":"2 minutos"},"schema":{"@context":"https:\/\/schema.org","@graph":[{"@type":"Article","@id":"https:\/\/blogdobispo.com.br\/?p=18439#article","isPartOf":{"@id":"https:\/\/blogdobispo.com.br\/?p=18439"},"author":{"name":"Jefferson Sterfeno","@id":"https:\/\/blogdobispo.com.br\/#\/schema\/person\/e2209cc0e6cea5c5233d033e997b373f"},"headline":"TSE aprova registro do Miss\u00e3o, partido do MBL e 30\u00ba do pa\u00eds","datePublished":"2025-11-05T13:17:12+00:00","mainEntityOfPage":{"@id":"https:\/\/blogdobispo.com.br\/?p=18439"},"wordCount":326,"commentCount":0,"publisher":{"@id":"https:\/\/blogdobispo.com.br\/#organization"},"image":{"@id":"https:\/\/blogdobispo.com.br\/?p=18439#primaryimage"},"thumbnailUrl":"https:\/\/i0.wp.com\/blogdobispo.com.br\/wp-content\/uploads\/2025\/11\/204536.jpg?fit=640%2C480&ssl=1","articleSection":["diversos"],"inLanguage":"pt-BR","potentialAction":[{"@type":"CommentAction","name":"Comment","target":["https:\/\/blogdobispo.com.br\/?p=18439#respond"]}]},{"@type":"WebPage","@id":"https:\/\/blogdobispo.com.br\/?p=18439","url":"https:\/\/blogdobispo.com.br\/?p=18439","name":"TSE aprova registro do Miss\u00e3o, partido do MBL e 30\u00ba do pa\u00eds - Blog do Bispo","isPartOf":{"@id":"https:\/\/blogdobispo.com.br\/#website"},"primaryImageOfPage":{"@id":"https:\/\/blogdobispo.com.br\/?p=18439#primaryimage"},"image":{"@id":"https:\/\/blogdobispo.com.br\/?p=18439#primaryimage"},"thumbnailUrl":"https:\/\/i0.wp.com\/blogdobispo.com.br\/wp-content\/uploads\/2025\/11\/204536.jpg?fit=640%2C480&ssl=1","datePublished":"2025-11-05T13:17:12+00:00","breadcrumb":{"@id":"https:\/\/blogdobispo.com.br\/?p=18439#breadcrumb"},"inLanguage":"pt-BR","potentialAction":[{"@type":"ReadAction","target":["https:\/\/blogdobispo.com.br\/?p=18439"]}]},{"@type":"ImageObject","inLanguage":"pt-BR","@id":"https:\/\/blogdobispo.com.br\/?p=18439#primaryimage","url":"https:\/\/i0.wp.com\/blogdobispo.com.br\/wp-content\/uploads\/2025\/11\/204536.jpg?fit=640%2C480&ssl=1","contentUrl":"https:\/\/i0.wp.com\/blogdobispo.com.br\/wp-content\/uploads\/2025\/11\/204536.jpg?fit=640%2C480&ssl=1","width":640,"height":480},{"@type":"BreadcrumbList","@id":"https:\/\/blogdobispo.com.br\/?p=18439#breadcrumb","itemListElement":[{"@type":"ListItem","position":1,"name":"In\u00edcio","item":"https:\/\/blogdobispo.com.br\/"},{"@type":"ListItem","position":2,"name":"TSE aprova registro do Miss\u00e3o, partido do MBL e 30\u00ba do pa\u00eds"}]},{"@type":"WebSite","@id":"https:\/\/blogdobispo.com.br\/#website","url":"https:\/\/blogdobispo.com.br\/","name":"Blog do Bispo","description":"Comprometido apenas com o leitor","publisher":{"@id":"https:\/\/blogdobispo.com.br\/#organization"},"potentialAction":[{"@type":"SearchAction","target":{"@type":"EntryPoint","urlTemplate":"https:\/\/blogdobispo.com.br\/?s={search_term_string}"},"query-input":{"@type":"PropertyValueSpecification","valueRequired":true,"valueName":"search_term_string"}}],"inLanguage":"pt-BR"},{"@type":"Organization","@id":"https:\/\/blogdobispo.com.br\/#organization","name":"Blog do Bispo","url":"https:\/\/blogdobispo.com.br\/","logo":{"@type":"ImageObject","inLanguage":"pt-BR","@id":"https:\/\/blogdobispo.com.br\/#\/schema\/logo\/image\/","url":"http:\/\/blogdobispo.com.br\/wp-content\/uploads\/2023\/05\/cropped-headear.png","contentUrl":"http:\/\/blogdobispo.com.br\/wp-content\/uploads\/2023\/05\/cropped-headear.png","width":1500,"height":399,"caption":"Blog do Bispo"},"image":{"@id":"https:\/\/blogdobispo.com.br\/#\/schema\/logo\/image\/"}},{"@type":"Person","@id":"https:\/\/blogdobispo.com.br\/#\/schema\/person\/e2209cc0e6cea5c5233d033e997b373f","name":"Jefferson Sterfeno","image":{"@type":"ImageObject","inLanguage":"pt-BR","@id":"https:\/\/blogdobispo.com.br\/#\/schema\/person\/image\/","url":"https:\/\/secure.gravatar.com\/avatar\/0534e84764641168a677026b6d57a3f51dc7ac4db0b4f6186d9cb330d4ee1160?s=96&d=mm&r=g","contentUrl":"https:\/\/secure.gravatar.com\/avatar\/0534e84764641168a677026b6d57a3f51dc7ac4db0b4f6186d9cb330d4ee1160?s=96&d=mm&r=g","caption":"Jefferson Sterfeno"},"sameAs":["http:\/\/blogdobispo.com.br"],"url":"https:\/\/blogdobispo.com.br\/?author=1"}]}},"featured_image_urls":{"full":["https:\/\/i0.wp.com\/blogdobispo.com.br\/wp-content\/uploads\/2025\/11\/204536.jpg?fit=640%2C480&ssl=1",640,480,false],"thumbnail":["https:\/\/i0.wp.com\/blogdobispo.com.br\/wp-content\/uploads\/2025\/11\/204536.jpg?resize=150%2C150&ssl=1",150,150,true],"medium":["https:\/\/i0.wp.com\/blogdobispo.com.br\/wp-content\/uploads\/2025\/11\/204536.jpg?fit=300%2C225&ssl=1",300,225,true],"medium_large":["https:\/\/i0.wp.com\/blogdobispo.com.br\/wp-content\/uploads\/2025\/11\/204536.jpg?fit=640%2C480&ssl=1",640,480,true],"large":["https:\/\/i0.wp.com\/blogdobispo.com.br\/wp-content\/uploads\/2025\/11\/204536.jpg?fit=640%2C480&ssl=1",640,480,true],"1536x1536":["https:\/\/i0.wp.com\/blogdobispo.com.br\/wp-content\/uploads\/2025\/11\/204536.jpg?fit=640%2C480&ssl=1",640,480,true],"2048x2048":["https:\/\/i0.wp.com\/blogdobispo.com.br\/wp-content\/uploads\/2025\/11\/204536.jpg?fit=640%2C480&ssl=1",640,480,true]},"author_info":{"display_name":"Jefferson Sterfeno","author_link":"https:\/\/blogdobispo.com.br\/?author=1"},"category_info":"<a href=\"https:\/\/blogdobispo.com.br\/?cat=1\" rel=\"category\">diversos<\/a>","tag_info":"diversos","comment_count":"0","jetpack_featured_media_url":"https:\/\/i0.wp.com\/blogdobispo.com.br\/wp-content\/uploads\/2025\/11\/204536.jpg?fit=640%2C480&ssl=1","jetpack_sharing_enabled":true,"_links":{"self":[{"href":"https:\/\/blogdobispo.com.br\/index.php?rest_route=\/wp\/v2\/posts\/18439","targetHints":{"allow":["GET"]}}],"collection":[{"href":"https:\/\/blogdobispo.com.br\/index.php?rest_route=\/wp\/v2\/posts"}],"about":[{"href":"https:\/\/blogdobispo.com.br\/index.php?rest_route=\/wp\/v2\/types\/post"}],"author":[{"embeddable":true,"href":"https:\/\/blogdobispo.com.br\/index.php?rest_route=\/wp\/v2\/users\/1"}],"replies":[{"embeddable":true,"href":"https:\/\/blogdobispo.com.br\/index.php?rest_route=%2Fwp%2Fv2%2Fcomments&post=18439"}],"version-history":[{"count":1,"href":"https:\/\/blogdobispo.com.br\/index.php?rest_route=\/wp\/v2\/posts\/18439\/revisions"}],"predecessor-version":[{"id":18441,"href":"https:\/\/blogdobispo.com.br\/index.php?rest_route=\/wp\/v2\/posts\/18439\/revisions\/18441"}],"wp:featuredmedia":[{"embeddable":true,"href":"https:\/\/blogdobispo.com.br\/index.php?rest_route=\/wp\/v2\/media\/18440"}],"wp:attachment":[{"href":"https:\/\/blogdobispo.com.br\/index.php?rest_route=%2Fwp%2Fv2%2Fmedia&parent=18439"}],"wp:term":[{"taxonomy":"category","embeddable":true,"href":"https:\/\/blogdobispo.com.br\/index.php?rest_route=%2Fwp%2Fv2%2Fcategories&post=18439"},{"taxonomy":"post_tag","embeddable":true,"href":"https:\/\/blogdobispo.com.br\/index.php?rest_route=%2Fwp%2Fv2%2Ftags&post=18439"}],"curies":[{"name":"wp","href":"https:\/\/api.w.org\/{rel}","templated":true}]}}