{"id":18438,"date":"2025-11-04T21:18:10","date_gmt":"2025-11-04T21:18:10","guid":{"rendered":"https:\/\/blogdobispo.com.br\/?p=18438"},"modified":"2025-11-04T21:18:10","modified_gmt":"2025-11-04T21:18:10","slug":"deputado-coronel-azevedo-pede-revogacao-de-medalha-da-pmrn-concedida-a-deputada-natalia-bonavides","status":"publish","type":"post","link":"https:\/\/blogdobispo.com.br\/?p=18438","title":{"rendered":"Deputado Coronel Azevedo pede revoga\u00e7\u00e3o de medalha da PMRN concedida \u00e0 deputada Nat\u00e1lia Bonavides"},"content":{"rendered":"\n<figure class=\"wp-block-image size-large\"><img data-recalc-dims=\"1\" fetchpriority=\"high\" decoding=\"async\" width=\"800\" height=\"600\" src=\"https:\/\/i0.wp.com\/blogdobispo.com.br\/wp-content\/uploads\/2025\/11\/58000e56-d43a-400b-982a-34424118d7a2-1024x768.jpg?resize=800%2C600&#038;ssl=1\" class=\"wp-image-18436\" srcset=\"https:\/\/i0.wp.com\/blogdobispo.com.br\/wp-content\/uploads\/2025\/11\/58000e56-d43a-400b-982a-34424118d7a2.jpg?resize=1024%2C768&amp;ssl=1 1024w, https:\/\/i0.wp.com\/blogdobispo.com.br\/wp-content\/uploads\/2025\/11\/58000e56-d43a-400b-982a-34424118d7a2.jpg?resize=300%2C225&amp;ssl=1 300w, https:\/\/i0.wp.com\/blogdobispo.com.br\/wp-content\/uploads\/2025\/11\/58000e56-d43a-400b-982a-34424118d7a2.jpg?resize=768%2C576&amp;ssl=1 768w, https:\/\/i0.wp.com\/blogdobispo.com.br\/wp-content\/uploads\/2025\/11\/58000e56-d43a-400b-982a-34424118d7a2.jpg?resize=1536%2C1152&amp;ssl=1 1536w, https:\/\/i0.wp.com\/blogdobispo.com.br\/wp-content\/uploads\/2025\/11\/58000e56-d43a-400b-982a-34424118d7a2.jpg?w=1600&amp;ssl=1 1600w\" sizes=\"(max-width: 800px) 100vw, 800px\" \/><\/figure>\n\n\n\n<p><\/p>\n\n\n\n<p>Na sess\u00e3o desta ter\u00e7a-feira (4), na Assembleia Legislativa do Rio Grande do Norte, o deputado estadual Coronel Azevedo apresentou um requerimento formal solicitando que o Governo do Estado e o Comando da Pol\u00edcia Militar revoguem a Medalha de M\u00e9rito \u201cSoldado Luiz Gonzaga\u201d, concedida \u00e0 deputada federal Nat\u00e1lia Bonavides em 2023.<\/p>\n\n\n\n<p>Segundo o parlamentar, a perman\u00eancia da honraria \u00e9 \u201cinsustent\u00e1vel\u201d diante de recentes epis\u00f3dios envolvendo a deputada. No \u00faltimo fim de semana, v\u00eddeos amplamente divulgados nas redes sociais mostraram a parlamentar participando e orientando um grupo que entoava palavras de ordem pedindo o fim da Pol\u00edcia Militar, fato que gerou forte rea\u00e7\u00e3o p\u00fablica.<\/p>\n\n\n\n<p>Coronel Azevedo destacou que, como militar de carreira por mais de 30 anos, j\u00e1 considerava a homenagem um equ\u00edvoco desde sua concess\u00e3o, uma vez que a medalha leva o nome de um soldado que, historicamente, se destacou no combate ao comunismo. \u201cComo pode algu\u00e9m receber uma honraria de uma institui\u00e7\u00e3o e, ao mesmo tempo, defender publicamente o fim dessa institui\u00e7\u00e3o?\u201d, questionou.<\/p>\n\n\n\n<p>O deputado tamb\u00e9m lembrou que a medalha foi criada pelo Decreto 7.153 de 1977, cujo artigo 4\u00ba prev\u00ea a possibilidade de revoga\u00e7\u00e3o da homenagem caso o agraciado pratique ato incompat\u00edvel com a finalidade da honraria.<\/p>\n\n\n\n<p>\u201cSe a medalha homenageia um soldado her\u00f3ico que combateu o comunismo, ela sequer deveria ter sido concedida \u00e0 deputada Nat\u00e1lia Bonavides. Agora, diante dos fatos recentes, fica ainda mais evidente que a manuten\u00e7\u00e3o da honraria \u00e9 imposs\u00edvel\u201d, afirmou Azevedo.<\/p>\n\n\n\n<p>O requerimento solicita que o Governo do Estado adote as provid\u00eancias necess\u00e1rias para anular a concess\u00e3o da medalha \u00e0 parlamentar do PT.<\/p>\n","protected":false},"excerpt":{"rendered":"<p>Na sess\u00e3o desta ter\u00e7a-feira (4), na Assembleia Legislativa do Rio Grande do Norte, o deputado estadual Coronel Azevedo apresentou um requerimento formal solicitando que o Governo do Estado e o Comando da Pol\u00edcia Militar revoguem a Medalha de M\u00e9rito \u201cSoldado Luiz Gonzaga\u201d, concedida \u00e0 deputada federal Nat\u00e1lia Bonavides em 2023. Segundo o parlamentar, a perman\u00eancia [&hellip;]<\/p>\n","protected":false},"author":1,"featured_media":18437,"comment_status":"open","ping_status":"open","sticky":false,"template":"","format":"standard","meta":{"cybocfi_hide_featured_image":"","_jetpack_memberships_contains_paid_content":false,"footnotes":""},"categories":[1],"tags":[],"class_list":["post-18438","post","type-post","status-publish","format-standard","has-post-thumbnail","hentry","category-diversos"],"yoast_head":"<!-- This site is optimized with the Yoast SEO plugin v25.6 - https:\/\/yoast.com\/wordpress\/plugins\/seo\/ -->\n<title>Deputado Coronel Azevedo pede revoga\u00e7\u00e3o de medalha da PMRN concedida \u00e0 deputada Nat\u00e1lia Bonavides - Blog do Bispo<\/title>\n<meta name=\"robots\" content=\"index, follow, max-snippet:-1, max-image-preview:large, max-video-preview:-1\" \/>\n<link rel=\"canonical\" href=\"https:\/\/blogdobispo.com.br\/?p=18438\" \/>\n<meta property=\"og:locale\" content=\"pt_BR\" \/>\n<meta property=\"og:type\" content=\"article\" \/>\n<meta property=\"og:title\" content=\"Deputado Coronel Azevedo pede revoga\u00e7\u00e3o de medalha da PMRN concedida \u00e0 deputada Nat\u00e1lia Bonavides - Blog do Bispo\" \/>\n<meta property=\"og:description\" content=\"Na sess\u00e3o desta ter\u00e7a-feira (4), na Assembleia Legislativa do Rio Grande do Norte, o deputado estadual Coronel Azevedo apresentou um requerimento formal solicitando que o Governo do Estado e o Comando da Pol\u00edcia Militar revoguem a Medalha de M\u00e9rito \u201cSoldado Luiz Gonzaga\u201d, concedida \u00e0 deputada federal Nat\u00e1lia Bonavides em 2023. Segundo o parlamentar, a perman\u00eancia [&hellip;]\" \/>\n<meta property=\"og:url\" content=\"https:\/\/blogdobispo.com.br\/?p=18438\" \/>\n<meta property=\"og:site_name\" content=\"Blog do Bispo\" \/>\n<meta property=\"article:published_time\" content=\"2025-11-04T21:18:10+00:00\" \/>\n<meta property=\"og:image\" content=\"https:\/\/blogdobispo.com.br\/wp-content\/uploads\/2025\/11\/58000e56-d43a-400b-982a-34424118d7a2-1024x768.jpg\" \/>\n<meta name=\"author\" content=\"Jefferson Sterfeno\" \/>\n<meta name=\"twitter:card\" content=\"summary_large_image\" \/>\n<meta name=\"twitter:label1\" content=\"Escrito por\" \/>\n\t<meta name=\"twitter:data1\" content=\"Jefferson Sterfeno\" \/>\n\t<meta name=\"twitter:label2\" content=\"Est. tempo de leitura\" \/>\n\t<meta name=\"twitter:data2\" content=\"1 minuto\" \/>\n<script type=\"application\/ld+json\" class=\"yoast-schema-graph\">{\"@context\":\"https:\/\/schema.org\",\"@graph\":[{\"@type\":\"Article\",\"@id\":\"https:\/\/blogdobispo.com.br\/?p=18438#article\",\"isPartOf\":{\"@id\":\"https:\/\/blogdobispo.com.br\/?p=18438\"},\"author\":{\"name\":\"Jefferson Sterfeno\",\"@id\":\"https:\/\/blogdobispo.com.br\/#\/schema\/person\/e2209cc0e6cea5c5233d033e997b373f\"},\"headline\":\"Deputado Coronel Azevedo pede revoga\u00e7\u00e3o de medalha da PMRN concedida \u00e0 deputada Nat\u00e1lia Bonavides\",\"datePublished\":\"2025-11-04T21:18:10+00:00\",\"mainEntityOfPage\":{\"@id\":\"https:\/\/blogdobispo.com.br\/?p=18438\"},\"wordCount\":290,\"commentCount\":0,\"publisher\":{\"@id\":\"https:\/\/blogdobispo.com.br\/#organization\"},\"image\":{\"@id\":\"https:\/\/blogdobispo.com.br\/?p=18438#primaryimage\"},\"thumbnailUrl\":\"https:\/\/i0.wp.com\/blogdobispo.com.br\/wp-content\/uploads\/2025\/11\/58000e56-d43a-400b-982a-34424118d7a2-1.jpg?fit=1600%2C1200&ssl=1\",\"articleSection\":[\"diversos\"],\"inLanguage\":\"pt-BR\",\"potentialAction\":[{\"@type\":\"CommentAction\",\"name\":\"Comment\",\"target\":[\"https:\/\/blogdobispo.com.br\/?p=18438#respond\"]}]},{\"@type\":\"WebPage\",\"@id\":\"https:\/\/blogdobispo.com.br\/?p=18438\",\"url\":\"https:\/\/blogdobispo.com.br\/?p=18438\",\"name\":\"Deputado Coronel Azevedo pede revoga\u00e7\u00e3o de medalha da PMRN concedida \u00e0 deputada Nat\u00e1lia Bonavides - Blog do Bispo\",\"isPartOf\":{\"@id\":\"https:\/\/blogdobispo.com.br\/#website\"},\"primaryImageOfPage\":{\"@id\":\"https:\/\/blogdobispo.com.br\/?p=18438#primaryimage\"},\"image\":{\"@id\":\"https:\/\/blogdobispo.com.br\/?p=18438#primaryimage\"},\"thumbnailUrl\":\"https:\/\/i0.wp.com\/blogdobispo.com.br\/wp-content\/uploads\/2025\/11\/58000e56-d43a-400b-982a-34424118d7a2-1.jpg?fit=1600%2C1200&ssl=1\",\"datePublished\":\"2025-11-04T21:18:10+00:00\",\"breadcrumb\":{\"@id\":\"https:\/\/blogdobispo.com.br\/?p=18438#breadcrumb\"},\"inLanguage\":\"pt-BR\",\"potentialAction\":[{\"@type\":\"ReadAction\",\"target\":[\"https:\/\/blogdobispo.com.br\/?p=18438\"]}]},{\"@type\":\"ImageObject\",\"inLanguage\":\"pt-BR\",\"@id\":\"https:\/\/blogdobispo.com.br\/?p=18438#primaryimage\",\"url\":\"https:\/\/i0.wp.com\/blogdobispo.com.br\/wp-content\/uploads\/2025\/11\/58000e56-d43a-400b-982a-34424118d7a2-1.jpg?fit=1600%2C1200&ssl=1\",\"contentUrl\":\"https:\/\/i0.wp.com\/blogdobispo.com.br\/wp-content\/uploads\/2025\/11\/58000e56-d43a-400b-982a-34424118d7a2-1.jpg?fit=1600%2C1200&ssl=1\",\"width\":1600,\"height\":1200},{\"@type\":\"BreadcrumbList\",\"@id\":\"https:\/\/blogdobispo.com.br\/?p=18438#breadcrumb\",\"itemListElement\":[{\"@type\":\"ListItem\",\"position\":1,\"name\":\"In\u00edcio\",\"item\":\"https:\/\/blogdobispo.com.br\/\"},{\"@type\":\"ListItem\",\"position\":2,\"name\":\"Deputado Coronel Azevedo pede revoga\u00e7\u00e3o de medalha da PMRN concedida \u00e0 deputada Nat\u00e1lia Bonavides\"}]},{\"@type\":\"WebSite\",\"@id\":\"https:\/\/blogdobispo.com.br\/#website\",\"url\":\"https:\/\/blogdobispo.com.br\/\",\"name\":\"Blog do Bispo\",\"description\":\"Comprometido apenas com o leitor\",\"publisher\":{\"@id\":\"https:\/\/blogdobispo.com.br\/#organization\"},\"potentialAction\":[{\"@type\":\"SearchAction\",\"target\":{\"@type\":\"EntryPoint\",\"urlTemplate\":\"https:\/\/blogdobispo.com.br\/?s={search_term_string}\"},\"query-input\":{\"@type\":\"PropertyValueSpecification\",\"valueRequired\":true,\"valueName\":\"search_term_string\"}}],\"inLanguage\":\"pt-BR\"},{\"@type\":\"Organization\",\"@id\":\"https:\/\/blogdobispo.com.br\/#organization\",\"name\":\"Blog do Bispo\",\"url\":\"https:\/\/blogdobispo.com.br\/\",\"logo\":{\"@type\":\"ImageObject\",\"inLanguage\":\"pt-BR\",\"@id\":\"https:\/\/blogdobispo.com.br\/#\/schema\/logo\/image\/\",\"url\":\"http:\/\/blogdobispo.com.br\/wp-content\/uploads\/2023\/05\/cropped-headear.png\",\"contentUrl\":\"http:\/\/blogdobispo.com.br\/wp-content\/uploads\/2023\/05\/cropped-headear.png\",\"width\":1500,\"height\":399,\"caption\":\"Blog do Bispo\"},\"image\":{\"@id\":\"https:\/\/blogdobispo.com.br\/#\/schema\/logo\/image\/\"}},{\"@type\":\"Person\",\"@id\":\"https:\/\/blogdobispo.com.br\/#\/schema\/person\/e2209cc0e6cea5c5233d033e997b373f\",\"name\":\"Jefferson Sterfeno\",\"image\":{\"@type\":\"ImageObject\",\"inLanguage\":\"pt-BR\",\"@id\":\"https:\/\/blogdobispo.com.br\/#\/schema\/person\/image\/\",\"url\":\"https:\/\/secure.gravatar.com\/avatar\/0534e84764641168a677026b6d57a3f51dc7ac4db0b4f6186d9cb330d4ee1160?s=96&d=mm&r=g\",\"contentUrl\":\"https:\/\/secure.gravatar.com\/avatar\/0534e84764641168a677026b6d57a3f51dc7ac4db0b4f6186d9cb330d4ee1160?s=96&d=mm&r=g\",\"caption\":\"Jefferson Sterfeno\"},\"sameAs\":[\"http:\/\/blogdobispo.com.br\"],\"url\":\"https:\/\/blogdobispo.com.br\/?author=1\"}]}<\/script>\n<!-- \/ Yoast SEO plugin. -->","yoast_head_json":{"title":"Deputado Coronel Azevedo pede revoga\u00e7\u00e3o de medalha da PMRN concedida \u00e0 deputada Nat\u00e1lia Bonavides - Blog do Bispo","robots":{"index":"index","follow":"follow","max-snippet":"max-snippet:-1","max-image-preview":"max-image-preview:large","max-video-preview":"max-video-preview:-1"},"canonical":"https:\/\/blogdobispo.com.br\/?p=18438","og_locale":"pt_BR","og_type":"article","og_title":"Deputado Coronel Azevedo pede revoga\u00e7\u00e3o de medalha da PMRN concedida \u00e0 deputada Nat\u00e1lia Bonavides - Blog do Bispo","og_description":"Na sess\u00e3o desta ter\u00e7a-feira (4), na Assembleia Legislativa do Rio Grande do Norte, o deputado estadual Coronel Azevedo apresentou um requerimento formal solicitando que o Governo do Estado e o Comando da Pol\u00edcia Militar revoguem a Medalha de M\u00e9rito \u201cSoldado Luiz Gonzaga\u201d, concedida \u00e0 deputada federal Nat\u00e1lia Bonavides em 2023. Segundo o parlamentar, a perman\u00eancia [&hellip;]","og_url":"https:\/\/blogdobispo.com.br\/?p=18438","og_site_name":"Blog do Bispo","article_published_time":"2025-11-04T21:18:10+00:00","og_image":[{"url":"https:\/\/blogdobispo.com.br\/wp-content\/uploads\/2025\/11\/58000e56-d43a-400b-982a-34424118d7a2-1024x768.jpg","type":"","width":"","height":""}],"author":"Jefferson Sterfeno","twitter_card":"summary_large_image","twitter_misc":{"Escrito por":"Jefferson Sterfeno","Est. tempo de leitura":"1 minuto"},"schema":{"@context":"https:\/\/schema.org","@graph":[{"@type":"Article","@id":"https:\/\/blogdobispo.com.br\/?p=18438#article","isPartOf":{"@id":"https:\/\/blogdobispo.com.br\/?p=18438"},"author":{"name":"Jefferson Sterfeno","@id":"https:\/\/blogdobispo.com.br\/#\/schema\/person\/e2209cc0e6cea5c5233d033e997b373f"},"headline":"Deputado Coronel Azevedo pede revoga\u00e7\u00e3o de medalha da PMRN concedida \u00e0 deputada Nat\u00e1lia Bonavides","datePublished":"2025-11-04T21:18:10+00:00","mainEntityOfPage":{"@id":"https:\/\/blogdobispo.com.br\/?p=18438"},"wordCount":290,"commentCount":0,"publisher":{"@id":"https:\/\/blogdobispo.com.br\/#organization"},"image":{"@id":"https:\/\/blogdobispo.com.br\/?p=18438#primaryimage"},"thumbnailUrl":"https:\/\/i0.wp.com\/blogdobispo.com.br\/wp-content\/uploads\/2025\/11\/58000e56-d43a-400b-982a-34424118d7a2-1.jpg?fit=1600%2C1200&ssl=1","articleSection":["diversos"],"inLanguage":"pt-BR","potentialAction":[{"@type":"CommentAction","name":"Comment","target":["https:\/\/blogdobispo.com.br\/?p=18438#respond"]}]},{"@type":"WebPage","@id":"https:\/\/blogdobispo.com.br\/?p=18438","url":"https:\/\/blogdobispo.com.br\/?p=18438","name":"Deputado Coronel Azevedo pede revoga\u00e7\u00e3o de medalha da PMRN concedida \u00e0 deputada Nat\u00e1lia Bonavides - Blog do Bispo","isPartOf":{"@id":"https:\/\/blogdobispo.com.br\/#website"},"primaryImageOfPage":{"@id":"https:\/\/blogdobispo.com.br\/?p=18438#primaryimage"},"image":{"@id":"https:\/\/blogdobispo.com.br\/?p=18438#primaryimage"},"thumbnailUrl":"https:\/\/i0.wp.com\/blogdobispo.com.br\/wp-content\/uploads\/2025\/11\/58000e56-d43a-400b-982a-34424118d7a2-1.jpg?fit=1600%2C1200&ssl=1","datePublished":"2025-11-04T21:18:10+00:00","breadcrumb":{"@id":"https:\/\/blogdobispo.com.br\/?p=18438#breadcrumb"},"inLanguage":"pt-BR","potentialAction":[{"@type":"ReadAction","target":["https:\/\/blogdobispo.com.br\/?p=18438"]}]},{"@type":"ImageObject","inLanguage":"pt-BR","@id":"https:\/\/blogdobispo.com.br\/?p=18438#primaryimage","url":"https:\/\/i0.wp.com\/blogdobispo.com.br\/wp-content\/uploads\/2025\/11\/58000e56-d43a-400b-982a-34424118d7a2-1.jpg?fit=1600%2C1200&ssl=1","contentUrl":"https:\/\/i0.wp.com\/blogdobispo.com.br\/wp-content\/uploads\/2025\/11\/58000e56-d43a-400b-982a-34424118d7a2-1.jpg?fit=1600%2C1200&ssl=1","width":1600,"height":1200},{"@type":"BreadcrumbList","@id":"https:\/\/blogdobispo.com.br\/?p=18438#breadcrumb","itemListElement":[{"@type":"ListItem","position":1,"name":"In\u00edcio","item":"https:\/\/blogdobispo.com.br\/"},{"@type":"ListItem","position":2,"name":"Deputado Coronel Azevedo pede revoga\u00e7\u00e3o de medalha da PMRN concedida \u00e0 deputada Nat\u00e1lia Bonavides"}]},{"@type":"WebSite","@id":"https:\/\/blogdobispo.com.br\/#website","url":"https:\/\/blogdobispo.com.br\/","name":"Blog do Bispo","description":"Comprometido apenas com o leitor","publisher":{"@id":"https:\/\/blogdobispo.com.br\/#organization"},"potentialAction":[{"@type":"SearchAction","target":{"@type":"EntryPoint","urlTemplate":"https:\/\/blogdobispo.com.br\/?s={search_term_string}"},"query-input":{"@type":"PropertyValueSpecification","valueRequired":true,"valueName":"search_term_string"}}],"inLanguage":"pt-BR"},{"@type":"Organization","@id":"https:\/\/blogdobispo.com.br\/#organization","name":"Blog do Bispo","url":"https:\/\/blogdobispo.com.br\/","logo":{"@type":"ImageObject","inLanguage":"pt-BR","@id":"https:\/\/blogdobispo.com.br\/#\/schema\/logo\/image\/","url":"http:\/\/blogdobispo.com.br\/wp-content\/uploads\/2023\/05\/cropped-headear.png","contentUrl":"http:\/\/blogdobispo.com.br\/wp-content\/uploads\/2023\/05\/cropped-headear.png","width":1500,"height":399,"caption":"Blog do Bispo"},"image":{"@id":"https:\/\/blogdobispo.com.br\/#\/schema\/logo\/image\/"}},{"@type":"Person","@id":"https:\/\/blogdobispo.com.br\/#\/schema\/person\/e2209cc0e6cea5c5233d033e997b373f","name":"Jefferson Sterfeno","image":{"@type":"ImageObject","inLanguage":"pt-BR","@id":"https:\/\/blogdobispo.com.br\/#\/schema\/person\/image\/","url":"https:\/\/secure.gravatar.com\/avatar\/0534e84764641168a677026b6d57a3f51dc7ac4db0b4f6186d9cb330d4ee1160?s=96&d=mm&r=g","contentUrl":"https:\/\/secure.gravatar.com\/avatar\/0534e84764641168a677026b6d57a3f51dc7ac4db0b4f6186d9cb330d4ee1160?s=96&d=mm&r=g","caption":"Jefferson Sterfeno"},"sameAs":["http:\/\/blogdobispo.com.br"],"url":"https:\/\/blogdobispo.com.br\/?author=1"}]}},"featured_image_urls":{"full":["https:\/\/i0.wp.com\/blogdobispo.com.br\/wp-content\/uploads\/2025\/11\/58000e56-d43a-400b-982a-34424118d7a2-1.jpg?fit=1600%2C1200&ssl=1",1600,1200,false],"thumbnail":["https:\/\/i0.wp.com\/blogdobispo.com.br\/wp-content\/uploads\/2025\/11\/58000e56-d43a-400b-982a-34424118d7a2-1.jpg?resize=150%2C150&ssl=1",150,150,true],"medium":["https:\/\/i0.wp.com\/blogdobispo.com.br\/wp-content\/uploads\/2025\/11\/58000e56-d43a-400b-982a-34424118d7a2-1.jpg?fit=300%2C225&ssl=1",300,225,true],"medium_large":["https:\/\/i0.wp.com\/blogdobispo.com.br\/wp-content\/uploads\/2025\/11\/58000e56-d43a-400b-982a-34424118d7a2-1.jpg?fit=768%2C576&ssl=1",768,576,true],"large":["https:\/\/i0.wp.com\/blogdobispo.com.br\/wp-content\/uploads\/2025\/11\/58000e56-d43a-400b-982a-34424118d7a2-1.jpg?fit=800%2C600&ssl=1",800,600,true],"1536x1536":["https:\/\/i0.wp.com\/blogdobispo.com.br\/wp-content\/uploads\/2025\/11\/58000e56-d43a-400b-982a-34424118d7a2-1.jpg?fit=1536%2C1152&ssl=1",1536,1152,true],"2048x2048":["https:\/\/i0.wp.com\/blogdobispo.com.br\/wp-content\/uploads\/2025\/11\/58000e56-d43a-400b-982a-34424118d7a2-1.jpg?fit=1600%2C1200&ssl=1",1600,1200,true]},"author_info":{"display_name":"Jefferson Sterfeno","author_link":"https:\/\/blogdobispo.com.br\/?author=1"},"category_info":"<a href=\"https:\/\/blogdobispo.com.br\/?cat=1\" rel=\"category\">diversos<\/a>","tag_info":"diversos","comment_count":"0","jetpack_featured_media_url":"https:\/\/i0.wp.com\/blogdobispo.com.br\/wp-content\/uploads\/2025\/11\/58000e56-d43a-400b-982a-34424118d7a2-1.jpg?fit=1600%2C1200&ssl=1","jetpack_sharing_enabled":true,"_links":{"self":[{"href":"https:\/\/blogdobispo.com.br\/index.php?rest_route=\/wp\/v2\/posts\/18438","targetHints":{"allow":["GET"]}}],"collection":[{"href":"https:\/\/blogdobispo.com.br\/index.php?rest_route=\/wp\/v2\/posts"}],"about":[{"href":"https:\/\/blogdobispo.com.br\/index.php?rest_route=\/wp\/v2\/types\/post"}],"author":[{"embeddable":true,"href":"https:\/\/blogdobispo.com.br\/index.php?rest_route=\/wp\/v2\/users\/1"}],"replies":[{"embeddable":true,"href":"https:\/\/blogdobispo.com.br\/index.php?rest_route=%2Fwp%2Fv2%2Fcomments&post=18438"}],"version-history":[{"count":0,"href":"https:\/\/blogdobispo.com.br\/index.php?rest_route=\/wp\/v2\/posts\/18438\/revisions"}],"wp:featuredmedia":[{"embeddable":true,"href":"https:\/\/blogdobispo.com.br\/index.php?rest_route=\/wp\/v2\/media\/18437"}],"wp:attachment":[{"href":"https:\/\/blogdobispo.com.br\/index.php?rest_route=%2Fwp%2Fv2%2Fmedia&parent=18438"}],"wp:term":[{"taxonomy":"category","embeddable":true,"href":"https:\/\/blogdobispo.com.br\/index.php?rest_route=%2Fwp%2Fv2%2Fcategories&post=18438"},{"taxonomy":"post_tag","embeddable":true,"href":"https:\/\/blogdobispo.com.br\/index.php?rest_route=%2Fwp%2Fv2%2Ftags&post=18438"}],"curies":[{"name":"wp","href":"https:\/\/api.w.org\/{rel}","templated":true}]}}