{"id":18433,"date":"2025-11-04T19:02:25","date_gmt":"2025-11-04T19:02:25","guid":{"rendered":"https:\/\/blogdobispo.com.br\/?p=18433"},"modified":"2025-11-04T19:02:32","modified_gmt":"2025-11-04T19:02:32","slug":"saulo-spinelly-quando-a-cadeira-do-poder-fica-vazia-alguem-senta","status":"publish","type":"post","link":"https:\/\/blogdobispo.com.br\/?p=18433","title":{"rendered":"Saulo Spinelly: Quando a cadeira do poder fica vazia, algu\u00e9m senta"},"content":{"rendered":"<p>H\u00e1 movimentos na pol\u00edtica que n\u00e3o aparecem em coletivas, n\u00e3o saem no off dos portais e muito menos dependem de manchetes. Eles acontecem em sil\u00eancio e justamente por isso dizem mais do que qualquer discurso. Enquanto o Pa\u00eds discutia a opera\u00e7\u00e3o policial no Rio de Janeiro, sete governadores decidiram, literalmente, sentar na cadeira do comando nacional. Sem foto, sem postagem, sem assessoria. S\u00f3 pol\u00edtica em estado bruto.<\/p>\n<p>Tarc\u00edsio de Freitas (SP), Romeu Zema (MG), Ronaldo Caiado (GO), Ibaneis Rocha (DF), Mauro Mendes (MT), Jorginho Mello (SC) e Ratinho Jr. (PR). Sete nomes com densidade, narrativa e, principalmente, ambi\u00e7\u00e3o. Sete l\u00edderes capazes de eleger um presidente ou de serem um. E eles n\u00e3o se reuniram para \u201csolidariedade\u201d, como a narrativa oficial tentou jogar para a plateia. Reuniram-se para log\u00edstica, comando, estrat\u00e9gia. Quem manda tropa. Quem manda helic\u00f3ptero. Quem chega primeiro. Quem banca politicamente. O tipo de reuni\u00e3o que define poder real, n\u00e3o manchete simp\u00e1tica.<\/p>\n<p>H\u00e1 uma regra de ouro na pol\u00edtica: quando o governo n\u00e3o lidera, algu\u00e9m lidera por ele. E foi exatamente isso que se viu. Enquanto Bras\u00edlia silenciava, os governadores ocuparam o v\u00e1cuo. N\u00e3o se fala de seguran\u00e7a p\u00fablica sem presen\u00e7a. N\u00e3o se controla a narrativa sem aparecer. E o governo federal, naquele dia, assistiu. N\u00e3o reagiu. Apenas observou. Na pr\u00e1tica, assistiu a direita construir uma cena nacional com timing, coes\u00e3o e prop\u00f3sito.<\/p>\n<p>O movimento n\u00e3o parou ali. No mesmo dia, o Senado instalou a CPI do Crime Organizado. Para funcionar, eram necess\u00e1rias 27 assinaturas. Obtiveram 31. Quantas do PT? Nenhuma. Zero. \u00c9 imposs\u00edvel esconder o componente pol\u00edtico disso e, mais do que isso, o recado. Os governadores agiram na ponta. O Senado formalizou no institucional. O Executivo ficou no sof\u00e1. Pol\u00edtica n\u00e3o tolera cadeira vazia.<\/p>\n<p>H\u00e1 quem tente tratar seguran\u00e7a p\u00fablica como pauta t\u00e9cnica. N\u00e3o \u00e9. Seguran\u00e7a \u00e9 emo\u00e7\u00e3o. \u00c9 medo, controle, comando. Quem oferece sensa\u00e7\u00e3o de prote\u00e7\u00e3o vira refer\u00eancia. Quem hesita vira p\u00fablico-alvo. Naquele dia, sete governadores compreenderam algo b\u00e1sico: quem age governa; quem observa comenta. A direita n\u00e3o estava apenas reagindo a um momento de crise. Estava testando, em rede, capacidade de articula\u00e7\u00e3o nacional e mostrou que tem musculatura.<\/p>\n<p>O resultado \u00e9 simples: 2026 come\u00e7ou. N\u00e3o oficialmente, mas politicamente. E o epis\u00f3dio revelou o que todo estrategista sabe: n\u00e3o existe v\u00e1cuo de lideran\u00e7a. Ou o poder \u00e9 ocupado pelo governo, ou \u00e9 ocupado por quem est\u00e1 disposto a disputar.<\/p>\n<p>A pol\u00edtica n\u00e3o se move por declara\u00e7\u00f5es, se move por quem senta \u00e0 mesa certa, no momento certo. E naquela mesa, naquele dia, o recado foi claro: quem governa de fato \u00e9 quem aparece quando o pa\u00eds procura comando. O resto\u2026 vira espectador.<\/p>\n<p>Eu vi o movimento. E voc\u00ea?<\/p>\n<p>Saulo Spinelly Agora RN<img data-recalc-dims=\"1\" fetchpriority=\"high\" decoding=\"async\" class=\"alignnone size-medium wp-image-18434\" src=\"https:\/\/i0.wp.com\/blogdobispo.com.br\/wp-content\/uploads\/2025\/11\/fachada-com-jardim.jpg?resize=300%2C200\" alt=\"\" width=\"300\" height=\"200\" srcset=\"https:\/\/i0.wp.com\/blogdobispo.com.br\/wp-content\/uploads\/2025\/11\/fachada-com-jardim.jpg?resize=300%2C200&amp;ssl=1 300w, https:\/\/i0.wp.com\/blogdobispo.com.br\/wp-content\/uploads\/2025\/11\/fachada-com-jardim.jpg?resize=1024%2C683&amp;ssl=1 1024w, https:\/\/i0.wp.com\/blogdobispo.com.br\/wp-content\/uploads\/2025\/11\/fachada-com-jardim.jpg?resize=768%2C512&amp;ssl=1 768w, https:\/\/i0.wp.com\/blogdobispo.com.br\/wp-content\/uploads\/2025\/11\/fachada-com-jardim.jpg?w=1200&amp;ssl=1 1200w\" sizes=\"(max-width: 300px) 100vw, 300px\" \/><\/p>\n","protected":false},"excerpt":{"rendered":"<p>H\u00e1 movimentos na pol\u00edtica que n\u00e3o aparecem em coletivas, n\u00e3o saem no off dos portais e muito menos dependem de manchetes. Eles acontecem em sil\u00eancio e justamente por isso dizem mais do que qualquer discurso. Enquanto o Pa\u00eds discutia a opera\u00e7\u00e3o policial no Rio de Janeiro, sete governadores decidiram, literalmente, sentar na cadeira do comando [&hellip;]<\/p>\n","protected":false},"author":1,"featured_media":18434,"comment_status":"open","ping_status":"open","sticky":false,"template":"","format":"standard","meta":{"cybocfi_hide_featured_image":"","_jetpack_memberships_contains_paid_content":false,"footnotes":""},"categories":[1],"tags":[],"class_list":["post-18433","post","type-post","status-publish","format-standard","has-post-thumbnail","hentry","category-diversos"],"yoast_head":"<!-- This site is optimized with the Yoast SEO plugin v25.6 - https:\/\/yoast.com\/wordpress\/plugins\/seo\/ -->\n<title>Saulo Spinelly: Quando a cadeira do poder fica vazia, algu\u00e9m senta - Blog do Bispo<\/title>\n<meta name=\"robots\" content=\"index, follow, max-snippet:-1, max-image-preview:large, max-video-preview:-1\" \/>\n<link rel=\"canonical\" href=\"https:\/\/blogdobispo.com.br\/?p=18433\" \/>\n<meta property=\"og:locale\" content=\"pt_BR\" \/>\n<meta property=\"og:type\" content=\"article\" \/>\n<meta property=\"og:title\" content=\"Saulo Spinelly: Quando a cadeira do poder fica vazia, algu\u00e9m senta - Blog do Bispo\" \/>\n<meta property=\"og:description\" content=\"H\u00e1 movimentos na pol\u00edtica que n\u00e3o aparecem em coletivas, n\u00e3o saem no off dos portais e muito menos dependem de manchetes. Eles acontecem em sil\u00eancio e justamente por isso dizem mais do que qualquer discurso. Enquanto o Pa\u00eds discutia a opera\u00e7\u00e3o policial no Rio de Janeiro, sete governadores decidiram, literalmente, sentar na cadeira do comando [&hellip;]\" \/>\n<meta property=\"og:url\" content=\"https:\/\/blogdobispo.com.br\/?p=18433\" \/>\n<meta property=\"og:site_name\" content=\"Blog do Bispo\" \/>\n<meta property=\"article:published_time\" content=\"2025-11-04T19:02:25+00:00\" \/>\n<meta property=\"article:modified_time\" content=\"2025-11-04T19:02:32+00:00\" \/>\n<meta property=\"og:image\" content=\"http:\/\/blogdobispo.com.br\/wp-content\/uploads\/2025\/11\/fachada-com-jardim.jpg\" \/>\n\t<meta property=\"og:image:width\" content=\"1200\" \/>\n\t<meta property=\"og:image:height\" content=\"800\" \/>\n\t<meta property=\"og:image:type\" content=\"image\/jpeg\" \/>\n<meta name=\"author\" content=\"Jefferson Sterfeno\" \/>\n<meta name=\"twitter:card\" content=\"summary_large_image\" \/>\n<meta name=\"twitter:label1\" content=\"Escrito por\" \/>\n\t<meta name=\"twitter:data1\" content=\"Jefferson Sterfeno\" \/>\n\t<meta name=\"twitter:label2\" content=\"Est. tempo de leitura\" \/>\n\t<meta name=\"twitter:data2\" content=\"3 minutos\" \/>\n<script type=\"application\/ld+json\" class=\"yoast-schema-graph\">{\"@context\":\"https:\/\/schema.org\",\"@graph\":[{\"@type\":\"Article\",\"@id\":\"https:\/\/blogdobispo.com.br\/?p=18433#article\",\"isPartOf\":{\"@id\":\"https:\/\/blogdobispo.com.br\/?p=18433\"},\"author\":{\"name\":\"Jefferson Sterfeno\",\"@id\":\"https:\/\/blogdobispo.com.br\/#\/schema\/person\/e2209cc0e6cea5c5233d033e997b373f\"},\"headline\":\"Saulo Spinelly: Quando a cadeira do poder fica vazia, algu\u00e9m senta\",\"datePublished\":\"2025-11-04T19:02:25+00:00\",\"dateModified\":\"2025-11-04T19:02:32+00:00\",\"mainEntityOfPage\":{\"@id\":\"https:\/\/blogdobispo.com.br\/?p=18433\"},\"wordCount\":506,\"commentCount\":0,\"publisher\":{\"@id\":\"https:\/\/blogdobispo.com.br\/#organization\"},\"image\":{\"@id\":\"https:\/\/blogdobispo.com.br\/?p=18433#primaryimage\"},\"thumbnailUrl\":\"https:\/\/i0.wp.com\/blogdobispo.com.br\/wp-content\/uploads\/2025\/11\/fachada-com-jardim.jpg?fit=1200%2C800&ssl=1\",\"articleSection\":[\"diversos\"],\"inLanguage\":\"pt-BR\",\"potentialAction\":[{\"@type\":\"CommentAction\",\"name\":\"Comment\",\"target\":[\"https:\/\/blogdobispo.com.br\/?p=18433#respond\"]}]},{\"@type\":\"WebPage\",\"@id\":\"https:\/\/blogdobispo.com.br\/?p=18433\",\"url\":\"https:\/\/blogdobispo.com.br\/?p=18433\",\"name\":\"Saulo Spinelly: Quando a cadeira do poder fica vazia, algu\u00e9m senta - Blog do Bispo\",\"isPartOf\":{\"@id\":\"https:\/\/blogdobispo.com.br\/#website\"},\"primaryImageOfPage\":{\"@id\":\"https:\/\/blogdobispo.com.br\/?p=18433#primaryimage\"},\"image\":{\"@id\":\"https:\/\/blogdobispo.com.br\/?p=18433#primaryimage\"},\"thumbnailUrl\":\"https:\/\/i0.wp.com\/blogdobispo.com.br\/wp-content\/uploads\/2025\/11\/fachada-com-jardim.jpg?fit=1200%2C800&ssl=1\",\"datePublished\":\"2025-11-04T19:02:25+00:00\",\"dateModified\":\"2025-11-04T19:02:32+00:00\",\"breadcrumb\":{\"@id\":\"https:\/\/blogdobispo.com.br\/?p=18433#breadcrumb\"},\"inLanguage\":\"pt-BR\",\"potentialAction\":[{\"@type\":\"ReadAction\",\"target\":[\"https:\/\/blogdobispo.com.br\/?p=18433\"]}]},{\"@type\":\"ImageObject\",\"inLanguage\":\"pt-BR\",\"@id\":\"https:\/\/blogdobispo.com.br\/?p=18433#primaryimage\",\"url\":\"https:\/\/i0.wp.com\/blogdobispo.com.br\/wp-content\/uploads\/2025\/11\/fachada-com-jardim.jpg?fit=1200%2C800&ssl=1\",\"contentUrl\":\"https:\/\/i0.wp.com\/blogdobispo.com.br\/wp-content\/uploads\/2025\/11\/fachada-com-jardim.jpg?fit=1200%2C800&ssl=1\",\"width\":1200,\"height\":800},{\"@type\":\"BreadcrumbList\",\"@id\":\"https:\/\/blogdobispo.com.br\/?p=18433#breadcrumb\",\"itemListElement\":[{\"@type\":\"ListItem\",\"position\":1,\"name\":\"In\u00edcio\",\"item\":\"https:\/\/blogdobispo.com.br\/\"},{\"@type\":\"ListItem\",\"position\":2,\"name\":\"Saulo Spinelly: Quando a cadeira do poder fica vazia, algu\u00e9m senta\"}]},{\"@type\":\"WebSite\",\"@id\":\"https:\/\/blogdobispo.com.br\/#website\",\"url\":\"https:\/\/blogdobispo.com.br\/\",\"name\":\"Blog do Bispo\",\"description\":\"Comprometido apenas com o leitor\",\"publisher\":{\"@id\":\"https:\/\/blogdobispo.com.br\/#organization\"},\"potentialAction\":[{\"@type\":\"SearchAction\",\"target\":{\"@type\":\"EntryPoint\",\"urlTemplate\":\"https:\/\/blogdobispo.com.br\/?s={search_term_string}\"},\"query-input\":{\"@type\":\"PropertyValueSpecification\",\"valueRequired\":true,\"valueName\":\"search_term_string\"}}],\"inLanguage\":\"pt-BR\"},{\"@type\":\"Organization\",\"@id\":\"https:\/\/blogdobispo.com.br\/#organization\",\"name\":\"Blog do Bispo\",\"url\":\"https:\/\/blogdobispo.com.br\/\",\"logo\":{\"@type\":\"ImageObject\",\"inLanguage\":\"pt-BR\",\"@id\":\"https:\/\/blogdobispo.com.br\/#\/schema\/logo\/image\/\",\"url\":\"http:\/\/blogdobispo.com.br\/wp-content\/uploads\/2023\/05\/cropped-headear.png\",\"contentUrl\":\"http:\/\/blogdobispo.com.br\/wp-content\/uploads\/2023\/05\/cropped-headear.png\",\"width\":1500,\"height\":399,\"caption\":\"Blog do Bispo\"},\"image\":{\"@id\":\"https:\/\/blogdobispo.com.br\/#\/schema\/logo\/image\/\"}},{\"@type\":\"Person\",\"@id\":\"https:\/\/blogdobispo.com.br\/#\/schema\/person\/e2209cc0e6cea5c5233d033e997b373f\",\"name\":\"Jefferson Sterfeno\",\"image\":{\"@type\":\"ImageObject\",\"inLanguage\":\"pt-BR\",\"@id\":\"https:\/\/blogdobispo.com.br\/#\/schema\/person\/image\/\",\"url\":\"https:\/\/secure.gravatar.com\/avatar\/0534e84764641168a677026b6d57a3f51dc7ac4db0b4f6186d9cb330d4ee1160?s=96&d=mm&r=g\",\"contentUrl\":\"https:\/\/secure.gravatar.com\/avatar\/0534e84764641168a677026b6d57a3f51dc7ac4db0b4f6186d9cb330d4ee1160?s=96&d=mm&r=g\",\"caption\":\"Jefferson Sterfeno\"},\"sameAs\":[\"http:\/\/blogdobispo.com.br\"],\"url\":\"https:\/\/blogdobispo.com.br\/?author=1\"}]}<\/script>\n<!-- \/ Yoast SEO plugin. -->","yoast_head_json":{"title":"Saulo Spinelly: Quando a cadeira do poder fica vazia, algu\u00e9m senta - Blog do Bispo","robots":{"index":"index","follow":"follow","max-snippet":"max-snippet:-1","max-image-preview":"max-image-preview:large","max-video-preview":"max-video-preview:-1"},"canonical":"https:\/\/blogdobispo.com.br\/?p=18433","og_locale":"pt_BR","og_type":"article","og_title":"Saulo Spinelly: Quando a cadeira do poder fica vazia, algu\u00e9m senta - Blog do Bispo","og_description":"H\u00e1 movimentos na pol\u00edtica que n\u00e3o aparecem em coletivas, n\u00e3o saem no off dos portais e muito menos dependem de manchetes. Eles acontecem em sil\u00eancio e justamente por isso dizem mais do que qualquer discurso. Enquanto o Pa\u00eds discutia a opera\u00e7\u00e3o policial no Rio de Janeiro, sete governadores decidiram, literalmente, sentar na cadeira do comando [&hellip;]","og_url":"https:\/\/blogdobispo.com.br\/?p=18433","og_site_name":"Blog do Bispo","article_published_time":"2025-11-04T19:02:25+00:00","article_modified_time":"2025-11-04T19:02:32+00:00","og_image":[{"width":1200,"height":800,"url":"http:\/\/blogdobispo.com.br\/wp-content\/uploads\/2025\/11\/fachada-com-jardim.jpg","type":"image\/jpeg"}],"author":"Jefferson Sterfeno","twitter_card":"summary_large_image","twitter_misc":{"Escrito por":"Jefferson Sterfeno","Est. tempo de leitura":"3 minutos"},"schema":{"@context":"https:\/\/schema.org","@graph":[{"@type":"Article","@id":"https:\/\/blogdobispo.com.br\/?p=18433#article","isPartOf":{"@id":"https:\/\/blogdobispo.com.br\/?p=18433"},"author":{"name":"Jefferson Sterfeno","@id":"https:\/\/blogdobispo.com.br\/#\/schema\/person\/e2209cc0e6cea5c5233d033e997b373f"},"headline":"Saulo Spinelly: Quando a cadeira do poder fica vazia, algu\u00e9m senta","datePublished":"2025-11-04T19:02:25+00:00","dateModified":"2025-11-04T19:02:32+00:00","mainEntityOfPage":{"@id":"https:\/\/blogdobispo.com.br\/?p=18433"},"wordCount":506,"commentCount":0,"publisher":{"@id":"https:\/\/blogdobispo.com.br\/#organization"},"image":{"@id":"https:\/\/blogdobispo.com.br\/?p=18433#primaryimage"},"thumbnailUrl":"https:\/\/i0.wp.com\/blogdobispo.com.br\/wp-content\/uploads\/2025\/11\/fachada-com-jardim.jpg?fit=1200%2C800&ssl=1","articleSection":["diversos"],"inLanguage":"pt-BR","potentialAction":[{"@type":"CommentAction","name":"Comment","target":["https:\/\/blogdobispo.com.br\/?p=18433#respond"]}]},{"@type":"WebPage","@id":"https:\/\/blogdobispo.com.br\/?p=18433","url":"https:\/\/blogdobispo.com.br\/?p=18433","name":"Saulo Spinelly: Quando a cadeira do poder fica vazia, algu\u00e9m senta - Blog do Bispo","isPartOf":{"@id":"https:\/\/blogdobispo.com.br\/#website"},"primaryImageOfPage":{"@id":"https:\/\/blogdobispo.com.br\/?p=18433#primaryimage"},"image":{"@id":"https:\/\/blogdobispo.com.br\/?p=18433#primaryimage"},"thumbnailUrl":"https:\/\/i0.wp.com\/blogdobispo.com.br\/wp-content\/uploads\/2025\/11\/fachada-com-jardim.jpg?fit=1200%2C800&ssl=1","datePublished":"2025-11-04T19:02:25+00:00","dateModified":"2025-11-04T19:02:32+00:00","breadcrumb":{"@id":"https:\/\/blogdobispo.com.br\/?p=18433#breadcrumb"},"inLanguage":"pt-BR","potentialAction":[{"@type":"ReadAction","target":["https:\/\/blogdobispo.com.br\/?p=18433"]}]},{"@type":"ImageObject","inLanguage":"pt-BR","@id":"https:\/\/blogdobispo.com.br\/?p=18433#primaryimage","url":"https:\/\/i0.wp.com\/blogdobispo.com.br\/wp-content\/uploads\/2025\/11\/fachada-com-jardim.jpg?fit=1200%2C800&ssl=1","contentUrl":"https:\/\/i0.wp.com\/blogdobispo.com.br\/wp-content\/uploads\/2025\/11\/fachada-com-jardim.jpg?fit=1200%2C800&ssl=1","width":1200,"height":800},{"@type":"BreadcrumbList","@id":"https:\/\/blogdobispo.com.br\/?p=18433#breadcrumb","itemListElement":[{"@type":"ListItem","position":1,"name":"In\u00edcio","item":"https:\/\/blogdobispo.com.br\/"},{"@type":"ListItem","position":2,"name":"Saulo Spinelly: Quando a cadeira do poder fica vazia, algu\u00e9m senta"}]},{"@type":"WebSite","@id":"https:\/\/blogdobispo.com.br\/#website","url":"https:\/\/blogdobispo.com.br\/","name":"Blog do Bispo","description":"Comprometido apenas com o leitor","publisher":{"@id":"https:\/\/blogdobispo.com.br\/#organization"},"potentialAction":[{"@type":"SearchAction","target":{"@type":"EntryPoint","urlTemplate":"https:\/\/blogdobispo.com.br\/?s={search_term_string}"},"query-input":{"@type":"PropertyValueSpecification","valueRequired":true,"valueName":"search_term_string"}}],"inLanguage":"pt-BR"},{"@type":"Organization","@id":"https:\/\/blogdobispo.com.br\/#organization","name":"Blog do Bispo","url":"https:\/\/blogdobispo.com.br\/","logo":{"@type":"ImageObject","inLanguage":"pt-BR","@id":"https:\/\/blogdobispo.com.br\/#\/schema\/logo\/image\/","url":"http:\/\/blogdobispo.com.br\/wp-content\/uploads\/2023\/05\/cropped-headear.png","contentUrl":"http:\/\/blogdobispo.com.br\/wp-content\/uploads\/2023\/05\/cropped-headear.png","width":1500,"height":399,"caption":"Blog do Bispo"},"image":{"@id":"https:\/\/blogdobispo.com.br\/#\/schema\/logo\/image\/"}},{"@type":"Person","@id":"https:\/\/blogdobispo.com.br\/#\/schema\/person\/e2209cc0e6cea5c5233d033e997b373f","name":"Jefferson Sterfeno","image":{"@type":"ImageObject","inLanguage":"pt-BR","@id":"https:\/\/blogdobispo.com.br\/#\/schema\/person\/image\/","url":"https:\/\/secure.gravatar.com\/avatar\/0534e84764641168a677026b6d57a3f51dc7ac4db0b4f6186d9cb330d4ee1160?s=96&d=mm&r=g","contentUrl":"https:\/\/secure.gravatar.com\/avatar\/0534e84764641168a677026b6d57a3f51dc7ac4db0b4f6186d9cb330d4ee1160?s=96&d=mm&r=g","caption":"Jefferson Sterfeno"},"sameAs":["http:\/\/blogdobispo.com.br"],"url":"https:\/\/blogdobispo.com.br\/?author=1"}]}},"featured_image_urls":{"full":["https:\/\/i0.wp.com\/blogdobispo.com.br\/wp-content\/uploads\/2025\/11\/fachada-com-jardim.jpg?fit=1200%2C800&ssl=1",1200,800,false],"thumbnail":["https:\/\/i0.wp.com\/blogdobispo.com.br\/wp-content\/uploads\/2025\/11\/fachada-com-jardim.jpg?resize=150%2C150&ssl=1",150,150,true],"medium":["https:\/\/i0.wp.com\/blogdobispo.com.br\/wp-content\/uploads\/2025\/11\/fachada-com-jardim.jpg?fit=300%2C200&ssl=1",300,200,true],"medium_large":["https:\/\/i0.wp.com\/blogdobispo.com.br\/wp-content\/uploads\/2025\/11\/fachada-com-jardim.jpg?fit=768%2C512&ssl=1",768,512,true],"large":["https:\/\/i0.wp.com\/blogdobispo.com.br\/wp-content\/uploads\/2025\/11\/fachada-com-jardim.jpg?fit=800%2C534&ssl=1",800,534,true],"1536x1536":["https:\/\/i0.wp.com\/blogdobispo.com.br\/wp-content\/uploads\/2025\/11\/fachada-com-jardim.jpg?fit=1200%2C800&ssl=1",1200,800,true],"2048x2048":["https:\/\/i0.wp.com\/blogdobispo.com.br\/wp-content\/uploads\/2025\/11\/fachada-com-jardim.jpg?fit=1200%2C800&ssl=1",1200,800,true]},"author_info":{"display_name":"Jefferson Sterfeno","author_link":"https:\/\/blogdobispo.com.br\/?author=1"},"category_info":"<a href=\"https:\/\/blogdobispo.com.br\/?cat=1\" rel=\"category\">diversos<\/a>","tag_info":"diversos","comment_count":"0","jetpack_featured_media_url":"https:\/\/i0.wp.com\/blogdobispo.com.br\/wp-content\/uploads\/2025\/11\/fachada-com-jardim.jpg?fit=1200%2C800&ssl=1","jetpack_sharing_enabled":true,"_links":{"self":[{"href":"https:\/\/blogdobispo.com.br\/index.php?rest_route=\/wp\/v2\/posts\/18433","targetHints":{"allow":["GET"]}}],"collection":[{"href":"https:\/\/blogdobispo.com.br\/index.php?rest_route=\/wp\/v2\/posts"}],"about":[{"href":"https:\/\/blogdobispo.com.br\/index.php?rest_route=\/wp\/v2\/types\/post"}],"author":[{"embeddable":true,"href":"https:\/\/blogdobispo.com.br\/index.php?rest_route=\/wp\/v2\/users\/1"}],"replies":[{"embeddable":true,"href":"https:\/\/blogdobispo.com.br\/index.php?rest_route=%2Fwp%2Fv2%2Fcomments&post=18433"}],"version-history":[{"count":1,"href":"https:\/\/blogdobispo.com.br\/index.php?rest_route=\/wp\/v2\/posts\/18433\/revisions"}],"predecessor-version":[{"id":18435,"href":"https:\/\/blogdobispo.com.br\/index.php?rest_route=\/wp\/v2\/posts\/18433\/revisions\/18435"}],"wp:featuredmedia":[{"embeddable":true,"href":"https:\/\/blogdobispo.com.br\/index.php?rest_route=\/wp\/v2\/media\/18434"}],"wp:attachment":[{"href":"https:\/\/blogdobispo.com.br\/index.php?rest_route=%2Fwp%2Fv2%2Fmedia&parent=18433"}],"wp:term":[{"taxonomy":"category","embeddable":true,"href":"https:\/\/blogdobispo.com.br\/index.php?rest_route=%2Fwp%2Fv2%2Fcategories&post=18433"},{"taxonomy":"post_tag","embeddable":true,"href":"https:\/\/blogdobispo.com.br\/index.php?rest_route=%2Fwp%2Fv2%2Ftags&post=18433"}],"curies":[{"name":"wp","href":"https:\/\/api.w.org\/{rel}","templated":true}]}}