{"id":18429,"date":"2025-11-04T18:34:14","date_gmt":"2025-11-04T18:34:14","guid":{"rendered":"https:\/\/blogdobispo.com.br\/?p=18429"},"modified":"2025-11-25T16:39:42","modified_gmt":"2025-11-25T16:39:42","slug":"mudanca-em-flats-e-apoio-tecnico-para-habitacoes-populares-avancam-em-comissao","status":"publish","type":"post","link":"https:\/\/blogdobispo.com.br\/?p=18429","title":{"rendered":"Mudan\u00e7a em flats e apoio t\u00e9cnico para habita\u00e7\u00f5es populares avan\u00e7am em Comiss\u00e3o"},"content":{"rendered":"<p>A Comiss\u00e3o de Planejamento Urbano, Meio Ambiente e Habita\u00e7\u00e3o (CPUMAH), da C\u00e2mara Municipal de Natal, se reuniu na tarde desta ter\u00e7a-feira (04), para designar cinco Projetos de Lei para relatoria e apreciar o parecer de outros dois. Entre estes est\u00e1 o PL 662\/2025, de autoria do Poder Executivo, o qual estabelece a mudan\u00e7a de tipologia das unidades de \u201cflat\u201d para \u201cunidades residenciais\u201d, adequando essas constru\u00e7\u00f5es aos atuais Plano de Obras e Plano Diretor de Natal.<\/p>\n<p>O vereador Irapo\u00e3 N\u00f3brega (Republicanos), presidente da CPUMAH, relatou o PL na Comiss\u00e3o. Segundo ele, \u201co Projeto de Lei vem trazer mais seguran\u00e7a jur\u00eddica para os propriet\u00e1rios desse tipo de im\u00f3vel, e tamb\u00e9m para investidores, que desejam construir e investir na nossa cidade\u201d.<\/p>\n<p>O outro Projeto de Lei cujo parecer foi analisado pelo Colegiado \u00e9 o PL 100\/2021, de autoria da ex-vereadora &nbsp;Divaneide Bas\u00edlio, e subscrito pelo vereador Daniel Valen\u00e7a (PT). A mat\u00e9ria institui a assist\u00eancia t\u00e9cnica p\u00fablica e gratuita para projeto e constru\u00e7\u00e3o de habita\u00e7\u00e3o de interesse social para as fam\u00edlias de baixa renda.<\/p>\n<p>Em seu parecer, o relator do projeto, vereador Eribaldo Medeiros (REDE), destacou n\u00e3o haver v\u00edcios de inconstitucionalidade ou qualquer tipo de usurpa\u00e7\u00e3o de compet\u00eancia dos demais entes federativos. \u201cA iniciativa visa atender a uma demanda hist\u00f3rica das camadas sociais mais vulner\u00e1veis, prevendo a atua\u00e7\u00e3o de profissionais das \u00e1reas de arquitetura, engenharia, assist\u00eancia social e direito, podendo o servi\u00e7o ser prestado por diversas modalidades de profissionais, inclusive por meio de parcerias com universidades, cooperativas, ONGs e profissionais aut\u00f4nomos\u201d, aponta o documento.<\/p>\n<p>A reuni\u00e3o da Comiss\u00e3o de Planejamento Urbano, Meio Ambiente e Habita\u00e7\u00e3o tamb\u00e9m contou com a presen\u00e7a do seu vice-presidente, o vereador Preto Aquino (Podemos).<\/p>\n<p>Texto: Cleber Femina<br \/>\nFotos: Ot\u00e1vio Augusto<\/p>\n<p>&nbsp;<\/p>\n<p><img data-recalc-dims=\"1\" fetchpriority=\"high\" decoding=\"async\" src=\"https:\/\/i0.wp.com\/blogdobispo.com.br\/wp-content\/uploads\/2025\/11\/bc8b8c59e9fef610a58790cf754d7d8c-1.jpeg?resize=300%2C176\" class=\"alignnone size-medium wp-image-18430\" width=\"300\" height=\"176\" alt=\"\" srcset=\"https:\/\/i0.wp.com\/blogdobispo.com.br\/wp-content\/uploads\/2025\/11\/bc8b8c59e9fef610a58790cf754d7d8c-1.jpeg?resize=300%2C176&amp;ssl=1 300w, https:\/\/i0.wp.com\/blogdobispo.com.br\/wp-content\/uploads\/2025\/11\/bc8b8c59e9fef610a58790cf754d7d8c-1.jpeg?resize=1024%2C602&amp;ssl=1 1024w, https:\/\/i0.wp.com\/blogdobispo.com.br\/wp-content\/uploads\/2025\/11\/bc8b8c59e9fef610a58790cf754d7d8c-1.jpeg?resize=768%2C452&amp;ssl=1 768w, https:\/\/i0.wp.com\/blogdobispo.com.br\/wp-content\/uploads\/2025\/11\/bc8b8c59e9fef610a58790cf754d7d8c-1.jpeg?resize=1536%2C903&amp;ssl=1 1536w, https:\/\/i0.wp.com\/blogdobispo.com.br\/wp-content\/uploads\/2025\/11\/bc8b8c59e9fef610a58790cf754d7d8c-1.jpeg?w=1600&amp;ssl=1 1600w\" sizes=\"(max-width: 300px) 100vw, 300px\" \/><\/p>\n","protected":false},"excerpt":{"rendered":"<p>A Comiss\u00e3o de Planejamento Urbano, Meio Ambiente e Habita\u00e7\u00e3o (CPUMAH), da C\u00e2mara Municipal de Natal, se reuniu na tarde desta ter\u00e7a-feira (04), para designar cinco Projetos de Lei para relatoria e apreciar o parecer de outros dois. Entre estes est\u00e1 o PL 662\/2025, de autoria do Poder Executivo, o qual estabelece a mudan\u00e7a de tipologia [&hellip;]<\/p>\n","protected":false},"author":1,"featured_media":18430,"comment_status":"open","ping_status":"open","sticky":false,"template":"","format":"standard","meta":{"cybocfi_hide_featured_image":"","_jetpack_memberships_contains_paid_content":false,"footnotes":""},"categories":[1],"tags":[],"class_list":["post-18429","post","type-post","status-publish","format-standard","has-post-thumbnail","hentry","category-diversos"],"yoast_head":"<!-- This site is optimized with the Yoast SEO plugin v25.6 - https:\/\/yoast.com\/wordpress\/plugins\/seo\/ -->\n<title>Mudan\u00e7a em flats e apoio t\u00e9cnico para habita\u00e7\u00f5es populares avan\u00e7am em Comiss\u00e3o - Blog do Bispo<\/title>\n<meta name=\"robots\" content=\"index, follow, max-snippet:-1, max-image-preview:large, max-video-preview:-1\" \/>\n<link rel=\"canonical\" href=\"https:\/\/blogdobispo.com.br\/?p=18429\" \/>\n<meta property=\"og:locale\" content=\"pt_BR\" \/>\n<meta property=\"og:type\" content=\"article\" \/>\n<meta property=\"og:title\" content=\"Mudan\u00e7a em flats e apoio t\u00e9cnico para habita\u00e7\u00f5es populares avan\u00e7am em Comiss\u00e3o - Blog do Bispo\" \/>\n<meta property=\"og:description\" content=\"A Comiss\u00e3o de Planejamento Urbano, Meio Ambiente e Habita\u00e7\u00e3o (CPUMAH), da C\u00e2mara Municipal de Natal, se reuniu na tarde desta ter\u00e7a-feira (04), para designar cinco Projetos de Lei para relatoria e apreciar o parecer de outros dois. Entre estes est\u00e1 o PL 662\/2025, de autoria do Poder Executivo, o qual estabelece a mudan\u00e7a de tipologia [&hellip;]\" \/>\n<meta property=\"og:url\" content=\"https:\/\/blogdobispo.com.br\/?p=18429\" \/>\n<meta property=\"og:site_name\" content=\"Blog do Bispo\" \/>\n<meta property=\"article:published_time\" content=\"2025-11-04T18:34:14+00:00\" \/>\n<meta property=\"article:modified_time\" content=\"2025-11-25T16:39:42+00:00\" \/>\n<meta property=\"og:image\" content=\"https:\/\/i0.wp.com\/blogdobispo.com.br\/wp-content\/uploads\/2025\/11\/bc8b8c59e9fef610a58790cf754d7d8c-1.jpeg?fit=1600%2C941&ssl=1\" \/>\n\t<meta property=\"og:image:width\" content=\"1600\" \/>\n\t<meta property=\"og:image:height\" content=\"941\" \/>\n\t<meta property=\"og:image:type\" content=\"image\/jpeg\" \/>\n<meta name=\"author\" content=\"Jefferson Sterfeno\" \/>\n<meta name=\"twitter:card\" content=\"summary_large_image\" \/>\n<meta name=\"twitter:label1\" content=\"Escrito por\" \/>\n\t<meta name=\"twitter:data1\" content=\"Jefferson Sterfeno\" \/>\n\t<meta name=\"twitter:label2\" content=\"Est. tempo de leitura\" \/>\n\t<meta name=\"twitter:data2\" content=\"2 minutos\" \/>\n<script type=\"application\/ld+json\" class=\"yoast-schema-graph\">{\"@context\":\"https:\/\/schema.org\",\"@graph\":[{\"@type\":\"Article\",\"@id\":\"https:\/\/blogdobispo.com.br\/?p=18429#article\",\"isPartOf\":{\"@id\":\"https:\/\/blogdobispo.com.br\/?p=18429\"},\"author\":{\"name\":\"Jefferson Sterfeno\",\"@id\":\"https:\/\/blogdobispo.com.br\/#\/schema\/person\/e2209cc0e6cea5c5233d033e997b373f\"},\"headline\":\"Mudan\u00e7a em flats e apoio t\u00e9cnico para habita\u00e7\u00f5es populares avan\u00e7am em Comiss\u00e3o\",\"datePublished\":\"2025-11-04T18:34:14+00:00\",\"dateModified\":\"2025-11-25T16:39:42+00:00\",\"mainEntityOfPage\":{\"@id\":\"https:\/\/blogdobispo.com.br\/?p=18429\"},\"wordCount\":333,\"commentCount\":0,\"publisher\":{\"@id\":\"https:\/\/blogdobispo.com.br\/#organization\"},\"image\":{\"@id\":\"https:\/\/blogdobispo.com.br\/?p=18429#primaryimage\"},\"thumbnailUrl\":\"https:\/\/i0.wp.com\/blogdobispo.com.br\/wp-content\/uploads\/2025\/11\/bc8b8c59e9fef610a58790cf754d7d8c-1.jpeg?fit=1600%2C941&ssl=1\",\"articleSection\":[\"diversos\"],\"inLanguage\":\"pt-BR\",\"potentialAction\":[{\"@type\":\"CommentAction\",\"name\":\"Comment\",\"target\":[\"https:\/\/blogdobispo.com.br\/?p=18429#respond\"]}]},{\"@type\":\"WebPage\",\"@id\":\"https:\/\/blogdobispo.com.br\/?p=18429\",\"url\":\"https:\/\/blogdobispo.com.br\/?p=18429\",\"name\":\"Mudan\u00e7a em flats e apoio t\u00e9cnico para habita\u00e7\u00f5es populares avan\u00e7am em Comiss\u00e3o - Blog do Bispo\",\"isPartOf\":{\"@id\":\"https:\/\/blogdobispo.com.br\/#website\"},\"primaryImageOfPage\":{\"@id\":\"https:\/\/blogdobispo.com.br\/?p=18429#primaryimage\"},\"image\":{\"@id\":\"https:\/\/blogdobispo.com.br\/?p=18429#primaryimage\"},\"thumbnailUrl\":\"https:\/\/i0.wp.com\/blogdobispo.com.br\/wp-content\/uploads\/2025\/11\/bc8b8c59e9fef610a58790cf754d7d8c-1.jpeg?fit=1600%2C941&ssl=1\",\"datePublished\":\"2025-11-04T18:34:14+00:00\",\"dateModified\":\"2025-11-25T16:39:42+00:00\",\"breadcrumb\":{\"@id\":\"https:\/\/blogdobispo.com.br\/?p=18429#breadcrumb\"},\"inLanguage\":\"pt-BR\",\"potentialAction\":[{\"@type\":\"ReadAction\",\"target\":[\"https:\/\/blogdobispo.com.br\/?p=18429\"]}]},{\"@type\":\"ImageObject\",\"inLanguage\":\"pt-BR\",\"@id\":\"https:\/\/blogdobispo.com.br\/?p=18429#primaryimage\",\"url\":\"https:\/\/i0.wp.com\/blogdobispo.com.br\/wp-content\/uploads\/2025\/11\/bc8b8c59e9fef610a58790cf754d7d8c-1.jpeg?fit=1600%2C941&ssl=1\",\"contentUrl\":\"https:\/\/i0.wp.com\/blogdobispo.com.br\/wp-content\/uploads\/2025\/11\/bc8b8c59e9fef610a58790cf754d7d8c-1.jpeg?fit=1600%2C941&ssl=1\",\"width\":1600,\"height\":941},{\"@type\":\"BreadcrumbList\",\"@id\":\"https:\/\/blogdobispo.com.br\/?p=18429#breadcrumb\",\"itemListElement\":[{\"@type\":\"ListItem\",\"position\":1,\"name\":\"In\u00edcio\",\"item\":\"https:\/\/blogdobispo.com.br\/\"},{\"@type\":\"ListItem\",\"position\":2,\"name\":\"Mudan\u00e7a em flats e apoio t\u00e9cnico para habita\u00e7\u00f5es populares avan\u00e7am em Comiss\u00e3o\"}]},{\"@type\":\"WebSite\",\"@id\":\"https:\/\/blogdobispo.com.br\/#website\",\"url\":\"https:\/\/blogdobispo.com.br\/\",\"name\":\"Blog do Bispo\",\"description\":\"Comprometido apenas com o leitor\",\"publisher\":{\"@id\":\"https:\/\/blogdobispo.com.br\/#organization\"},\"potentialAction\":[{\"@type\":\"SearchAction\",\"target\":{\"@type\":\"EntryPoint\",\"urlTemplate\":\"https:\/\/blogdobispo.com.br\/?s={search_term_string}\"},\"query-input\":{\"@type\":\"PropertyValueSpecification\",\"valueRequired\":true,\"valueName\":\"search_term_string\"}}],\"inLanguage\":\"pt-BR\"},{\"@type\":\"Organization\",\"@id\":\"https:\/\/blogdobispo.com.br\/#organization\",\"name\":\"Blog do Bispo\",\"url\":\"https:\/\/blogdobispo.com.br\/\",\"logo\":{\"@type\":\"ImageObject\",\"inLanguage\":\"pt-BR\",\"@id\":\"https:\/\/blogdobispo.com.br\/#\/schema\/logo\/image\/\",\"url\":\"http:\/\/blogdobispo.com.br\/wp-content\/uploads\/2023\/05\/cropped-headear.png\",\"contentUrl\":\"http:\/\/blogdobispo.com.br\/wp-content\/uploads\/2023\/05\/cropped-headear.png\",\"width\":1500,\"height\":399,\"caption\":\"Blog do Bispo\"},\"image\":{\"@id\":\"https:\/\/blogdobispo.com.br\/#\/schema\/logo\/image\/\"}},{\"@type\":\"Person\",\"@id\":\"https:\/\/blogdobispo.com.br\/#\/schema\/person\/e2209cc0e6cea5c5233d033e997b373f\",\"name\":\"Jefferson Sterfeno\",\"image\":{\"@type\":\"ImageObject\",\"inLanguage\":\"pt-BR\",\"@id\":\"https:\/\/blogdobispo.com.br\/#\/schema\/person\/image\/\",\"url\":\"https:\/\/secure.gravatar.com\/avatar\/0534e84764641168a677026b6d57a3f51dc7ac4db0b4f6186d9cb330d4ee1160?s=96&d=mm&r=g\",\"contentUrl\":\"https:\/\/secure.gravatar.com\/avatar\/0534e84764641168a677026b6d57a3f51dc7ac4db0b4f6186d9cb330d4ee1160?s=96&d=mm&r=g\",\"caption\":\"Jefferson Sterfeno\"},\"sameAs\":[\"http:\/\/blogdobispo.com.br\"],\"url\":\"https:\/\/blogdobispo.com.br\/?author=1\"}]}<\/script>\n<!-- \/ Yoast SEO plugin. -->","yoast_head_json":{"title":"Mudan\u00e7a em flats e apoio t\u00e9cnico para habita\u00e7\u00f5es populares avan\u00e7am em Comiss\u00e3o - Blog do Bispo","robots":{"index":"index","follow":"follow","max-snippet":"max-snippet:-1","max-image-preview":"max-image-preview:large","max-video-preview":"max-video-preview:-1"},"canonical":"https:\/\/blogdobispo.com.br\/?p=18429","og_locale":"pt_BR","og_type":"article","og_title":"Mudan\u00e7a em flats e apoio t\u00e9cnico para habita\u00e7\u00f5es populares avan\u00e7am em Comiss\u00e3o - Blog do Bispo","og_description":"A Comiss\u00e3o de Planejamento Urbano, Meio Ambiente e Habita\u00e7\u00e3o (CPUMAH), da C\u00e2mara Municipal de Natal, se reuniu na tarde desta ter\u00e7a-feira (04), para designar cinco Projetos de Lei para relatoria e apreciar o parecer de outros dois. Entre estes est\u00e1 o PL 662\/2025, de autoria do Poder Executivo, o qual estabelece a mudan\u00e7a de tipologia [&hellip;]","og_url":"https:\/\/blogdobispo.com.br\/?p=18429","og_site_name":"Blog do Bispo","article_published_time":"2025-11-04T18:34:14+00:00","article_modified_time":"2025-11-25T16:39:42+00:00","og_image":[{"width":1600,"height":941,"url":"https:\/\/i0.wp.com\/blogdobispo.com.br\/wp-content\/uploads\/2025\/11\/bc8b8c59e9fef610a58790cf754d7d8c-1.jpeg?fit=1600%2C941&ssl=1","type":"image\/jpeg"}],"author":"Jefferson Sterfeno","twitter_card":"summary_large_image","twitter_misc":{"Escrito por":"Jefferson Sterfeno","Est. tempo de leitura":"2 minutos"},"schema":{"@context":"https:\/\/schema.org","@graph":[{"@type":"Article","@id":"https:\/\/blogdobispo.com.br\/?p=18429#article","isPartOf":{"@id":"https:\/\/blogdobispo.com.br\/?p=18429"},"author":{"name":"Jefferson Sterfeno","@id":"https:\/\/blogdobispo.com.br\/#\/schema\/person\/e2209cc0e6cea5c5233d033e997b373f"},"headline":"Mudan\u00e7a em flats e apoio t\u00e9cnico para habita\u00e7\u00f5es populares avan\u00e7am em Comiss\u00e3o","datePublished":"2025-11-04T18:34:14+00:00","dateModified":"2025-11-25T16:39:42+00:00","mainEntityOfPage":{"@id":"https:\/\/blogdobispo.com.br\/?p=18429"},"wordCount":333,"commentCount":0,"publisher":{"@id":"https:\/\/blogdobispo.com.br\/#organization"},"image":{"@id":"https:\/\/blogdobispo.com.br\/?p=18429#primaryimage"},"thumbnailUrl":"https:\/\/i0.wp.com\/blogdobispo.com.br\/wp-content\/uploads\/2025\/11\/bc8b8c59e9fef610a58790cf754d7d8c-1.jpeg?fit=1600%2C941&ssl=1","articleSection":["diversos"],"inLanguage":"pt-BR","potentialAction":[{"@type":"CommentAction","name":"Comment","target":["https:\/\/blogdobispo.com.br\/?p=18429#respond"]}]},{"@type":"WebPage","@id":"https:\/\/blogdobispo.com.br\/?p=18429","url":"https:\/\/blogdobispo.com.br\/?p=18429","name":"Mudan\u00e7a em flats e apoio t\u00e9cnico para habita\u00e7\u00f5es populares avan\u00e7am em Comiss\u00e3o - Blog do Bispo","isPartOf":{"@id":"https:\/\/blogdobispo.com.br\/#website"},"primaryImageOfPage":{"@id":"https:\/\/blogdobispo.com.br\/?p=18429#primaryimage"},"image":{"@id":"https:\/\/blogdobispo.com.br\/?p=18429#primaryimage"},"thumbnailUrl":"https:\/\/i0.wp.com\/blogdobispo.com.br\/wp-content\/uploads\/2025\/11\/bc8b8c59e9fef610a58790cf754d7d8c-1.jpeg?fit=1600%2C941&ssl=1","datePublished":"2025-11-04T18:34:14+00:00","dateModified":"2025-11-25T16:39:42+00:00","breadcrumb":{"@id":"https:\/\/blogdobispo.com.br\/?p=18429#breadcrumb"},"inLanguage":"pt-BR","potentialAction":[{"@type":"ReadAction","target":["https:\/\/blogdobispo.com.br\/?p=18429"]}]},{"@type":"ImageObject","inLanguage":"pt-BR","@id":"https:\/\/blogdobispo.com.br\/?p=18429#primaryimage","url":"https:\/\/i0.wp.com\/blogdobispo.com.br\/wp-content\/uploads\/2025\/11\/bc8b8c59e9fef610a58790cf754d7d8c-1.jpeg?fit=1600%2C941&ssl=1","contentUrl":"https:\/\/i0.wp.com\/blogdobispo.com.br\/wp-content\/uploads\/2025\/11\/bc8b8c59e9fef610a58790cf754d7d8c-1.jpeg?fit=1600%2C941&ssl=1","width":1600,"height":941},{"@type":"BreadcrumbList","@id":"https:\/\/blogdobispo.com.br\/?p=18429#breadcrumb","itemListElement":[{"@type":"ListItem","position":1,"name":"In\u00edcio","item":"https:\/\/blogdobispo.com.br\/"},{"@type":"ListItem","position":2,"name":"Mudan\u00e7a em flats e apoio t\u00e9cnico para habita\u00e7\u00f5es populares avan\u00e7am em Comiss\u00e3o"}]},{"@type":"WebSite","@id":"https:\/\/blogdobispo.com.br\/#website","url":"https:\/\/blogdobispo.com.br\/","name":"Blog do Bispo","description":"Comprometido apenas com o leitor","publisher":{"@id":"https:\/\/blogdobispo.com.br\/#organization"},"potentialAction":[{"@type":"SearchAction","target":{"@type":"EntryPoint","urlTemplate":"https:\/\/blogdobispo.com.br\/?s={search_term_string}"},"query-input":{"@type":"PropertyValueSpecification","valueRequired":true,"valueName":"search_term_string"}}],"inLanguage":"pt-BR"},{"@type":"Organization","@id":"https:\/\/blogdobispo.com.br\/#organization","name":"Blog do Bispo","url":"https:\/\/blogdobispo.com.br\/","logo":{"@type":"ImageObject","inLanguage":"pt-BR","@id":"https:\/\/blogdobispo.com.br\/#\/schema\/logo\/image\/","url":"http:\/\/blogdobispo.com.br\/wp-content\/uploads\/2023\/05\/cropped-headear.png","contentUrl":"http:\/\/blogdobispo.com.br\/wp-content\/uploads\/2023\/05\/cropped-headear.png","width":1500,"height":399,"caption":"Blog do Bispo"},"image":{"@id":"https:\/\/blogdobispo.com.br\/#\/schema\/logo\/image\/"}},{"@type":"Person","@id":"https:\/\/blogdobispo.com.br\/#\/schema\/person\/e2209cc0e6cea5c5233d033e997b373f","name":"Jefferson Sterfeno","image":{"@type":"ImageObject","inLanguage":"pt-BR","@id":"https:\/\/blogdobispo.com.br\/#\/schema\/person\/image\/","url":"https:\/\/secure.gravatar.com\/avatar\/0534e84764641168a677026b6d57a3f51dc7ac4db0b4f6186d9cb330d4ee1160?s=96&d=mm&r=g","contentUrl":"https:\/\/secure.gravatar.com\/avatar\/0534e84764641168a677026b6d57a3f51dc7ac4db0b4f6186d9cb330d4ee1160?s=96&d=mm&r=g","caption":"Jefferson Sterfeno"},"sameAs":["http:\/\/blogdobispo.com.br"],"url":"https:\/\/blogdobispo.com.br\/?author=1"}]}},"featured_image_urls":{"full":["https:\/\/i0.wp.com\/blogdobispo.com.br\/wp-content\/uploads\/2025\/11\/bc8b8c59e9fef610a58790cf754d7d8c-1.jpeg?fit=1600%2C941&ssl=1",1600,941,false],"thumbnail":["https:\/\/i0.wp.com\/blogdobispo.com.br\/wp-content\/uploads\/2025\/11\/bc8b8c59e9fef610a58790cf754d7d8c-1.jpeg?resize=150%2C150&ssl=1",150,150,true],"medium":["https:\/\/i0.wp.com\/blogdobispo.com.br\/wp-content\/uploads\/2025\/11\/bc8b8c59e9fef610a58790cf754d7d8c-1.jpeg?fit=300%2C176&ssl=1",300,176,true],"medium_large":["https:\/\/i0.wp.com\/blogdobispo.com.br\/wp-content\/uploads\/2025\/11\/bc8b8c59e9fef610a58790cf754d7d8c-1.jpeg?fit=768%2C452&ssl=1",768,452,true],"large":["https:\/\/i0.wp.com\/blogdobispo.com.br\/wp-content\/uploads\/2025\/11\/bc8b8c59e9fef610a58790cf754d7d8c-1.jpeg?fit=800%2C470&ssl=1",800,470,true],"1536x1536":["https:\/\/i0.wp.com\/blogdobispo.com.br\/wp-content\/uploads\/2025\/11\/bc8b8c59e9fef610a58790cf754d7d8c-1.jpeg?fit=1536%2C903&ssl=1",1536,903,true],"2048x2048":["https:\/\/i0.wp.com\/blogdobispo.com.br\/wp-content\/uploads\/2025\/11\/bc8b8c59e9fef610a58790cf754d7d8c-1.jpeg?fit=1600%2C941&ssl=1",1600,941,true]},"author_info":{"display_name":"Jefferson Sterfeno","author_link":"https:\/\/blogdobispo.com.br\/?author=1"},"category_info":"<a href=\"https:\/\/blogdobispo.com.br\/?cat=1\" rel=\"category\">diversos<\/a>","tag_info":"diversos","comment_count":"0","jetpack_featured_media_url":"https:\/\/i0.wp.com\/blogdobispo.com.br\/wp-content\/uploads\/2025\/11\/bc8b8c59e9fef610a58790cf754d7d8c-1.jpeg?fit=1600%2C941&ssl=1","jetpack_sharing_enabled":true,"_links":{"self":[{"href":"https:\/\/blogdobispo.com.br\/index.php?rest_route=\/wp\/v2\/posts\/18429","targetHints":{"allow":["GET"]}}],"collection":[{"href":"https:\/\/blogdobispo.com.br\/index.php?rest_route=\/wp\/v2\/posts"}],"about":[{"href":"https:\/\/blogdobispo.com.br\/index.php?rest_route=\/wp\/v2\/types\/post"}],"author":[{"embeddable":true,"href":"https:\/\/blogdobispo.com.br\/index.php?rest_route=\/wp\/v2\/users\/1"}],"replies":[{"embeddable":true,"href":"https:\/\/blogdobispo.com.br\/index.php?rest_route=%2Fwp%2Fv2%2Fcomments&post=18429"}],"version-history":[{"count":2,"href":"https:\/\/blogdobispo.com.br\/index.php?rest_route=\/wp\/v2\/posts\/18429\/revisions"}],"predecessor-version":[{"id":18604,"href":"https:\/\/blogdobispo.com.br\/index.php?rest_route=\/wp\/v2\/posts\/18429\/revisions\/18604"}],"wp:featuredmedia":[{"embeddable":true,"href":"https:\/\/blogdobispo.com.br\/index.php?rest_route=\/wp\/v2\/media\/18430"}],"wp:attachment":[{"href":"https:\/\/blogdobispo.com.br\/index.php?rest_route=%2Fwp%2Fv2%2Fmedia&parent=18429"}],"wp:term":[{"taxonomy":"category","embeddable":true,"href":"https:\/\/blogdobispo.com.br\/index.php?rest_route=%2Fwp%2Fv2%2Fcategories&post=18429"},{"taxonomy":"post_tag","embeddable":true,"href":"https:\/\/blogdobispo.com.br\/index.php?rest_route=%2Fwp%2Fv2%2Ftags&post=18429"}],"curies":[{"name":"wp","href":"https:\/\/api.w.org\/{rel}","templated":true}]}}