{"id":18415,"date":"2025-11-04T18:22:46","date_gmt":"2025-11-04T18:22:46","guid":{"rendered":"https:\/\/blogdobispo.com.br\/?p=18415"},"modified":"2025-11-04T18:22:46","modified_gmt":"2025-11-04T18:22:46","slug":"prefeito-e-vice-de-sao-miguel-do-gostoso-tem-mandatos-cassados","status":"publish","type":"post","link":"https:\/\/blogdobispo.com.br\/?p=18415","title":{"rendered":"Prefeito e vice de S\u00e3o Miguel do Gostoso t\u00eam mandatos cassados"},"content":{"rendered":"<p>O salto de 93,67% nas contrata\u00e7\u00f5es de servidores tempor\u00e1rios no per\u00edodo de sete meses que antecederam as elei\u00e7\u00f5es em 2024, levou \u00e0s cassa\u00e7\u00f5es em primeira inst\u00e2ncia primeira inst\u00e2ncia dos mandatos do prefeito e vice-prefeito de S\u00e3o Miguel do Gostoso, Leonardo Teixeira da Cunha (PSD) e Jo\u00e3o Eudes Rodrigues (PT), respectivamente, por abuso de poder pol\u00edtico e econ\u00f4mico.<\/p>\n<p>Juiz da 14\u00aa Zona Eleitoral em Touros, Pablo de Oliveira Santos, tamb\u00e9m determinou a realiza\u00e7\u00e3o de novas elei\u00e7\u00f5es em S\u00e3o Miguel do Gostoso e inelegibilidade por oito anos do chefe de gabinete, o ex-prefeito Jos\u00e9 Renato Teixeira de Souza. A senten\u00e7a foi publicada, no e-Legis da Justi\u00e7a Eleitoral no dia 31 de outubro.<\/p>\n<p>De acordo com os autos e com base em dados extra\u00eddos do Portal da Transpar\u00eancia, o n\u00famero de contratados que era de 411 em janeiro de 2024, subiu para 796 em julho do mesmo ano, o que representa um incremento de 385 novos v\u00ednculos, ou seja, um aumento de 93,67%.<\/p>\n<p>A coliga\u00e7\u00e3o \u201cMudan\u00e7a e Reconstru\u00e7\u00e3o\u201d disputou a prefeitura de S\u00e3o Miguel do Gostoso com a candidatura a prefeito do empres\u00e1rio Claudecir Gon\u00e7alves Fernandes (PL), o \u201cCaio Fernandes\u201d e denunciou que \u201dtal contingente de contratados tempor\u00e1rios supera em quase tr\u00eas vezes o quadro de servidores efetivos do munic\u00edpio, que seria de aproximadamente 300 pessoas\u201d.<\/p>\n<p>\u201cEssa despropor\u00e7\u00e3o, em um col\u00e9gio eleitoral de 9.540 eleitores, demonstra a magnitude da a\u00e7\u00e3o e seu potencial para desequilibrar a disputa eleitoral\u201d, argumentou a alian\u00e7a PL\/PP.<\/p>\n<p>O Minist\u00e9rio P\u00fablico Eleitoral aponta que, ignorando a ordem judicial, a gest\u00e3o municipal promoveu um aumento no quadro de tempor\u00e1rios superior a 90% entre janeiro e setembro de 2024.<\/p>\n<p>Segundo o MPE, essa situa\u00e7\u00e3o n\u00e3o apenas configurou abuso de poder, mas tamb\u00e9m um ato de desrespeito ao Poder Judici\u00e1rio, evidenciando o dolo na conduta e o desvio de finalidade para fins exclusivamente eleitorais, vez nos autos da A\u00e7\u00e3o Civil P\u00fablica n\u00ba 0800311-11.2019.8.20.5158, S\u00e3o Miguel do Gostoso foi condenado, com tr\u00e2nsito em julgado em 24 de novembro de \/2023 a se abster de celebrar novos contratos tempor\u00e1rios sem a devida comprova\u00e7\u00e3o de necessidade e sem a realiza\u00e7\u00e3o de processo seletivo, al\u00e9m de ser obrigado a adotar medidas para a redu\u00e7\u00e3o de despesas com pessoal.<\/p>\n<p>TN<img data-recalc-dims=\"1\" decoding=\"async\" class=\"alignnone size-medium wp-image-18416\" src=\"https:\/\/i0.wp.com\/blogdobispo.com.br\/wp-content\/uploads\/2025\/11\/image-9-1024x508.png.webp?resize=300%2C149\" alt=\"\" width=\"300\" height=\"149\" srcset=\"https:\/\/i0.wp.com\/blogdobispo.com.br\/wp-content\/uploads\/2025\/11\/image-9-1024x508.png.webp?resize=300%2C149&amp;ssl=1 300w, https:\/\/i0.wp.com\/blogdobispo.com.br\/wp-content\/uploads\/2025\/11\/image-9-1024x508.png.webp?resize=768%2C381&amp;ssl=1 768w, https:\/\/i0.wp.com\/blogdobispo.com.br\/wp-content\/uploads\/2025\/11\/image-9-1024x508.png.webp?w=1024&amp;ssl=1 1024w\" sizes=\"(max-width: 300px) 100vw, 300px\" \/><\/p>\n","protected":false},"excerpt":{"rendered":"<p>O salto de 93,67% nas contrata\u00e7\u00f5es de servidores tempor\u00e1rios no per\u00edodo de sete meses que antecederam as elei\u00e7\u00f5es em 2024, levou \u00e0s cassa\u00e7\u00f5es em primeira inst\u00e2ncia primeira inst\u00e2ncia dos mandatos do prefeito e vice-prefeito de S\u00e3o Miguel do Gostoso, Leonardo Teixeira da Cunha (PSD) e Jo\u00e3o Eudes Rodrigues (PT), respectivamente, por abuso de poder pol\u00edtico [&hellip;]<\/p>\n","protected":false},"author":1,"featured_media":18416,"comment_status":"open","ping_status":"open","sticky":false,"template":"","format":"standard","meta":{"cybocfi_hide_featured_image":"","_jetpack_memberships_contains_paid_content":false,"footnotes":""},"categories":[1],"tags":[],"class_list":["post-18415","post","type-post","status-publish","format-standard","has-post-thumbnail","hentry","category-diversos"],"yoast_head":"<!-- This site is optimized with the Yoast SEO plugin v25.6 - https:\/\/yoast.com\/wordpress\/plugins\/seo\/ -->\n<title>Prefeito e vice de S\u00e3o Miguel do Gostoso t\u00eam mandatos cassados - Blog do Bispo<\/title>\n<meta name=\"robots\" content=\"index, follow, max-snippet:-1, max-image-preview:large, max-video-preview:-1\" \/>\n<link rel=\"canonical\" href=\"https:\/\/blogdobispo.com.br\/?p=18415\" \/>\n<meta property=\"og:locale\" content=\"pt_BR\" \/>\n<meta property=\"og:type\" content=\"article\" \/>\n<meta property=\"og:title\" content=\"Prefeito e vice de S\u00e3o Miguel do Gostoso t\u00eam mandatos cassados - Blog do Bispo\" \/>\n<meta property=\"og:description\" content=\"O salto de 93,67% nas contrata\u00e7\u00f5es de servidores tempor\u00e1rios no per\u00edodo de sete meses que antecederam as elei\u00e7\u00f5es em 2024, levou \u00e0s cassa\u00e7\u00f5es em primeira inst\u00e2ncia primeira inst\u00e2ncia dos mandatos do prefeito e vice-prefeito de S\u00e3o Miguel do Gostoso, Leonardo Teixeira da Cunha (PSD) e Jo\u00e3o Eudes Rodrigues (PT), respectivamente, por abuso de poder pol\u00edtico [&hellip;]\" \/>\n<meta property=\"og:url\" content=\"https:\/\/blogdobispo.com.br\/?p=18415\" \/>\n<meta property=\"og:site_name\" content=\"Blog do Bispo\" \/>\n<meta property=\"article:published_time\" content=\"2025-11-04T18:22:46+00:00\" \/>\n<meta property=\"og:image\" content=\"http:\/\/blogdobispo.com.br\/wp-content\/uploads\/2025\/11\/image-9-1024x508.png.webp\" \/>\n\t<meta property=\"og:image:width\" content=\"1024\" \/>\n\t<meta property=\"og:image:height\" content=\"508\" \/>\n\t<meta property=\"og:image:type\" content=\"image\/webp\" \/>\n<meta name=\"author\" content=\"Jefferson Sterfeno\" \/>\n<meta name=\"twitter:card\" content=\"summary_large_image\" \/>\n<meta name=\"twitter:label1\" content=\"Escrito por\" \/>\n\t<meta name=\"twitter:data1\" content=\"Jefferson Sterfeno\" \/>\n\t<meta name=\"twitter:label2\" content=\"Est. tempo de leitura\" \/>\n\t<meta name=\"twitter:data2\" content=\"3 minutos\" \/>\n<script type=\"application\/ld+json\" class=\"yoast-schema-graph\">{\"@context\":\"https:\/\/schema.org\",\"@graph\":[{\"@type\":\"Article\",\"@id\":\"https:\/\/blogdobispo.com.br\/?p=18415#article\",\"isPartOf\":{\"@id\":\"https:\/\/blogdobispo.com.br\/?p=18415\"},\"author\":{\"name\":\"Jefferson Sterfeno\",\"@id\":\"https:\/\/blogdobispo.com.br\/#\/schema\/person\/e2209cc0e6cea5c5233d033e997b373f\"},\"headline\":\"Prefeito e vice de S\u00e3o Miguel do Gostoso t\u00eam mandatos cassados\",\"datePublished\":\"2025-11-04T18:22:46+00:00\",\"mainEntityOfPage\":{\"@id\":\"https:\/\/blogdobispo.com.br\/?p=18415\"},\"wordCount\":413,\"commentCount\":0,\"publisher\":{\"@id\":\"https:\/\/blogdobispo.com.br\/#organization\"},\"image\":{\"@id\":\"https:\/\/blogdobispo.com.br\/?p=18415#primaryimage\"},\"thumbnailUrl\":\"https:\/\/i0.wp.com\/blogdobispo.com.br\/wp-content\/uploads\/2025\/11\/image-9-1024x508.png.webp?fit=1024%2C508&ssl=1\",\"articleSection\":[\"diversos\"],\"inLanguage\":\"pt-BR\",\"potentialAction\":[{\"@type\":\"CommentAction\",\"name\":\"Comment\",\"target\":[\"https:\/\/blogdobispo.com.br\/?p=18415#respond\"]}]},{\"@type\":\"WebPage\",\"@id\":\"https:\/\/blogdobispo.com.br\/?p=18415\",\"url\":\"https:\/\/blogdobispo.com.br\/?p=18415\",\"name\":\"Prefeito e vice de S\u00e3o Miguel do Gostoso t\u00eam mandatos cassados - Blog do Bispo\",\"isPartOf\":{\"@id\":\"https:\/\/blogdobispo.com.br\/#website\"},\"primaryImageOfPage\":{\"@id\":\"https:\/\/blogdobispo.com.br\/?p=18415#primaryimage\"},\"image\":{\"@id\":\"https:\/\/blogdobispo.com.br\/?p=18415#primaryimage\"},\"thumbnailUrl\":\"https:\/\/i0.wp.com\/blogdobispo.com.br\/wp-content\/uploads\/2025\/11\/image-9-1024x508.png.webp?fit=1024%2C508&ssl=1\",\"datePublished\":\"2025-11-04T18:22:46+00:00\",\"breadcrumb\":{\"@id\":\"https:\/\/blogdobispo.com.br\/?p=18415#breadcrumb\"},\"inLanguage\":\"pt-BR\",\"potentialAction\":[{\"@type\":\"ReadAction\",\"target\":[\"https:\/\/blogdobispo.com.br\/?p=18415\"]}]},{\"@type\":\"ImageObject\",\"inLanguage\":\"pt-BR\",\"@id\":\"https:\/\/blogdobispo.com.br\/?p=18415#primaryimage\",\"url\":\"https:\/\/i0.wp.com\/blogdobispo.com.br\/wp-content\/uploads\/2025\/11\/image-9-1024x508.png.webp?fit=1024%2C508&ssl=1\",\"contentUrl\":\"https:\/\/i0.wp.com\/blogdobispo.com.br\/wp-content\/uploads\/2025\/11\/image-9-1024x508.png.webp?fit=1024%2C508&ssl=1\",\"width\":1024,\"height\":508},{\"@type\":\"BreadcrumbList\",\"@id\":\"https:\/\/blogdobispo.com.br\/?p=18415#breadcrumb\",\"itemListElement\":[{\"@type\":\"ListItem\",\"position\":1,\"name\":\"In\u00edcio\",\"item\":\"https:\/\/blogdobispo.com.br\/\"},{\"@type\":\"ListItem\",\"position\":2,\"name\":\"Prefeito e vice de S\u00e3o Miguel do Gostoso t\u00eam mandatos cassados\"}]},{\"@type\":\"WebSite\",\"@id\":\"https:\/\/blogdobispo.com.br\/#website\",\"url\":\"https:\/\/blogdobispo.com.br\/\",\"name\":\"Blog do Bispo\",\"description\":\"Comprometido apenas com o leitor\",\"publisher\":{\"@id\":\"https:\/\/blogdobispo.com.br\/#organization\"},\"potentialAction\":[{\"@type\":\"SearchAction\",\"target\":{\"@type\":\"EntryPoint\",\"urlTemplate\":\"https:\/\/blogdobispo.com.br\/?s={search_term_string}\"},\"query-input\":{\"@type\":\"PropertyValueSpecification\",\"valueRequired\":true,\"valueName\":\"search_term_string\"}}],\"inLanguage\":\"pt-BR\"},{\"@type\":\"Organization\",\"@id\":\"https:\/\/blogdobispo.com.br\/#organization\",\"name\":\"Blog do Bispo\",\"url\":\"https:\/\/blogdobispo.com.br\/\",\"logo\":{\"@type\":\"ImageObject\",\"inLanguage\":\"pt-BR\",\"@id\":\"https:\/\/blogdobispo.com.br\/#\/schema\/logo\/image\/\",\"url\":\"http:\/\/blogdobispo.com.br\/wp-content\/uploads\/2023\/05\/cropped-headear.png\",\"contentUrl\":\"http:\/\/blogdobispo.com.br\/wp-content\/uploads\/2023\/05\/cropped-headear.png\",\"width\":1500,\"height\":399,\"caption\":\"Blog do Bispo\"},\"image\":{\"@id\":\"https:\/\/blogdobispo.com.br\/#\/schema\/logo\/image\/\"}},{\"@type\":\"Person\",\"@id\":\"https:\/\/blogdobispo.com.br\/#\/schema\/person\/e2209cc0e6cea5c5233d033e997b373f\",\"name\":\"Jefferson Sterfeno\",\"image\":{\"@type\":\"ImageObject\",\"inLanguage\":\"pt-BR\",\"@id\":\"https:\/\/blogdobispo.com.br\/#\/schema\/person\/image\/\",\"url\":\"https:\/\/secure.gravatar.com\/avatar\/0534e84764641168a677026b6d57a3f51dc7ac4db0b4f6186d9cb330d4ee1160?s=96&d=mm&r=g\",\"contentUrl\":\"https:\/\/secure.gravatar.com\/avatar\/0534e84764641168a677026b6d57a3f51dc7ac4db0b4f6186d9cb330d4ee1160?s=96&d=mm&r=g\",\"caption\":\"Jefferson Sterfeno\"},\"sameAs\":[\"http:\/\/blogdobispo.com.br\"],\"url\":\"https:\/\/blogdobispo.com.br\/?author=1\"}]}<\/script>\n<!-- \/ Yoast SEO plugin. -->","yoast_head_json":{"title":"Prefeito e vice de S\u00e3o Miguel do Gostoso t\u00eam mandatos cassados - Blog do Bispo","robots":{"index":"index","follow":"follow","max-snippet":"max-snippet:-1","max-image-preview":"max-image-preview:large","max-video-preview":"max-video-preview:-1"},"canonical":"https:\/\/blogdobispo.com.br\/?p=18415","og_locale":"pt_BR","og_type":"article","og_title":"Prefeito e vice de S\u00e3o Miguel do Gostoso t\u00eam mandatos cassados - Blog do Bispo","og_description":"O salto de 93,67% nas contrata\u00e7\u00f5es de servidores tempor\u00e1rios no per\u00edodo de sete meses que antecederam as elei\u00e7\u00f5es em 2024, levou \u00e0s cassa\u00e7\u00f5es em primeira inst\u00e2ncia primeira inst\u00e2ncia dos mandatos do prefeito e vice-prefeito de S\u00e3o Miguel do Gostoso, Leonardo Teixeira da Cunha (PSD) e Jo\u00e3o Eudes Rodrigues (PT), respectivamente, por abuso de poder pol\u00edtico [&hellip;]","og_url":"https:\/\/blogdobispo.com.br\/?p=18415","og_site_name":"Blog do Bispo","article_published_time":"2025-11-04T18:22:46+00:00","og_image":[{"width":1024,"height":508,"url":"http:\/\/blogdobispo.com.br\/wp-content\/uploads\/2025\/11\/image-9-1024x508.png.webp","type":"image\/webp"}],"author":"Jefferson Sterfeno","twitter_card":"summary_large_image","twitter_misc":{"Escrito por":"Jefferson Sterfeno","Est. tempo de leitura":"3 minutos"},"schema":{"@context":"https:\/\/schema.org","@graph":[{"@type":"Article","@id":"https:\/\/blogdobispo.com.br\/?p=18415#article","isPartOf":{"@id":"https:\/\/blogdobispo.com.br\/?p=18415"},"author":{"name":"Jefferson Sterfeno","@id":"https:\/\/blogdobispo.com.br\/#\/schema\/person\/e2209cc0e6cea5c5233d033e997b373f"},"headline":"Prefeito e vice de S\u00e3o Miguel do Gostoso t\u00eam mandatos cassados","datePublished":"2025-11-04T18:22:46+00:00","mainEntityOfPage":{"@id":"https:\/\/blogdobispo.com.br\/?p=18415"},"wordCount":413,"commentCount":0,"publisher":{"@id":"https:\/\/blogdobispo.com.br\/#organization"},"image":{"@id":"https:\/\/blogdobispo.com.br\/?p=18415#primaryimage"},"thumbnailUrl":"https:\/\/i0.wp.com\/blogdobispo.com.br\/wp-content\/uploads\/2025\/11\/image-9-1024x508.png.webp?fit=1024%2C508&ssl=1","articleSection":["diversos"],"inLanguage":"pt-BR","potentialAction":[{"@type":"CommentAction","name":"Comment","target":["https:\/\/blogdobispo.com.br\/?p=18415#respond"]}]},{"@type":"WebPage","@id":"https:\/\/blogdobispo.com.br\/?p=18415","url":"https:\/\/blogdobispo.com.br\/?p=18415","name":"Prefeito e vice de S\u00e3o Miguel do Gostoso t\u00eam mandatos cassados - Blog do Bispo","isPartOf":{"@id":"https:\/\/blogdobispo.com.br\/#website"},"primaryImageOfPage":{"@id":"https:\/\/blogdobispo.com.br\/?p=18415#primaryimage"},"image":{"@id":"https:\/\/blogdobispo.com.br\/?p=18415#primaryimage"},"thumbnailUrl":"https:\/\/i0.wp.com\/blogdobispo.com.br\/wp-content\/uploads\/2025\/11\/image-9-1024x508.png.webp?fit=1024%2C508&ssl=1","datePublished":"2025-11-04T18:22:46+00:00","breadcrumb":{"@id":"https:\/\/blogdobispo.com.br\/?p=18415#breadcrumb"},"inLanguage":"pt-BR","potentialAction":[{"@type":"ReadAction","target":["https:\/\/blogdobispo.com.br\/?p=18415"]}]},{"@type":"ImageObject","inLanguage":"pt-BR","@id":"https:\/\/blogdobispo.com.br\/?p=18415#primaryimage","url":"https:\/\/i0.wp.com\/blogdobispo.com.br\/wp-content\/uploads\/2025\/11\/image-9-1024x508.png.webp?fit=1024%2C508&ssl=1","contentUrl":"https:\/\/i0.wp.com\/blogdobispo.com.br\/wp-content\/uploads\/2025\/11\/image-9-1024x508.png.webp?fit=1024%2C508&ssl=1","width":1024,"height":508},{"@type":"BreadcrumbList","@id":"https:\/\/blogdobispo.com.br\/?p=18415#breadcrumb","itemListElement":[{"@type":"ListItem","position":1,"name":"In\u00edcio","item":"https:\/\/blogdobispo.com.br\/"},{"@type":"ListItem","position":2,"name":"Prefeito e vice de S\u00e3o Miguel do Gostoso t\u00eam mandatos cassados"}]},{"@type":"WebSite","@id":"https:\/\/blogdobispo.com.br\/#website","url":"https:\/\/blogdobispo.com.br\/","name":"Blog do Bispo","description":"Comprometido apenas com o leitor","publisher":{"@id":"https:\/\/blogdobispo.com.br\/#organization"},"potentialAction":[{"@type":"SearchAction","target":{"@type":"EntryPoint","urlTemplate":"https:\/\/blogdobispo.com.br\/?s={search_term_string}"},"query-input":{"@type":"PropertyValueSpecification","valueRequired":true,"valueName":"search_term_string"}}],"inLanguage":"pt-BR"},{"@type":"Organization","@id":"https:\/\/blogdobispo.com.br\/#organization","name":"Blog do Bispo","url":"https:\/\/blogdobispo.com.br\/","logo":{"@type":"ImageObject","inLanguage":"pt-BR","@id":"https:\/\/blogdobispo.com.br\/#\/schema\/logo\/image\/","url":"http:\/\/blogdobispo.com.br\/wp-content\/uploads\/2023\/05\/cropped-headear.png","contentUrl":"http:\/\/blogdobispo.com.br\/wp-content\/uploads\/2023\/05\/cropped-headear.png","width":1500,"height":399,"caption":"Blog do Bispo"},"image":{"@id":"https:\/\/blogdobispo.com.br\/#\/schema\/logo\/image\/"}},{"@type":"Person","@id":"https:\/\/blogdobispo.com.br\/#\/schema\/person\/e2209cc0e6cea5c5233d033e997b373f","name":"Jefferson Sterfeno","image":{"@type":"ImageObject","inLanguage":"pt-BR","@id":"https:\/\/blogdobispo.com.br\/#\/schema\/person\/image\/","url":"https:\/\/secure.gravatar.com\/avatar\/0534e84764641168a677026b6d57a3f51dc7ac4db0b4f6186d9cb330d4ee1160?s=96&d=mm&r=g","contentUrl":"https:\/\/secure.gravatar.com\/avatar\/0534e84764641168a677026b6d57a3f51dc7ac4db0b4f6186d9cb330d4ee1160?s=96&d=mm&r=g","caption":"Jefferson Sterfeno"},"sameAs":["http:\/\/blogdobispo.com.br"],"url":"https:\/\/blogdobispo.com.br\/?author=1"}]}},"featured_image_urls":{"full":["https:\/\/i0.wp.com\/blogdobispo.com.br\/wp-content\/uploads\/2025\/11\/image-9-1024x508.png.webp?fit=1024%2C508&ssl=1",1024,508,false],"thumbnail":["https:\/\/i0.wp.com\/blogdobispo.com.br\/wp-content\/uploads\/2025\/11\/image-9-1024x508.png.webp?resize=150%2C150&ssl=1",150,150,true],"medium":["https:\/\/i0.wp.com\/blogdobispo.com.br\/wp-content\/uploads\/2025\/11\/image-9-1024x508.png.webp?fit=300%2C149&ssl=1",300,149,true],"medium_large":["https:\/\/i0.wp.com\/blogdobispo.com.br\/wp-content\/uploads\/2025\/11\/image-9-1024x508.png.webp?fit=768%2C381&ssl=1",768,381,true],"large":["https:\/\/i0.wp.com\/blogdobispo.com.br\/wp-content\/uploads\/2025\/11\/image-9-1024x508.png.webp?fit=800%2C397&ssl=1",800,397,true],"1536x1536":["https:\/\/i0.wp.com\/blogdobispo.com.br\/wp-content\/uploads\/2025\/11\/image-9-1024x508.png.webp?fit=1024%2C508&ssl=1",1024,508,true],"2048x2048":["https:\/\/i0.wp.com\/blogdobispo.com.br\/wp-content\/uploads\/2025\/11\/image-9-1024x508.png.webp?fit=1024%2C508&ssl=1",1024,508,true]},"author_info":{"display_name":"Jefferson Sterfeno","author_link":"https:\/\/blogdobispo.com.br\/?author=1"},"category_info":"<a href=\"https:\/\/blogdobispo.com.br\/?cat=1\" rel=\"category\">diversos<\/a>","tag_info":"diversos","comment_count":"0","jetpack_featured_media_url":"https:\/\/i0.wp.com\/blogdobispo.com.br\/wp-content\/uploads\/2025\/11\/image-9-1024x508.png.webp?fit=1024%2C508&ssl=1","jetpack_sharing_enabled":true,"_links":{"self":[{"href":"https:\/\/blogdobispo.com.br\/index.php?rest_route=\/wp\/v2\/posts\/18415","targetHints":{"allow":["GET"]}}],"collection":[{"href":"https:\/\/blogdobispo.com.br\/index.php?rest_route=\/wp\/v2\/posts"}],"about":[{"href":"https:\/\/blogdobispo.com.br\/index.php?rest_route=\/wp\/v2\/types\/post"}],"author":[{"embeddable":true,"href":"https:\/\/blogdobispo.com.br\/index.php?rest_route=\/wp\/v2\/users\/1"}],"replies":[{"embeddable":true,"href":"https:\/\/blogdobispo.com.br\/index.php?rest_route=%2Fwp%2Fv2%2Fcomments&post=18415"}],"version-history":[{"count":1,"href":"https:\/\/blogdobispo.com.br\/index.php?rest_route=\/wp\/v2\/posts\/18415\/revisions"}],"predecessor-version":[{"id":18417,"href":"https:\/\/blogdobispo.com.br\/index.php?rest_route=\/wp\/v2\/posts\/18415\/revisions\/18417"}],"wp:featuredmedia":[{"embeddable":true,"href":"https:\/\/blogdobispo.com.br\/index.php?rest_route=\/wp\/v2\/media\/18416"}],"wp:attachment":[{"href":"https:\/\/blogdobispo.com.br\/index.php?rest_route=%2Fwp%2Fv2%2Fmedia&parent=18415"}],"wp:term":[{"taxonomy":"category","embeddable":true,"href":"https:\/\/blogdobispo.com.br\/index.php?rest_route=%2Fwp%2Fv2%2Fcategories&post=18415"},{"taxonomy":"post_tag","embeddable":true,"href":"https:\/\/blogdobispo.com.br\/index.php?rest_route=%2Fwp%2Fv2%2Ftags&post=18415"}],"curies":[{"name":"wp","href":"https:\/\/api.w.org\/{rel}","templated":true}]}}