{"id":18407,"date":"2025-11-03T21:59:07","date_gmt":"2025-11-03T21:59:07","guid":{"rendered":"https:\/\/blogdobispo.com.br\/?p=18407"},"modified":"2025-11-03T21:59:07","modified_gmt":"2025-11-03T21:59:07","slug":"marcha-para-jesus-acontece-neste-sabado","status":"publish","type":"post","link":"https:\/\/blogdobispo.com.br\/?p=18407","title":{"rendered":"Marcha para Jesus acontece neste s\u00e1bado"},"content":{"rendered":"\n<figure class=\"wp-block-image size-large\"><img data-recalc-dims=\"1\" fetchpriority=\"high\" decoding=\"async\" width=\"800\" height=\"1000\" src=\"https:\/\/i0.wp.com\/blogdobispo.com.br\/wp-content\/uploads\/2025\/11\/8afbb2dd-248d-490a-9f15-1e7defcb013e-819x1024.jpg?resize=800%2C1000&#038;ssl=1\" class=\"wp-image-18405\" srcset=\"https:\/\/i0.wp.com\/blogdobispo.com.br\/wp-content\/uploads\/2025\/11\/8afbb2dd-248d-490a-9f15-1e7defcb013e.jpg?resize=819%2C1024&amp;ssl=1 819w, https:\/\/i0.wp.com\/blogdobispo.com.br\/wp-content\/uploads\/2025\/11\/8afbb2dd-248d-490a-9f15-1e7defcb013e.jpg?resize=240%2C300&amp;ssl=1 240w, https:\/\/i0.wp.com\/blogdobispo.com.br\/wp-content\/uploads\/2025\/11\/8afbb2dd-248d-490a-9f15-1e7defcb013e.jpg?resize=768%2C960&amp;ssl=1 768w, https:\/\/i0.wp.com\/blogdobispo.com.br\/wp-content\/uploads\/2025\/11\/8afbb2dd-248d-490a-9f15-1e7defcb013e.jpg?w=1024&amp;ssl=1 1024w\" sizes=\"(max-width: 800px) 100vw, 800px\" \/><\/figure>\n\n\n\n<p class=\"p1\"><\/p>\n\n\n\n<p class=\"p3\">A Marcha para Jesus chegou ao Brasil em 1993. Naquele ano, sob a coordena\u00e7\u00e3o do Ap\u00f3stolo Estevam Hernandes, foi realizada a 1\u00aa edi\u00e7\u00e3o nacional, que saiu da Avenida Paulista, desceu a Avenida Brigadeiro Lu\u00eds Ant\u00f4nio e chegou ao Vale do Anhangaba\u00fa, em S\u00e3o Paulo, para a grande concentra\u00e7\u00e3o.<\/p>\n\n\n\n<p class=\"p3\">No Rio Grande do Norte, a Marcha teve in\u00edcio em 2003. Desde ent\u00e3o, o evento se expandiu e j\u00e1 foi realizado em diversos pa\u00edses, como Argentina, Canad\u00e1, Col\u00f4mbia, M\u00e9xico, Cuba, Estados Unidos, Finl\u00e2ndia, Fran\u00e7a, It\u00e1lia, Jap\u00e3o, Mo\u00e7ambique, R\u00fassia, entre outros. Em 2025, o movimento chega \u00e0 sua 11\u00aa edi\u00e7\u00e3o em Israel.<\/p>\n\n\n\n<p class=\"p3\">A Marcha para Jesus \u00e9 um evento pac\u00edfico e interdenominacional, que re\u00fane igrejas crist\u00e3s de todo o pa\u00eds e do mundo, aberto \u00e0 participa\u00e7\u00e3o de toda a popula\u00e7\u00e3o.<\/p>\n\n\n\n<blockquote class=\"wp-block-quote is-layout-flow wp-block-quote-is-layout-flow\">\n<p>\u201cA Marcha representa a unidade e a comunh\u00e3o de todos que acreditam em Jesus Cristo. Ele \u00e9 o nosso resgatador, pois deu sua vida por n\u00f3s na cruz. Sa\u00edmos \u00e0s ruas para honrar essa entrega, expressando nossa f\u00e9\u201d, afirma o Ap\u00f3stolo Estevam Hernandes, presidente do evento no Brasil.<\/p>\n<\/blockquote>\n\n\n\n<blockquote class=\"wp-block-quote is-layout-flow wp-block-quote-is-layout-flow\">\n<p>\u201cNosso desejo \u00e9 levar uma mensagem de paz ao pa\u00eds. Jesus \u00e9 o \u00fanico caminho para a restaura\u00e7\u00e3o\u201d, acrescenta.<\/p>\n<\/blockquote>\n\n\n\n<p class=\"p3\">Desde 2009, a Marcha para Jesus integra o calend\u00e1rio oficial do Brasil por meio da Lei Federal n\u00ba 12.025\/2009. Em Natal, tornou-se Lei Municipal n\u00ba 7.210\/2021, e, no Rio Grande do Norte, foi reconhecida como Patrim\u00f4nio Cultural, Imaterial e Religioso do Estado pela Lei Estadual n\u00ba 11.570\/2023.<\/p>\n\n\n\n<p class=\"p3\">Hoje, o RN \u00e9 o maior estado do Brasil proporcionalmente em n\u00famero de Marchas realizadas, tendo crescido de 3 para 28 munic\u00edpios. Destacam-se as Marchas de Parnamirim, que chega \u00e0 sua 26\u00aa edi\u00e7\u00e3o, e Natal, que realiza a 23\u00aa. Desde 2019, o evento vem contando com o apoio do poder p\u00fablico, atrav\u00e9s de emendas de vereadores e deputados estaduais e federais, o que tem fortalecido sua expans\u00e3o.<\/p>\n\n\n\n<p class=\"p3\">A Marcha para Jesus j\u00e1 \u00e9 considerada o maior evento a c\u00e9u aberto do Rio Grande do Norte, reunindo mais de 55 mil pessoas em um \u00fanico dia nas ruas da capital. O p\u00fablico participa com ora\u00e7\u00f5es pelas autoridades, empres\u00e1rios, fam\u00edlias e enfermos, proclamando Jesus Cristo e reafirmando os valores \u00e9ticos e familiares como base do crescimento da sociedade.<\/p>\n\n\n\n<p class=\"p3\">O calend\u00e1rio 2025 j\u00e1 come\u00e7ou com a Marcha em Maca\u00edba, e seguir\u00e1 por mais 26 munic\u00edpios at\u00e9 o fim do ano.<\/p>\n\n\n\n<p class=\"p3\">Agora, \u00e9 a vez da Capital potiguar receber este grande mover de f\u00e9 e adora\u00e7\u00e3o!<\/p>\n\n\n\n<p class=\"p3\">Neste s\u00e1bado, dia 08 de novembro, a Marcha para Jesus toma as ruas de Natal.<\/p>\n\n\n\n<p class=\"p3\">A concentra\u00e7\u00e3o ser\u00e1 \u00e0s 14h em frente ao Midway Mall, seguindo em dire\u00e7\u00e3o ao Estacionamento da Arena das Dunas, onde, a partir das 17h, acontecer\u00e1 o grande show de encerramento.<\/p>\n\n\n\n<p class=\"p1\">Atra\u00e7\u00f5es confirmadas:<\/p>\n\n\n\n<p class=\"p3\">Na avenida: Min. Sou da F\u00e9, Kaline Ara\u00fajo, Jailton Rodrigues, Jefinh Raf\u00e1 e Afrika Music.<\/p>\n\n\n\n<p class=\"p3\">No encerramento: Alice Maciel, C\u00edcero Oliveira, DJ Aben\u00e7oAd\u00e3o, Maria Pita, Min. Vambora, Rafaella Mar\u00e7al e Forroz\u00e3o Prime.<\/p>\n\n\n\n<p class=\"p3\">O evento contar\u00e1 ainda com a Marcha Kids abrindo o percurso e a Marcha da Inclus\u00e3o, garantindo a participa\u00e7\u00e3o de todas as esferas da sociedade.<\/p>\n\n\n\n<p class=\"p3\">A Marcha para Jesus RN est\u00e1 sob a lideran\u00e7a regional do Bispo Daniel Domingos (Igreja Renascer \u2013 PE), com cobertura espiritual e dire\u00e7\u00e3o do Pr. Sidnei Secundo (Igreja Renascer \u2013 RN), dire\u00e7\u00e3o administrativa estadual do Ministro Ismar Ribeiro (Minist\u00e9rio Sou da F\u00e9 \u2013 RN), e conta com o apoio de pastores e l\u00edderes de todo o estado, al\u00e9m da Equipe Jav\u00e9 Produ\u00e7\u00f5es, staff oficial da Marcha para Jesus RN.<\/p>\n\n\n\n<p class=\"p3\">Realiza\u00e7\u00e3o: Igreja Renascer, Minist\u00e9rio Sou da F\u00e9, Comiss\u00e3o de Pastores, Jav\u00e9 Produ\u00e7\u00f5es e ACAF.<\/p>\n\n\n\n<p class=\"p3\">Apoio: Governo do RN e Prefeitura do Natal.<\/p>\n\n\n\n<p class=\"p3\">\ud83d\udcc5 Data: S\u00e1bado, 08 de novembro de 2025<\/p>\n\n\n\n<p class=\"p3\">\ud83d\udccd Local: Estacionamento da Arena das Dunas<\/p>\n\n\n\n<p class=\"p3\">\ud83d\udcf2 @marchaparajesusrnoficial<\/p>\n\n\n\n<p class=\"p3\">\ud83d\udcde WhatsApp: (84) 99499-9404<\/p>\n","protected":false},"excerpt":{"rendered":"<p>A Marcha para Jesus chegou ao Brasil em 1993. Naquele ano, sob a coordena\u00e7\u00e3o do Ap\u00f3stolo Estevam Hernandes, foi realizada a 1\u00aa edi\u00e7\u00e3o nacional, que saiu da Avenida Paulista, desceu a Avenida Brigadeiro Lu\u00eds Ant\u00f4nio e chegou ao Vale do Anhangaba\u00fa, em S\u00e3o Paulo, para a grande concentra\u00e7\u00e3o. No Rio Grande do Norte, a Marcha [&hellip;]<\/p>\n","protected":false},"author":1,"featured_media":18406,"comment_status":"open","ping_status":"open","sticky":false,"template":"","format":"standard","meta":{"cybocfi_hide_featured_image":"","_jetpack_memberships_contains_paid_content":false,"footnotes":""},"categories":[1],"tags":[],"class_list":["post-18407","post","type-post","status-publish","format-standard","has-post-thumbnail","hentry","category-diversos"],"yoast_head":"<!-- This site is optimized with the Yoast SEO plugin v25.6 - https:\/\/yoast.com\/wordpress\/plugins\/seo\/ -->\n<title>Marcha para Jesus acontece neste s\u00e1bado - Blog do Bispo<\/title>\n<meta name=\"robots\" content=\"index, follow, max-snippet:-1, max-image-preview:large, max-video-preview:-1\" \/>\n<link rel=\"canonical\" href=\"https:\/\/blogdobispo.com.br\/?p=18407\" \/>\n<meta property=\"og:locale\" content=\"pt_BR\" \/>\n<meta property=\"og:type\" content=\"article\" \/>\n<meta property=\"og:title\" content=\"Marcha para Jesus acontece neste s\u00e1bado - Blog do Bispo\" \/>\n<meta property=\"og:description\" content=\"A Marcha para Jesus chegou ao Brasil em 1993. Naquele ano, sob a coordena\u00e7\u00e3o do Ap\u00f3stolo Estevam Hernandes, foi realizada a 1\u00aa edi\u00e7\u00e3o nacional, que saiu da Avenida Paulista, desceu a Avenida Brigadeiro Lu\u00eds Ant\u00f4nio e chegou ao Vale do Anhangaba\u00fa, em S\u00e3o Paulo, para a grande concentra\u00e7\u00e3o. No Rio Grande do Norte, a Marcha [&hellip;]\" \/>\n<meta property=\"og:url\" content=\"https:\/\/blogdobispo.com.br\/?p=18407\" \/>\n<meta property=\"og:site_name\" content=\"Blog do Bispo\" \/>\n<meta property=\"article:published_time\" content=\"2025-11-03T21:59:07+00:00\" \/>\n<meta property=\"og:image\" content=\"https:\/\/blogdobispo.com.br\/wp-content\/uploads\/2025\/11\/8afbb2dd-248d-490a-9f15-1e7defcb013e-819x1024.jpg\" \/>\n<meta name=\"author\" content=\"Jefferson Sterfeno\" \/>\n<meta name=\"twitter:card\" content=\"summary_large_image\" \/>\n<meta name=\"twitter:label1\" content=\"Escrito por\" \/>\n\t<meta name=\"twitter:data1\" content=\"Jefferson Sterfeno\" \/>\n\t<meta name=\"twitter:label2\" content=\"Est. tempo de leitura\" \/>\n\t<meta name=\"twitter:data2\" content=\"3 minutos\" \/>\n<script type=\"application\/ld+json\" class=\"yoast-schema-graph\">{\"@context\":\"https:\/\/schema.org\",\"@graph\":[{\"@type\":\"Article\",\"@id\":\"https:\/\/blogdobispo.com.br\/?p=18407#article\",\"isPartOf\":{\"@id\":\"https:\/\/blogdobispo.com.br\/?p=18407\"},\"author\":{\"name\":\"Jefferson Sterfeno\",\"@id\":\"https:\/\/blogdobispo.com.br\/#\/schema\/person\/e2209cc0e6cea5c5233d033e997b373f\"},\"headline\":\"Marcha para Jesus acontece neste s\u00e1bado\",\"datePublished\":\"2025-11-03T21:59:07+00:00\",\"mainEntityOfPage\":{\"@id\":\"https:\/\/blogdobispo.com.br\/?p=18407\"},\"wordCount\":661,\"commentCount\":0,\"publisher\":{\"@id\":\"https:\/\/blogdobispo.com.br\/#organization\"},\"image\":{\"@id\":\"https:\/\/blogdobispo.com.br\/?p=18407#primaryimage\"},\"thumbnailUrl\":\"https:\/\/i0.wp.com\/blogdobispo.com.br\/wp-content\/uploads\/2025\/11\/8afbb2dd-248d-490a-9f15-1e7defcb013e-1.jpg?fit=1024%2C1280&ssl=1\",\"articleSection\":[\"diversos\"],\"inLanguage\":\"pt-BR\",\"potentialAction\":[{\"@type\":\"CommentAction\",\"name\":\"Comment\",\"target\":[\"https:\/\/blogdobispo.com.br\/?p=18407#respond\"]}]},{\"@type\":\"WebPage\",\"@id\":\"https:\/\/blogdobispo.com.br\/?p=18407\",\"url\":\"https:\/\/blogdobispo.com.br\/?p=18407\",\"name\":\"Marcha para Jesus acontece neste s\u00e1bado - Blog do Bispo\",\"isPartOf\":{\"@id\":\"https:\/\/blogdobispo.com.br\/#website\"},\"primaryImageOfPage\":{\"@id\":\"https:\/\/blogdobispo.com.br\/?p=18407#primaryimage\"},\"image\":{\"@id\":\"https:\/\/blogdobispo.com.br\/?p=18407#primaryimage\"},\"thumbnailUrl\":\"https:\/\/i0.wp.com\/blogdobispo.com.br\/wp-content\/uploads\/2025\/11\/8afbb2dd-248d-490a-9f15-1e7defcb013e-1.jpg?fit=1024%2C1280&ssl=1\",\"datePublished\":\"2025-11-03T21:59:07+00:00\",\"breadcrumb\":{\"@id\":\"https:\/\/blogdobispo.com.br\/?p=18407#breadcrumb\"},\"inLanguage\":\"pt-BR\",\"potentialAction\":[{\"@type\":\"ReadAction\",\"target\":[\"https:\/\/blogdobispo.com.br\/?p=18407\"]}]},{\"@type\":\"ImageObject\",\"inLanguage\":\"pt-BR\",\"@id\":\"https:\/\/blogdobispo.com.br\/?p=18407#primaryimage\",\"url\":\"https:\/\/i0.wp.com\/blogdobispo.com.br\/wp-content\/uploads\/2025\/11\/8afbb2dd-248d-490a-9f15-1e7defcb013e-1.jpg?fit=1024%2C1280&ssl=1\",\"contentUrl\":\"https:\/\/i0.wp.com\/blogdobispo.com.br\/wp-content\/uploads\/2025\/11\/8afbb2dd-248d-490a-9f15-1e7defcb013e-1.jpg?fit=1024%2C1280&ssl=1\",\"width\":1024,\"height\":1280},{\"@type\":\"BreadcrumbList\",\"@id\":\"https:\/\/blogdobispo.com.br\/?p=18407#breadcrumb\",\"itemListElement\":[{\"@type\":\"ListItem\",\"position\":1,\"name\":\"In\u00edcio\",\"item\":\"https:\/\/blogdobispo.com.br\/\"},{\"@type\":\"ListItem\",\"position\":2,\"name\":\"Marcha para Jesus acontece neste s\u00e1bado\"}]},{\"@type\":\"WebSite\",\"@id\":\"https:\/\/blogdobispo.com.br\/#website\",\"url\":\"https:\/\/blogdobispo.com.br\/\",\"name\":\"Blog do Bispo\",\"description\":\"Comprometido apenas com o leitor\",\"publisher\":{\"@id\":\"https:\/\/blogdobispo.com.br\/#organization\"},\"potentialAction\":[{\"@type\":\"SearchAction\",\"target\":{\"@type\":\"EntryPoint\",\"urlTemplate\":\"https:\/\/blogdobispo.com.br\/?s={search_term_string}\"},\"query-input\":{\"@type\":\"PropertyValueSpecification\",\"valueRequired\":true,\"valueName\":\"search_term_string\"}}],\"inLanguage\":\"pt-BR\"},{\"@type\":\"Organization\",\"@id\":\"https:\/\/blogdobispo.com.br\/#organization\",\"name\":\"Blog do Bispo\",\"url\":\"https:\/\/blogdobispo.com.br\/\",\"logo\":{\"@type\":\"ImageObject\",\"inLanguage\":\"pt-BR\",\"@id\":\"https:\/\/blogdobispo.com.br\/#\/schema\/logo\/image\/\",\"url\":\"http:\/\/blogdobispo.com.br\/wp-content\/uploads\/2023\/05\/cropped-headear.png\",\"contentUrl\":\"http:\/\/blogdobispo.com.br\/wp-content\/uploads\/2023\/05\/cropped-headear.png\",\"width\":1500,\"height\":399,\"caption\":\"Blog do Bispo\"},\"image\":{\"@id\":\"https:\/\/blogdobispo.com.br\/#\/schema\/logo\/image\/\"}},{\"@type\":\"Person\",\"@id\":\"https:\/\/blogdobispo.com.br\/#\/schema\/person\/e2209cc0e6cea5c5233d033e997b373f\",\"name\":\"Jefferson Sterfeno\",\"image\":{\"@type\":\"ImageObject\",\"inLanguage\":\"pt-BR\",\"@id\":\"https:\/\/blogdobispo.com.br\/#\/schema\/person\/image\/\",\"url\":\"https:\/\/secure.gravatar.com\/avatar\/0534e84764641168a677026b6d57a3f51dc7ac4db0b4f6186d9cb330d4ee1160?s=96&d=mm&r=g\",\"contentUrl\":\"https:\/\/secure.gravatar.com\/avatar\/0534e84764641168a677026b6d57a3f51dc7ac4db0b4f6186d9cb330d4ee1160?s=96&d=mm&r=g\",\"caption\":\"Jefferson Sterfeno\"},\"sameAs\":[\"http:\/\/blogdobispo.com.br\"],\"url\":\"https:\/\/blogdobispo.com.br\/?author=1\"}]}<\/script>\n<!-- \/ Yoast SEO plugin. -->","yoast_head_json":{"title":"Marcha para Jesus acontece neste s\u00e1bado - Blog do Bispo","robots":{"index":"index","follow":"follow","max-snippet":"max-snippet:-1","max-image-preview":"max-image-preview:large","max-video-preview":"max-video-preview:-1"},"canonical":"https:\/\/blogdobispo.com.br\/?p=18407","og_locale":"pt_BR","og_type":"article","og_title":"Marcha para Jesus acontece neste s\u00e1bado - Blog do Bispo","og_description":"A Marcha para Jesus chegou ao Brasil em 1993. Naquele ano, sob a coordena\u00e7\u00e3o do Ap\u00f3stolo Estevam Hernandes, foi realizada a 1\u00aa edi\u00e7\u00e3o nacional, que saiu da Avenida Paulista, desceu a Avenida Brigadeiro Lu\u00eds Ant\u00f4nio e chegou ao Vale do Anhangaba\u00fa, em S\u00e3o Paulo, para a grande concentra\u00e7\u00e3o. No Rio Grande do Norte, a Marcha [&hellip;]","og_url":"https:\/\/blogdobispo.com.br\/?p=18407","og_site_name":"Blog do Bispo","article_published_time":"2025-11-03T21:59:07+00:00","og_image":[{"url":"https:\/\/blogdobispo.com.br\/wp-content\/uploads\/2025\/11\/8afbb2dd-248d-490a-9f15-1e7defcb013e-819x1024.jpg","type":"","width":"","height":""}],"author":"Jefferson Sterfeno","twitter_card":"summary_large_image","twitter_misc":{"Escrito por":"Jefferson Sterfeno","Est. tempo de leitura":"3 minutos"},"schema":{"@context":"https:\/\/schema.org","@graph":[{"@type":"Article","@id":"https:\/\/blogdobispo.com.br\/?p=18407#article","isPartOf":{"@id":"https:\/\/blogdobispo.com.br\/?p=18407"},"author":{"name":"Jefferson Sterfeno","@id":"https:\/\/blogdobispo.com.br\/#\/schema\/person\/e2209cc0e6cea5c5233d033e997b373f"},"headline":"Marcha para Jesus acontece neste s\u00e1bado","datePublished":"2025-11-03T21:59:07+00:00","mainEntityOfPage":{"@id":"https:\/\/blogdobispo.com.br\/?p=18407"},"wordCount":661,"commentCount":0,"publisher":{"@id":"https:\/\/blogdobispo.com.br\/#organization"},"image":{"@id":"https:\/\/blogdobispo.com.br\/?p=18407#primaryimage"},"thumbnailUrl":"https:\/\/i0.wp.com\/blogdobispo.com.br\/wp-content\/uploads\/2025\/11\/8afbb2dd-248d-490a-9f15-1e7defcb013e-1.jpg?fit=1024%2C1280&ssl=1","articleSection":["diversos"],"inLanguage":"pt-BR","potentialAction":[{"@type":"CommentAction","name":"Comment","target":["https:\/\/blogdobispo.com.br\/?p=18407#respond"]}]},{"@type":"WebPage","@id":"https:\/\/blogdobispo.com.br\/?p=18407","url":"https:\/\/blogdobispo.com.br\/?p=18407","name":"Marcha para Jesus acontece neste s\u00e1bado - Blog do Bispo","isPartOf":{"@id":"https:\/\/blogdobispo.com.br\/#website"},"primaryImageOfPage":{"@id":"https:\/\/blogdobispo.com.br\/?p=18407#primaryimage"},"image":{"@id":"https:\/\/blogdobispo.com.br\/?p=18407#primaryimage"},"thumbnailUrl":"https:\/\/i0.wp.com\/blogdobispo.com.br\/wp-content\/uploads\/2025\/11\/8afbb2dd-248d-490a-9f15-1e7defcb013e-1.jpg?fit=1024%2C1280&ssl=1","datePublished":"2025-11-03T21:59:07+00:00","breadcrumb":{"@id":"https:\/\/blogdobispo.com.br\/?p=18407#breadcrumb"},"inLanguage":"pt-BR","potentialAction":[{"@type":"ReadAction","target":["https:\/\/blogdobispo.com.br\/?p=18407"]}]},{"@type":"ImageObject","inLanguage":"pt-BR","@id":"https:\/\/blogdobispo.com.br\/?p=18407#primaryimage","url":"https:\/\/i0.wp.com\/blogdobispo.com.br\/wp-content\/uploads\/2025\/11\/8afbb2dd-248d-490a-9f15-1e7defcb013e-1.jpg?fit=1024%2C1280&ssl=1","contentUrl":"https:\/\/i0.wp.com\/blogdobispo.com.br\/wp-content\/uploads\/2025\/11\/8afbb2dd-248d-490a-9f15-1e7defcb013e-1.jpg?fit=1024%2C1280&ssl=1","width":1024,"height":1280},{"@type":"BreadcrumbList","@id":"https:\/\/blogdobispo.com.br\/?p=18407#breadcrumb","itemListElement":[{"@type":"ListItem","position":1,"name":"In\u00edcio","item":"https:\/\/blogdobispo.com.br\/"},{"@type":"ListItem","position":2,"name":"Marcha para Jesus acontece neste s\u00e1bado"}]},{"@type":"WebSite","@id":"https:\/\/blogdobispo.com.br\/#website","url":"https:\/\/blogdobispo.com.br\/","name":"Blog do Bispo","description":"Comprometido apenas com o leitor","publisher":{"@id":"https:\/\/blogdobispo.com.br\/#organization"},"potentialAction":[{"@type":"SearchAction","target":{"@type":"EntryPoint","urlTemplate":"https:\/\/blogdobispo.com.br\/?s={search_term_string}"},"query-input":{"@type":"PropertyValueSpecification","valueRequired":true,"valueName":"search_term_string"}}],"inLanguage":"pt-BR"},{"@type":"Organization","@id":"https:\/\/blogdobispo.com.br\/#organization","name":"Blog do Bispo","url":"https:\/\/blogdobispo.com.br\/","logo":{"@type":"ImageObject","inLanguage":"pt-BR","@id":"https:\/\/blogdobispo.com.br\/#\/schema\/logo\/image\/","url":"http:\/\/blogdobispo.com.br\/wp-content\/uploads\/2023\/05\/cropped-headear.png","contentUrl":"http:\/\/blogdobispo.com.br\/wp-content\/uploads\/2023\/05\/cropped-headear.png","width":1500,"height":399,"caption":"Blog do Bispo"},"image":{"@id":"https:\/\/blogdobispo.com.br\/#\/schema\/logo\/image\/"}},{"@type":"Person","@id":"https:\/\/blogdobispo.com.br\/#\/schema\/person\/e2209cc0e6cea5c5233d033e997b373f","name":"Jefferson Sterfeno","image":{"@type":"ImageObject","inLanguage":"pt-BR","@id":"https:\/\/blogdobispo.com.br\/#\/schema\/person\/image\/","url":"https:\/\/secure.gravatar.com\/avatar\/0534e84764641168a677026b6d57a3f51dc7ac4db0b4f6186d9cb330d4ee1160?s=96&d=mm&r=g","contentUrl":"https:\/\/secure.gravatar.com\/avatar\/0534e84764641168a677026b6d57a3f51dc7ac4db0b4f6186d9cb330d4ee1160?s=96&d=mm&r=g","caption":"Jefferson Sterfeno"},"sameAs":["http:\/\/blogdobispo.com.br"],"url":"https:\/\/blogdobispo.com.br\/?author=1"}]}},"featured_image_urls":{"full":["https:\/\/i0.wp.com\/blogdobispo.com.br\/wp-content\/uploads\/2025\/11\/8afbb2dd-248d-490a-9f15-1e7defcb013e-1.jpg?fit=1024%2C1280&ssl=1",1024,1280,false],"thumbnail":["https:\/\/i0.wp.com\/blogdobispo.com.br\/wp-content\/uploads\/2025\/11\/8afbb2dd-248d-490a-9f15-1e7defcb013e-1.jpg?resize=150%2C150&ssl=1",150,150,true],"medium":["https:\/\/i0.wp.com\/blogdobispo.com.br\/wp-content\/uploads\/2025\/11\/8afbb2dd-248d-490a-9f15-1e7defcb013e-1.jpg?fit=240%2C300&ssl=1",240,300,true],"medium_large":["https:\/\/i0.wp.com\/blogdobispo.com.br\/wp-content\/uploads\/2025\/11\/8afbb2dd-248d-490a-9f15-1e7defcb013e-1.jpg?fit=768%2C960&ssl=1",768,960,true],"large":["https:\/\/i0.wp.com\/blogdobispo.com.br\/wp-content\/uploads\/2025\/11\/8afbb2dd-248d-490a-9f15-1e7defcb013e-1.jpg?fit=800%2C1000&ssl=1",800,1000,true],"1536x1536":["https:\/\/i0.wp.com\/blogdobispo.com.br\/wp-content\/uploads\/2025\/11\/8afbb2dd-248d-490a-9f15-1e7defcb013e-1.jpg?fit=1024%2C1280&ssl=1",1024,1280,true],"2048x2048":["https:\/\/i0.wp.com\/blogdobispo.com.br\/wp-content\/uploads\/2025\/11\/8afbb2dd-248d-490a-9f15-1e7defcb013e-1.jpg?fit=1024%2C1280&ssl=1",1024,1280,true]},"author_info":{"display_name":"Jefferson Sterfeno","author_link":"https:\/\/blogdobispo.com.br\/?author=1"},"category_info":"<a href=\"https:\/\/blogdobispo.com.br\/?cat=1\" rel=\"category\">diversos<\/a>","tag_info":"diversos","comment_count":"0","jetpack_featured_media_url":"https:\/\/i0.wp.com\/blogdobispo.com.br\/wp-content\/uploads\/2025\/11\/8afbb2dd-248d-490a-9f15-1e7defcb013e-1.jpg?fit=1024%2C1280&ssl=1","jetpack_sharing_enabled":true,"_links":{"self":[{"href":"https:\/\/blogdobispo.com.br\/index.php?rest_route=\/wp\/v2\/posts\/18407","targetHints":{"allow":["GET"]}}],"collection":[{"href":"https:\/\/blogdobispo.com.br\/index.php?rest_route=\/wp\/v2\/posts"}],"about":[{"href":"https:\/\/blogdobispo.com.br\/index.php?rest_route=\/wp\/v2\/types\/post"}],"author":[{"embeddable":true,"href":"https:\/\/blogdobispo.com.br\/index.php?rest_route=\/wp\/v2\/users\/1"}],"replies":[{"embeddable":true,"href":"https:\/\/blogdobispo.com.br\/index.php?rest_route=%2Fwp%2Fv2%2Fcomments&post=18407"}],"version-history":[{"count":0,"href":"https:\/\/blogdobispo.com.br\/index.php?rest_route=\/wp\/v2\/posts\/18407\/revisions"}],"wp:featuredmedia":[{"embeddable":true,"href":"https:\/\/blogdobispo.com.br\/index.php?rest_route=\/wp\/v2\/media\/18406"}],"wp:attachment":[{"href":"https:\/\/blogdobispo.com.br\/index.php?rest_route=%2Fwp%2Fv2%2Fmedia&parent=18407"}],"wp:term":[{"taxonomy":"category","embeddable":true,"href":"https:\/\/blogdobispo.com.br\/index.php?rest_route=%2Fwp%2Fv2%2Fcategories&post=18407"},{"taxonomy":"post_tag","embeddable":true,"href":"https:\/\/blogdobispo.com.br\/index.php?rest_route=%2Fwp%2Fv2%2Ftags&post=18407"}],"curies":[{"name":"wp","href":"https:\/\/api.w.org\/{rel}","templated":true}]}}