{"id":18398,"date":"2025-11-03T13:55:00","date_gmt":"2025-11-03T13:55:00","guid":{"rendered":"https:\/\/blogdobispo.com.br\/?p=18398"},"modified":"2025-11-03T13:55:00","modified_gmt":"2025-11-03T13:55:00","slug":"nova-ambulancia-reforca-atendimento-de-saude-em-ipanguacu-gracas-a-emenda-de-ubaldo","status":"publish","type":"post","link":"https:\/\/blogdobispo.com.br\/?p=18398","title":{"rendered":"Nova ambul\u00e2ncia refor\u00e7a atendimento de sa\u00fade em Ipangua\u00e7u gra\u00e7as \u00e0 emenda de Ubaldo"},"content":{"rendered":"\n<figure class=\"wp-block-image size-large\"><img data-recalc-dims=\"1\" fetchpriority=\"high\" decoding=\"async\" width=\"768\" height=\"1024\" src=\"https:\/\/i0.wp.com\/blogdobispo.com.br\/wp-content\/uploads\/2025\/11\/8c5c7212-32f5-4a0a-8afc-85e75798c3e2-768x1024.jpg?resize=768%2C1024&#038;ssl=1\" class=\"wp-image-18396\" srcset=\"https:\/\/i0.wp.com\/blogdobispo.com.br\/wp-content\/uploads\/2025\/11\/8c5c7212-32f5-4a0a-8afc-85e75798c3e2.jpg?resize=768%2C1024&amp;ssl=1 768w, https:\/\/i0.wp.com\/blogdobispo.com.br\/wp-content\/uploads\/2025\/11\/8c5c7212-32f5-4a0a-8afc-85e75798c3e2.jpg?resize=225%2C300&amp;ssl=1 225w, https:\/\/i0.wp.com\/blogdobispo.com.br\/wp-content\/uploads\/2025\/11\/8c5c7212-32f5-4a0a-8afc-85e75798c3e2.jpg?w=960&amp;ssl=1 960w\" sizes=\"(max-width: 768px) 100vw, 768px\" \/><\/figure>\n\n\n\n<p><\/p>\n\n\n\n<p>O munic\u00edpio de Ipangua\u00e7u recebeu, no \u00faltimo s\u00e1bado (1\u00ba), uma nova ambul\u00e2ncia que ir\u00e1 refor\u00e7ar o atendimento de urg\u00eancia e emerg\u00eancia na rede municipal de sa\u00fade. A conquista \u00e9 resultado da emenda parlamentar do deputado estadual Ubaldo Fernandes (PSDB).<\/p>\n\n\n\n<p>O novo ve\u00edculo chega para garantir mais agilidade, seguran\u00e7a e dignidade aos pacientes, fortalecendo a estrutura da sa\u00fade municipal e ampliando a capacidade de resposta em situa\u00e7\u00f5es que exigem rapidez e efici\u00eancia e \u00e9 fruto de solicita\u00e7\u00e3o do vice-prefeito Dr. Thales Marinho e do vereador Paulinho, demonstrando o compromisso conjunto com a melhoria dos servi\u00e7os p\u00fablicos e o bem-estar da popula\u00e7\u00e3o desta cidade.<\/p>\n\n\n\n<p>Durante a solenidade de entrega, o deputado Ubaldo Fernandes destacou a import\u00e2ncia de ver o resultado concreto do seu trabalho chegando \u00e0 popula\u00e7\u00e3o: \u201cCada entrega como essa representa muito mais do que um ve\u00edculo. Representa vidas que ser\u00e3o salvas, fam\u00edlias que ter\u00e3o um atendimento mais digno e uma gest\u00e3o p\u00fablica que passa a contar com mais estrutura para cuidar do seu povo. \u00c9 esse o sentido do nosso mandato: trabalhar com di\u00e1logo, uni\u00e3o e compromisso para melhorar a vida das pessoas\u201d.<br>Ubaldo refor\u00e7ou ainda que continuar\u00e1 destinando recursos e fortalecendo parcerias com prefeitos, vice-prefeitos e vereadores de todo o Rio Grande do Norte, para que mais cidades possam receber investimentos em sa\u00fade, infraestrutura e qualidade de vida. A entrega da ambul\u00e2ncia em Ipangua\u00e7u simboliza mais um passo importante de um mandato que segue presente nos munic\u00edpios e comprometido com o desenvolvimento do Estado.<\/p>\n","protected":false},"excerpt":{"rendered":"<p>O munic\u00edpio de Ipangua\u00e7u recebeu, no \u00faltimo s\u00e1bado (1\u00ba), uma nova ambul\u00e2ncia que ir\u00e1 refor\u00e7ar o atendimento de urg\u00eancia e emerg\u00eancia na rede municipal de sa\u00fade. A conquista \u00e9 resultado da emenda parlamentar do deputado estadual Ubaldo Fernandes (PSDB). O novo ve\u00edculo chega para garantir mais agilidade, seguran\u00e7a e dignidade aos pacientes, fortalecendo a estrutura [&hellip;]<\/p>\n","protected":false},"author":1,"featured_media":18397,"comment_status":"open","ping_status":"open","sticky":false,"template":"","format":"standard","meta":{"cybocfi_hide_featured_image":"","_jetpack_memberships_contains_paid_content":false,"footnotes":""},"categories":[1],"tags":[],"class_list":["post-18398","post","type-post","status-publish","format-standard","has-post-thumbnail","hentry","category-diversos"],"yoast_head":"<!-- This site is optimized with the Yoast SEO plugin v25.6 - https:\/\/yoast.com\/wordpress\/plugins\/seo\/ -->\n<title>Nova ambul\u00e2ncia refor\u00e7a atendimento de sa\u00fade em Ipangua\u00e7u gra\u00e7as \u00e0 emenda de Ubaldo - Blog do Bispo<\/title>\n<meta name=\"robots\" content=\"index, follow, max-snippet:-1, max-image-preview:large, max-video-preview:-1\" \/>\n<link rel=\"canonical\" href=\"https:\/\/blogdobispo.com.br\/?p=18398\" \/>\n<meta property=\"og:locale\" content=\"pt_BR\" \/>\n<meta property=\"og:type\" content=\"article\" \/>\n<meta property=\"og:title\" content=\"Nova ambul\u00e2ncia refor\u00e7a atendimento de sa\u00fade em Ipangua\u00e7u gra\u00e7as \u00e0 emenda de Ubaldo - Blog do Bispo\" \/>\n<meta property=\"og:description\" content=\"O munic\u00edpio de Ipangua\u00e7u recebeu, no \u00faltimo s\u00e1bado (1\u00ba), uma nova ambul\u00e2ncia que ir\u00e1 refor\u00e7ar o atendimento de urg\u00eancia e emerg\u00eancia na rede municipal de sa\u00fade. A conquista \u00e9 resultado da emenda parlamentar do deputado estadual Ubaldo Fernandes (PSDB). O novo ve\u00edculo chega para garantir mais agilidade, seguran\u00e7a e dignidade aos pacientes, fortalecendo a estrutura [&hellip;]\" \/>\n<meta property=\"og:url\" content=\"https:\/\/blogdobispo.com.br\/?p=18398\" \/>\n<meta property=\"og:site_name\" content=\"Blog do Bispo\" \/>\n<meta property=\"article:published_time\" content=\"2025-11-03T13:55:00+00:00\" \/>\n<meta property=\"og:image\" content=\"https:\/\/blogdobispo.com.br\/wp-content\/uploads\/2025\/11\/8c5c7212-32f5-4a0a-8afc-85e75798c3e2-768x1024.jpg\" \/>\n<meta name=\"author\" content=\"Jefferson Sterfeno\" \/>\n<meta name=\"twitter:card\" content=\"summary_large_image\" \/>\n<meta name=\"twitter:label1\" content=\"Escrito por\" \/>\n\t<meta name=\"twitter:data1\" content=\"Jefferson Sterfeno\" \/>\n\t<meta name=\"twitter:label2\" content=\"Est. tempo de leitura\" \/>\n\t<meta name=\"twitter:data2\" content=\"1 minuto\" \/>\n<script type=\"application\/ld+json\" class=\"yoast-schema-graph\">{\"@context\":\"https:\/\/schema.org\",\"@graph\":[{\"@type\":\"Article\",\"@id\":\"https:\/\/blogdobispo.com.br\/?p=18398#article\",\"isPartOf\":{\"@id\":\"https:\/\/blogdobispo.com.br\/?p=18398\"},\"author\":{\"name\":\"Jefferson Sterfeno\",\"@id\":\"https:\/\/blogdobispo.com.br\/#\/schema\/person\/e2209cc0e6cea5c5233d033e997b373f\"},\"headline\":\"Nova ambul\u00e2ncia refor\u00e7a atendimento de sa\u00fade em Ipangua\u00e7u gra\u00e7as \u00e0 emenda de Ubaldo\",\"datePublished\":\"2025-11-03T13:55:00+00:00\",\"mainEntityOfPage\":{\"@id\":\"https:\/\/blogdobispo.com.br\/?p=18398\"},\"wordCount\":289,\"commentCount\":0,\"publisher\":{\"@id\":\"https:\/\/blogdobispo.com.br\/#organization\"},\"image\":{\"@id\":\"https:\/\/blogdobispo.com.br\/?p=18398#primaryimage\"},\"thumbnailUrl\":\"https:\/\/i0.wp.com\/blogdobispo.com.br\/wp-content\/uploads\/2025\/11\/8c5c7212-32f5-4a0a-8afc-85e75798c3e2-1.jpg?fit=960%2C1280&ssl=1\",\"articleSection\":[\"diversos\"],\"inLanguage\":\"pt-BR\",\"potentialAction\":[{\"@type\":\"CommentAction\",\"name\":\"Comment\",\"target\":[\"https:\/\/blogdobispo.com.br\/?p=18398#respond\"]}]},{\"@type\":\"WebPage\",\"@id\":\"https:\/\/blogdobispo.com.br\/?p=18398\",\"url\":\"https:\/\/blogdobispo.com.br\/?p=18398\",\"name\":\"Nova ambul\u00e2ncia refor\u00e7a atendimento de sa\u00fade em Ipangua\u00e7u gra\u00e7as \u00e0 emenda de Ubaldo - Blog do Bispo\",\"isPartOf\":{\"@id\":\"https:\/\/blogdobispo.com.br\/#website\"},\"primaryImageOfPage\":{\"@id\":\"https:\/\/blogdobispo.com.br\/?p=18398#primaryimage\"},\"image\":{\"@id\":\"https:\/\/blogdobispo.com.br\/?p=18398#primaryimage\"},\"thumbnailUrl\":\"https:\/\/i0.wp.com\/blogdobispo.com.br\/wp-content\/uploads\/2025\/11\/8c5c7212-32f5-4a0a-8afc-85e75798c3e2-1.jpg?fit=960%2C1280&ssl=1\",\"datePublished\":\"2025-11-03T13:55:00+00:00\",\"breadcrumb\":{\"@id\":\"https:\/\/blogdobispo.com.br\/?p=18398#breadcrumb\"},\"inLanguage\":\"pt-BR\",\"potentialAction\":[{\"@type\":\"ReadAction\",\"target\":[\"https:\/\/blogdobispo.com.br\/?p=18398\"]}]},{\"@type\":\"ImageObject\",\"inLanguage\":\"pt-BR\",\"@id\":\"https:\/\/blogdobispo.com.br\/?p=18398#primaryimage\",\"url\":\"https:\/\/i0.wp.com\/blogdobispo.com.br\/wp-content\/uploads\/2025\/11\/8c5c7212-32f5-4a0a-8afc-85e75798c3e2-1.jpg?fit=960%2C1280&ssl=1\",\"contentUrl\":\"https:\/\/i0.wp.com\/blogdobispo.com.br\/wp-content\/uploads\/2025\/11\/8c5c7212-32f5-4a0a-8afc-85e75798c3e2-1.jpg?fit=960%2C1280&ssl=1\",\"width\":960,\"height\":1280},{\"@type\":\"BreadcrumbList\",\"@id\":\"https:\/\/blogdobispo.com.br\/?p=18398#breadcrumb\",\"itemListElement\":[{\"@type\":\"ListItem\",\"position\":1,\"name\":\"In\u00edcio\",\"item\":\"https:\/\/blogdobispo.com.br\/\"},{\"@type\":\"ListItem\",\"position\":2,\"name\":\"Nova ambul\u00e2ncia refor\u00e7a atendimento de sa\u00fade em Ipangua\u00e7u gra\u00e7as \u00e0 emenda de Ubaldo\"}]},{\"@type\":\"WebSite\",\"@id\":\"https:\/\/blogdobispo.com.br\/#website\",\"url\":\"https:\/\/blogdobispo.com.br\/\",\"name\":\"Blog do Bispo\",\"description\":\"Comprometido apenas com o leitor\",\"publisher\":{\"@id\":\"https:\/\/blogdobispo.com.br\/#organization\"},\"potentialAction\":[{\"@type\":\"SearchAction\",\"target\":{\"@type\":\"EntryPoint\",\"urlTemplate\":\"https:\/\/blogdobispo.com.br\/?s={search_term_string}\"},\"query-input\":{\"@type\":\"PropertyValueSpecification\",\"valueRequired\":true,\"valueName\":\"search_term_string\"}}],\"inLanguage\":\"pt-BR\"},{\"@type\":\"Organization\",\"@id\":\"https:\/\/blogdobispo.com.br\/#organization\",\"name\":\"Blog do Bispo\",\"url\":\"https:\/\/blogdobispo.com.br\/\",\"logo\":{\"@type\":\"ImageObject\",\"inLanguage\":\"pt-BR\",\"@id\":\"https:\/\/blogdobispo.com.br\/#\/schema\/logo\/image\/\",\"url\":\"http:\/\/blogdobispo.com.br\/wp-content\/uploads\/2023\/05\/cropped-headear.png\",\"contentUrl\":\"http:\/\/blogdobispo.com.br\/wp-content\/uploads\/2023\/05\/cropped-headear.png\",\"width\":1500,\"height\":399,\"caption\":\"Blog do Bispo\"},\"image\":{\"@id\":\"https:\/\/blogdobispo.com.br\/#\/schema\/logo\/image\/\"}},{\"@type\":\"Person\",\"@id\":\"https:\/\/blogdobispo.com.br\/#\/schema\/person\/e2209cc0e6cea5c5233d033e997b373f\",\"name\":\"Jefferson Sterfeno\",\"image\":{\"@type\":\"ImageObject\",\"inLanguage\":\"pt-BR\",\"@id\":\"https:\/\/blogdobispo.com.br\/#\/schema\/person\/image\/\",\"url\":\"https:\/\/secure.gravatar.com\/avatar\/0534e84764641168a677026b6d57a3f51dc7ac4db0b4f6186d9cb330d4ee1160?s=96&d=mm&r=g\",\"contentUrl\":\"https:\/\/secure.gravatar.com\/avatar\/0534e84764641168a677026b6d57a3f51dc7ac4db0b4f6186d9cb330d4ee1160?s=96&d=mm&r=g\",\"caption\":\"Jefferson Sterfeno\"},\"sameAs\":[\"http:\/\/blogdobispo.com.br\"],\"url\":\"https:\/\/blogdobispo.com.br\/?author=1\"}]}<\/script>\n<!-- \/ Yoast SEO plugin. -->","yoast_head_json":{"title":"Nova ambul\u00e2ncia refor\u00e7a atendimento de sa\u00fade em Ipangua\u00e7u gra\u00e7as \u00e0 emenda de Ubaldo - Blog do Bispo","robots":{"index":"index","follow":"follow","max-snippet":"max-snippet:-1","max-image-preview":"max-image-preview:large","max-video-preview":"max-video-preview:-1"},"canonical":"https:\/\/blogdobispo.com.br\/?p=18398","og_locale":"pt_BR","og_type":"article","og_title":"Nova ambul\u00e2ncia refor\u00e7a atendimento de sa\u00fade em Ipangua\u00e7u gra\u00e7as \u00e0 emenda de Ubaldo - Blog do Bispo","og_description":"O munic\u00edpio de Ipangua\u00e7u recebeu, no \u00faltimo s\u00e1bado (1\u00ba), uma nova ambul\u00e2ncia que ir\u00e1 refor\u00e7ar o atendimento de urg\u00eancia e emerg\u00eancia na rede municipal de sa\u00fade. A conquista \u00e9 resultado da emenda parlamentar do deputado estadual Ubaldo Fernandes (PSDB). O novo ve\u00edculo chega para garantir mais agilidade, seguran\u00e7a e dignidade aos pacientes, fortalecendo a estrutura [&hellip;]","og_url":"https:\/\/blogdobispo.com.br\/?p=18398","og_site_name":"Blog do Bispo","article_published_time":"2025-11-03T13:55:00+00:00","og_image":[{"url":"https:\/\/blogdobispo.com.br\/wp-content\/uploads\/2025\/11\/8c5c7212-32f5-4a0a-8afc-85e75798c3e2-768x1024.jpg","type":"","width":"","height":""}],"author":"Jefferson Sterfeno","twitter_card":"summary_large_image","twitter_misc":{"Escrito por":"Jefferson Sterfeno","Est. tempo de leitura":"1 minuto"},"schema":{"@context":"https:\/\/schema.org","@graph":[{"@type":"Article","@id":"https:\/\/blogdobispo.com.br\/?p=18398#article","isPartOf":{"@id":"https:\/\/blogdobispo.com.br\/?p=18398"},"author":{"name":"Jefferson Sterfeno","@id":"https:\/\/blogdobispo.com.br\/#\/schema\/person\/e2209cc0e6cea5c5233d033e997b373f"},"headline":"Nova ambul\u00e2ncia refor\u00e7a atendimento de sa\u00fade em Ipangua\u00e7u gra\u00e7as \u00e0 emenda de Ubaldo","datePublished":"2025-11-03T13:55:00+00:00","mainEntityOfPage":{"@id":"https:\/\/blogdobispo.com.br\/?p=18398"},"wordCount":289,"commentCount":0,"publisher":{"@id":"https:\/\/blogdobispo.com.br\/#organization"},"image":{"@id":"https:\/\/blogdobispo.com.br\/?p=18398#primaryimage"},"thumbnailUrl":"https:\/\/i0.wp.com\/blogdobispo.com.br\/wp-content\/uploads\/2025\/11\/8c5c7212-32f5-4a0a-8afc-85e75798c3e2-1.jpg?fit=960%2C1280&ssl=1","articleSection":["diversos"],"inLanguage":"pt-BR","potentialAction":[{"@type":"CommentAction","name":"Comment","target":["https:\/\/blogdobispo.com.br\/?p=18398#respond"]}]},{"@type":"WebPage","@id":"https:\/\/blogdobispo.com.br\/?p=18398","url":"https:\/\/blogdobispo.com.br\/?p=18398","name":"Nova ambul\u00e2ncia refor\u00e7a atendimento de sa\u00fade em Ipangua\u00e7u gra\u00e7as \u00e0 emenda de Ubaldo - Blog do Bispo","isPartOf":{"@id":"https:\/\/blogdobispo.com.br\/#website"},"primaryImageOfPage":{"@id":"https:\/\/blogdobispo.com.br\/?p=18398#primaryimage"},"image":{"@id":"https:\/\/blogdobispo.com.br\/?p=18398#primaryimage"},"thumbnailUrl":"https:\/\/i0.wp.com\/blogdobispo.com.br\/wp-content\/uploads\/2025\/11\/8c5c7212-32f5-4a0a-8afc-85e75798c3e2-1.jpg?fit=960%2C1280&ssl=1","datePublished":"2025-11-03T13:55:00+00:00","breadcrumb":{"@id":"https:\/\/blogdobispo.com.br\/?p=18398#breadcrumb"},"inLanguage":"pt-BR","potentialAction":[{"@type":"ReadAction","target":["https:\/\/blogdobispo.com.br\/?p=18398"]}]},{"@type":"ImageObject","inLanguage":"pt-BR","@id":"https:\/\/blogdobispo.com.br\/?p=18398#primaryimage","url":"https:\/\/i0.wp.com\/blogdobispo.com.br\/wp-content\/uploads\/2025\/11\/8c5c7212-32f5-4a0a-8afc-85e75798c3e2-1.jpg?fit=960%2C1280&ssl=1","contentUrl":"https:\/\/i0.wp.com\/blogdobispo.com.br\/wp-content\/uploads\/2025\/11\/8c5c7212-32f5-4a0a-8afc-85e75798c3e2-1.jpg?fit=960%2C1280&ssl=1","width":960,"height":1280},{"@type":"BreadcrumbList","@id":"https:\/\/blogdobispo.com.br\/?p=18398#breadcrumb","itemListElement":[{"@type":"ListItem","position":1,"name":"In\u00edcio","item":"https:\/\/blogdobispo.com.br\/"},{"@type":"ListItem","position":2,"name":"Nova ambul\u00e2ncia refor\u00e7a atendimento de sa\u00fade em Ipangua\u00e7u gra\u00e7as \u00e0 emenda de Ubaldo"}]},{"@type":"WebSite","@id":"https:\/\/blogdobispo.com.br\/#website","url":"https:\/\/blogdobispo.com.br\/","name":"Blog do Bispo","description":"Comprometido apenas com o leitor","publisher":{"@id":"https:\/\/blogdobispo.com.br\/#organization"},"potentialAction":[{"@type":"SearchAction","target":{"@type":"EntryPoint","urlTemplate":"https:\/\/blogdobispo.com.br\/?s={search_term_string}"},"query-input":{"@type":"PropertyValueSpecification","valueRequired":true,"valueName":"search_term_string"}}],"inLanguage":"pt-BR"},{"@type":"Organization","@id":"https:\/\/blogdobispo.com.br\/#organization","name":"Blog do Bispo","url":"https:\/\/blogdobispo.com.br\/","logo":{"@type":"ImageObject","inLanguage":"pt-BR","@id":"https:\/\/blogdobispo.com.br\/#\/schema\/logo\/image\/","url":"http:\/\/blogdobispo.com.br\/wp-content\/uploads\/2023\/05\/cropped-headear.png","contentUrl":"http:\/\/blogdobispo.com.br\/wp-content\/uploads\/2023\/05\/cropped-headear.png","width":1500,"height":399,"caption":"Blog do Bispo"},"image":{"@id":"https:\/\/blogdobispo.com.br\/#\/schema\/logo\/image\/"}},{"@type":"Person","@id":"https:\/\/blogdobispo.com.br\/#\/schema\/person\/e2209cc0e6cea5c5233d033e997b373f","name":"Jefferson Sterfeno","image":{"@type":"ImageObject","inLanguage":"pt-BR","@id":"https:\/\/blogdobispo.com.br\/#\/schema\/person\/image\/","url":"https:\/\/secure.gravatar.com\/avatar\/0534e84764641168a677026b6d57a3f51dc7ac4db0b4f6186d9cb330d4ee1160?s=96&d=mm&r=g","contentUrl":"https:\/\/secure.gravatar.com\/avatar\/0534e84764641168a677026b6d57a3f51dc7ac4db0b4f6186d9cb330d4ee1160?s=96&d=mm&r=g","caption":"Jefferson Sterfeno"},"sameAs":["http:\/\/blogdobispo.com.br"],"url":"https:\/\/blogdobispo.com.br\/?author=1"}]}},"featured_image_urls":{"full":["https:\/\/i0.wp.com\/blogdobispo.com.br\/wp-content\/uploads\/2025\/11\/8c5c7212-32f5-4a0a-8afc-85e75798c3e2-1.jpg?fit=960%2C1280&ssl=1",960,1280,false],"thumbnail":["https:\/\/i0.wp.com\/blogdobispo.com.br\/wp-content\/uploads\/2025\/11\/8c5c7212-32f5-4a0a-8afc-85e75798c3e2-1.jpg?resize=150%2C150&ssl=1",150,150,true],"medium":["https:\/\/i0.wp.com\/blogdobispo.com.br\/wp-content\/uploads\/2025\/11\/8c5c7212-32f5-4a0a-8afc-85e75798c3e2-1.jpg?fit=225%2C300&ssl=1",225,300,true],"medium_large":["https:\/\/i0.wp.com\/blogdobispo.com.br\/wp-content\/uploads\/2025\/11\/8c5c7212-32f5-4a0a-8afc-85e75798c3e2-1.jpg?fit=768%2C1024&ssl=1",768,1024,true],"large":["https:\/\/i0.wp.com\/blogdobispo.com.br\/wp-content\/uploads\/2025\/11\/8c5c7212-32f5-4a0a-8afc-85e75798c3e2-1.jpg?fit=768%2C1024&ssl=1",768,1024,true],"1536x1536":["https:\/\/i0.wp.com\/blogdobispo.com.br\/wp-content\/uploads\/2025\/11\/8c5c7212-32f5-4a0a-8afc-85e75798c3e2-1.jpg?fit=960%2C1280&ssl=1",960,1280,true],"2048x2048":["https:\/\/i0.wp.com\/blogdobispo.com.br\/wp-content\/uploads\/2025\/11\/8c5c7212-32f5-4a0a-8afc-85e75798c3e2-1.jpg?fit=960%2C1280&ssl=1",960,1280,true]},"author_info":{"display_name":"Jefferson Sterfeno","author_link":"https:\/\/blogdobispo.com.br\/?author=1"},"category_info":"<a href=\"https:\/\/blogdobispo.com.br\/?cat=1\" rel=\"category\">diversos<\/a>","tag_info":"diversos","comment_count":"0","jetpack_featured_media_url":"https:\/\/i0.wp.com\/blogdobispo.com.br\/wp-content\/uploads\/2025\/11\/8c5c7212-32f5-4a0a-8afc-85e75798c3e2-1.jpg?fit=960%2C1280&ssl=1","jetpack_sharing_enabled":true,"_links":{"self":[{"href":"https:\/\/blogdobispo.com.br\/index.php?rest_route=\/wp\/v2\/posts\/18398","targetHints":{"allow":["GET"]}}],"collection":[{"href":"https:\/\/blogdobispo.com.br\/index.php?rest_route=\/wp\/v2\/posts"}],"about":[{"href":"https:\/\/blogdobispo.com.br\/index.php?rest_route=\/wp\/v2\/types\/post"}],"author":[{"embeddable":true,"href":"https:\/\/blogdobispo.com.br\/index.php?rest_route=\/wp\/v2\/users\/1"}],"replies":[{"embeddable":true,"href":"https:\/\/blogdobispo.com.br\/index.php?rest_route=%2Fwp%2Fv2%2Fcomments&post=18398"}],"version-history":[{"count":0,"href":"https:\/\/blogdobispo.com.br\/index.php?rest_route=\/wp\/v2\/posts\/18398\/revisions"}],"wp:featuredmedia":[{"embeddable":true,"href":"https:\/\/blogdobispo.com.br\/index.php?rest_route=\/wp\/v2\/media\/18397"}],"wp:attachment":[{"href":"https:\/\/blogdobispo.com.br\/index.php?rest_route=%2Fwp%2Fv2%2Fmedia&parent=18398"}],"wp:term":[{"taxonomy":"category","embeddable":true,"href":"https:\/\/blogdobispo.com.br\/index.php?rest_route=%2Fwp%2Fv2%2Fcategories&post=18398"},{"taxonomy":"post_tag","embeddable":true,"href":"https:\/\/blogdobispo.com.br\/index.php?rest_route=%2Fwp%2Fv2%2Ftags&post=18398"}],"curies":[{"name":"wp","href":"https:\/\/api.w.org\/{rel}","templated":true}]}}