{"id":18376,"date":"2025-10-30T19:05:16","date_gmt":"2025-10-30T19:05:16","guid":{"rendered":"https:\/\/blogdobispo.com.br\/?p=18376"},"modified":"2025-10-30T19:05:16","modified_gmt":"2025-10-30T19:05:16","slug":"a-borboleta-vem-ai-micarla-de-souza-pode-disputar-mandato-de-deputada-federal-pelo-mdb","status":"publish","type":"post","link":"https:\/\/blogdobispo.com.br\/?p=18376","title":{"rendered":"A borboleta vem a\u00ed: Micarla de Souza pode disputar mandato de deputada federal pelo MDB"},"content":{"rendered":"\n<figure class=\"wp-block-image size-large\"><img data-recalc-dims=\"1\" fetchpriority=\"high\" decoding=\"async\" width=\"620\" height=\"465\" src=\"https:\/\/i0.wp.com\/blogdobispo.com.br\/wp-content\/uploads\/2025\/10\/img_7413.jpg?resize=620%2C465&#038;ssl=1\" class=\"wp-image-18374\" srcset=\"https:\/\/i0.wp.com\/blogdobispo.com.br\/wp-content\/uploads\/2025\/10\/img_7413.jpg?w=620&amp;ssl=1 620w, https:\/\/i0.wp.com\/blogdobispo.com.br\/wp-content\/uploads\/2025\/10\/img_7413.jpg?resize=300%2C225&amp;ssl=1 300w\" sizes=\"(max-width: 620px) 100vw, 620px\" \/><\/figure>\n\n\n\n<p class=\"p1\"><\/p>\n\n\n\n<p class=\"p1\">A ex-prefeita de Natal Micarla de Souza pode estar de volta \u00e0 cena pol\u00edtica em grande estilo. Nos bastidores, cresce a informa\u00e7\u00e3o de que ela avalia disputar uma vaga de deputada federal pelo MDB, integrando uma nominata forte e competitiva, ao lado de nomes como Kelps Lima, Rafael Motta, Carlos Eduardo Alves e Abra\u00e3o Lincoln.<\/p>\n\n\n\n<p class=\"p1\">A poss\u00edvel composi\u00e7\u00e3o tem chamado aten\u00e7\u00e3o por reunir perfis distintos, mas com forte presen\u00e7a eleitoral no Estado. A ex-prefeita, que mant\u00e9m base consolidada em Natal e forte identifica\u00e7\u00e3o com o p\u00fablico evang\u00e9lico, seria uma aposta do MDB para ampliar o alcance do partido entre o eleitorado feminino e religioso, setores nos quais Micarla sempre teve influ\u00eancia.<\/p>\n\n\n\n<p class=\"p1\">Fontes pr\u00f3ximas \u00e0 ex-prefeita afirmam que Micarla tem recebido convites e sondagens de diferentes grupos pol\u00edticos, mas v\u00ea no MDB um espa\u00e7o estrat\u00e9gico para retomar a trajet\u00f3ria pol\u00edtica com um projeto que dialogue com sua experi\u00eancia administrativa e sua atua\u00e7\u00e3o social.<\/p>\n\n\n\n<p class=\"p1\">A presen\u00e7a de Kelps Lima e Rafael Motta na mesma nominata refor\u00e7aria o car\u00e1ter plural do grupo, que combina nomes da pol\u00edtica tradicional e de perfis mais independentes. J\u00e1 Carlos Eduardo e Abra\u00e3o Lincoln representam o peso pol\u00edtico e eleitoral que o partido pretende manter no pleito.<\/p>\n\n\n\n<p class=\"p1\">Se confirmada, a entrada de Micarla de Souza promete movimentar o cen\u00e1rio pol\u00edtico do Rio Grande do Norte e recolocar seu nome entre os principais quadros femininos da pol\u00edtica potiguar, ap\u00f3s um per\u00edodo de afastamento da vida p\u00fablica.<\/p>\n","protected":false},"excerpt":{"rendered":"<p>A ex-prefeita de Natal Micarla de Souza pode estar de volta \u00e0 cena pol\u00edtica em grande estilo. Nos bastidores, cresce a informa\u00e7\u00e3o de que ela avalia disputar uma vaga de deputada federal pelo MDB, integrando uma nominata forte e competitiva, ao lado de nomes como Kelps Lima, Rafael Motta, Carlos Eduardo Alves e Abra\u00e3o Lincoln. [&hellip;]<\/p>\n","protected":false},"author":1,"featured_media":18375,"comment_status":"open","ping_status":"open","sticky":false,"template":"","format":"standard","meta":{"cybocfi_hide_featured_image":"","_jetpack_memberships_contains_paid_content":false,"footnotes":""},"categories":[1],"tags":[],"class_list":["post-18376","post","type-post","status-publish","format-standard","has-post-thumbnail","hentry","category-diversos"],"yoast_head":"<!-- This site is optimized with the Yoast SEO plugin v25.6 - https:\/\/yoast.com\/wordpress\/plugins\/seo\/ -->\n<title>A borboleta vem a\u00ed: Micarla de Souza pode disputar mandato de deputada federal pelo MDB - Blog do Bispo<\/title>\n<meta name=\"robots\" content=\"index, follow, max-snippet:-1, max-image-preview:large, max-video-preview:-1\" \/>\n<link rel=\"canonical\" href=\"https:\/\/blogdobispo.com.br\/?p=18376\" \/>\n<meta property=\"og:locale\" content=\"pt_BR\" \/>\n<meta property=\"og:type\" content=\"article\" \/>\n<meta property=\"og:title\" content=\"A borboleta vem a\u00ed: Micarla de Souza pode disputar mandato de deputada federal pelo MDB - Blog do Bispo\" \/>\n<meta property=\"og:description\" content=\"A ex-prefeita de Natal Micarla de Souza pode estar de volta \u00e0 cena pol\u00edtica em grande estilo. Nos bastidores, cresce a informa\u00e7\u00e3o de que ela avalia disputar uma vaga de deputada federal pelo MDB, integrando uma nominata forte e competitiva, ao lado de nomes como Kelps Lima, Rafael Motta, Carlos Eduardo Alves e Abra\u00e3o Lincoln. [&hellip;]\" \/>\n<meta property=\"og:url\" content=\"https:\/\/blogdobispo.com.br\/?p=18376\" \/>\n<meta property=\"og:site_name\" content=\"Blog do Bispo\" \/>\n<meta property=\"article:published_time\" content=\"2025-10-30T19:05:16+00:00\" \/>\n<meta property=\"og:image\" content=\"https:\/\/blogdobispo.com.br\/wp-content\/uploads\/2025\/10\/img_7413.jpg\" \/>\n<meta name=\"author\" content=\"Jefferson Sterfeno\" \/>\n<meta name=\"twitter:card\" content=\"summary_large_image\" \/>\n<meta name=\"twitter:label1\" content=\"Escrito por\" \/>\n\t<meta name=\"twitter:data1\" content=\"Jefferson Sterfeno\" \/>\n\t<meta name=\"twitter:label2\" content=\"Est. tempo de leitura\" \/>\n\t<meta name=\"twitter:data2\" content=\"1 minuto\" \/>\n<script type=\"application\/ld+json\" class=\"yoast-schema-graph\">{\"@context\":\"https:\/\/schema.org\",\"@graph\":[{\"@type\":\"Article\",\"@id\":\"https:\/\/blogdobispo.com.br\/?p=18376#article\",\"isPartOf\":{\"@id\":\"https:\/\/blogdobispo.com.br\/?p=18376\"},\"author\":{\"name\":\"Jefferson Sterfeno\",\"@id\":\"https:\/\/blogdobispo.com.br\/#\/schema\/person\/e2209cc0e6cea5c5233d033e997b373f\"},\"headline\":\"A borboleta vem a\u00ed: Micarla de Souza pode disputar mandato de deputada federal pelo MDB\",\"datePublished\":\"2025-10-30T19:05:16+00:00\",\"mainEntityOfPage\":{\"@id\":\"https:\/\/blogdobispo.com.br\/?p=18376\"},\"wordCount\":282,\"commentCount\":0,\"publisher\":{\"@id\":\"https:\/\/blogdobispo.com.br\/#organization\"},\"image\":{\"@id\":\"https:\/\/blogdobispo.com.br\/?p=18376#primaryimage\"},\"thumbnailUrl\":\"https:\/\/i0.wp.com\/blogdobispo.com.br\/wp-content\/uploads\/2025\/10\/img_7413-1.jpg?fit=620%2C465&ssl=1\",\"articleSection\":[\"diversos\"],\"inLanguage\":\"pt-BR\",\"potentialAction\":[{\"@type\":\"CommentAction\",\"name\":\"Comment\",\"target\":[\"https:\/\/blogdobispo.com.br\/?p=18376#respond\"]}]},{\"@type\":\"WebPage\",\"@id\":\"https:\/\/blogdobispo.com.br\/?p=18376\",\"url\":\"https:\/\/blogdobispo.com.br\/?p=18376\",\"name\":\"A borboleta vem a\u00ed: Micarla de Souza pode disputar mandato de deputada federal pelo MDB - Blog do Bispo\",\"isPartOf\":{\"@id\":\"https:\/\/blogdobispo.com.br\/#website\"},\"primaryImageOfPage\":{\"@id\":\"https:\/\/blogdobispo.com.br\/?p=18376#primaryimage\"},\"image\":{\"@id\":\"https:\/\/blogdobispo.com.br\/?p=18376#primaryimage\"},\"thumbnailUrl\":\"https:\/\/i0.wp.com\/blogdobispo.com.br\/wp-content\/uploads\/2025\/10\/img_7413-1.jpg?fit=620%2C465&ssl=1\",\"datePublished\":\"2025-10-30T19:05:16+00:00\",\"breadcrumb\":{\"@id\":\"https:\/\/blogdobispo.com.br\/?p=18376#breadcrumb\"},\"inLanguage\":\"pt-BR\",\"potentialAction\":[{\"@type\":\"ReadAction\",\"target\":[\"https:\/\/blogdobispo.com.br\/?p=18376\"]}]},{\"@type\":\"ImageObject\",\"inLanguage\":\"pt-BR\",\"@id\":\"https:\/\/blogdobispo.com.br\/?p=18376#primaryimage\",\"url\":\"https:\/\/i0.wp.com\/blogdobispo.com.br\/wp-content\/uploads\/2025\/10\/img_7413-1.jpg?fit=620%2C465&ssl=1\",\"contentUrl\":\"https:\/\/i0.wp.com\/blogdobispo.com.br\/wp-content\/uploads\/2025\/10\/img_7413-1.jpg?fit=620%2C465&ssl=1\",\"width\":620,\"height\":465},{\"@type\":\"BreadcrumbList\",\"@id\":\"https:\/\/blogdobispo.com.br\/?p=18376#breadcrumb\",\"itemListElement\":[{\"@type\":\"ListItem\",\"position\":1,\"name\":\"In\u00edcio\",\"item\":\"https:\/\/blogdobispo.com.br\/\"},{\"@type\":\"ListItem\",\"position\":2,\"name\":\"A borboleta vem a\u00ed: Micarla de Souza pode disputar mandato de deputada federal pelo MDB\"}]},{\"@type\":\"WebSite\",\"@id\":\"https:\/\/blogdobispo.com.br\/#website\",\"url\":\"https:\/\/blogdobispo.com.br\/\",\"name\":\"Blog do Bispo\",\"description\":\"Comprometido apenas com o leitor\",\"publisher\":{\"@id\":\"https:\/\/blogdobispo.com.br\/#organization\"},\"potentialAction\":[{\"@type\":\"SearchAction\",\"target\":{\"@type\":\"EntryPoint\",\"urlTemplate\":\"https:\/\/blogdobispo.com.br\/?s={search_term_string}\"},\"query-input\":{\"@type\":\"PropertyValueSpecification\",\"valueRequired\":true,\"valueName\":\"search_term_string\"}}],\"inLanguage\":\"pt-BR\"},{\"@type\":\"Organization\",\"@id\":\"https:\/\/blogdobispo.com.br\/#organization\",\"name\":\"Blog do Bispo\",\"url\":\"https:\/\/blogdobispo.com.br\/\",\"logo\":{\"@type\":\"ImageObject\",\"inLanguage\":\"pt-BR\",\"@id\":\"https:\/\/blogdobispo.com.br\/#\/schema\/logo\/image\/\",\"url\":\"http:\/\/blogdobispo.com.br\/wp-content\/uploads\/2023\/05\/cropped-headear.png\",\"contentUrl\":\"http:\/\/blogdobispo.com.br\/wp-content\/uploads\/2023\/05\/cropped-headear.png\",\"width\":1500,\"height\":399,\"caption\":\"Blog do Bispo\"},\"image\":{\"@id\":\"https:\/\/blogdobispo.com.br\/#\/schema\/logo\/image\/\"}},{\"@type\":\"Person\",\"@id\":\"https:\/\/blogdobispo.com.br\/#\/schema\/person\/e2209cc0e6cea5c5233d033e997b373f\",\"name\":\"Jefferson Sterfeno\",\"image\":{\"@type\":\"ImageObject\",\"inLanguage\":\"pt-BR\",\"@id\":\"https:\/\/blogdobispo.com.br\/#\/schema\/person\/image\/\",\"url\":\"https:\/\/secure.gravatar.com\/avatar\/0534e84764641168a677026b6d57a3f51dc7ac4db0b4f6186d9cb330d4ee1160?s=96&d=mm&r=g\",\"contentUrl\":\"https:\/\/secure.gravatar.com\/avatar\/0534e84764641168a677026b6d57a3f51dc7ac4db0b4f6186d9cb330d4ee1160?s=96&d=mm&r=g\",\"caption\":\"Jefferson Sterfeno\"},\"sameAs\":[\"http:\/\/blogdobispo.com.br\"],\"url\":\"https:\/\/blogdobispo.com.br\/?author=1\"}]}<\/script>\n<!-- \/ Yoast SEO plugin. -->","yoast_head_json":{"title":"A borboleta vem a\u00ed: Micarla de Souza pode disputar mandato de deputada federal pelo MDB - Blog do Bispo","robots":{"index":"index","follow":"follow","max-snippet":"max-snippet:-1","max-image-preview":"max-image-preview:large","max-video-preview":"max-video-preview:-1"},"canonical":"https:\/\/blogdobispo.com.br\/?p=18376","og_locale":"pt_BR","og_type":"article","og_title":"A borboleta vem a\u00ed: Micarla de Souza pode disputar mandato de deputada federal pelo MDB - Blog do Bispo","og_description":"A ex-prefeita de Natal Micarla de Souza pode estar de volta \u00e0 cena pol\u00edtica em grande estilo. Nos bastidores, cresce a informa\u00e7\u00e3o de que ela avalia disputar uma vaga de deputada federal pelo MDB, integrando uma nominata forte e competitiva, ao lado de nomes como Kelps Lima, Rafael Motta, Carlos Eduardo Alves e Abra\u00e3o Lincoln. [&hellip;]","og_url":"https:\/\/blogdobispo.com.br\/?p=18376","og_site_name":"Blog do Bispo","article_published_time":"2025-10-30T19:05:16+00:00","og_image":[{"url":"https:\/\/blogdobispo.com.br\/wp-content\/uploads\/2025\/10\/img_7413.jpg","type":"","width":"","height":""}],"author":"Jefferson Sterfeno","twitter_card":"summary_large_image","twitter_misc":{"Escrito por":"Jefferson Sterfeno","Est. tempo de leitura":"1 minuto"},"schema":{"@context":"https:\/\/schema.org","@graph":[{"@type":"Article","@id":"https:\/\/blogdobispo.com.br\/?p=18376#article","isPartOf":{"@id":"https:\/\/blogdobispo.com.br\/?p=18376"},"author":{"name":"Jefferson Sterfeno","@id":"https:\/\/blogdobispo.com.br\/#\/schema\/person\/e2209cc0e6cea5c5233d033e997b373f"},"headline":"A borboleta vem a\u00ed: Micarla de Souza pode disputar mandato de deputada federal pelo MDB","datePublished":"2025-10-30T19:05:16+00:00","mainEntityOfPage":{"@id":"https:\/\/blogdobispo.com.br\/?p=18376"},"wordCount":282,"commentCount":0,"publisher":{"@id":"https:\/\/blogdobispo.com.br\/#organization"},"image":{"@id":"https:\/\/blogdobispo.com.br\/?p=18376#primaryimage"},"thumbnailUrl":"https:\/\/i0.wp.com\/blogdobispo.com.br\/wp-content\/uploads\/2025\/10\/img_7413-1.jpg?fit=620%2C465&ssl=1","articleSection":["diversos"],"inLanguage":"pt-BR","potentialAction":[{"@type":"CommentAction","name":"Comment","target":["https:\/\/blogdobispo.com.br\/?p=18376#respond"]}]},{"@type":"WebPage","@id":"https:\/\/blogdobispo.com.br\/?p=18376","url":"https:\/\/blogdobispo.com.br\/?p=18376","name":"A borboleta vem a\u00ed: Micarla de Souza pode disputar mandato de deputada federal pelo MDB - Blog do Bispo","isPartOf":{"@id":"https:\/\/blogdobispo.com.br\/#website"},"primaryImageOfPage":{"@id":"https:\/\/blogdobispo.com.br\/?p=18376#primaryimage"},"image":{"@id":"https:\/\/blogdobispo.com.br\/?p=18376#primaryimage"},"thumbnailUrl":"https:\/\/i0.wp.com\/blogdobispo.com.br\/wp-content\/uploads\/2025\/10\/img_7413-1.jpg?fit=620%2C465&ssl=1","datePublished":"2025-10-30T19:05:16+00:00","breadcrumb":{"@id":"https:\/\/blogdobispo.com.br\/?p=18376#breadcrumb"},"inLanguage":"pt-BR","potentialAction":[{"@type":"ReadAction","target":["https:\/\/blogdobispo.com.br\/?p=18376"]}]},{"@type":"ImageObject","inLanguage":"pt-BR","@id":"https:\/\/blogdobispo.com.br\/?p=18376#primaryimage","url":"https:\/\/i0.wp.com\/blogdobispo.com.br\/wp-content\/uploads\/2025\/10\/img_7413-1.jpg?fit=620%2C465&ssl=1","contentUrl":"https:\/\/i0.wp.com\/blogdobispo.com.br\/wp-content\/uploads\/2025\/10\/img_7413-1.jpg?fit=620%2C465&ssl=1","width":620,"height":465},{"@type":"BreadcrumbList","@id":"https:\/\/blogdobispo.com.br\/?p=18376#breadcrumb","itemListElement":[{"@type":"ListItem","position":1,"name":"In\u00edcio","item":"https:\/\/blogdobispo.com.br\/"},{"@type":"ListItem","position":2,"name":"A borboleta vem a\u00ed: Micarla de Souza pode disputar mandato de deputada federal pelo MDB"}]},{"@type":"WebSite","@id":"https:\/\/blogdobispo.com.br\/#website","url":"https:\/\/blogdobispo.com.br\/","name":"Blog do Bispo","description":"Comprometido apenas com o leitor","publisher":{"@id":"https:\/\/blogdobispo.com.br\/#organization"},"potentialAction":[{"@type":"SearchAction","target":{"@type":"EntryPoint","urlTemplate":"https:\/\/blogdobispo.com.br\/?s={search_term_string}"},"query-input":{"@type":"PropertyValueSpecification","valueRequired":true,"valueName":"search_term_string"}}],"inLanguage":"pt-BR"},{"@type":"Organization","@id":"https:\/\/blogdobispo.com.br\/#organization","name":"Blog do Bispo","url":"https:\/\/blogdobispo.com.br\/","logo":{"@type":"ImageObject","inLanguage":"pt-BR","@id":"https:\/\/blogdobispo.com.br\/#\/schema\/logo\/image\/","url":"http:\/\/blogdobispo.com.br\/wp-content\/uploads\/2023\/05\/cropped-headear.png","contentUrl":"http:\/\/blogdobispo.com.br\/wp-content\/uploads\/2023\/05\/cropped-headear.png","width":1500,"height":399,"caption":"Blog do Bispo"},"image":{"@id":"https:\/\/blogdobispo.com.br\/#\/schema\/logo\/image\/"}},{"@type":"Person","@id":"https:\/\/blogdobispo.com.br\/#\/schema\/person\/e2209cc0e6cea5c5233d033e997b373f","name":"Jefferson Sterfeno","image":{"@type":"ImageObject","inLanguage":"pt-BR","@id":"https:\/\/blogdobispo.com.br\/#\/schema\/person\/image\/","url":"https:\/\/secure.gravatar.com\/avatar\/0534e84764641168a677026b6d57a3f51dc7ac4db0b4f6186d9cb330d4ee1160?s=96&d=mm&r=g","contentUrl":"https:\/\/secure.gravatar.com\/avatar\/0534e84764641168a677026b6d57a3f51dc7ac4db0b4f6186d9cb330d4ee1160?s=96&d=mm&r=g","caption":"Jefferson Sterfeno"},"sameAs":["http:\/\/blogdobispo.com.br"],"url":"https:\/\/blogdobispo.com.br\/?author=1"}]}},"featured_image_urls":{"full":["https:\/\/i0.wp.com\/blogdobispo.com.br\/wp-content\/uploads\/2025\/10\/img_7413-1.jpg?fit=620%2C465&ssl=1",620,465,false],"thumbnail":["https:\/\/i0.wp.com\/blogdobispo.com.br\/wp-content\/uploads\/2025\/10\/img_7413-1.jpg?resize=150%2C150&ssl=1",150,150,true],"medium":["https:\/\/i0.wp.com\/blogdobispo.com.br\/wp-content\/uploads\/2025\/10\/img_7413-1.jpg?fit=300%2C225&ssl=1",300,225,true],"medium_large":["https:\/\/i0.wp.com\/blogdobispo.com.br\/wp-content\/uploads\/2025\/10\/img_7413-1.jpg?fit=620%2C465&ssl=1",620,465,true],"large":["https:\/\/i0.wp.com\/blogdobispo.com.br\/wp-content\/uploads\/2025\/10\/img_7413-1.jpg?fit=620%2C465&ssl=1",620,465,true],"1536x1536":["https:\/\/i0.wp.com\/blogdobispo.com.br\/wp-content\/uploads\/2025\/10\/img_7413-1.jpg?fit=620%2C465&ssl=1",620,465,true],"2048x2048":["https:\/\/i0.wp.com\/blogdobispo.com.br\/wp-content\/uploads\/2025\/10\/img_7413-1.jpg?fit=620%2C465&ssl=1",620,465,true]},"author_info":{"display_name":"Jefferson Sterfeno","author_link":"https:\/\/blogdobispo.com.br\/?author=1"},"category_info":"<a href=\"https:\/\/blogdobispo.com.br\/?cat=1\" rel=\"category\">diversos<\/a>","tag_info":"diversos","comment_count":"0","jetpack_featured_media_url":"https:\/\/i0.wp.com\/blogdobispo.com.br\/wp-content\/uploads\/2025\/10\/img_7413-1.jpg?fit=620%2C465&ssl=1","jetpack_sharing_enabled":true,"_links":{"self":[{"href":"https:\/\/blogdobispo.com.br\/index.php?rest_route=\/wp\/v2\/posts\/18376","targetHints":{"allow":["GET"]}}],"collection":[{"href":"https:\/\/blogdobispo.com.br\/index.php?rest_route=\/wp\/v2\/posts"}],"about":[{"href":"https:\/\/blogdobispo.com.br\/index.php?rest_route=\/wp\/v2\/types\/post"}],"author":[{"embeddable":true,"href":"https:\/\/blogdobispo.com.br\/index.php?rest_route=\/wp\/v2\/users\/1"}],"replies":[{"embeddable":true,"href":"https:\/\/blogdobispo.com.br\/index.php?rest_route=%2Fwp%2Fv2%2Fcomments&post=18376"}],"version-history":[{"count":0,"href":"https:\/\/blogdobispo.com.br\/index.php?rest_route=\/wp\/v2\/posts\/18376\/revisions"}],"wp:featuredmedia":[{"embeddable":true,"href":"https:\/\/blogdobispo.com.br\/index.php?rest_route=\/wp\/v2\/media\/18375"}],"wp:attachment":[{"href":"https:\/\/blogdobispo.com.br\/index.php?rest_route=%2Fwp%2Fv2%2Fmedia&parent=18376"}],"wp:term":[{"taxonomy":"category","embeddable":true,"href":"https:\/\/blogdobispo.com.br\/index.php?rest_route=%2Fwp%2Fv2%2Fcategories&post=18376"},{"taxonomy":"post_tag","embeddable":true,"href":"https:\/\/blogdobispo.com.br\/index.php?rest_route=%2Fwp%2Fv2%2Ftags&post=18376"}],"curies":[{"name":"wp","href":"https:\/\/api.w.org\/{rel}","templated":true}]}}