{"id":18353,"date":"2025-10-28T17:05:05","date_gmt":"2025-10-28T17:05:05","guid":{"rendered":"https:\/\/blogdobispo.com.br\/?p=18353"},"modified":"2025-10-28T17:06:32","modified_gmt":"2025-10-28T17:06:32","slug":"eriko-jacome-recebe-de-paulinho-freire-projeto-que-regulariza-a-carreira-suas-dos-servidores-da-assistencia-social","status":"publish","type":"post","link":"https:\/\/blogdobispo.com.br\/?p=18353","title":{"rendered":"Eriko J\u00e1come recebe de Paulinho Freire projeto que regulariza a Carreira SUAS dos servidores da assist\u00eancia social"},"content":{"rendered":"\n<figure class=\"wp-block-image size-large\"><img data-recalc-dims=\"1\" fetchpriority=\"high\" decoding=\"async\" width=\"800\" height=\"534\" src=\"https:\/\/i0.wp.com\/blogdobispo.com.br\/wp-content\/uploads\/2025\/10\/cfcc0964-e574-4b07-91fa-6d5229c59dc4-1-1024x683.jpg?resize=800%2C534&#038;ssl=1\" class=\"wp-image-18354\" srcset=\"https:\/\/i0.wp.com\/blogdobispo.com.br\/wp-content\/uploads\/2025\/10\/cfcc0964-e574-4b07-91fa-6d5229c59dc4-1.jpg?resize=1024%2C683&amp;ssl=1 1024w, https:\/\/i0.wp.com\/blogdobispo.com.br\/wp-content\/uploads\/2025\/10\/cfcc0964-e574-4b07-91fa-6d5229c59dc4-1.jpg?resize=300%2C200&amp;ssl=1 300w, https:\/\/i0.wp.com\/blogdobispo.com.br\/wp-content\/uploads\/2025\/10\/cfcc0964-e574-4b07-91fa-6d5229c59dc4-1.jpg?resize=768%2C512&amp;ssl=1 768w, https:\/\/i0.wp.com\/blogdobispo.com.br\/wp-content\/uploads\/2025\/10\/cfcc0964-e574-4b07-91fa-6d5229c59dc4-1.jpg?w=1044&amp;ssl=1 1044w\" sizes=\"(max-width: 800px) 100vw, 800px\" \/><\/figure>\n\n\n\n<p><\/p>\n\n\n\n<p>O presidente da C\u00e2mara Municipal de Natal, Eriko J\u00e1come, recebeu nesta ter\u00e7a-feira (28) o projeto de lei que regulariza a Carreira SUAS dos servidores da assist\u00eancia social do munic\u00edpio. A proposta foi entregue pelo prefeito Paulinho Freire e contou com a presen\u00e7a da secret\u00e1ria municipal de Trabalho e Assist\u00eancia Social (Semtas), Nina Souza, que tamb\u00e9m participou do ato.<\/p>\n\n\n\n<p>O projeto representa um marco importante para os profissionais que atuam na rede de assist\u00eancia social, reconhecendo o papel fundamental que desempenham no atendimento \u00e0s fam\u00edlias em situa\u00e7\u00e3o de vulnerabilidade na capital potiguar.<\/p>\n\n\n\n<p>Durante a entrega, o presidente Eriko J\u00e1come destacou a import\u00e2ncia do momento e reafirmou o compromisso do Legislativo com os servidores da \u00e1rea. \u201cRecebo com muito entusiasmo esse projeto, porque sei que essa \u00e9 uma luta de anos da categoria. \u00c9 um reconhecimento merecido a quem dedica sua vida a cuidar das pessoas. N\u00f3s vamos fazer de tudo para que a tramita\u00e7\u00e3o ocorra com celeridade e para que o projeto seja aprovado ainda este ano pelos vereadores\u201d, afirmou Eriko.<\/p>\n\n\n\n<p>A secret\u00e1ria Nina Souza ressaltou que a cria\u00e7\u00e3o da Carreira SUAS \u00e9 um passo fundamental para fortalecer as pol\u00edticas p\u00fablicas de assist\u00eancia social em Natal, valorizando os profissionais e garantindo mais qualidade no atendimento \u00e0 popula\u00e7\u00e3o.<\/p>\n\n\n\n<p>O projeto seguir\u00e1 agora para an\u00e1lise das comiss\u00f5es tem\u00e1ticas e \u00e0 vota\u00e7\u00e3o em plen\u00e1rio.<\/p>\n","protected":false},"excerpt":{"rendered":"<p>O presidente da C\u00e2mara Municipal de Natal, Eriko J\u00e1come, recebeu nesta ter\u00e7a-feira (28) o projeto de lei que regulariza a Carreira SUAS dos servidores da assist\u00eancia social do munic\u00edpio. A proposta foi entregue pelo prefeito Paulinho Freire e contou com a presen\u00e7a da secret\u00e1ria municipal de Trabalho e Assist\u00eancia Social (Semtas), Nina Souza, que tamb\u00e9m [&hellip;]<\/p>\n","protected":false},"author":1,"featured_media":18352,"comment_status":"open","ping_status":"open","sticky":false,"template":"","format":"standard","meta":{"cybocfi_hide_featured_image":"","_jetpack_memberships_contains_paid_content":false,"footnotes":""},"categories":[1],"tags":[],"class_list":["post-18353","post","type-post","status-publish","format-standard","has-post-thumbnail","hentry","category-diversos"],"yoast_head":"<!-- This site is optimized with the Yoast SEO plugin v25.6 - https:\/\/yoast.com\/wordpress\/plugins\/seo\/ -->\n<title>Eriko J\u00e1come recebe de Paulinho Freire projeto que regulariza a Carreira SUAS dos servidores da assist\u00eancia social - Blog do Bispo<\/title>\n<meta name=\"robots\" content=\"index, follow, max-snippet:-1, max-image-preview:large, max-video-preview:-1\" \/>\n<link rel=\"canonical\" href=\"https:\/\/blogdobispo.com.br\/?p=18353\" \/>\n<meta property=\"og:locale\" content=\"pt_BR\" \/>\n<meta property=\"og:type\" content=\"article\" \/>\n<meta property=\"og:title\" content=\"Eriko J\u00e1come recebe de Paulinho Freire projeto que regulariza a Carreira SUAS dos servidores da assist\u00eancia social - Blog do Bispo\" \/>\n<meta property=\"og:description\" content=\"O presidente da C\u00e2mara Municipal de Natal, Eriko J\u00e1come, recebeu nesta ter\u00e7a-feira (28) o projeto de lei que regulariza a Carreira SUAS dos servidores da assist\u00eancia social do munic\u00edpio. A proposta foi entregue pelo prefeito Paulinho Freire e contou com a presen\u00e7a da secret\u00e1ria municipal de Trabalho e Assist\u00eancia Social (Semtas), Nina Souza, que tamb\u00e9m [&hellip;]\" \/>\n<meta property=\"og:url\" content=\"https:\/\/blogdobispo.com.br\/?p=18353\" \/>\n<meta property=\"og:site_name\" content=\"Blog do Bispo\" \/>\n<meta property=\"article:published_time\" content=\"2025-10-28T17:05:05+00:00\" \/>\n<meta property=\"article:modified_time\" content=\"2025-10-28T17:06:32+00:00\" \/>\n<meta property=\"og:image\" content=\"https:\/\/i0.wp.com\/blogdobispo.com.br\/wp-content\/uploads\/2025\/10\/cfcc0964-e574-4b07-91fa-6d5229c59dc4.jpg?fit=1044%2C696&ssl=1\" \/>\n\t<meta property=\"og:image:width\" content=\"1044\" \/>\n\t<meta property=\"og:image:height\" content=\"696\" \/>\n\t<meta property=\"og:image:type\" content=\"image\/jpeg\" \/>\n<meta name=\"author\" content=\"Jefferson Sterfeno\" \/>\n<meta name=\"twitter:card\" content=\"summary_large_image\" \/>\n<meta name=\"twitter:label1\" content=\"Escrito por\" \/>\n\t<meta name=\"twitter:data1\" content=\"Jefferson Sterfeno\" \/>\n\t<meta name=\"twitter:label2\" content=\"Est. tempo de leitura\" \/>\n\t<meta name=\"twitter:data2\" content=\"1 minuto\" \/>\n<script type=\"application\/ld+json\" class=\"yoast-schema-graph\">{\"@context\":\"https:\/\/schema.org\",\"@graph\":[{\"@type\":\"Article\",\"@id\":\"https:\/\/blogdobispo.com.br\/?p=18353#article\",\"isPartOf\":{\"@id\":\"https:\/\/blogdobispo.com.br\/?p=18353\"},\"author\":{\"name\":\"Jefferson Sterfeno\",\"@id\":\"https:\/\/blogdobispo.com.br\/#\/schema\/person\/e2209cc0e6cea5c5233d033e997b373f\"},\"headline\":\"Eriko J\u00e1come recebe de Paulinho Freire projeto que regulariza a Carreira SUAS dos servidores da assist\u00eancia social\",\"datePublished\":\"2025-10-28T17:05:05+00:00\",\"dateModified\":\"2025-10-28T17:06:32+00:00\",\"mainEntityOfPage\":{\"@id\":\"https:\/\/blogdobispo.com.br\/?p=18353\"},\"wordCount\":260,\"commentCount\":0,\"publisher\":{\"@id\":\"https:\/\/blogdobispo.com.br\/#organization\"},\"image\":{\"@id\":\"https:\/\/blogdobispo.com.br\/?p=18353#primaryimage\"},\"thumbnailUrl\":\"https:\/\/i0.wp.com\/blogdobispo.com.br\/wp-content\/uploads\/2025\/10\/cfcc0964-e574-4b07-91fa-6d5229c59dc4.jpg?fit=1044%2C696&ssl=1\",\"articleSection\":[\"diversos\"],\"inLanguage\":\"pt-BR\",\"potentialAction\":[{\"@type\":\"CommentAction\",\"name\":\"Comment\",\"target\":[\"https:\/\/blogdobispo.com.br\/?p=18353#respond\"]}]},{\"@type\":\"WebPage\",\"@id\":\"https:\/\/blogdobispo.com.br\/?p=18353\",\"url\":\"https:\/\/blogdobispo.com.br\/?p=18353\",\"name\":\"Eriko J\u00e1come recebe de Paulinho Freire projeto que regulariza a Carreira SUAS dos servidores da assist\u00eancia social - Blog do Bispo\",\"isPartOf\":{\"@id\":\"https:\/\/blogdobispo.com.br\/#website\"},\"primaryImageOfPage\":{\"@id\":\"https:\/\/blogdobispo.com.br\/?p=18353#primaryimage\"},\"image\":{\"@id\":\"https:\/\/blogdobispo.com.br\/?p=18353#primaryimage\"},\"thumbnailUrl\":\"https:\/\/i0.wp.com\/blogdobispo.com.br\/wp-content\/uploads\/2025\/10\/cfcc0964-e574-4b07-91fa-6d5229c59dc4.jpg?fit=1044%2C696&ssl=1\",\"datePublished\":\"2025-10-28T17:05:05+00:00\",\"dateModified\":\"2025-10-28T17:06:32+00:00\",\"breadcrumb\":{\"@id\":\"https:\/\/blogdobispo.com.br\/?p=18353#breadcrumb\"},\"inLanguage\":\"pt-BR\",\"potentialAction\":[{\"@type\":\"ReadAction\",\"target\":[\"https:\/\/blogdobispo.com.br\/?p=18353\"]}]},{\"@type\":\"ImageObject\",\"inLanguage\":\"pt-BR\",\"@id\":\"https:\/\/blogdobispo.com.br\/?p=18353#primaryimage\",\"url\":\"https:\/\/i0.wp.com\/blogdobispo.com.br\/wp-content\/uploads\/2025\/10\/cfcc0964-e574-4b07-91fa-6d5229c59dc4.jpg?fit=1044%2C696&ssl=1\",\"contentUrl\":\"https:\/\/i0.wp.com\/blogdobispo.com.br\/wp-content\/uploads\/2025\/10\/cfcc0964-e574-4b07-91fa-6d5229c59dc4.jpg?fit=1044%2C696&ssl=1\",\"width\":1044,\"height\":696},{\"@type\":\"BreadcrumbList\",\"@id\":\"https:\/\/blogdobispo.com.br\/?p=18353#breadcrumb\",\"itemListElement\":[{\"@type\":\"ListItem\",\"position\":1,\"name\":\"In\u00edcio\",\"item\":\"https:\/\/blogdobispo.com.br\/\"},{\"@type\":\"ListItem\",\"position\":2,\"name\":\"Eriko J\u00e1come recebe de Paulinho Freire projeto que regulariza a Carreira SUAS dos servidores da assist\u00eancia social\"}]},{\"@type\":\"WebSite\",\"@id\":\"https:\/\/blogdobispo.com.br\/#website\",\"url\":\"https:\/\/blogdobispo.com.br\/\",\"name\":\"Blog do Bispo\",\"description\":\"Comprometido apenas com o leitor\",\"publisher\":{\"@id\":\"https:\/\/blogdobispo.com.br\/#organization\"},\"potentialAction\":[{\"@type\":\"SearchAction\",\"target\":{\"@type\":\"EntryPoint\",\"urlTemplate\":\"https:\/\/blogdobispo.com.br\/?s={search_term_string}\"},\"query-input\":{\"@type\":\"PropertyValueSpecification\",\"valueRequired\":true,\"valueName\":\"search_term_string\"}}],\"inLanguage\":\"pt-BR\"},{\"@type\":\"Organization\",\"@id\":\"https:\/\/blogdobispo.com.br\/#organization\",\"name\":\"Blog do Bispo\",\"url\":\"https:\/\/blogdobispo.com.br\/\",\"logo\":{\"@type\":\"ImageObject\",\"inLanguage\":\"pt-BR\",\"@id\":\"https:\/\/blogdobispo.com.br\/#\/schema\/logo\/image\/\",\"url\":\"http:\/\/blogdobispo.com.br\/wp-content\/uploads\/2023\/05\/cropped-headear.png\",\"contentUrl\":\"http:\/\/blogdobispo.com.br\/wp-content\/uploads\/2023\/05\/cropped-headear.png\",\"width\":1500,\"height\":399,\"caption\":\"Blog do Bispo\"},\"image\":{\"@id\":\"https:\/\/blogdobispo.com.br\/#\/schema\/logo\/image\/\"}},{\"@type\":\"Person\",\"@id\":\"https:\/\/blogdobispo.com.br\/#\/schema\/person\/e2209cc0e6cea5c5233d033e997b373f\",\"name\":\"Jefferson Sterfeno\",\"image\":{\"@type\":\"ImageObject\",\"inLanguage\":\"pt-BR\",\"@id\":\"https:\/\/blogdobispo.com.br\/#\/schema\/person\/image\/\",\"url\":\"https:\/\/secure.gravatar.com\/avatar\/0534e84764641168a677026b6d57a3f51dc7ac4db0b4f6186d9cb330d4ee1160?s=96&d=mm&r=g\",\"contentUrl\":\"https:\/\/secure.gravatar.com\/avatar\/0534e84764641168a677026b6d57a3f51dc7ac4db0b4f6186d9cb330d4ee1160?s=96&d=mm&r=g\",\"caption\":\"Jefferson Sterfeno\"},\"sameAs\":[\"http:\/\/blogdobispo.com.br\"],\"url\":\"https:\/\/blogdobispo.com.br\/?author=1\"}]}<\/script>\n<!-- \/ Yoast SEO plugin. -->","yoast_head_json":{"title":"Eriko J\u00e1come recebe de Paulinho Freire projeto que regulariza a Carreira SUAS dos servidores da assist\u00eancia social - Blog do Bispo","robots":{"index":"index","follow":"follow","max-snippet":"max-snippet:-1","max-image-preview":"max-image-preview:large","max-video-preview":"max-video-preview:-1"},"canonical":"https:\/\/blogdobispo.com.br\/?p=18353","og_locale":"pt_BR","og_type":"article","og_title":"Eriko J\u00e1come recebe de Paulinho Freire projeto que regulariza a Carreira SUAS dos servidores da assist\u00eancia social - Blog do Bispo","og_description":"O presidente da C\u00e2mara Municipal de Natal, Eriko J\u00e1come, recebeu nesta ter\u00e7a-feira (28) o projeto de lei que regulariza a Carreira SUAS dos servidores da assist\u00eancia social do munic\u00edpio. A proposta foi entregue pelo prefeito Paulinho Freire e contou com a presen\u00e7a da secret\u00e1ria municipal de Trabalho e Assist\u00eancia Social (Semtas), Nina Souza, que tamb\u00e9m [&hellip;]","og_url":"https:\/\/blogdobispo.com.br\/?p=18353","og_site_name":"Blog do Bispo","article_published_time":"2025-10-28T17:05:05+00:00","article_modified_time":"2025-10-28T17:06:32+00:00","og_image":[{"width":1044,"height":696,"url":"https:\/\/i0.wp.com\/blogdobispo.com.br\/wp-content\/uploads\/2025\/10\/cfcc0964-e574-4b07-91fa-6d5229c59dc4.jpg?fit=1044%2C696&ssl=1","type":"image\/jpeg"}],"author":"Jefferson Sterfeno","twitter_card":"summary_large_image","twitter_misc":{"Escrito por":"Jefferson Sterfeno","Est. tempo de leitura":"1 minuto"},"schema":{"@context":"https:\/\/schema.org","@graph":[{"@type":"Article","@id":"https:\/\/blogdobispo.com.br\/?p=18353#article","isPartOf":{"@id":"https:\/\/blogdobispo.com.br\/?p=18353"},"author":{"name":"Jefferson Sterfeno","@id":"https:\/\/blogdobispo.com.br\/#\/schema\/person\/e2209cc0e6cea5c5233d033e997b373f"},"headline":"Eriko J\u00e1come recebe de Paulinho Freire projeto que regulariza a Carreira SUAS dos servidores da assist\u00eancia social","datePublished":"2025-10-28T17:05:05+00:00","dateModified":"2025-10-28T17:06:32+00:00","mainEntityOfPage":{"@id":"https:\/\/blogdobispo.com.br\/?p=18353"},"wordCount":260,"commentCount":0,"publisher":{"@id":"https:\/\/blogdobispo.com.br\/#organization"},"image":{"@id":"https:\/\/blogdobispo.com.br\/?p=18353#primaryimage"},"thumbnailUrl":"https:\/\/i0.wp.com\/blogdobispo.com.br\/wp-content\/uploads\/2025\/10\/cfcc0964-e574-4b07-91fa-6d5229c59dc4.jpg?fit=1044%2C696&ssl=1","articleSection":["diversos"],"inLanguage":"pt-BR","potentialAction":[{"@type":"CommentAction","name":"Comment","target":["https:\/\/blogdobispo.com.br\/?p=18353#respond"]}]},{"@type":"WebPage","@id":"https:\/\/blogdobispo.com.br\/?p=18353","url":"https:\/\/blogdobispo.com.br\/?p=18353","name":"Eriko J\u00e1come recebe de Paulinho Freire projeto que regulariza a Carreira SUAS dos servidores da assist\u00eancia social - Blog do Bispo","isPartOf":{"@id":"https:\/\/blogdobispo.com.br\/#website"},"primaryImageOfPage":{"@id":"https:\/\/blogdobispo.com.br\/?p=18353#primaryimage"},"image":{"@id":"https:\/\/blogdobispo.com.br\/?p=18353#primaryimage"},"thumbnailUrl":"https:\/\/i0.wp.com\/blogdobispo.com.br\/wp-content\/uploads\/2025\/10\/cfcc0964-e574-4b07-91fa-6d5229c59dc4.jpg?fit=1044%2C696&ssl=1","datePublished":"2025-10-28T17:05:05+00:00","dateModified":"2025-10-28T17:06:32+00:00","breadcrumb":{"@id":"https:\/\/blogdobispo.com.br\/?p=18353#breadcrumb"},"inLanguage":"pt-BR","potentialAction":[{"@type":"ReadAction","target":["https:\/\/blogdobispo.com.br\/?p=18353"]}]},{"@type":"ImageObject","inLanguage":"pt-BR","@id":"https:\/\/blogdobispo.com.br\/?p=18353#primaryimage","url":"https:\/\/i0.wp.com\/blogdobispo.com.br\/wp-content\/uploads\/2025\/10\/cfcc0964-e574-4b07-91fa-6d5229c59dc4.jpg?fit=1044%2C696&ssl=1","contentUrl":"https:\/\/i0.wp.com\/blogdobispo.com.br\/wp-content\/uploads\/2025\/10\/cfcc0964-e574-4b07-91fa-6d5229c59dc4.jpg?fit=1044%2C696&ssl=1","width":1044,"height":696},{"@type":"BreadcrumbList","@id":"https:\/\/blogdobispo.com.br\/?p=18353#breadcrumb","itemListElement":[{"@type":"ListItem","position":1,"name":"In\u00edcio","item":"https:\/\/blogdobispo.com.br\/"},{"@type":"ListItem","position":2,"name":"Eriko J\u00e1come recebe de Paulinho Freire projeto que regulariza a Carreira SUAS dos servidores da assist\u00eancia social"}]},{"@type":"WebSite","@id":"https:\/\/blogdobispo.com.br\/#website","url":"https:\/\/blogdobispo.com.br\/","name":"Blog do Bispo","description":"Comprometido apenas com o leitor","publisher":{"@id":"https:\/\/blogdobispo.com.br\/#organization"},"potentialAction":[{"@type":"SearchAction","target":{"@type":"EntryPoint","urlTemplate":"https:\/\/blogdobispo.com.br\/?s={search_term_string}"},"query-input":{"@type":"PropertyValueSpecification","valueRequired":true,"valueName":"search_term_string"}}],"inLanguage":"pt-BR"},{"@type":"Organization","@id":"https:\/\/blogdobispo.com.br\/#organization","name":"Blog do Bispo","url":"https:\/\/blogdobispo.com.br\/","logo":{"@type":"ImageObject","inLanguage":"pt-BR","@id":"https:\/\/blogdobispo.com.br\/#\/schema\/logo\/image\/","url":"http:\/\/blogdobispo.com.br\/wp-content\/uploads\/2023\/05\/cropped-headear.png","contentUrl":"http:\/\/blogdobispo.com.br\/wp-content\/uploads\/2023\/05\/cropped-headear.png","width":1500,"height":399,"caption":"Blog do Bispo"},"image":{"@id":"https:\/\/blogdobispo.com.br\/#\/schema\/logo\/image\/"}},{"@type":"Person","@id":"https:\/\/blogdobispo.com.br\/#\/schema\/person\/e2209cc0e6cea5c5233d033e997b373f","name":"Jefferson Sterfeno","image":{"@type":"ImageObject","inLanguage":"pt-BR","@id":"https:\/\/blogdobispo.com.br\/#\/schema\/person\/image\/","url":"https:\/\/secure.gravatar.com\/avatar\/0534e84764641168a677026b6d57a3f51dc7ac4db0b4f6186d9cb330d4ee1160?s=96&d=mm&r=g","contentUrl":"https:\/\/secure.gravatar.com\/avatar\/0534e84764641168a677026b6d57a3f51dc7ac4db0b4f6186d9cb330d4ee1160?s=96&d=mm&r=g","caption":"Jefferson Sterfeno"},"sameAs":["http:\/\/blogdobispo.com.br"],"url":"https:\/\/blogdobispo.com.br\/?author=1"}]}},"featured_image_urls":{"full":["https:\/\/i0.wp.com\/blogdobispo.com.br\/wp-content\/uploads\/2025\/10\/cfcc0964-e574-4b07-91fa-6d5229c59dc4.jpg?fit=1044%2C696&ssl=1",1044,696,false],"thumbnail":["https:\/\/i0.wp.com\/blogdobispo.com.br\/wp-content\/uploads\/2025\/10\/cfcc0964-e574-4b07-91fa-6d5229c59dc4.jpg?resize=150%2C150&ssl=1",150,150,true],"medium":["https:\/\/i0.wp.com\/blogdobispo.com.br\/wp-content\/uploads\/2025\/10\/cfcc0964-e574-4b07-91fa-6d5229c59dc4.jpg?fit=300%2C200&ssl=1",300,200,true],"medium_large":["https:\/\/i0.wp.com\/blogdobispo.com.br\/wp-content\/uploads\/2025\/10\/cfcc0964-e574-4b07-91fa-6d5229c59dc4.jpg?fit=768%2C512&ssl=1",768,512,true],"large":["https:\/\/i0.wp.com\/blogdobispo.com.br\/wp-content\/uploads\/2025\/10\/cfcc0964-e574-4b07-91fa-6d5229c59dc4.jpg?fit=800%2C534&ssl=1",800,534,true],"1536x1536":["https:\/\/i0.wp.com\/blogdobispo.com.br\/wp-content\/uploads\/2025\/10\/cfcc0964-e574-4b07-91fa-6d5229c59dc4.jpg?fit=1044%2C696&ssl=1",1044,696,true],"2048x2048":["https:\/\/i0.wp.com\/blogdobispo.com.br\/wp-content\/uploads\/2025\/10\/cfcc0964-e574-4b07-91fa-6d5229c59dc4.jpg?fit=1044%2C696&ssl=1",1044,696,true]},"author_info":{"display_name":"Jefferson Sterfeno","author_link":"https:\/\/blogdobispo.com.br\/?author=1"},"category_info":"<a href=\"https:\/\/blogdobispo.com.br\/?cat=1\" rel=\"category\">diversos<\/a>","tag_info":"diversos","comment_count":"0","jetpack_featured_media_url":"https:\/\/i0.wp.com\/blogdobispo.com.br\/wp-content\/uploads\/2025\/10\/cfcc0964-e574-4b07-91fa-6d5229c59dc4.jpg?fit=1044%2C696&ssl=1","jetpack_sharing_enabled":true,"_links":{"self":[{"href":"https:\/\/blogdobispo.com.br\/index.php?rest_route=\/wp\/v2\/posts\/18353","targetHints":{"allow":["GET"]}}],"collection":[{"href":"https:\/\/blogdobispo.com.br\/index.php?rest_route=\/wp\/v2\/posts"}],"about":[{"href":"https:\/\/blogdobispo.com.br\/index.php?rest_route=\/wp\/v2\/types\/post"}],"author":[{"embeddable":true,"href":"https:\/\/blogdobispo.com.br\/index.php?rest_route=\/wp\/v2\/users\/1"}],"replies":[{"embeddable":true,"href":"https:\/\/blogdobispo.com.br\/index.php?rest_route=%2Fwp%2Fv2%2Fcomments&post=18353"}],"version-history":[{"count":1,"href":"https:\/\/blogdobispo.com.br\/index.php?rest_route=\/wp\/v2\/posts\/18353\/revisions"}],"predecessor-version":[{"id":18355,"href":"https:\/\/blogdobispo.com.br\/index.php?rest_route=\/wp\/v2\/posts\/18353\/revisions\/18355"}],"wp:featuredmedia":[{"embeddable":true,"href":"https:\/\/blogdobispo.com.br\/index.php?rest_route=\/wp\/v2\/media\/18352"}],"wp:attachment":[{"href":"https:\/\/blogdobispo.com.br\/index.php?rest_route=%2Fwp%2Fv2%2Fmedia&parent=18353"}],"wp:term":[{"taxonomy":"category","embeddable":true,"href":"https:\/\/blogdobispo.com.br\/index.php?rest_route=%2Fwp%2Fv2%2Fcategories&post=18353"},{"taxonomy":"post_tag","embeddable":true,"href":"https:\/\/blogdobispo.com.br\/index.php?rest_route=%2Fwp%2Fv2%2Ftags&post=18353"}],"curies":[{"name":"wp","href":"https:\/\/api.w.org\/{rel}","templated":true}]}}