{"id":18342,"date":"2025-10-27T20:59:17","date_gmt":"2025-10-27T20:59:17","guid":{"rendered":"https:\/\/blogdobispo.com.br\/?p=18342"},"modified":"2025-11-25T18:35:13","modified_gmt":"2025-11-25T18:35:13","slug":"camara-municipal-de-natal-entrega-comenda-amigo-da-pessoa-idosa","status":"publish","type":"post","link":"https:\/\/blogdobispo.com.br\/?p=18342","title":{"rendered":"Nelter Queiroz homenageia atleta potiguar na Sele\u00e7\u00e3o Brasileira de Gin\u00e1stica R\u00edtmica"},"content":{"rendered":"<p>O deputado Nelter Queiroz (PSDB) homenageou, nesta ter\u00e7a-feira (28), a jovem J\u00falia Di\u00f3genes, de Ass\u00fa, convocada para a Sele\u00e7\u00e3o Brasileira de Gin\u00e1stica R\u00edtmica, que representar\u00e1 o Pa\u00eds no Campeonato Sul-Americano, na Argentina.<\/p>\n<p>O parlamentar destacou o orgulho em ver uma potiguar alcan\u00e7ar reconhecimento nacional e internacional em uma modalidade t\u00e3o exigente. \u201cJ\u00falia tem levado o nome do Rio Grande do Norte aos mais altos patamares da gin\u00e1stica r\u00edtmica nacional e internacional. Seu feito n\u00e3o \u00e9 apenas pessoal, \u00e9 um marco para o esporte potiguar\u201d, afirmou.<\/p>\n<p>Ao encerrar seu pronunciamento, o deputado parabenizou J\u00falia, seus pais e treinadores, refor\u00e7ando a import\u00e2ncia de seu exemplo para as novas gera\u00e7\u00f5es. \u201cQue o exemplo de J\u00falia inspire outras crian\u00e7as e jovens a acreditarem em seus sonhos e a lutarem por eles\u201d, disse.<img data-recalc-dims=\"1\" fetchpriority=\"high\" decoding=\"async\" class=\"alignnone size-medium wp-image-18625\" src=\"https:\/\/i0.wp.com\/blogdobispo.com.br\/wp-content\/uploads\/2025\/10\/PfcoDaocpRXwWex8z0FEIIJJbDu2NnYPGV5I5x43.jpg?resize=300%2C200\" alt=\"\" width=\"300\" height=\"200\" srcset=\"https:\/\/i0.wp.com\/blogdobispo.com.br\/wp-content\/uploads\/2025\/10\/PfcoDaocpRXwWex8z0FEIIJJbDu2NnYPGV5I5x43.jpg?resize=300%2C200&amp;ssl=1 300w, https:\/\/i0.wp.com\/blogdobispo.com.br\/wp-content\/uploads\/2025\/10\/PfcoDaocpRXwWex8z0FEIIJJbDu2NnYPGV5I5x43.jpg?resize=1024%2C683&amp;ssl=1 1024w, https:\/\/i0.wp.com\/blogdobispo.com.br\/wp-content\/uploads\/2025\/10\/PfcoDaocpRXwWex8z0FEIIJJbDu2NnYPGV5I5x43.jpg?resize=768%2C512&amp;ssl=1 768w, https:\/\/i0.wp.com\/blogdobispo.com.br\/wp-content\/uploads\/2025\/10\/PfcoDaocpRXwWex8z0FEIIJJbDu2NnYPGV5I5x43.jpg?resize=1536%2C1024&amp;ssl=1 1536w, https:\/\/i0.wp.com\/blogdobispo.com.br\/wp-content\/uploads\/2025\/10\/PfcoDaocpRXwWex8z0FEIIJJbDu2NnYPGV5I5x43.jpg?w=1620&amp;ssl=1 1620w\" sizes=\"(max-width: 300px) 100vw, 300px\" \/><\/p>\n","protected":false},"excerpt":{"rendered":"<p>O deputado Nelter Queiroz (PSDB) homenageou, nesta ter\u00e7a-feira (28), a jovem J\u00falia Di\u00f3genes, de Ass\u00fa, convocada para a Sele\u00e7\u00e3o Brasileira de Gin\u00e1stica R\u00edtmica, que representar\u00e1 o Pa\u00eds no Campeonato Sul-Americano, na Argentina. O parlamentar destacou o orgulho em ver uma potiguar alcan\u00e7ar reconhecimento nacional e internacional em uma modalidade t\u00e3o exigente. \u201cJ\u00falia tem levado o [&hellip;]<\/p>\n","protected":false},"author":1,"featured_media":18343,"comment_status":"open","ping_status":"open","sticky":false,"template":"","format":"standard","meta":{"cybocfi_hide_featured_image":"","_jetpack_memberships_contains_paid_content":false,"footnotes":""},"categories":[1],"tags":[],"class_list":["post-18342","post","type-post","status-publish","format-standard","has-post-thumbnail","hentry","category-diversos"],"yoast_head":"<!-- This site is optimized with the Yoast SEO plugin v25.6 - https:\/\/yoast.com\/wordpress\/plugins\/seo\/ -->\n<title>Nelter Queiroz homenageia atleta potiguar na Sele\u00e7\u00e3o Brasileira de Gin\u00e1stica R\u00edtmica - Blog do Bispo<\/title>\n<meta name=\"robots\" content=\"index, follow, max-snippet:-1, max-image-preview:large, max-video-preview:-1\" \/>\n<link rel=\"canonical\" href=\"https:\/\/blogdobispo.com.br\/?p=18342\" \/>\n<meta property=\"og:locale\" content=\"pt_BR\" \/>\n<meta property=\"og:type\" content=\"article\" \/>\n<meta property=\"og:title\" content=\"Nelter Queiroz homenageia atleta potiguar na Sele\u00e7\u00e3o Brasileira de Gin\u00e1stica R\u00edtmica - Blog do Bispo\" \/>\n<meta property=\"og:description\" content=\"O deputado Nelter Queiroz (PSDB) homenageou, nesta ter\u00e7a-feira (28), a jovem J\u00falia Di\u00f3genes, de Ass\u00fa, convocada para a Sele\u00e7\u00e3o Brasileira de Gin\u00e1stica R\u00edtmica, que representar\u00e1 o Pa\u00eds no Campeonato Sul-Americano, na Argentina. O parlamentar destacou o orgulho em ver uma potiguar alcan\u00e7ar reconhecimento nacional e internacional em uma modalidade t\u00e3o exigente. \u201cJ\u00falia tem levado o [&hellip;]\" \/>\n<meta property=\"og:url\" content=\"https:\/\/blogdobispo.com.br\/?p=18342\" \/>\n<meta property=\"og:site_name\" content=\"Blog do Bispo\" \/>\n<meta property=\"article:published_time\" content=\"2025-10-27T20:59:17+00:00\" \/>\n<meta property=\"article:modified_time\" content=\"2025-11-25T18:35:13+00:00\" \/>\n<meta property=\"og:image\" content=\"http:\/\/blogdobispo.com.br\/wp-content\/uploads\/2025\/10\/714c8c2e3414e4fa0f5a00663afb415e.jpg\" \/>\n\t<meta property=\"og:image:width\" content=\"1600\" \/>\n\t<meta property=\"og:image:height\" content=\"1130\" \/>\n\t<meta property=\"og:image:type\" content=\"image\/jpeg\" \/>\n<meta name=\"author\" content=\"Jefferson Sterfeno\" \/>\n<meta name=\"twitter:card\" content=\"summary_large_image\" \/>\n<meta name=\"twitter:label1\" content=\"Escrito por\" \/>\n\t<meta name=\"twitter:data1\" content=\"Jefferson Sterfeno\" \/>\n\t<meta name=\"twitter:label2\" content=\"Est. tempo de leitura\" \/>\n\t<meta name=\"twitter:data2\" content=\"1 minuto\" \/>\n<script type=\"application\/ld+json\" class=\"yoast-schema-graph\">{\"@context\":\"https:\/\/schema.org\",\"@graph\":[{\"@type\":\"Article\",\"@id\":\"https:\/\/blogdobispo.com.br\/?p=18342#article\",\"isPartOf\":{\"@id\":\"https:\/\/blogdobispo.com.br\/?p=18342\"},\"author\":{\"name\":\"Jefferson Sterfeno\",\"@id\":\"https:\/\/blogdobispo.com.br\/#\/schema\/person\/e2209cc0e6cea5c5233d033e997b373f\"},\"headline\":\"Nelter Queiroz homenageia atleta potiguar na Sele\u00e7\u00e3o Brasileira de Gin\u00e1stica R\u00edtmica\",\"datePublished\":\"2025-10-27T20:59:17+00:00\",\"dateModified\":\"2025-11-25T18:35:13+00:00\",\"mainEntityOfPage\":{\"@id\":\"https:\/\/blogdobispo.com.br\/?p=18342\"},\"wordCount\":158,\"commentCount\":0,\"publisher\":{\"@id\":\"https:\/\/blogdobispo.com.br\/#organization\"},\"image\":{\"@id\":\"https:\/\/blogdobispo.com.br\/?p=18342#primaryimage\"},\"thumbnailUrl\":\"https:\/\/i0.wp.com\/blogdobispo.com.br\/wp-content\/uploads\/2025\/10\/714c8c2e3414e4fa0f5a00663afb415e.jpg?fit=1600%2C1130&ssl=1\",\"articleSection\":[\"diversos\"],\"inLanguage\":\"pt-BR\",\"potentialAction\":[{\"@type\":\"CommentAction\",\"name\":\"Comment\",\"target\":[\"https:\/\/blogdobispo.com.br\/?p=18342#respond\"]}]},{\"@type\":\"WebPage\",\"@id\":\"https:\/\/blogdobispo.com.br\/?p=18342\",\"url\":\"https:\/\/blogdobispo.com.br\/?p=18342\",\"name\":\"Nelter Queiroz homenageia atleta potiguar na Sele\u00e7\u00e3o Brasileira de Gin\u00e1stica R\u00edtmica - Blog do Bispo\",\"isPartOf\":{\"@id\":\"https:\/\/blogdobispo.com.br\/#website\"},\"primaryImageOfPage\":{\"@id\":\"https:\/\/blogdobispo.com.br\/?p=18342#primaryimage\"},\"image\":{\"@id\":\"https:\/\/blogdobispo.com.br\/?p=18342#primaryimage\"},\"thumbnailUrl\":\"https:\/\/i0.wp.com\/blogdobispo.com.br\/wp-content\/uploads\/2025\/10\/714c8c2e3414e4fa0f5a00663afb415e.jpg?fit=1600%2C1130&ssl=1\",\"datePublished\":\"2025-10-27T20:59:17+00:00\",\"dateModified\":\"2025-11-25T18:35:13+00:00\",\"breadcrumb\":{\"@id\":\"https:\/\/blogdobispo.com.br\/?p=18342#breadcrumb\"},\"inLanguage\":\"pt-BR\",\"potentialAction\":[{\"@type\":\"ReadAction\",\"target\":[\"https:\/\/blogdobispo.com.br\/?p=18342\"]}]},{\"@type\":\"ImageObject\",\"inLanguage\":\"pt-BR\",\"@id\":\"https:\/\/blogdobispo.com.br\/?p=18342#primaryimage\",\"url\":\"https:\/\/i0.wp.com\/blogdobispo.com.br\/wp-content\/uploads\/2025\/10\/714c8c2e3414e4fa0f5a00663afb415e.jpg?fit=1600%2C1130&ssl=1\",\"contentUrl\":\"https:\/\/i0.wp.com\/blogdobispo.com.br\/wp-content\/uploads\/2025\/10\/714c8c2e3414e4fa0f5a00663afb415e.jpg?fit=1600%2C1130&ssl=1\",\"width\":1600,\"height\":1130},{\"@type\":\"BreadcrumbList\",\"@id\":\"https:\/\/blogdobispo.com.br\/?p=18342#breadcrumb\",\"itemListElement\":[{\"@type\":\"ListItem\",\"position\":1,\"name\":\"In\u00edcio\",\"item\":\"https:\/\/blogdobispo.com.br\/\"},{\"@type\":\"ListItem\",\"position\":2,\"name\":\"Nelter Queiroz homenageia atleta potiguar na Sele\u00e7\u00e3o Brasileira de Gin\u00e1stica R\u00edtmica\"}]},{\"@type\":\"WebSite\",\"@id\":\"https:\/\/blogdobispo.com.br\/#website\",\"url\":\"https:\/\/blogdobispo.com.br\/\",\"name\":\"Blog do Bispo\",\"description\":\"Comprometido apenas com o leitor\",\"publisher\":{\"@id\":\"https:\/\/blogdobispo.com.br\/#organization\"},\"potentialAction\":[{\"@type\":\"SearchAction\",\"target\":{\"@type\":\"EntryPoint\",\"urlTemplate\":\"https:\/\/blogdobispo.com.br\/?s={search_term_string}\"},\"query-input\":{\"@type\":\"PropertyValueSpecification\",\"valueRequired\":true,\"valueName\":\"search_term_string\"}}],\"inLanguage\":\"pt-BR\"},{\"@type\":\"Organization\",\"@id\":\"https:\/\/blogdobispo.com.br\/#organization\",\"name\":\"Blog do Bispo\",\"url\":\"https:\/\/blogdobispo.com.br\/\",\"logo\":{\"@type\":\"ImageObject\",\"inLanguage\":\"pt-BR\",\"@id\":\"https:\/\/blogdobispo.com.br\/#\/schema\/logo\/image\/\",\"url\":\"http:\/\/blogdobispo.com.br\/wp-content\/uploads\/2023\/05\/cropped-headear.png\",\"contentUrl\":\"http:\/\/blogdobispo.com.br\/wp-content\/uploads\/2023\/05\/cropped-headear.png\",\"width\":1500,\"height\":399,\"caption\":\"Blog do Bispo\"},\"image\":{\"@id\":\"https:\/\/blogdobispo.com.br\/#\/schema\/logo\/image\/\"}},{\"@type\":\"Person\",\"@id\":\"https:\/\/blogdobispo.com.br\/#\/schema\/person\/e2209cc0e6cea5c5233d033e997b373f\",\"name\":\"Jefferson Sterfeno\",\"image\":{\"@type\":\"ImageObject\",\"inLanguage\":\"pt-BR\",\"@id\":\"https:\/\/blogdobispo.com.br\/#\/schema\/person\/image\/\",\"url\":\"https:\/\/secure.gravatar.com\/avatar\/0534e84764641168a677026b6d57a3f51dc7ac4db0b4f6186d9cb330d4ee1160?s=96&d=mm&r=g\",\"contentUrl\":\"https:\/\/secure.gravatar.com\/avatar\/0534e84764641168a677026b6d57a3f51dc7ac4db0b4f6186d9cb330d4ee1160?s=96&d=mm&r=g\",\"caption\":\"Jefferson Sterfeno\"},\"sameAs\":[\"http:\/\/blogdobispo.com.br\"],\"url\":\"https:\/\/blogdobispo.com.br\/?author=1\"}]}<\/script>\n<!-- \/ Yoast SEO plugin. -->","yoast_head_json":{"title":"Nelter Queiroz homenageia atleta potiguar na Sele\u00e7\u00e3o Brasileira de Gin\u00e1stica R\u00edtmica - Blog do Bispo","robots":{"index":"index","follow":"follow","max-snippet":"max-snippet:-1","max-image-preview":"max-image-preview:large","max-video-preview":"max-video-preview:-1"},"canonical":"https:\/\/blogdobispo.com.br\/?p=18342","og_locale":"pt_BR","og_type":"article","og_title":"Nelter Queiroz homenageia atleta potiguar na Sele\u00e7\u00e3o Brasileira de Gin\u00e1stica R\u00edtmica - Blog do Bispo","og_description":"O deputado Nelter Queiroz (PSDB) homenageou, nesta ter\u00e7a-feira (28), a jovem J\u00falia Di\u00f3genes, de Ass\u00fa, convocada para a Sele\u00e7\u00e3o Brasileira de Gin\u00e1stica R\u00edtmica, que representar\u00e1 o Pa\u00eds no Campeonato Sul-Americano, na Argentina. O parlamentar destacou o orgulho em ver uma potiguar alcan\u00e7ar reconhecimento nacional e internacional em uma modalidade t\u00e3o exigente. \u201cJ\u00falia tem levado o [&hellip;]","og_url":"https:\/\/blogdobispo.com.br\/?p=18342","og_site_name":"Blog do Bispo","article_published_time":"2025-10-27T20:59:17+00:00","article_modified_time":"2025-11-25T18:35:13+00:00","og_image":[{"width":1600,"height":1130,"url":"http:\/\/blogdobispo.com.br\/wp-content\/uploads\/2025\/10\/714c8c2e3414e4fa0f5a00663afb415e.jpg","type":"image\/jpeg"}],"author":"Jefferson Sterfeno","twitter_card":"summary_large_image","twitter_misc":{"Escrito por":"Jefferson Sterfeno","Est. tempo de leitura":"1 minuto"},"schema":{"@context":"https:\/\/schema.org","@graph":[{"@type":"Article","@id":"https:\/\/blogdobispo.com.br\/?p=18342#article","isPartOf":{"@id":"https:\/\/blogdobispo.com.br\/?p=18342"},"author":{"name":"Jefferson Sterfeno","@id":"https:\/\/blogdobispo.com.br\/#\/schema\/person\/e2209cc0e6cea5c5233d033e997b373f"},"headline":"Nelter Queiroz homenageia atleta potiguar na Sele\u00e7\u00e3o Brasileira de Gin\u00e1stica R\u00edtmica","datePublished":"2025-10-27T20:59:17+00:00","dateModified":"2025-11-25T18:35:13+00:00","mainEntityOfPage":{"@id":"https:\/\/blogdobispo.com.br\/?p=18342"},"wordCount":158,"commentCount":0,"publisher":{"@id":"https:\/\/blogdobispo.com.br\/#organization"},"image":{"@id":"https:\/\/blogdobispo.com.br\/?p=18342#primaryimage"},"thumbnailUrl":"https:\/\/i0.wp.com\/blogdobispo.com.br\/wp-content\/uploads\/2025\/10\/714c8c2e3414e4fa0f5a00663afb415e.jpg?fit=1600%2C1130&ssl=1","articleSection":["diversos"],"inLanguage":"pt-BR","potentialAction":[{"@type":"CommentAction","name":"Comment","target":["https:\/\/blogdobispo.com.br\/?p=18342#respond"]}]},{"@type":"WebPage","@id":"https:\/\/blogdobispo.com.br\/?p=18342","url":"https:\/\/blogdobispo.com.br\/?p=18342","name":"Nelter Queiroz homenageia atleta potiguar na Sele\u00e7\u00e3o Brasileira de Gin\u00e1stica R\u00edtmica - Blog do Bispo","isPartOf":{"@id":"https:\/\/blogdobispo.com.br\/#website"},"primaryImageOfPage":{"@id":"https:\/\/blogdobispo.com.br\/?p=18342#primaryimage"},"image":{"@id":"https:\/\/blogdobispo.com.br\/?p=18342#primaryimage"},"thumbnailUrl":"https:\/\/i0.wp.com\/blogdobispo.com.br\/wp-content\/uploads\/2025\/10\/714c8c2e3414e4fa0f5a00663afb415e.jpg?fit=1600%2C1130&ssl=1","datePublished":"2025-10-27T20:59:17+00:00","dateModified":"2025-11-25T18:35:13+00:00","breadcrumb":{"@id":"https:\/\/blogdobispo.com.br\/?p=18342#breadcrumb"},"inLanguage":"pt-BR","potentialAction":[{"@type":"ReadAction","target":["https:\/\/blogdobispo.com.br\/?p=18342"]}]},{"@type":"ImageObject","inLanguage":"pt-BR","@id":"https:\/\/blogdobispo.com.br\/?p=18342#primaryimage","url":"https:\/\/i0.wp.com\/blogdobispo.com.br\/wp-content\/uploads\/2025\/10\/714c8c2e3414e4fa0f5a00663afb415e.jpg?fit=1600%2C1130&ssl=1","contentUrl":"https:\/\/i0.wp.com\/blogdobispo.com.br\/wp-content\/uploads\/2025\/10\/714c8c2e3414e4fa0f5a00663afb415e.jpg?fit=1600%2C1130&ssl=1","width":1600,"height":1130},{"@type":"BreadcrumbList","@id":"https:\/\/blogdobispo.com.br\/?p=18342#breadcrumb","itemListElement":[{"@type":"ListItem","position":1,"name":"In\u00edcio","item":"https:\/\/blogdobispo.com.br\/"},{"@type":"ListItem","position":2,"name":"Nelter Queiroz homenageia atleta potiguar na Sele\u00e7\u00e3o Brasileira de Gin\u00e1stica R\u00edtmica"}]},{"@type":"WebSite","@id":"https:\/\/blogdobispo.com.br\/#website","url":"https:\/\/blogdobispo.com.br\/","name":"Blog do Bispo","description":"Comprometido apenas com o leitor","publisher":{"@id":"https:\/\/blogdobispo.com.br\/#organization"},"potentialAction":[{"@type":"SearchAction","target":{"@type":"EntryPoint","urlTemplate":"https:\/\/blogdobispo.com.br\/?s={search_term_string}"},"query-input":{"@type":"PropertyValueSpecification","valueRequired":true,"valueName":"search_term_string"}}],"inLanguage":"pt-BR"},{"@type":"Organization","@id":"https:\/\/blogdobispo.com.br\/#organization","name":"Blog do Bispo","url":"https:\/\/blogdobispo.com.br\/","logo":{"@type":"ImageObject","inLanguage":"pt-BR","@id":"https:\/\/blogdobispo.com.br\/#\/schema\/logo\/image\/","url":"http:\/\/blogdobispo.com.br\/wp-content\/uploads\/2023\/05\/cropped-headear.png","contentUrl":"http:\/\/blogdobispo.com.br\/wp-content\/uploads\/2023\/05\/cropped-headear.png","width":1500,"height":399,"caption":"Blog do Bispo"},"image":{"@id":"https:\/\/blogdobispo.com.br\/#\/schema\/logo\/image\/"}},{"@type":"Person","@id":"https:\/\/blogdobispo.com.br\/#\/schema\/person\/e2209cc0e6cea5c5233d033e997b373f","name":"Jefferson Sterfeno","image":{"@type":"ImageObject","inLanguage":"pt-BR","@id":"https:\/\/blogdobispo.com.br\/#\/schema\/person\/image\/","url":"https:\/\/secure.gravatar.com\/avatar\/0534e84764641168a677026b6d57a3f51dc7ac4db0b4f6186d9cb330d4ee1160?s=96&d=mm&r=g","contentUrl":"https:\/\/secure.gravatar.com\/avatar\/0534e84764641168a677026b6d57a3f51dc7ac4db0b4f6186d9cb330d4ee1160?s=96&d=mm&r=g","caption":"Jefferson Sterfeno"},"sameAs":["http:\/\/blogdobispo.com.br"],"url":"https:\/\/blogdobispo.com.br\/?author=1"}]}},"featured_image_urls":{"full":["https:\/\/i0.wp.com\/blogdobispo.com.br\/wp-content\/uploads\/2025\/10\/714c8c2e3414e4fa0f5a00663afb415e.jpg?fit=1600%2C1130&ssl=1",1600,1130,false],"thumbnail":["https:\/\/i0.wp.com\/blogdobispo.com.br\/wp-content\/uploads\/2025\/10\/714c8c2e3414e4fa0f5a00663afb415e.jpg?resize=150%2C150&ssl=1",150,150,true],"medium":["https:\/\/i0.wp.com\/blogdobispo.com.br\/wp-content\/uploads\/2025\/10\/714c8c2e3414e4fa0f5a00663afb415e.jpg?fit=300%2C212&ssl=1",300,212,true],"medium_large":["https:\/\/i0.wp.com\/blogdobispo.com.br\/wp-content\/uploads\/2025\/10\/714c8c2e3414e4fa0f5a00663afb415e.jpg?fit=768%2C542&ssl=1",768,542,true],"large":["https:\/\/i0.wp.com\/blogdobispo.com.br\/wp-content\/uploads\/2025\/10\/714c8c2e3414e4fa0f5a00663afb415e.jpg?fit=800%2C565&ssl=1",800,565,true],"1536x1536":["https:\/\/i0.wp.com\/blogdobispo.com.br\/wp-content\/uploads\/2025\/10\/714c8c2e3414e4fa0f5a00663afb415e.jpg?fit=1536%2C1085&ssl=1",1536,1085,true],"2048x2048":["https:\/\/i0.wp.com\/blogdobispo.com.br\/wp-content\/uploads\/2025\/10\/714c8c2e3414e4fa0f5a00663afb415e.jpg?fit=1600%2C1130&ssl=1",1600,1130,true]},"author_info":{"display_name":"Jefferson Sterfeno","author_link":"https:\/\/blogdobispo.com.br\/?author=1"},"category_info":"<a href=\"https:\/\/blogdobispo.com.br\/?cat=1\" rel=\"category\">diversos<\/a>","tag_info":"diversos","comment_count":"0","jetpack_featured_media_url":"https:\/\/i0.wp.com\/blogdobispo.com.br\/wp-content\/uploads\/2025\/10\/714c8c2e3414e4fa0f5a00663afb415e.jpg?fit=1600%2C1130&ssl=1","jetpack_sharing_enabled":true,"_links":{"self":[{"href":"https:\/\/blogdobispo.com.br\/index.php?rest_route=\/wp\/v2\/posts\/18342","targetHints":{"allow":["GET"]}}],"collection":[{"href":"https:\/\/blogdobispo.com.br\/index.php?rest_route=\/wp\/v2\/posts"}],"about":[{"href":"https:\/\/blogdobispo.com.br\/index.php?rest_route=\/wp\/v2\/types\/post"}],"author":[{"embeddable":true,"href":"https:\/\/blogdobispo.com.br\/index.php?rest_route=\/wp\/v2\/users\/1"}],"replies":[{"embeddable":true,"href":"https:\/\/blogdobispo.com.br\/index.php?rest_route=%2Fwp%2Fv2%2Fcomments&post=18342"}],"version-history":[{"count":4,"href":"https:\/\/blogdobispo.com.br\/index.php?rest_route=\/wp\/v2\/posts\/18342\/revisions"}],"predecessor-version":[{"id":18626,"href":"https:\/\/blogdobispo.com.br\/index.php?rest_route=\/wp\/v2\/posts\/18342\/revisions\/18626"}],"wp:featuredmedia":[{"embeddable":true,"href":"https:\/\/blogdobispo.com.br\/index.php?rest_route=\/wp\/v2\/media\/18343"}],"wp:attachment":[{"href":"https:\/\/blogdobispo.com.br\/index.php?rest_route=%2Fwp%2Fv2%2Fmedia&parent=18342"}],"wp:term":[{"taxonomy":"category","embeddable":true,"href":"https:\/\/blogdobispo.com.br\/index.php?rest_route=%2Fwp%2Fv2%2Fcategories&post=18342"},{"taxonomy":"post_tag","embeddable":true,"href":"https:\/\/blogdobispo.com.br\/index.php?rest_route=%2Fwp%2Fv2%2Ftags&post=18342"}],"curies":[{"name":"wp","href":"https:\/\/api.w.org\/{rel}","templated":true}]}}