{"id":18339,"date":"2025-10-27T20:57:55","date_gmt":"2025-10-27T20:57:55","guid":{"rendered":"https:\/\/blogdobispo.com.br\/?p=18339"},"modified":"2025-10-27T20:57:55","modified_gmt":"2025-10-27T20:57:55","slug":"prefeito-de-guamare-e-agredido-durante-evento-motivacao-teria-sido-promessa-de-emprego","status":"publish","type":"post","link":"https:\/\/blogdobispo.com.br\/?p=18339","title":{"rendered":"Prefeito de Guamar\u00e9 \u00e9 agredido durante evento; motiva\u00e7\u00e3o teria sido promessa de emprego"},"content":{"rendered":"<p>O prefeito de Guamar\u00e9, H\u00e9lio Willamy, foi agredido na noite deste domingo (26) durante a cerim\u00f4nia de premia\u00e7\u00e3o dos torneios de Beach Soccer e Queimada, no distrito de Baixa do Meio, zona rural do munic\u00edpio. O suspeito, de 32 anos, foi preso em flagrante pelos crimes de tentativa de les\u00e3o corporal e resist\u00eancia.<\/p>\n<p>De acordo com informa\u00e7\u00f5es da Pol\u00edcia Civil do Rio Grande do Norte, o caso aconteceu por volta das 20h, quando um homem que participava do evento se aproximou do palco e deu um soco no rosto do prefeito. Em nota divulgada ainda no domingo, a Prefeitura de Guamar\u00e9 confirmou o epis\u00f3dio e informou que o prefeito passa bem e est\u00e1 em seguran\u00e7a, ao lado da fam\u00edlia.<\/p>\n<p>A prefeitura se manifestou novamente nesta segunda-feira (27) por meio de outra nota, informando que a agress\u00e3o teria vindo de um opositor pol\u00edtico. \u201c\u2019Em 25 anos na pol\u00edtica partid\u00e1ria de Guamar\u00e9, sempre respeitei meus advers\u00e1rios. Com surpresa, fui hoje v\u00edtima de uma agress\u00e3o f\u00edsica por parte de um opositor. Quem conhece H\u00e9lio de Mundinho sabe a pol\u00edtica que fazemos no dia a dia: no di\u00e1logo, no respeito \u00e0s diferen\u00e7as ideol\u00f3gicas, ouvindo o cidad\u00e3o e buscando sempre o melhor para quem acredita em uma Guamar\u00e9 cada vez maior\u2019\u201d, afirmou o prefeito na nota.<\/p>\n<p>estemunhas relataram que n\u00e3o houve discuss\u00e3o ou provoca\u00e7\u00e3o antes da agress\u00e3o. \u201cFoi do nada. O homem chegou de repente, justamente quando uma crian\u00e7a chamou o prefeito. Quando ele abaixou a cabe\u00e7a, o agressor atingiu o golpe. A menina at\u00e9 caiu no ch\u00e3o\u201d, disse uma testemunha que preferiu n\u00e3o se identificar.<\/p>\n<p>O agressor foi preso em flagrante pelos crimes de tentativa de les\u00e3o corporal e resist\u00eancia \u00e0 pris\u00e3o, segundo a Pol\u00edcia Civil. Inicialmente, ele permaneceu em sil\u00eancio, mas, em depoimento preliminar, afirmou que o ataque teria ocorrido por insatisfa\u00e7\u00e3o com uma promessa de emprego que n\u00e3o foi cumprida.<\/p>\n<p>O homem, que segundo testemunhas seria ligado \u00e0 oposi\u00e7\u00e3o pol\u00edtica local, teve fian\u00e7a arbitrada em R$ 1.500,00, mas optou por n\u00e3o pagar o valor. Ele foi conduzido ao Pres\u00eddio de Cara\u00fabas, onde deve passar por audi\u00eancia de cust\u00f3dia nesta segunda-feira (27).<\/p>\n<p>Do Blog: Se essa moda pega, tem vereador em Natal que n\u00e3o pode nem sair na rua.<\/p>\n<p>&nbsp;<\/p>\n<p><img data-recalc-dims=\"1\" fetchpriority=\"high\" decoding=\"async\" class=\"alignnone size-medium wp-image-18340\" src=\"https:\/\/i0.wp.com\/blogdobispo.com.br\/wp-content\/uploads\/2025\/10\/image-19-4.webp?resize=300%2C226\" alt=\"\" width=\"300\" height=\"226\" srcset=\"https:\/\/i0.wp.com\/blogdobispo.com.br\/wp-content\/uploads\/2025\/10\/image-19-4.webp?resize=300%2C226&amp;ssl=1 300w, https:\/\/i0.wp.com\/blogdobispo.com.br\/wp-content\/uploads\/2025\/10\/image-19-4.webp?resize=1024%2C770&amp;ssl=1 1024w, https:\/\/i0.wp.com\/blogdobispo.com.br\/wp-content\/uploads\/2025\/10\/image-19-4.webp?resize=768%2C578&amp;ssl=1 768w, https:\/\/i0.wp.com\/blogdobispo.com.br\/wp-content\/uploads\/2025\/10\/image-19-4.webp?w=1078&amp;ssl=1 1078w\" sizes=\"(max-width: 300px) 100vw, 300px\" \/><\/p>\n","protected":false},"excerpt":{"rendered":"<p>O prefeito de Guamar\u00e9, H\u00e9lio Willamy, foi agredido na noite deste domingo (26) durante a cerim\u00f4nia de premia\u00e7\u00e3o dos torneios de Beach Soccer e Queimada, no distrito de Baixa do Meio, zona rural do munic\u00edpio. O suspeito, de 32 anos, foi preso em flagrante pelos crimes de tentativa de les\u00e3o corporal e resist\u00eancia. De acordo [&hellip;]<\/p>\n","protected":false},"author":1,"featured_media":18340,"comment_status":"open","ping_status":"open","sticky":false,"template":"","format":"standard","meta":{"cybocfi_hide_featured_image":"","_jetpack_memberships_contains_paid_content":false,"footnotes":""},"categories":[1],"tags":[],"class_list":["post-18339","post","type-post","status-publish","format-standard","has-post-thumbnail","hentry","category-diversos"],"yoast_head":"<!-- This site is optimized with the Yoast SEO plugin v25.6 - https:\/\/yoast.com\/wordpress\/plugins\/seo\/ -->\n<title>Prefeito de Guamar\u00e9 \u00e9 agredido durante evento; motiva\u00e7\u00e3o teria sido promessa de emprego - Blog do Bispo<\/title>\n<meta name=\"robots\" content=\"index, follow, max-snippet:-1, max-image-preview:large, max-video-preview:-1\" \/>\n<link rel=\"canonical\" href=\"https:\/\/blogdobispo.com.br\/?p=18339\" \/>\n<meta property=\"og:locale\" content=\"pt_BR\" \/>\n<meta property=\"og:type\" content=\"article\" \/>\n<meta property=\"og:title\" content=\"Prefeito de Guamar\u00e9 \u00e9 agredido durante evento; motiva\u00e7\u00e3o teria sido promessa de emprego - Blog do Bispo\" \/>\n<meta property=\"og:description\" content=\"O prefeito de Guamar\u00e9, H\u00e9lio Willamy, foi agredido na noite deste domingo (26) durante a cerim\u00f4nia de premia\u00e7\u00e3o dos torneios de Beach Soccer e Queimada, no distrito de Baixa do Meio, zona rural do munic\u00edpio. O suspeito, de 32 anos, foi preso em flagrante pelos crimes de tentativa de les\u00e3o corporal e resist\u00eancia. De acordo [&hellip;]\" \/>\n<meta property=\"og:url\" content=\"https:\/\/blogdobispo.com.br\/?p=18339\" \/>\n<meta property=\"og:site_name\" content=\"Blog do Bispo\" \/>\n<meta property=\"article:published_time\" content=\"2025-10-27T20:57:55+00:00\" \/>\n<meta property=\"og:image\" content=\"http:\/\/blogdobispo.com.br\/wp-content\/uploads\/2025\/10\/image-19-4.webp\" \/>\n\t<meta property=\"og:image:width\" content=\"1078\" \/>\n\t<meta property=\"og:image:height\" content=\"811\" \/>\n\t<meta property=\"og:image:type\" content=\"image\/webp\" \/>\n<meta name=\"author\" content=\"Jefferson Sterfeno\" \/>\n<meta name=\"twitter:card\" content=\"summary_large_image\" \/>\n<meta name=\"twitter:label1\" content=\"Escrito por\" \/>\n\t<meta name=\"twitter:data1\" content=\"Jefferson Sterfeno\" \/>\n\t<meta name=\"twitter:label2\" content=\"Est. tempo de leitura\" \/>\n\t<meta name=\"twitter:data2\" content=\"3 minutos\" \/>\n<script type=\"application\/ld+json\" class=\"yoast-schema-graph\">{\"@context\":\"https:\/\/schema.org\",\"@graph\":[{\"@type\":\"Article\",\"@id\":\"https:\/\/blogdobispo.com.br\/?p=18339#article\",\"isPartOf\":{\"@id\":\"https:\/\/blogdobispo.com.br\/?p=18339\"},\"author\":{\"name\":\"Jefferson Sterfeno\",\"@id\":\"https:\/\/blogdobispo.com.br\/#\/schema\/person\/e2209cc0e6cea5c5233d033e997b373f\"},\"headline\":\"Prefeito de Guamar\u00e9 \u00e9 agredido durante evento; motiva\u00e7\u00e3o teria sido promessa de emprego\",\"datePublished\":\"2025-10-27T20:57:55+00:00\",\"mainEntityOfPage\":{\"@id\":\"https:\/\/blogdobispo.com.br\/?p=18339\"},\"wordCount\":421,\"commentCount\":0,\"publisher\":{\"@id\":\"https:\/\/blogdobispo.com.br\/#organization\"},\"image\":{\"@id\":\"https:\/\/blogdobispo.com.br\/?p=18339#primaryimage\"},\"thumbnailUrl\":\"https:\/\/i0.wp.com\/blogdobispo.com.br\/wp-content\/uploads\/2025\/10\/image-19-4.webp?fit=1078%2C811&ssl=1\",\"articleSection\":[\"diversos\"],\"inLanguage\":\"pt-BR\",\"potentialAction\":[{\"@type\":\"CommentAction\",\"name\":\"Comment\",\"target\":[\"https:\/\/blogdobispo.com.br\/?p=18339#respond\"]}]},{\"@type\":\"WebPage\",\"@id\":\"https:\/\/blogdobispo.com.br\/?p=18339\",\"url\":\"https:\/\/blogdobispo.com.br\/?p=18339\",\"name\":\"Prefeito de Guamar\u00e9 \u00e9 agredido durante evento; motiva\u00e7\u00e3o teria sido promessa de emprego - Blog do Bispo\",\"isPartOf\":{\"@id\":\"https:\/\/blogdobispo.com.br\/#website\"},\"primaryImageOfPage\":{\"@id\":\"https:\/\/blogdobispo.com.br\/?p=18339#primaryimage\"},\"image\":{\"@id\":\"https:\/\/blogdobispo.com.br\/?p=18339#primaryimage\"},\"thumbnailUrl\":\"https:\/\/i0.wp.com\/blogdobispo.com.br\/wp-content\/uploads\/2025\/10\/image-19-4.webp?fit=1078%2C811&ssl=1\",\"datePublished\":\"2025-10-27T20:57:55+00:00\",\"breadcrumb\":{\"@id\":\"https:\/\/blogdobispo.com.br\/?p=18339#breadcrumb\"},\"inLanguage\":\"pt-BR\",\"potentialAction\":[{\"@type\":\"ReadAction\",\"target\":[\"https:\/\/blogdobispo.com.br\/?p=18339\"]}]},{\"@type\":\"ImageObject\",\"inLanguage\":\"pt-BR\",\"@id\":\"https:\/\/blogdobispo.com.br\/?p=18339#primaryimage\",\"url\":\"https:\/\/i0.wp.com\/blogdobispo.com.br\/wp-content\/uploads\/2025\/10\/image-19-4.webp?fit=1078%2C811&ssl=1\",\"contentUrl\":\"https:\/\/i0.wp.com\/blogdobispo.com.br\/wp-content\/uploads\/2025\/10\/image-19-4.webp?fit=1078%2C811&ssl=1\",\"width\":1078,\"height\":811},{\"@type\":\"BreadcrumbList\",\"@id\":\"https:\/\/blogdobispo.com.br\/?p=18339#breadcrumb\",\"itemListElement\":[{\"@type\":\"ListItem\",\"position\":1,\"name\":\"In\u00edcio\",\"item\":\"https:\/\/blogdobispo.com.br\/\"},{\"@type\":\"ListItem\",\"position\":2,\"name\":\"Prefeito de Guamar\u00e9 \u00e9 agredido durante evento; motiva\u00e7\u00e3o teria sido promessa de emprego\"}]},{\"@type\":\"WebSite\",\"@id\":\"https:\/\/blogdobispo.com.br\/#website\",\"url\":\"https:\/\/blogdobispo.com.br\/\",\"name\":\"Blog do Bispo\",\"description\":\"Comprometido apenas com o leitor\",\"publisher\":{\"@id\":\"https:\/\/blogdobispo.com.br\/#organization\"},\"potentialAction\":[{\"@type\":\"SearchAction\",\"target\":{\"@type\":\"EntryPoint\",\"urlTemplate\":\"https:\/\/blogdobispo.com.br\/?s={search_term_string}\"},\"query-input\":{\"@type\":\"PropertyValueSpecification\",\"valueRequired\":true,\"valueName\":\"search_term_string\"}}],\"inLanguage\":\"pt-BR\"},{\"@type\":\"Organization\",\"@id\":\"https:\/\/blogdobispo.com.br\/#organization\",\"name\":\"Blog do Bispo\",\"url\":\"https:\/\/blogdobispo.com.br\/\",\"logo\":{\"@type\":\"ImageObject\",\"inLanguage\":\"pt-BR\",\"@id\":\"https:\/\/blogdobispo.com.br\/#\/schema\/logo\/image\/\",\"url\":\"http:\/\/blogdobispo.com.br\/wp-content\/uploads\/2023\/05\/cropped-headear.png\",\"contentUrl\":\"http:\/\/blogdobispo.com.br\/wp-content\/uploads\/2023\/05\/cropped-headear.png\",\"width\":1500,\"height\":399,\"caption\":\"Blog do Bispo\"},\"image\":{\"@id\":\"https:\/\/blogdobispo.com.br\/#\/schema\/logo\/image\/\"}},{\"@type\":\"Person\",\"@id\":\"https:\/\/blogdobispo.com.br\/#\/schema\/person\/e2209cc0e6cea5c5233d033e997b373f\",\"name\":\"Jefferson Sterfeno\",\"image\":{\"@type\":\"ImageObject\",\"inLanguage\":\"pt-BR\",\"@id\":\"https:\/\/blogdobispo.com.br\/#\/schema\/person\/image\/\",\"url\":\"https:\/\/secure.gravatar.com\/avatar\/0534e84764641168a677026b6d57a3f51dc7ac4db0b4f6186d9cb330d4ee1160?s=96&d=mm&r=g\",\"contentUrl\":\"https:\/\/secure.gravatar.com\/avatar\/0534e84764641168a677026b6d57a3f51dc7ac4db0b4f6186d9cb330d4ee1160?s=96&d=mm&r=g\",\"caption\":\"Jefferson Sterfeno\"},\"sameAs\":[\"http:\/\/blogdobispo.com.br\"],\"url\":\"https:\/\/blogdobispo.com.br\/?author=1\"}]}<\/script>\n<!-- \/ Yoast SEO plugin. -->","yoast_head_json":{"title":"Prefeito de Guamar\u00e9 \u00e9 agredido durante evento; motiva\u00e7\u00e3o teria sido promessa de emprego - Blog do Bispo","robots":{"index":"index","follow":"follow","max-snippet":"max-snippet:-1","max-image-preview":"max-image-preview:large","max-video-preview":"max-video-preview:-1"},"canonical":"https:\/\/blogdobispo.com.br\/?p=18339","og_locale":"pt_BR","og_type":"article","og_title":"Prefeito de Guamar\u00e9 \u00e9 agredido durante evento; motiva\u00e7\u00e3o teria sido promessa de emprego - Blog do Bispo","og_description":"O prefeito de Guamar\u00e9, H\u00e9lio Willamy, foi agredido na noite deste domingo (26) durante a cerim\u00f4nia de premia\u00e7\u00e3o dos torneios de Beach Soccer e Queimada, no distrito de Baixa do Meio, zona rural do munic\u00edpio. O suspeito, de 32 anos, foi preso em flagrante pelos crimes de tentativa de les\u00e3o corporal e resist\u00eancia. De acordo [&hellip;]","og_url":"https:\/\/blogdobispo.com.br\/?p=18339","og_site_name":"Blog do Bispo","article_published_time":"2025-10-27T20:57:55+00:00","og_image":[{"width":1078,"height":811,"url":"http:\/\/blogdobispo.com.br\/wp-content\/uploads\/2025\/10\/image-19-4.webp","type":"image\/webp"}],"author":"Jefferson Sterfeno","twitter_card":"summary_large_image","twitter_misc":{"Escrito por":"Jefferson Sterfeno","Est. tempo de leitura":"3 minutos"},"schema":{"@context":"https:\/\/schema.org","@graph":[{"@type":"Article","@id":"https:\/\/blogdobispo.com.br\/?p=18339#article","isPartOf":{"@id":"https:\/\/blogdobispo.com.br\/?p=18339"},"author":{"name":"Jefferson Sterfeno","@id":"https:\/\/blogdobispo.com.br\/#\/schema\/person\/e2209cc0e6cea5c5233d033e997b373f"},"headline":"Prefeito de Guamar\u00e9 \u00e9 agredido durante evento; motiva\u00e7\u00e3o teria sido promessa de emprego","datePublished":"2025-10-27T20:57:55+00:00","mainEntityOfPage":{"@id":"https:\/\/blogdobispo.com.br\/?p=18339"},"wordCount":421,"commentCount":0,"publisher":{"@id":"https:\/\/blogdobispo.com.br\/#organization"},"image":{"@id":"https:\/\/blogdobispo.com.br\/?p=18339#primaryimage"},"thumbnailUrl":"https:\/\/i0.wp.com\/blogdobispo.com.br\/wp-content\/uploads\/2025\/10\/image-19-4.webp?fit=1078%2C811&ssl=1","articleSection":["diversos"],"inLanguage":"pt-BR","potentialAction":[{"@type":"CommentAction","name":"Comment","target":["https:\/\/blogdobispo.com.br\/?p=18339#respond"]}]},{"@type":"WebPage","@id":"https:\/\/blogdobispo.com.br\/?p=18339","url":"https:\/\/blogdobispo.com.br\/?p=18339","name":"Prefeito de Guamar\u00e9 \u00e9 agredido durante evento; motiva\u00e7\u00e3o teria sido promessa de emprego - Blog do Bispo","isPartOf":{"@id":"https:\/\/blogdobispo.com.br\/#website"},"primaryImageOfPage":{"@id":"https:\/\/blogdobispo.com.br\/?p=18339#primaryimage"},"image":{"@id":"https:\/\/blogdobispo.com.br\/?p=18339#primaryimage"},"thumbnailUrl":"https:\/\/i0.wp.com\/blogdobispo.com.br\/wp-content\/uploads\/2025\/10\/image-19-4.webp?fit=1078%2C811&ssl=1","datePublished":"2025-10-27T20:57:55+00:00","breadcrumb":{"@id":"https:\/\/blogdobispo.com.br\/?p=18339#breadcrumb"},"inLanguage":"pt-BR","potentialAction":[{"@type":"ReadAction","target":["https:\/\/blogdobispo.com.br\/?p=18339"]}]},{"@type":"ImageObject","inLanguage":"pt-BR","@id":"https:\/\/blogdobispo.com.br\/?p=18339#primaryimage","url":"https:\/\/i0.wp.com\/blogdobispo.com.br\/wp-content\/uploads\/2025\/10\/image-19-4.webp?fit=1078%2C811&ssl=1","contentUrl":"https:\/\/i0.wp.com\/blogdobispo.com.br\/wp-content\/uploads\/2025\/10\/image-19-4.webp?fit=1078%2C811&ssl=1","width":1078,"height":811},{"@type":"BreadcrumbList","@id":"https:\/\/blogdobispo.com.br\/?p=18339#breadcrumb","itemListElement":[{"@type":"ListItem","position":1,"name":"In\u00edcio","item":"https:\/\/blogdobispo.com.br\/"},{"@type":"ListItem","position":2,"name":"Prefeito de Guamar\u00e9 \u00e9 agredido durante evento; motiva\u00e7\u00e3o teria sido promessa de emprego"}]},{"@type":"WebSite","@id":"https:\/\/blogdobispo.com.br\/#website","url":"https:\/\/blogdobispo.com.br\/","name":"Blog do Bispo","description":"Comprometido apenas com o leitor","publisher":{"@id":"https:\/\/blogdobispo.com.br\/#organization"},"potentialAction":[{"@type":"SearchAction","target":{"@type":"EntryPoint","urlTemplate":"https:\/\/blogdobispo.com.br\/?s={search_term_string}"},"query-input":{"@type":"PropertyValueSpecification","valueRequired":true,"valueName":"search_term_string"}}],"inLanguage":"pt-BR"},{"@type":"Organization","@id":"https:\/\/blogdobispo.com.br\/#organization","name":"Blog do Bispo","url":"https:\/\/blogdobispo.com.br\/","logo":{"@type":"ImageObject","inLanguage":"pt-BR","@id":"https:\/\/blogdobispo.com.br\/#\/schema\/logo\/image\/","url":"http:\/\/blogdobispo.com.br\/wp-content\/uploads\/2023\/05\/cropped-headear.png","contentUrl":"http:\/\/blogdobispo.com.br\/wp-content\/uploads\/2023\/05\/cropped-headear.png","width":1500,"height":399,"caption":"Blog do Bispo"},"image":{"@id":"https:\/\/blogdobispo.com.br\/#\/schema\/logo\/image\/"}},{"@type":"Person","@id":"https:\/\/blogdobispo.com.br\/#\/schema\/person\/e2209cc0e6cea5c5233d033e997b373f","name":"Jefferson Sterfeno","image":{"@type":"ImageObject","inLanguage":"pt-BR","@id":"https:\/\/blogdobispo.com.br\/#\/schema\/person\/image\/","url":"https:\/\/secure.gravatar.com\/avatar\/0534e84764641168a677026b6d57a3f51dc7ac4db0b4f6186d9cb330d4ee1160?s=96&d=mm&r=g","contentUrl":"https:\/\/secure.gravatar.com\/avatar\/0534e84764641168a677026b6d57a3f51dc7ac4db0b4f6186d9cb330d4ee1160?s=96&d=mm&r=g","caption":"Jefferson Sterfeno"},"sameAs":["http:\/\/blogdobispo.com.br"],"url":"https:\/\/blogdobispo.com.br\/?author=1"}]}},"featured_image_urls":{"full":["https:\/\/i0.wp.com\/blogdobispo.com.br\/wp-content\/uploads\/2025\/10\/image-19-4.webp?fit=1078%2C811&ssl=1",1078,811,false],"thumbnail":["https:\/\/i0.wp.com\/blogdobispo.com.br\/wp-content\/uploads\/2025\/10\/image-19-4.webp?resize=150%2C150&ssl=1",150,150,true],"medium":["https:\/\/i0.wp.com\/blogdobispo.com.br\/wp-content\/uploads\/2025\/10\/image-19-4.webp?fit=300%2C226&ssl=1",300,226,true],"medium_large":["https:\/\/i0.wp.com\/blogdobispo.com.br\/wp-content\/uploads\/2025\/10\/image-19-4.webp?fit=768%2C578&ssl=1",768,578,true],"large":["https:\/\/i0.wp.com\/blogdobispo.com.br\/wp-content\/uploads\/2025\/10\/image-19-4.webp?fit=800%2C602&ssl=1",800,602,true],"1536x1536":["https:\/\/i0.wp.com\/blogdobispo.com.br\/wp-content\/uploads\/2025\/10\/image-19-4.webp?fit=1078%2C811&ssl=1",1078,811,true],"2048x2048":["https:\/\/i0.wp.com\/blogdobispo.com.br\/wp-content\/uploads\/2025\/10\/image-19-4.webp?fit=1078%2C811&ssl=1",1078,811,true]},"author_info":{"display_name":"Jefferson Sterfeno","author_link":"https:\/\/blogdobispo.com.br\/?author=1"},"category_info":"<a href=\"https:\/\/blogdobispo.com.br\/?cat=1\" rel=\"category\">diversos<\/a>","tag_info":"diversos","comment_count":"0","jetpack_featured_media_url":"https:\/\/i0.wp.com\/blogdobispo.com.br\/wp-content\/uploads\/2025\/10\/image-19-4.webp?fit=1078%2C811&ssl=1","jetpack_sharing_enabled":true,"_links":{"self":[{"href":"https:\/\/blogdobispo.com.br\/index.php?rest_route=\/wp\/v2\/posts\/18339","targetHints":{"allow":["GET"]}}],"collection":[{"href":"https:\/\/blogdobispo.com.br\/index.php?rest_route=\/wp\/v2\/posts"}],"about":[{"href":"https:\/\/blogdobispo.com.br\/index.php?rest_route=\/wp\/v2\/types\/post"}],"author":[{"embeddable":true,"href":"https:\/\/blogdobispo.com.br\/index.php?rest_route=\/wp\/v2\/users\/1"}],"replies":[{"embeddable":true,"href":"https:\/\/blogdobispo.com.br\/index.php?rest_route=%2Fwp%2Fv2%2Fcomments&post=18339"}],"version-history":[{"count":1,"href":"https:\/\/blogdobispo.com.br\/index.php?rest_route=\/wp\/v2\/posts\/18339\/revisions"}],"predecessor-version":[{"id":18341,"href":"https:\/\/blogdobispo.com.br\/index.php?rest_route=\/wp\/v2\/posts\/18339\/revisions\/18341"}],"wp:featuredmedia":[{"embeddable":true,"href":"https:\/\/blogdobispo.com.br\/index.php?rest_route=\/wp\/v2\/media\/18340"}],"wp:attachment":[{"href":"https:\/\/blogdobispo.com.br\/index.php?rest_route=%2Fwp%2Fv2%2Fmedia&parent=18339"}],"wp:term":[{"taxonomy":"category","embeddable":true,"href":"https:\/\/blogdobispo.com.br\/index.php?rest_route=%2Fwp%2Fv2%2Fcategories&post=18339"},{"taxonomy":"post_tag","embeddable":true,"href":"https:\/\/blogdobispo.com.br\/index.php?rest_route=%2Fwp%2Fv2%2Ftags&post=18339"}],"curies":[{"name":"wp","href":"https:\/\/api.w.org\/{rel}","templated":true}]}}