{"id":18335,"date":"2025-10-27T13:48:17","date_gmt":"2025-10-27T13:48:17","guid":{"rendered":"https:\/\/blogdobispo.com.br\/?p=18335"},"modified":"2025-10-27T13:48:17","modified_gmt":"2025-10-27T13:48:17","slug":"prefeitura-de-parnamirim-reune-78-mil-pessoas-na-primeira-edicao-do-parnakids","status":"publish","type":"post","link":"https:\/\/blogdobispo.com.br\/?p=18335","title":{"rendered":"Prefeitura de Parnamirim re\u00fane 78 mil pessoas na primeira edi\u00e7\u00e3o do ParnaKids"},"content":{"rendered":"<p>Cerca de 78 mil pessoas participaram neste domingo (26) do ParnaKids, evento que garantiu a alegria da crian\u00e7ada de Parnamirim com atra\u00e7\u00f5es musicais, espet\u00e1culos, brincadeiras e o sorteio de 100 bicicletas. A programa\u00e7\u00e3o foi realizado pela Prefeitura de Parnamirim, no Parque Arist\u00f3fanes Fernandes, e marca as comemora\u00e7\u00f5es alusivas ao Dia das Crian\u00e7as.<\/p>\n<p>A prefeita Nilda Cruz deu as boas-vindas e destacou a import\u00e2ncia da iniciativa: \u201cMuito feliz de estarmos aqui recebendo a crian\u00e7ada. Uma tarde diferente, divertida, com brincadeiras e lazer, mas o mais importante \u00e9 esse momento de uni\u00e3o e afetividade para as fam\u00edlias de Parnamirim\u201d, celebrou.<\/p>\n<p>No palco, as apresenta\u00e7\u00f5es dos palha\u00e7os Bisteca e Bochechinha, das Guerreiras do K-Pop e do espet\u00e1culo \u201cAs Aventuras de Will e Thube\u201d garantiram a anima\u00e7\u00e3o das crian\u00e7as. Um dos momentos mais esperados foi o sorteio das bicicletas. Ana Vit\u00f3ria de Lira, de 9 anos, foi uma das contempladas: \u201cVim com minha fam\u00edlia e achei tudo muito legal e divertido, mas o melhor foi ganhar a bicicleta\u201d, declarou.<\/p>\n<p>A Festa contou com parque de divers\u00f5es, distribui\u00e7\u00e3o de lanches, lancheiras, picol\u00e9s e pipoca. No Espa\u00e7o L\u00fadico, houve pintura de rosto, desenhos e brinquedos educativos. Al\u00e9m disso, diversos personagens, incluindo pernas de pau, malabaristas e a Orquestra L\u00fadica do Pap\u00e3o interagiam com as crian\u00e7as.<\/p>\n<p>O cuidado com o p\u00fablico tamb\u00e9m foi destaque no ParnaKids. Um espa\u00e7o voltado \u00e0 inclus\u00e3o ofereceu \u00e1gua, lanches e lancheiras com prioridade para crian\u00e7as com defici\u00eancia, garantindo conforto e acessibilidade. Toda a estrutura contou com o apoio de 300 volunt\u00e1rios, al\u00e9m de equipes da Pol\u00edcia Militar, Guarda Municipal, Tr\u00e2nsito, Bombeiros e profissionais de sa\u00fade, prontos para atendimento, se necess\u00e1rio.<\/p>\n<p><img data-recalc-dims=\"1\" fetchpriority=\"high\" decoding=\"async\" class=\"alignnone size-medium wp-image-18336\" src=\"https:\/\/i0.wp.com\/blogdobispo.com.br\/wp-content\/uploads\/2025\/10\/Captura-de-tela-2025-10-27-094215-830x468.jpg.webp?resize=300%2C169\" alt=\"\" width=\"300\" height=\"169\" srcset=\"https:\/\/i0.wp.com\/blogdobispo.com.br\/wp-content\/uploads\/2025\/10\/Captura-de-tela-2025-10-27-094215-830x468.jpg.webp?resize=300%2C169&amp;ssl=1 300w, https:\/\/i0.wp.com\/blogdobispo.com.br\/wp-content\/uploads\/2025\/10\/Captura-de-tela-2025-10-27-094215-830x468.jpg.webp?resize=768%2C433&amp;ssl=1 768w, https:\/\/i0.wp.com\/blogdobispo.com.br\/wp-content\/uploads\/2025\/10\/Captura-de-tela-2025-10-27-094215-830x468.jpg.webp?w=830&amp;ssl=1 830w\" sizes=\"(max-width: 300px) 100vw, 300px\" \/><\/p>\n","protected":false},"excerpt":{"rendered":"<p>Cerca de 78 mil pessoas participaram neste domingo (26) do ParnaKids, evento que garantiu a alegria da crian\u00e7ada de Parnamirim com atra\u00e7\u00f5es musicais, espet\u00e1culos, brincadeiras e o sorteio de 100 bicicletas. A programa\u00e7\u00e3o foi realizado pela Prefeitura de Parnamirim, no Parque Arist\u00f3fanes Fernandes, e marca as comemora\u00e7\u00f5es alusivas ao Dia das Crian\u00e7as. A prefeita Nilda [&hellip;]<\/p>\n","protected":false},"author":1,"featured_media":18336,"comment_status":"open","ping_status":"open","sticky":false,"template":"","format":"standard","meta":{"cybocfi_hide_featured_image":"","_jetpack_memberships_contains_paid_content":false,"footnotes":""},"categories":[1],"tags":[],"class_list":["post-18335","post","type-post","status-publish","format-standard","has-post-thumbnail","hentry","category-diversos"],"yoast_head":"<!-- This site is optimized with the Yoast SEO plugin v25.6 - https:\/\/yoast.com\/wordpress\/plugins\/seo\/ -->\n<title>Prefeitura de Parnamirim re\u00fane 78 mil pessoas na primeira edi\u00e7\u00e3o do ParnaKids - Blog do Bispo<\/title>\n<meta name=\"robots\" content=\"index, follow, max-snippet:-1, max-image-preview:large, max-video-preview:-1\" \/>\n<link rel=\"canonical\" href=\"https:\/\/blogdobispo.com.br\/?p=18335\" \/>\n<meta property=\"og:locale\" content=\"pt_BR\" \/>\n<meta property=\"og:type\" content=\"article\" \/>\n<meta property=\"og:title\" content=\"Prefeitura de Parnamirim re\u00fane 78 mil pessoas na primeira edi\u00e7\u00e3o do ParnaKids - Blog do Bispo\" \/>\n<meta property=\"og:description\" content=\"Cerca de 78 mil pessoas participaram neste domingo (26) do ParnaKids, evento que garantiu a alegria da crian\u00e7ada de Parnamirim com atra\u00e7\u00f5es musicais, espet\u00e1culos, brincadeiras e o sorteio de 100 bicicletas. A programa\u00e7\u00e3o foi realizado pela Prefeitura de Parnamirim, no Parque Arist\u00f3fanes Fernandes, e marca as comemora\u00e7\u00f5es alusivas ao Dia das Crian\u00e7as. A prefeita Nilda [&hellip;]\" \/>\n<meta property=\"og:url\" content=\"https:\/\/blogdobispo.com.br\/?p=18335\" \/>\n<meta property=\"og:site_name\" content=\"Blog do Bispo\" \/>\n<meta property=\"article:published_time\" content=\"2025-10-27T13:48:17+00:00\" \/>\n<meta property=\"og:image\" content=\"http:\/\/blogdobispo.com.br\/wp-content\/uploads\/2025\/10\/Captura-de-tela-2025-10-27-094215-830x468.jpg.webp\" \/>\n\t<meta property=\"og:image:width\" content=\"830\" \/>\n\t<meta property=\"og:image:height\" content=\"468\" \/>\n\t<meta property=\"og:image:type\" content=\"image\/webp\" \/>\n<meta name=\"author\" content=\"Jefferson Sterfeno\" \/>\n<meta name=\"twitter:card\" content=\"summary_large_image\" \/>\n<meta name=\"twitter:label1\" content=\"Escrito por\" \/>\n\t<meta name=\"twitter:data1\" content=\"Jefferson Sterfeno\" \/>\n\t<meta name=\"twitter:label2\" content=\"Est. tempo de leitura\" \/>\n\t<meta name=\"twitter:data2\" content=\"2 minutos\" \/>\n<script type=\"application\/ld+json\" class=\"yoast-schema-graph\">{\"@context\":\"https:\/\/schema.org\",\"@graph\":[{\"@type\":\"Article\",\"@id\":\"https:\/\/blogdobispo.com.br\/?p=18335#article\",\"isPartOf\":{\"@id\":\"https:\/\/blogdobispo.com.br\/?p=18335\"},\"author\":{\"name\":\"Jefferson Sterfeno\",\"@id\":\"https:\/\/blogdobispo.com.br\/#\/schema\/person\/e2209cc0e6cea5c5233d033e997b373f\"},\"headline\":\"Prefeitura de Parnamirim re\u00fane 78 mil pessoas na primeira edi\u00e7\u00e3o do ParnaKids\",\"datePublished\":\"2025-10-27T13:48:17+00:00\",\"mainEntityOfPage\":{\"@id\":\"https:\/\/blogdobispo.com.br\/?p=18335\"},\"wordCount\":313,\"commentCount\":0,\"publisher\":{\"@id\":\"https:\/\/blogdobispo.com.br\/#organization\"},\"image\":{\"@id\":\"https:\/\/blogdobispo.com.br\/?p=18335#primaryimage\"},\"thumbnailUrl\":\"https:\/\/i0.wp.com\/blogdobispo.com.br\/wp-content\/uploads\/2025\/10\/Captura-de-tela-2025-10-27-094215-830x468.jpg.webp?fit=830%2C468&ssl=1\",\"articleSection\":[\"diversos\"],\"inLanguage\":\"pt-BR\",\"potentialAction\":[{\"@type\":\"CommentAction\",\"name\":\"Comment\",\"target\":[\"https:\/\/blogdobispo.com.br\/?p=18335#respond\"]}]},{\"@type\":\"WebPage\",\"@id\":\"https:\/\/blogdobispo.com.br\/?p=18335\",\"url\":\"https:\/\/blogdobispo.com.br\/?p=18335\",\"name\":\"Prefeitura de Parnamirim re\u00fane 78 mil pessoas na primeira edi\u00e7\u00e3o do ParnaKids - Blog do Bispo\",\"isPartOf\":{\"@id\":\"https:\/\/blogdobispo.com.br\/#website\"},\"primaryImageOfPage\":{\"@id\":\"https:\/\/blogdobispo.com.br\/?p=18335#primaryimage\"},\"image\":{\"@id\":\"https:\/\/blogdobispo.com.br\/?p=18335#primaryimage\"},\"thumbnailUrl\":\"https:\/\/i0.wp.com\/blogdobispo.com.br\/wp-content\/uploads\/2025\/10\/Captura-de-tela-2025-10-27-094215-830x468.jpg.webp?fit=830%2C468&ssl=1\",\"datePublished\":\"2025-10-27T13:48:17+00:00\",\"breadcrumb\":{\"@id\":\"https:\/\/blogdobispo.com.br\/?p=18335#breadcrumb\"},\"inLanguage\":\"pt-BR\",\"potentialAction\":[{\"@type\":\"ReadAction\",\"target\":[\"https:\/\/blogdobispo.com.br\/?p=18335\"]}]},{\"@type\":\"ImageObject\",\"inLanguage\":\"pt-BR\",\"@id\":\"https:\/\/blogdobispo.com.br\/?p=18335#primaryimage\",\"url\":\"https:\/\/i0.wp.com\/blogdobispo.com.br\/wp-content\/uploads\/2025\/10\/Captura-de-tela-2025-10-27-094215-830x468.jpg.webp?fit=830%2C468&ssl=1\",\"contentUrl\":\"https:\/\/i0.wp.com\/blogdobispo.com.br\/wp-content\/uploads\/2025\/10\/Captura-de-tela-2025-10-27-094215-830x468.jpg.webp?fit=830%2C468&ssl=1\",\"width\":830,\"height\":468},{\"@type\":\"BreadcrumbList\",\"@id\":\"https:\/\/blogdobispo.com.br\/?p=18335#breadcrumb\",\"itemListElement\":[{\"@type\":\"ListItem\",\"position\":1,\"name\":\"In\u00edcio\",\"item\":\"https:\/\/blogdobispo.com.br\/\"},{\"@type\":\"ListItem\",\"position\":2,\"name\":\"Prefeitura de Parnamirim re\u00fane 78 mil pessoas na primeira edi\u00e7\u00e3o do ParnaKids\"}]},{\"@type\":\"WebSite\",\"@id\":\"https:\/\/blogdobispo.com.br\/#website\",\"url\":\"https:\/\/blogdobispo.com.br\/\",\"name\":\"Blog do Bispo\",\"description\":\"Comprometido apenas com o leitor\",\"publisher\":{\"@id\":\"https:\/\/blogdobispo.com.br\/#organization\"},\"potentialAction\":[{\"@type\":\"SearchAction\",\"target\":{\"@type\":\"EntryPoint\",\"urlTemplate\":\"https:\/\/blogdobispo.com.br\/?s={search_term_string}\"},\"query-input\":{\"@type\":\"PropertyValueSpecification\",\"valueRequired\":true,\"valueName\":\"search_term_string\"}}],\"inLanguage\":\"pt-BR\"},{\"@type\":\"Organization\",\"@id\":\"https:\/\/blogdobispo.com.br\/#organization\",\"name\":\"Blog do Bispo\",\"url\":\"https:\/\/blogdobispo.com.br\/\",\"logo\":{\"@type\":\"ImageObject\",\"inLanguage\":\"pt-BR\",\"@id\":\"https:\/\/blogdobispo.com.br\/#\/schema\/logo\/image\/\",\"url\":\"http:\/\/blogdobispo.com.br\/wp-content\/uploads\/2023\/05\/cropped-headear.png\",\"contentUrl\":\"http:\/\/blogdobispo.com.br\/wp-content\/uploads\/2023\/05\/cropped-headear.png\",\"width\":1500,\"height\":399,\"caption\":\"Blog do Bispo\"},\"image\":{\"@id\":\"https:\/\/blogdobispo.com.br\/#\/schema\/logo\/image\/\"}},{\"@type\":\"Person\",\"@id\":\"https:\/\/blogdobispo.com.br\/#\/schema\/person\/e2209cc0e6cea5c5233d033e997b373f\",\"name\":\"Jefferson Sterfeno\",\"image\":{\"@type\":\"ImageObject\",\"inLanguage\":\"pt-BR\",\"@id\":\"https:\/\/blogdobispo.com.br\/#\/schema\/person\/image\/\",\"url\":\"https:\/\/secure.gravatar.com\/avatar\/0534e84764641168a677026b6d57a3f51dc7ac4db0b4f6186d9cb330d4ee1160?s=96&d=mm&r=g\",\"contentUrl\":\"https:\/\/secure.gravatar.com\/avatar\/0534e84764641168a677026b6d57a3f51dc7ac4db0b4f6186d9cb330d4ee1160?s=96&d=mm&r=g\",\"caption\":\"Jefferson Sterfeno\"},\"sameAs\":[\"http:\/\/blogdobispo.com.br\"],\"url\":\"https:\/\/blogdobispo.com.br\/?author=1\"}]}<\/script>\n<!-- \/ Yoast SEO plugin. -->","yoast_head_json":{"title":"Prefeitura de Parnamirim re\u00fane 78 mil pessoas na primeira edi\u00e7\u00e3o do ParnaKids - Blog do Bispo","robots":{"index":"index","follow":"follow","max-snippet":"max-snippet:-1","max-image-preview":"max-image-preview:large","max-video-preview":"max-video-preview:-1"},"canonical":"https:\/\/blogdobispo.com.br\/?p=18335","og_locale":"pt_BR","og_type":"article","og_title":"Prefeitura de Parnamirim re\u00fane 78 mil pessoas na primeira edi\u00e7\u00e3o do ParnaKids - Blog do Bispo","og_description":"Cerca de 78 mil pessoas participaram neste domingo (26) do ParnaKids, evento que garantiu a alegria da crian\u00e7ada de Parnamirim com atra\u00e7\u00f5es musicais, espet\u00e1culos, brincadeiras e o sorteio de 100 bicicletas. A programa\u00e7\u00e3o foi realizado pela Prefeitura de Parnamirim, no Parque Arist\u00f3fanes Fernandes, e marca as comemora\u00e7\u00f5es alusivas ao Dia das Crian\u00e7as. A prefeita Nilda [&hellip;]","og_url":"https:\/\/blogdobispo.com.br\/?p=18335","og_site_name":"Blog do Bispo","article_published_time":"2025-10-27T13:48:17+00:00","og_image":[{"width":830,"height":468,"url":"http:\/\/blogdobispo.com.br\/wp-content\/uploads\/2025\/10\/Captura-de-tela-2025-10-27-094215-830x468.jpg.webp","type":"image\/webp"}],"author":"Jefferson Sterfeno","twitter_card":"summary_large_image","twitter_misc":{"Escrito por":"Jefferson Sterfeno","Est. tempo de leitura":"2 minutos"},"schema":{"@context":"https:\/\/schema.org","@graph":[{"@type":"Article","@id":"https:\/\/blogdobispo.com.br\/?p=18335#article","isPartOf":{"@id":"https:\/\/blogdobispo.com.br\/?p=18335"},"author":{"name":"Jefferson Sterfeno","@id":"https:\/\/blogdobispo.com.br\/#\/schema\/person\/e2209cc0e6cea5c5233d033e997b373f"},"headline":"Prefeitura de Parnamirim re\u00fane 78 mil pessoas na primeira edi\u00e7\u00e3o do ParnaKids","datePublished":"2025-10-27T13:48:17+00:00","mainEntityOfPage":{"@id":"https:\/\/blogdobispo.com.br\/?p=18335"},"wordCount":313,"commentCount":0,"publisher":{"@id":"https:\/\/blogdobispo.com.br\/#organization"},"image":{"@id":"https:\/\/blogdobispo.com.br\/?p=18335#primaryimage"},"thumbnailUrl":"https:\/\/i0.wp.com\/blogdobispo.com.br\/wp-content\/uploads\/2025\/10\/Captura-de-tela-2025-10-27-094215-830x468.jpg.webp?fit=830%2C468&ssl=1","articleSection":["diversos"],"inLanguage":"pt-BR","potentialAction":[{"@type":"CommentAction","name":"Comment","target":["https:\/\/blogdobispo.com.br\/?p=18335#respond"]}]},{"@type":"WebPage","@id":"https:\/\/blogdobispo.com.br\/?p=18335","url":"https:\/\/blogdobispo.com.br\/?p=18335","name":"Prefeitura de Parnamirim re\u00fane 78 mil pessoas na primeira edi\u00e7\u00e3o do ParnaKids - Blog do Bispo","isPartOf":{"@id":"https:\/\/blogdobispo.com.br\/#website"},"primaryImageOfPage":{"@id":"https:\/\/blogdobispo.com.br\/?p=18335#primaryimage"},"image":{"@id":"https:\/\/blogdobispo.com.br\/?p=18335#primaryimage"},"thumbnailUrl":"https:\/\/i0.wp.com\/blogdobispo.com.br\/wp-content\/uploads\/2025\/10\/Captura-de-tela-2025-10-27-094215-830x468.jpg.webp?fit=830%2C468&ssl=1","datePublished":"2025-10-27T13:48:17+00:00","breadcrumb":{"@id":"https:\/\/blogdobispo.com.br\/?p=18335#breadcrumb"},"inLanguage":"pt-BR","potentialAction":[{"@type":"ReadAction","target":["https:\/\/blogdobispo.com.br\/?p=18335"]}]},{"@type":"ImageObject","inLanguage":"pt-BR","@id":"https:\/\/blogdobispo.com.br\/?p=18335#primaryimage","url":"https:\/\/i0.wp.com\/blogdobispo.com.br\/wp-content\/uploads\/2025\/10\/Captura-de-tela-2025-10-27-094215-830x468.jpg.webp?fit=830%2C468&ssl=1","contentUrl":"https:\/\/i0.wp.com\/blogdobispo.com.br\/wp-content\/uploads\/2025\/10\/Captura-de-tela-2025-10-27-094215-830x468.jpg.webp?fit=830%2C468&ssl=1","width":830,"height":468},{"@type":"BreadcrumbList","@id":"https:\/\/blogdobispo.com.br\/?p=18335#breadcrumb","itemListElement":[{"@type":"ListItem","position":1,"name":"In\u00edcio","item":"https:\/\/blogdobispo.com.br\/"},{"@type":"ListItem","position":2,"name":"Prefeitura de Parnamirim re\u00fane 78 mil pessoas na primeira edi\u00e7\u00e3o do ParnaKids"}]},{"@type":"WebSite","@id":"https:\/\/blogdobispo.com.br\/#website","url":"https:\/\/blogdobispo.com.br\/","name":"Blog do Bispo","description":"Comprometido apenas com o leitor","publisher":{"@id":"https:\/\/blogdobispo.com.br\/#organization"},"potentialAction":[{"@type":"SearchAction","target":{"@type":"EntryPoint","urlTemplate":"https:\/\/blogdobispo.com.br\/?s={search_term_string}"},"query-input":{"@type":"PropertyValueSpecification","valueRequired":true,"valueName":"search_term_string"}}],"inLanguage":"pt-BR"},{"@type":"Organization","@id":"https:\/\/blogdobispo.com.br\/#organization","name":"Blog do Bispo","url":"https:\/\/blogdobispo.com.br\/","logo":{"@type":"ImageObject","inLanguage":"pt-BR","@id":"https:\/\/blogdobispo.com.br\/#\/schema\/logo\/image\/","url":"http:\/\/blogdobispo.com.br\/wp-content\/uploads\/2023\/05\/cropped-headear.png","contentUrl":"http:\/\/blogdobispo.com.br\/wp-content\/uploads\/2023\/05\/cropped-headear.png","width":1500,"height":399,"caption":"Blog do Bispo"},"image":{"@id":"https:\/\/blogdobispo.com.br\/#\/schema\/logo\/image\/"}},{"@type":"Person","@id":"https:\/\/blogdobispo.com.br\/#\/schema\/person\/e2209cc0e6cea5c5233d033e997b373f","name":"Jefferson Sterfeno","image":{"@type":"ImageObject","inLanguage":"pt-BR","@id":"https:\/\/blogdobispo.com.br\/#\/schema\/person\/image\/","url":"https:\/\/secure.gravatar.com\/avatar\/0534e84764641168a677026b6d57a3f51dc7ac4db0b4f6186d9cb330d4ee1160?s=96&d=mm&r=g","contentUrl":"https:\/\/secure.gravatar.com\/avatar\/0534e84764641168a677026b6d57a3f51dc7ac4db0b4f6186d9cb330d4ee1160?s=96&d=mm&r=g","caption":"Jefferson Sterfeno"},"sameAs":["http:\/\/blogdobispo.com.br"],"url":"https:\/\/blogdobispo.com.br\/?author=1"}]}},"featured_image_urls":{"full":["https:\/\/i0.wp.com\/blogdobispo.com.br\/wp-content\/uploads\/2025\/10\/Captura-de-tela-2025-10-27-094215-830x468.jpg.webp?fit=830%2C468&ssl=1",830,468,false],"thumbnail":["https:\/\/i0.wp.com\/blogdobispo.com.br\/wp-content\/uploads\/2025\/10\/Captura-de-tela-2025-10-27-094215-830x468.jpg.webp?resize=150%2C150&ssl=1",150,150,true],"medium":["https:\/\/i0.wp.com\/blogdobispo.com.br\/wp-content\/uploads\/2025\/10\/Captura-de-tela-2025-10-27-094215-830x468.jpg.webp?fit=300%2C169&ssl=1",300,169,true],"medium_large":["https:\/\/i0.wp.com\/blogdobispo.com.br\/wp-content\/uploads\/2025\/10\/Captura-de-tela-2025-10-27-094215-830x468.jpg.webp?fit=768%2C433&ssl=1",768,433,true],"large":["https:\/\/i0.wp.com\/blogdobispo.com.br\/wp-content\/uploads\/2025\/10\/Captura-de-tela-2025-10-27-094215-830x468.jpg.webp?fit=800%2C451&ssl=1",800,451,true],"1536x1536":["https:\/\/i0.wp.com\/blogdobispo.com.br\/wp-content\/uploads\/2025\/10\/Captura-de-tela-2025-10-27-094215-830x468.jpg.webp?fit=830%2C468&ssl=1",830,468,true],"2048x2048":["https:\/\/i0.wp.com\/blogdobispo.com.br\/wp-content\/uploads\/2025\/10\/Captura-de-tela-2025-10-27-094215-830x468.jpg.webp?fit=830%2C468&ssl=1",830,468,true]},"author_info":{"display_name":"Jefferson Sterfeno","author_link":"https:\/\/blogdobispo.com.br\/?author=1"},"category_info":"<a href=\"https:\/\/blogdobispo.com.br\/?cat=1\" rel=\"category\">diversos<\/a>","tag_info":"diversos","comment_count":"0","jetpack_featured_media_url":"https:\/\/i0.wp.com\/blogdobispo.com.br\/wp-content\/uploads\/2025\/10\/Captura-de-tela-2025-10-27-094215-830x468.jpg.webp?fit=830%2C468&ssl=1","jetpack_sharing_enabled":true,"_links":{"self":[{"href":"https:\/\/blogdobispo.com.br\/index.php?rest_route=\/wp\/v2\/posts\/18335","targetHints":{"allow":["GET"]}}],"collection":[{"href":"https:\/\/blogdobispo.com.br\/index.php?rest_route=\/wp\/v2\/posts"}],"about":[{"href":"https:\/\/blogdobispo.com.br\/index.php?rest_route=\/wp\/v2\/types\/post"}],"author":[{"embeddable":true,"href":"https:\/\/blogdobispo.com.br\/index.php?rest_route=\/wp\/v2\/users\/1"}],"replies":[{"embeddable":true,"href":"https:\/\/blogdobispo.com.br\/index.php?rest_route=%2Fwp%2Fv2%2Fcomments&post=18335"}],"version-history":[{"count":1,"href":"https:\/\/blogdobispo.com.br\/index.php?rest_route=\/wp\/v2\/posts\/18335\/revisions"}],"predecessor-version":[{"id":18337,"href":"https:\/\/blogdobispo.com.br\/index.php?rest_route=\/wp\/v2\/posts\/18335\/revisions\/18337"}],"wp:featuredmedia":[{"embeddable":true,"href":"https:\/\/blogdobispo.com.br\/index.php?rest_route=\/wp\/v2\/media\/18336"}],"wp:attachment":[{"href":"https:\/\/blogdobispo.com.br\/index.php?rest_route=%2Fwp%2Fv2%2Fmedia&parent=18335"}],"wp:term":[{"taxonomy":"category","embeddable":true,"href":"https:\/\/blogdobispo.com.br\/index.php?rest_route=%2Fwp%2Fv2%2Fcategories&post=18335"},{"taxonomy":"post_tag","embeddable":true,"href":"https:\/\/blogdobispo.com.br\/index.php?rest_route=%2Fwp%2Fv2%2Ftags&post=18335"}],"curies":[{"name":"wp","href":"https:\/\/api.w.org\/{rel}","templated":true}]}}