{"id":18327,"date":"2025-10-27T12:44:26","date_gmt":"2025-10-27T12:44:26","guid":{"rendered":"https:\/\/blogdobispo.com.br\/?p=18327"},"modified":"2025-10-27T12:44:26","modified_gmt":"2025-10-27T12:44:26","slug":"corrida-e-caminhada-da-alrn-reune-servidores-em-dia-de-celebracao","status":"publish","type":"post","link":"https:\/\/blogdobispo.com.br\/?p=18327","title":{"rendered":"Corrida e Caminhada da ALRN re\u00fane servidores em dia de celebra\u00e7\u00e3o"},"content":{"rendered":"<p>A 6\u00aa edi\u00e7\u00e3o da Corrida e Caminhada do Servidor da Assembleia Legislativa do Rio Grande do Norte (ALRN) aconteceu neste s\u00e1bado (25), reunindo cerca de 300 participantes entre servidores, familiares, deputados e vereadores. O evento, j\u00e1 consolidado no calend\u00e1rio da Casa, celebrou o Dia do Servidor P\u00fablico com uma manh\u00e3 de integra\u00e7\u00e3o, sa\u00fade e confraterniza\u00e7\u00e3o.<\/p>\n<p>Com largada na ASSEC (Associa\u00e7\u00e3o dos Servidores da CAERN), em Lagoa Nova, o percurso contou com duas categorias \u2014 3 km (caminhada) e 5 km (corrida) \u2014 e estrutura completa de apoio, incluindo pontos de hidrata\u00e7\u00e3o, equipe de sa\u00fade e ambul\u00e2ncias. Ao final, os participantes foram recebidos com m\u00fasica ao vivo de Lucas Allef, sess\u00f5es de massoterapia, distribui\u00e7\u00e3o de lanches e um espa\u00e7o kids para as crian\u00e7as.<\/p>\n<p>O diretor de Gest\u00e3o de Pessoas da ALRN, Thyago Cortez, destacou o sucesso e a import\u00e2ncia da iniciativa. \u201cA corrida e caminhada do servidor \u00e9 um momento de confraterniza\u00e7\u00e3o, sa\u00fade f\u00edsica e mental, e integra\u00e7\u00e3o entre servidores e parlamentares. A cada ano crescemos mais e j\u00e1 estamos pensando em chegar aos 500 atletas na pr\u00f3xima edi\u00e7\u00e3o\u201d, afirmou.<\/p>\n<p>Entre os presentes, estiveram os deputados Ubaldo Fernandes, Luiz Eduardo e Isolda Dantas, que participaram ativamente da celebra\u00e7\u00e3o. Tamb\u00e9m marcaram presen\u00e7a vereadores de Natal, refor\u00e7ando o esp\u00edrito de uni\u00e3o entre os poderes e o incentivo \u00e0 pr\u00e1tica de atividades saud\u00e1veis.<\/p>\n<p>Servidores da Casa tamb\u00e9m destacaram a organiza\u00e7\u00e3o e o clima de anima\u00e7\u00e3o do evento. \u201cA corrida \u00e9 maravilhosa, muito organizada e a cada ano se supera. \u00c9 um momento de integra\u00e7\u00e3o e amizade entre todos n\u00f3s\u201d, disse Juliana Marinho, do Cerimonial.<\/p>\n<p>Para C\u00e1ssia Pontes, do Memorial Legislativo, participar da corrida \u00e9 uma tradi\u00e7\u00e3o: \u201cAdoro esse momento. J\u00e1 \u00e9 a segunda vez que participo e pretendo continuar em todas as pr\u00f3ximas edi\u00e7\u00f5es.\u201d<\/p>\n<p>A servidora Lilian Batista, da equipe de Seguran\u00e7a, ressaltou o valor pessoal da experi\u00eancia: \u201cCada um tem seu desafio. O importante \u00e9 se superar e celebrar cada conquista.\u201d<\/p>\n<p>Lorena Dantas, servidora da Comunica\u00e7\u00e3o da Casa, e atleta participante na categoria PCD, ficou em primeiro lugar e recebeu um trof\u00e9u pelo exemplo de supera\u00e7\u00e3o, dedica\u00e7\u00e3o e esp\u00edrito esportivo demonstrado durante a Corrida e Caminhada do Servidor 2025. Lorena usa uma pr\u00f3tese no f\u00eamur e sua participa\u00e7\u00e3o inspira colegas e toda a sociedade, reafirmando que determina\u00e7\u00e3o e coragem s\u00e3o os maiores combust\u00edveis para vencer qualquer desafio.<\/p>\n<p>Mais do que uma competi\u00e7\u00e3o esportiva, o evento reafirmou o compromisso da Assembleia Legislativa com a valoriza\u00e7\u00e3o dos servidores e o incentivo \u00e0 qualidade de vida, fortalecendo la\u00e7os dentro e fora do Parlamento Potiguar.<img data-recalc-dims=\"1\" fetchpriority=\"high\" decoding=\"async\" class=\"alignnone size-medium wp-image-18328\" src=\"https:\/\/i0.wp.com\/blogdobispo.com.br\/wp-content\/uploads\/2025\/10\/U5AmP4P1PvjTGncuqEFJs2z55hTypWSVNQxLv2Se.jpg?resize=300%2C200\" alt=\"\" width=\"300\" height=\"200\" srcset=\"https:\/\/i0.wp.com\/blogdobispo.com.br\/wp-content\/uploads\/2025\/10\/U5AmP4P1PvjTGncuqEFJs2z55hTypWSVNQxLv2Se.jpg?resize=300%2C200&amp;ssl=1 300w, https:\/\/i0.wp.com\/blogdobispo.com.br\/wp-content\/uploads\/2025\/10\/U5AmP4P1PvjTGncuqEFJs2z55hTypWSVNQxLv2Se.jpg?resize=1024%2C683&amp;ssl=1 1024w, https:\/\/i0.wp.com\/blogdobispo.com.br\/wp-content\/uploads\/2025\/10\/U5AmP4P1PvjTGncuqEFJs2z55hTypWSVNQxLv2Se.jpg?resize=768%2C512&amp;ssl=1 768w, https:\/\/i0.wp.com\/blogdobispo.com.br\/wp-content\/uploads\/2025\/10\/U5AmP4P1PvjTGncuqEFJs2z55hTypWSVNQxLv2Se.jpg?w=1273&amp;ssl=1 1273w\" sizes=\"(max-width: 300px) 100vw, 300px\" \/><\/p>\n","protected":false},"excerpt":{"rendered":"<p>A 6\u00aa edi\u00e7\u00e3o da Corrida e Caminhada do Servidor da Assembleia Legislativa do Rio Grande do Norte (ALRN) aconteceu neste s\u00e1bado (25), reunindo cerca de 300 participantes entre servidores, familiares, deputados e vereadores. O evento, j\u00e1 consolidado no calend\u00e1rio da Casa, celebrou o Dia do Servidor P\u00fablico com uma manh\u00e3 de integra\u00e7\u00e3o, sa\u00fade e confraterniza\u00e7\u00e3o. [&hellip;]<\/p>\n","protected":false},"author":1,"featured_media":18328,"comment_status":"open","ping_status":"open","sticky":false,"template":"","format":"standard","meta":{"cybocfi_hide_featured_image":"","_jetpack_memberships_contains_paid_content":false,"footnotes":""},"categories":[1],"tags":[],"class_list":["post-18327","post","type-post","status-publish","format-standard","has-post-thumbnail","hentry","category-diversos"],"yoast_head":"<!-- This site is optimized with the Yoast SEO plugin v25.6 - https:\/\/yoast.com\/wordpress\/plugins\/seo\/ -->\n<title>Corrida e Caminhada da ALRN re\u00fane servidores em dia de celebra\u00e7\u00e3o - Blog do Bispo<\/title>\n<meta name=\"robots\" content=\"index, follow, max-snippet:-1, max-image-preview:large, max-video-preview:-1\" \/>\n<link rel=\"canonical\" href=\"https:\/\/blogdobispo.com.br\/?p=18327\" \/>\n<meta property=\"og:locale\" content=\"pt_BR\" \/>\n<meta property=\"og:type\" content=\"article\" \/>\n<meta property=\"og:title\" content=\"Corrida e Caminhada da ALRN re\u00fane servidores em dia de celebra\u00e7\u00e3o - Blog do Bispo\" \/>\n<meta property=\"og:description\" content=\"A 6\u00aa edi\u00e7\u00e3o da Corrida e Caminhada do Servidor da Assembleia Legislativa do Rio Grande do Norte (ALRN) aconteceu neste s\u00e1bado (25), reunindo cerca de 300 participantes entre servidores, familiares, deputados e vereadores. O evento, j\u00e1 consolidado no calend\u00e1rio da Casa, celebrou o Dia do Servidor P\u00fablico com uma manh\u00e3 de integra\u00e7\u00e3o, sa\u00fade e confraterniza\u00e7\u00e3o. [&hellip;]\" \/>\n<meta property=\"og:url\" content=\"https:\/\/blogdobispo.com.br\/?p=18327\" \/>\n<meta property=\"og:site_name\" content=\"Blog do Bispo\" \/>\n<meta property=\"article:published_time\" content=\"2025-10-27T12:44:26+00:00\" \/>\n<meta property=\"og:image\" content=\"http:\/\/blogdobispo.com.br\/wp-content\/uploads\/2025\/10\/U5AmP4P1PvjTGncuqEFJs2z55hTypWSVNQxLv2Se.jpg\" \/>\n\t<meta property=\"og:image:width\" content=\"1273\" \/>\n\t<meta property=\"og:image:height\" content=\"849\" \/>\n\t<meta property=\"og:image:type\" content=\"image\/jpeg\" \/>\n<meta name=\"author\" content=\"Jefferson Sterfeno\" \/>\n<meta name=\"twitter:card\" content=\"summary_large_image\" \/>\n<meta name=\"twitter:label1\" content=\"Escrito por\" \/>\n\t<meta name=\"twitter:data1\" content=\"Jefferson Sterfeno\" \/>\n\t<meta name=\"twitter:label2\" content=\"Est. tempo de leitura\" \/>\n\t<meta name=\"twitter:data2\" content=\"3 minutos\" \/>\n<script type=\"application\/ld+json\" class=\"yoast-schema-graph\">{\"@context\":\"https:\/\/schema.org\",\"@graph\":[{\"@type\":\"Article\",\"@id\":\"https:\/\/blogdobispo.com.br\/?p=18327#article\",\"isPartOf\":{\"@id\":\"https:\/\/blogdobispo.com.br\/?p=18327\"},\"author\":{\"name\":\"Jefferson Sterfeno\",\"@id\":\"https:\/\/blogdobispo.com.br\/#\/schema\/person\/e2209cc0e6cea5c5233d033e997b373f\"},\"headline\":\"Corrida e Caminhada da ALRN re\u00fane servidores em dia de celebra\u00e7\u00e3o\",\"datePublished\":\"2025-10-27T12:44:26+00:00\",\"mainEntityOfPage\":{\"@id\":\"https:\/\/blogdobispo.com.br\/?p=18327\"},\"wordCount\":471,\"commentCount\":0,\"publisher\":{\"@id\":\"https:\/\/blogdobispo.com.br\/#organization\"},\"image\":{\"@id\":\"https:\/\/blogdobispo.com.br\/?p=18327#primaryimage\"},\"thumbnailUrl\":\"https:\/\/i0.wp.com\/blogdobispo.com.br\/wp-content\/uploads\/2025\/10\/U5AmP4P1PvjTGncuqEFJs2z55hTypWSVNQxLv2Se.jpg?fit=1273%2C849&ssl=1\",\"articleSection\":[\"diversos\"],\"inLanguage\":\"pt-BR\",\"potentialAction\":[{\"@type\":\"CommentAction\",\"name\":\"Comment\",\"target\":[\"https:\/\/blogdobispo.com.br\/?p=18327#respond\"]}]},{\"@type\":\"WebPage\",\"@id\":\"https:\/\/blogdobispo.com.br\/?p=18327\",\"url\":\"https:\/\/blogdobispo.com.br\/?p=18327\",\"name\":\"Corrida e Caminhada da ALRN re\u00fane servidores em dia de celebra\u00e7\u00e3o - Blog do Bispo\",\"isPartOf\":{\"@id\":\"https:\/\/blogdobispo.com.br\/#website\"},\"primaryImageOfPage\":{\"@id\":\"https:\/\/blogdobispo.com.br\/?p=18327#primaryimage\"},\"image\":{\"@id\":\"https:\/\/blogdobispo.com.br\/?p=18327#primaryimage\"},\"thumbnailUrl\":\"https:\/\/i0.wp.com\/blogdobispo.com.br\/wp-content\/uploads\/2025\/10\/U5AmP4P1PvjTGncuqEFJs2z55hTypWSVNQxLv2Se.jpg?fit=1273%2C849&ssl=1\",\"datePublished\":\"2025-10-27T12:44:26+00:00\",\"breadcrumb\":{\"@id\":\"https:\/\/blogdobispo.com.br\/?p=18327#breadcrumb\"},\"inLanguage\":\"pt-BR\",\"potentialAction\":[{\"@type\":\"ReadAction\",\"target\":[\"https:\/\/blogdobispo.com.br\/?p=18327\"]}]},{\"@type\":\"ImageObject\",\"inLanguage\":\"pt-BR\",\"@id\":\"https:\/\/blogdobispo.com.br\/?p=18327#primaryimage\",\"url\":\"https:\/\/i0.wp.com\/blogdobispo.com.br\/wp-content\/uploads\/2025\/10\/U5AmP4P1PvjTGncuqEFJs2z55hTypWSVNQxLv2Se.jpg?fit=1273%2C849&ssl=1\",\"contentUrl\":\"https:\/\/i0.wp.com\/blogdobispo.com.br\/wp-content\/uploads\/2025\/10\/U5AmP4P1PvjTGncuqEFJs2z55hTypWSVNQxLv2Se.jpg?fit=1273%2C849&ssl=1\",\"width\":1273,\"height\":849},{\"@type\":\"BreadcrumbList\",\"@id\":\"https:\/\/blogdobispo.com.br\/?p=18327#breadcrumb\",\"itemListElement\":[{\"@type\":\"ListItem\",\"position\":1,\"name\":\"In\u00edcio\",\"item\":\"https:\/\/blogdobispo.com.br\/\"},{\"@type\":\"ListItem\",\"position\":2,\"name\":\"Corrida e Caminhada da ALRN re\u00fane servidores em dia de celebra\u00e7\u00e3o\"}]},{\"@type\":\"WebSite\",\"@id\":\"https:\/\/blogdobispo.com.br\/#website\",\"url\":\"https:\/\/blogdobispo.com.br\/\",\"name\":\"Blog do Bispo\",\"description\":\"Comprometido apenas com o leitor\",\"publisher\":{\"@id\":\"https:\/\/blogdobispo.com.br\/#organization\"},\"potentialAction\":[{\"@type\":\"SearchAction\",\"target\":{\"@type\":\"EntryPoint\",\"urlTemplate\":\"https:\/\/blogdobispo.com.br\/?s={search_term_string}\"},\"query-input\":{\"@type\":\"PropertyValueSpecification\",\"valueRequired\":true,\"valueName\":\"search_term_string\"}}],\"inLanguage\":\"pt-BR\"},{\"@type\":\"Organization\",\"@id\":\"https:\/\/blogdobispo.com.br\/#organization\",\"name\":\"Blog do Bispo\",\"url\":\"https:\/\/blogdobispo.com.br\/\",\"logo\":{\"@type\":\"ImageObject\",\"inLanguage\":\"pt-BR\",\"@id\":\"https:\/\/blogdobispo.com.br\/#\/schema\/logo\/image\/\",\"url\":\"http:\/\/blogdobispo.com.br\/wp-content\/uploads\/2023\/05\/cropped-headear.png\",\"contentUrl\":\"http:\/\/blogdobispo.com.br\/wp-content\/uploads\/2023\/05\/cropped-headear.png\",\"width\":1500,\"height\":399,\"caption\":\"Blog do Bispo\"},\"image\":{\"@id\":\"https:\/\/blogdobispo.com.br\/#\/schema\/logo\/image\/\"}},{\"@type\":\"Person\",\"@id\":\"https:\/\/blogdobispo.com.br\/#\/schema\/person\/e2209cc0e6cea5c5233d033e997b373f\",\"name\":\"Jefferson Sterfeno\",\"image\":{\"@type\":\"ImageObject\",\"inLanguage\":\"pt-BR\",\"@id\":\"https:\/\/blogdobispo.com.br\/#\/schema\/person\/image\/\",\"url\":\"https:\/\/secure.gravatar.com\/avatar\/0534e84764641168a677026b6d57a3f51dc7ac4db0b4f6186d9cb330d4ee1160?s=96&d=mm&r=g\",\"contentUrl\":\"https:\/\/secure.gravatar.com\/avatar\/0534e84764641168a677026b6d57a3f51dc7ac4db0b4f6186d9cb330d4ee1160?s=96&d=mm&r=g\",\"caption\":\"Jefferson Sterfeno\"},\"sameAs\":[\"http:\/\/blogdobispo.com.br\"],\"url\":\"https:\/\/blogdobispo.com.br\/?author=1\"}]}<\/script>\n<!-- \/ Yoast SEO plugin. -->","yoast_head_json":{"title":"Corrida e Caminhada da ALRN re\u00fane servidores em dia de celebra\u00e7\u00e3o - Blog do Bispo","robots":{"index":"index","follow":"follow","max-snippet":"max-snippet:-1","max-image-preview":"max-image-preview:large","max-video-preview":"max-video-preview:-1"},"canonical":"https:\/\/blogdobispo.com.br\/?p=18327","og_locale":"pt_BR","og_type":"article","og_title":"Corrida e Caminhada da ALRN re\u00fane servidores em dia de celebra\u00e7\u00e3o - Blog do Bispo","og_description":"A 6\u00aa edi\u00e7\u00e3o da Corrida e Caminhada do Servidor da Assembleia Legislativa do Rio Grande do Norte (ALRN) aconteceu neste s\u00e1bado (25), reunindo cerca de 300 participantes entre servidores, familiares, deputados e vereadores. O evento, j\u00e1 consolidado no calend\u00e1rio da Casa, celebrou o Dia do Servidor P\u00fablico com uma manh\u00e3 de integra\u00e7\u00e3o, sa\u00fade e confraterniza\u00e7\u00e3o. [&hellip;]","og_url":"https:\/\/blogdobispo.com.br\/?p=18327","og_site_name":"Blog do Bispo","article_published_time":"2025-10-27T12:44:26+00:00","og_image":[{"width":1273,"height":849,"url":"http:\/\/blogdobispo.com.br\/wp-content\/uploads\/2025\/10\/U5AmP4P1PvjTGncuqEFJs2z55hTypWSVNQxLv2Se.jpg","type":"image\/jpeg"}],"author":"Jefferson Sterfeno","twitter_card":"summary_large_image","twitter_misc":{"Escrito por":"Jefferson Sterfeno","Est. tempo de leitura":"3 minutos"},"schema":{"@context":"https:\/\/schema.org","@graph":[{"@type":"Article","@id":"https:\/\/blogdobispo.com.br\/?p=18327#article","isPartOf":{"@id":"https:\/\/blogdobispo.com.br\/?p=18327"},"author":{"name":"Jefferson Sterfeno","@id":"https:\/\/blogdobispo.com.br\/#\/schema\/person\/e2209cc0e6cea5c5233d033e997b373f"},"headline":"Corrida e Caminhada da ALRN re\u00fane servidores em dia de celebra\u00e7\u00e3o","datePublished":"2025-10-27T12:44:26+00:00","mainEntityOfPage":{"@id":"https:\/\/blogdobispo.com.br\/?p=18327"},"wordCount":471,"commentCount":0,"publisher":{"@id":"https:\/\/blogdobispo.com.br\/#organization"},"image":{"@id":"https:\/\/blogdobispo.com.br\/?p=18327#primaryimage"},"thumbnailUrl":"https:\/\/i0.wp.com\/blogdobispo.com.br\/wp-content\/uploads\/2025\/10\/U5AmP4P1PvjTGncuqEFJs2z55hTypWSVNQxLv2Se.jpg?fit=1273%2C849&ssl=1","articleSection":["diversos"],"inLanguage":"pt-BR","potentialAction":[{"@type":"CommentAction","name":"Comment","target":["https:\/\/blogdobispo.com.br\/?p=18327#respond"]}]},{"@type":"WebPage","@id":"https:\/\/blogdobispo.com.br\/?p=18327","url":"https:\/\/blogdobispo.com.br\/?p=18327","name":"Corrida e Caminhada da ALRN re\u00fane servidores em dia de celebra\u00e7\u00e3o - Blog do Bispo","isPartOf":{"@id":"https:\/\/blogdobispo.com.br\/#website"},"primaryImageOfPage":{"@id":"https:\/\/blogdobispo.com.br\/?p=18327#primaryimage"},"image":{"@id":"https:\/\/blogdobispo.com.br\/?p=18327#primaryimage"},"thumbnailUrl":"https:\/\/i0.wp.com\/blogdobispo.com.br\/wp-content\/uploads\/2025\/10\/U5AmP4P1PvjTGncuqEFJs2z55hTypWSVNQxLv2Se.jpg?fit=1273%2C849&ssl=1","datePublished":"2025-10-27T12:44:26+00:00","breadcrumb":{"@id":"https:\/\/blogdobispo.com.br\/?p=18327#breadcrumb"},"inLanguage":"pt-BR","potentialAction":[{"@type":"ReadAction","target":["https:\/\/blogdobispo.com.br\/?p=18327"]}]},{"@type":"ImageObject","inLanguage":"pt-BR","@id":"https:\/\/blogdobispo.com.br\/?p=18327#primaryimage","url":"https:\/\/i0.wp.com\/blogdobispo.com.br\/wp-content\/uploads\/2025\/10\/U5AmP4P1PvjTGncuqEFJs2z55hTypWSVNQxLv2Se.jpg?fit=1273%2C849&ssl=1","contentUrl":"https:\/\/i0.wp.com\/blogdobispo.com.br\/wp-content\/uploads\/2025\/10\/U5AmP4P1PvjTGncuqEFJs2z55hTypWSVNQxLv2Se.jpg?fit=1273%2C849&ssl=1","width":1273,"height":849},{"@type":"BreadcrumbList","@id":"https:\/\/blogdobispo.com.br\/?p=18327#breadcrumb","itemListElement":[{"@type":"ListItem","position":1,"name":"In\u00edcio","item":"https:\/\/blogdobispo.com.br\/"},{"@type":"ListItem","position":2,"name":"Corrida e Caminhada da ALRN re\u00fane servidores em dia de celebra\u00e7\u00e3o"}]},{"@type":"WebSite","@id":"https:\/\/blogdobispo.com.br\/#website","url":"https:\/\/blogdobispo.com.br\/","name":"Blog do Bispo","description":"Comprometido apenas com o leitor","publisher":{"@id":"https:\/\/blogdobispo.com.br\/#organization"},"potentialAction":[{"@type":"SearchAction","target":{"@type":"EntryPoint","urlTemplate":"https:\/\/blogdobispo.com.br\/?s={search_term_string}"},"query-input":{"@type":"PropertyValueSpecification","valueRequired":true,"valueName":"search_term_string"}}],"inLanguage":"pt-BR"},{"@type":"Organization","@id":"https:\/\/blogdobispo.com.br\/#organization","name":"Blog do Bispo","url":"https:\/\/blogdobispo.com.br\/","logo":{"@type":"ImageObject","inLanguage":"pt-BR","@id":"https:\/\/blogdobispo.com.br\/#\/schema\/logo\/image\/","url":"http:\/\/blogdobispo.com.br\/wp-content\/uploads\/2023\/05\/cropped-headear.png","contentUrl":"http:\/\/blogdobispo.com.br\/wp-content\/uploads\/2023\/05\/cropped-headear.png","width":1500,"height":399,"caption":"Blog do Bispo"},"image":{"@id":"https:\/\/blogdobispo.com.br\/#\/schema\/logo\/image\/"}},{"@type":"Person","@id":"https:\/\/blogdobispo.com.br\/#\/schema\/person\/e2209cc0e6cea5c5233d033e997b373f","name":"Jefferson Sterfeno","image":{"@type":"ImageObject","inLanguage":"pt-BR","@id":"https:\/\/blogdobispo.com.br\/#\/schema\/person\/image\/","url":"https:\/\/secure.gravatar.com\/avatar\/0534e84764641168a677026b6d57a3f51dc7ac4db0b4f6186d9cb330d4ee1160?s=96&d=mm&r=g","contentUrl":"https:\/\/secure.gravatar.com\/avatar\/0534e84764641168a677026b6d57a3f51dc7ac4db0b4f6186d9cb330d4ee1160?s=96&d=mm&r=g","caption":"Jefferson Sterfeno"},"sameAs":["http:\/\/blogdobispo.com.br"],"url":"https:\/\/blogdobispo.com.br\/?author=1"}]}},"featured_image_urls":{"full":["https:\/\/i0.wp.com\/blogdobispo.com.br\/wp-content\/uploads\/2025\/10\/U5AmP4P1PvjTGncuqEFJs2z55hTypWSVNQxLv2Se.jpg?fit=1273%2C849&ssl=1",1273,849,false],"thumbnail":["https:\/\/i0.wp.com\/blogdobispo.com.br\/wp-content\/uploads\/2025\/10\/U5AmP4P1PvjTGncuqEFJs2z55hTypWSVNQxLv2Se.jpg?resize=150%2C150&ssl=1",150,150,true],"medium":["https:\/\/i0.wp.com\/blogdobispo.com.br\/wp-content\/uploads\/2025\/10\/U5AmP4P1PvjTGncuqEFJs2z55hTypWSVNQxLv2Se.jpg?fit=300%2C200&ssl=1",300,200,true],"medium_large":["https:\/\/i0.wp.com\/blogdobispo.com.br\/wp-content\/uploads\/2025\/10\/U5AmP4P1PvjTGncuqEFJs2z55hTypWSVNQxLv2Se.jpg?fit=768%2C512&ssl=1",768,512,true],"large":["https:\/\/i0.wp.com\/blogdobispo.com.br\/wp-content\/uploads\/2025\/10\/U5AmP4P1PvjTGncuqEFJs2z55hTypWSVNQxLv2Se.jpg?fit=800%2C534&ssl=1",800,534,true],"1536x1536":["https:\/\/i0.wp.com\/blogdobispo.com.br\/wp-content\/uploads\/2025\/10\/U5AmP4P1PvjTGncuqEFJs2z55hTypWSVNQxLv2Se.jpg?fit=1273%2C849&ssl=1",1273,849,true],"2048x2048":["https:\/\/i0.wp.com\/blogdobispo.com.br\/wp-content\/uploads\/2025\/10\/U5AmP4P1PvjTGncuqEFJs2z55hTypWSVNQxLv2Se.jpg?fit=1273%2C849&ssl=1",1273,849,true]},"author_info":{"display_name":"Jefferson Sterfeno","author_link":"https:\/\/blogdobispo.com.br\/?author=1"},"category_info":"<a href=\"https:\/\/blogdobispo.com.br\/?cat=1\" rel=\"category\">diversos<\/a>","tag_info":"diversos","comment_count":"0","jetpack_featured_media_url":"https:\/\/i0.wp.com\/blogdobispo.com.br\/wp-content\/uploads\/2025\/10\/U5AmP4P1PvjTGncuqEFJs2z55hTypWSVNQxLv2Se.jpg?fit=1273%2C849&ssl=1","jetpack_sharing_enabled":true,"_links":{"self":[{"href":"https:\/\/blogdobispo.com.br\/index.php?rest_route=\/wp\/v2\/posts\/18327","targetHints":{"allow":["GET"]}}],"collection":[{"href":"https:\/\/blogdobispo.com.br\/index.php?rest_route=\/wp\/v2\/posts"}],"about":[{"href":"https:\/\/blogdobispo.com.br\/index.php?rest_route=\/wp\/v2\/types\/post"}],"author":[{"embeddable":true,"href":"https:\/\/blogdobispo.com.br\/index.php?rest_route=\/wp\/v2\/users\/1"}],"replies":[{"embeddable":true,"href":"https:\/\/blogdobispo.com.br\/index.php?rest_route=%2Fwp%2Fv2%2Fcomments&post=18327"}],"version-history":[{"count":1,"href":"https:\/\/blogdobispo.com.br\/index.php?rest_route=\/wp\/v2\/posts\/18327\/revisions"}],"predecessor-version":[{"id":18329,"href":"https:\/\/blogdobispo.com.br\/index.php?rest_route=\/wp\/v2\/posts\/18327\/revisions\/18329"}],"wp:featuredmedia":[{"embeddable":true,"href":"https:\/\/blogdobispo.com.br\/index.php?rest_route=\/wp\/v2\/media\/18328"}],"wp:attachment":[{"href":"https:\/\/blogdobispo.com.br\/index.php?rest_route=%2Fwp%2Fv2%2Fmedia&parent=18327"}],"wp:term":[{"taxonomy":"category","embeddable":true,"href":"https:\/\/blogdobispo.com.br\/index.php?rest_route=%2Fwp%2Fv2%2Fcategories&post=18327"},{"taxonomy":"post_tag","embeddable":true,"href":"https:\/\/blogdobispo.com.br\/index.php?rest_route=%2Fwp%2Fv2%2Ftags&post=18327"}],"curies":[{"name":"wp","href":"https:\/\/api.w.org\/{rel}","templated":true}]}}