{"id":1826,"date":"2023-09-28T21:22:32","date_gmt":"2023-09-28T21:22:32","guid":{"rendered":"https:\/\/blogdobispo.com.br\/?p=1826"},"modified":"2023-09-28T21:22:32","modified_gmt":"2023-09-28T21:22:32","slug":"com-bloco-independente-diminui-base-do-governo-fatima-na-alrn","status":"publish","type":"post","link":"https:\/\/blogdobispo.com.br\/?p=1826","title":{"rendered":"Com bloco independente, diminui base do governo F\u00e1tima na ALRN"},"content":{"rendered":"\n<figure class=\"wp-block-image size-large\"><img data-recalc-dims=\"1\" fetchpriority=\"high\" decoding=\"async\" width=\"300\" height=\"169\" src=\"https:\/\/i0.wp.com\/blogdobispo.com.br\/wp-content\/uploads\/2023\/09\/img_3096-1-300x169.jpg?resize=300%2C169&#038;ssl=1\" class=\"wp-image-1825\" srcset=\"https:\/\/i0.wp.com\/blogdobispo.com.br\/wp-content\/uploads\/2023\/09\/img_3096-1.jpg?resize=300%2C169&amp;ssl=1 300w, https:\/\/i0.wp.com\/blogdobispo.com.br\/wp-content\/uploads\/2023\/09\/img_3096-1.jpg?w=640&amp;ssl=1 640w\" sizes=\"(max-width: 300px) 100vw, 300px\" \/><\/figure>\n\n\n\n<p>A forma\u00e7\u00e3o de um bloco parlamentar independente desfalca a base da governadora F\u00e1tima Bezerra (PT) na Assembleia Legislativa, que deixa de ser maioria em plen\u00e1rio, caindo de 14 para 10 deputados, para 11 governistas, 9 opositores e 4 independentes. O novo bloco \u00e9 integrado pelos deputados Ivanilson Oliveira (Uni\u00e3o Brasil), Dr. Kerginaldo e Galeno Torquato (PSDB) e&nbsp;<strong>Terezinha Maia (PL)<\/strong>, que deixam de apoiar o governo em fun\u00e7\u00e3o do desgaste pol\u00edtico ocasionado, sobretudo, por falta de compromisso com as demandas municipais nas \u00e1reas de sa\u00fade, educa\u00e7\u00e3o, seguran\u00e7a e infraestrutura. Galeno j\u00e1 se declarava de oposi\u00e7\u00e3o.<\/p>\n\n\n\n<p>Com mais peso pol\u00edtico, a bancada de oposi\u00e7\u00e3o continua com nove deputados, mas acrescidos dos votos dos quatro deputados independentes, tornam-se o fiel da balan\u00e7a na delibera\u00e7\u00e3o de mat\u00e9rias que dependem do quorum qualificado de 2\/3 ou de maioria absoluta (metade + 1) dos 24 votos da Assembleia e que sejam de interesse do Executivo.<\/p>\n\n\n\n<p>Blocos parlamentares no legislativo estadual<\/p>\n\n\n\n<p>Bloco independente<\/p>\n\n\n\n<p>Deputada Teresinha Maia (PL)<br \/>Deputado Galeno Torquato (PSDB)<br \/>Deputado Dr. Kerginaldo (PSDB)<br \/>Deputado Ivanilson Oliveira (Uni\u00e3o)<\/p>\n\n\n\n<p>Bloco de oposi\u00e7\u00e3o<\/p>\n\n\n\n<p>Deputado Adjuto Dias (MDB)<br \/>Deputado Coronel Azevedo (PL)<br \/>Deputada Cristiane Dantas (SDD)<br \/>Deputado Gustavo Carvalho (PSDB)<br \/>Deputado Jos\u00e9 Dias (PSDB)<br \/>Deputado Nelter Queiroz (PSDB)<br \/>Deputado Tomba Farias (PSDB)<br \/>Deputado Luiz Eduardo (SDD)<br \/>Deputado Rosano Taveira (Uni\u00e3o)<\/p>\n\n\n\n<p>Bloco do governo<\/p>\n\n\n\n<p>Deputada Divaneide Bas\u00edlio (PT)<br \/>Deputado Francisco do (PT)<br \/>Deputada Isolda Dantas (PT)<br \/>Deputado Dr. Bernardo (PSDB)<br \/>Deputado Ezequiel Ferreira (PSDB)<br \/>Deputado Kleber Rodrigues (PSDB)<br \/>Deputado Ubaldo Fernandes (PSDB)<br \/>Deputada Eudiane Macedo (PV)<br \/>Deputado George Soares (PV)<br \/>Deputado Hermano Morais (PV)<br \/>Deputado Neilton (PL)<\/p>\n\n\n\n<p><strong>Blog do BG<\/strong><\/p>\n\n\n\n<p><\/p>\n","protected":false},"excerpt":{"rendered":"<p>A forma\u00e7\u00e3o de um bloco parlamentar independente desfalca a base da governadora F\u00e1tima Bezerra (PT) na Assembleia Legislativa, que deixa de ser maioria em plen\u00e1rio, caindo de 14 para 10 deputados, para 11 governistas, 9 opositores e 4 independentes. O novo bloco \u00e9 integrado pelos deputados Ivanilson Oliveira (Uni\u00e3o Brasil), Dr. Kerginaldo e Galeno Torquato [&hellip;]<\/p>\n","protected":false},"author":1,"featured_media":0,"comment_status":"open","ping_status":"open","sticky":false,"template":"","format":"standard","meta":{"cybocfi_hide_featured_image":"","_jetpack_memberships_contains_paid_content":false,"footnotes":""},"categories":[1],"tags":[],"class_list":["post-1826","post","type-post","status-publish","format-standard","hentry","category-diversos"],"yoast_head":"<!-- This site is optimized with the Yoast SEO plugin v25.6 - https:\/\/yoast.com\/wordpress\/plugins\/seo\/ -->\n<title>Com bloco independente, diminui base do governo F\u00e1tima na ALRN - Blog do Bispo<\/title>\n<meta name=\"robots\" content=\"index, follow, max-snippet:-1, max-image-preview:large, max-video-preview:-1\" \/>\n<link rel=\"canonical\" href=\"https:\/\/blogdobispo.com.br\/?p=1826\" \/>\n<meta property=\"og:locale\" content=\"pt_BR\" \/>\n<meta property=\"og:type\" content=\"article\" \/>\n<meta property=\"og:title\" content=\"Com bloco independente, diminui base do governo F\u00e1tima na ALRN - Blog do Bispo\" \/>\n<meta property=\"og:description\" content=\"A forma\u00e7\u00e3o de um bloco parlamentar independente desfalca a base da governadora F\u00e1tima Bezerra (PT) na Assembleia Legislativa, que deixa de ser maioria em plen\u00e1rio, caindo de 14 para 10 deputados, para 11 governistas, 9 opositores e 4 independentes. O novo bloco \u00e9 integrado pelos deputados Ivanilson Oliveira (Uni\u00e3o Brasil), Dr. Kerginaldo e Galeno Torquato [&hellip;]\" \/>\n<meta property=\"og:url\" content=\"https:\/\/blogdobispo.com.br\/?p=1826\" \/>\n<meta property=\"og:site_name\" content=\"Blog do Bispo\" \/>\n<meta property=\"article:published_time\" content=\"2023-09-28T21:22:32+00:00\" \/>\n<meta property=\"og:image\" content=\"https:\/\/blogdobispo.com.br\/wp-content\/uploads\/2023\/09\/img_3096-1-300x169.jpg\" \/>\n<meta name=\"author\" content=\"Jefferson Sterfeno\" \/>\n<meta name=\"twitter:card\" content=\"summary_large_image\" \/>\n<meta name=\"twitter:label1\" content=\"Escrito por\" \/>\n\t<meta name=\"twitter:data1\" content=\"Jefferson Sterfeno\" \/>\n\t<meta name=\"twitter:label2\" content=\"Est. tempo de leitura\" \/>\n\t<meta name=\"twitter:data2\" content=\"1 minuto\" \/>\n<script type=\"application\/ld+json\" class=\"yoast-schema-graph\">{\"@context\":\"https:\/\/schema.org\",\"@graph\":[{\"@type\":\"Article\",\"@id\":\"https:\/\/blogdobispo.com.br\/?p=1826#article\",\"isPartOf\":{\"@id\":\"https:\/\/blogdobispo.com.br\/?p=1826\"},\"author\":{\"name\":\"Jefferson Sterfeno\",\"@id\":\"https:\/\/blogdobispo.com.br\/#\/schema\/person\/e2209cc0e6cea5c5233d033e997b373f\"},\"headline\":\"Com bloco independente, diminui base do governo F\u00e1tima na ALRN\",\"datePublished\":\"2023-09-28T21:22:32+00:00\",\"mainEntityOfPage\":{\"@id\":\"https:\/\/blogdobispo.com.br\/?p=1826\"},\"wordCount\":282,\"commentCount\":0,\"publisher\":{\"@id\":\"https:\/\/blogdobispo.com.br\/#organization\"},\"image\":{\"@id\":\"https:\/\/blogdobispo.com.br\/?p=1826#primaryimage\"},\"thumbnailUrl\":\"https:\/\/blogdobispo.com.br\/wp-content\/uploads\/2023\/09\/img_3096-1-300x169.jpg\",\"articleSection\":[\"diversos\"],\"inLanguage\":\"pt-BR\",\"potentialAction\":[{\"@type\":\"CommentAction\",\"name\":\"Comment\",\"target\":[\"https:\/\/blogdobispo.com.br\/?p=1826#respond\"]}]},{\"@type\":\"WebPage\",\"@id\":\"https:\/\/blogdobispo.com.br\/?p=1826\",\"url\":\"https:\/\/blogdobispo.com.br\/?p=1826\",\"name\":\"Com bloco independente, diminui base do governo F\u00e1tima na ALRN - Blog do Bispo\",\"isPartOf\":{\"@id\":\"https:\/\/blogdobispo.com.br\/#website\"},\"primaryImageOfPage\":{\"@id\":\"https:\/\/blogdobispo.com.br\/?p=1826#primaryimage\"},\"image\":{\"@id\":\"https:\/\/blogdobispo.com.br\/?p=1826#primaryimage\"},\"thumbnailUrl\":\"https:\/\/blogdobispo.com.br\/wp-content\/uploads\/2023\/09\/img_3096-1-300x169.jpg\",\"datePublished\":\"2023-09-28T21:22:32+00:00\",\"breadcrumb\":{\"@id\":\"https:\/\/blogdobispo.com.br\/?p=1826#breadcrumb\"},\"inLanguage\":\"pt-BR\",\"potentialAction\":[{\"@type\":\"ReadAction\",\"target\":[\"https:\/\/blogdobispo.com.br\/?p=1826\"]}]},{\"@type\":\"ImageObject\",\"inLanguage\":\"pt-BR\",\"@id\":\"https:\/\/blogdobispo.com.br\/?p=1826#primaryimage\",\"url\":\"https:\/\/blogdobispo.com.br\/wp-content\/uploads\/2023\/09\/img_3096-1-300x169.jpg\",\"contentUrl\":\"https:\/\/blogdobispo.com.br\/wp-content\/uploads\/2023\/09\/img_3096-1-300x169.jpg\"},{\"@type\":\"BreadcrumbList\",\"@id\":\"https:\/\/blogdobispo.com.br\/?p=1826#breadcrumb\",\"itemListElement\":[{\"@type\":\"ListItem\",\"position\":1,\"name\":\"In\u00edcio\",\"item\":\"https:\/\/blogdobispo.com.br\/\"},{\"@type\":\"ListItem\",\"position\":2,\"name\":\"Com bloco independente, diminui base do governo F\u00e1tima na ALRN\"}]},{\"@type\":\"WebSite\",\"@id\":\"https:\/\/blogdobispo.com.br\/#website\",\"url\":\"https:\/\/blogdobispo.com.br\/\",\"name\":\"Blog do Bispo\",\"description\":\"Comprometido apenas com o leitor\",\"publisher\":{\"@id\":\"https:\/\/blogdobispo.com.br\/#organization\"},\"potentialAction\":[{\"@type\":\"SearchAction\",\"target\":{\"@type\":\"EntryPoint\",\"urlTemplate\":\"https:\/\/blogdobispo.com.br\/?s={search_term_string}\"},\"query-input\":{\"@type\":\"PropertyValueSpecification\",\"valueRequired\":true,\"valueName\":\"search_term_string\"}}],\"inLanguage\":\"pt-BR\"},{\"@type\":\"Organization\",\"@id\":\"https:\/\/blogdobispo.com.br\/#organization\",\"name\":\"Blog do Bispo\",\"url\":\"https:\/\/blogdobispo.com.br\/\",\"logo\":{\"@type\":\"ImageObject\",\"inLanguage\":\"pt-BR\",\"@id\":\"https:\/\/blogdobispo.com.br\/#\/schema\/logo\/image\/\",\"url\":\"http:\/\/blogdobispo.com.br\/wp-content\/uploads\/2023\/05\/cropped-headear.png\",\"contentUrl\":\"http:\/\/blogdobispo.com.br\/wp-content\/uploads\/2023\/05\/cropped-headear.png\",\"width\":1500,\"height\":399,\"caption\":\"Blog do Bispo\"},\"image\":{\"@id\":\"https:\/\/blogdobispo.com.br\/#\/schema\/logo\/image\/\"}},{\"@type\":\"Person\",\"@id\":\"https:\/\/blogdobispo.com.br\/#\/schema\/person\/e2209cc0e6cea5c5233d033e997b373f\",\"name\":\"Jefferson Sterfeno\",\"image\":{\"@type\":\"ImageObject\",\"inLanguage\":\"pt-BR\",\"@id\":\"https:\/\/blogdobispo.com.br\/#\/schema\/person\/image\/\",\"url\":\"https:\/\/secure.gravatar.com\/avatar\/0534e84764641168a677026b6d57a3f51dc7ac4db0b4f6186d9cb330d4ee1160?s=96&d=mm&r=g\",\"contentUrl\":\"https:\/\/secure.gravatar.com\/avatar\/0534e84764641168a677026b6d57a3f51dc7ac4db0b4f6186d9cb330d4ee1160?s=96&d=mm&r=g\",\"caption\":\"Jefferson Sterfeno\"},\"sameAs\":[\"http:\/\/blogdobispo.com.br\"],\"url\":\"https:\/\/blogdobispo.com.br\/?author=1\"}]}<\/script>\n<!-- \/ Yoast SEO plugin. -->","yoast_head_json":{"title":"Com bloco independente, diminui base do governo F\u00e1tima na ALRN - Blog do Bispo","robots":{"index":"index","follow":"follow","max-snippet":"max-snippet:-1","max-image-preview":"max-image-preview:large","max-video-preview":"max-video-preview:-1"},"canonical":"https:\/\/blogdobispo.com.br\/?p=1826","og_locale":"pt_BR","og_type":"article","og_title":"Com bloco independente, diminui base do governo F\u00e1tima na ALRN - Blog do Bispo","og_description":"A forma\u00e7\u00e3o de um bloco parlamentar independente desfalca a base da governadora F\u00e1tima Bezerra (PT) na Assembleia Legislativa, que deixa de ser maioria em plen\u00e1rio, caindo de 14 para 10 deputados, para 11 governistas, 9 opositores e 4 independentes. O novo bloco \u00e9 integrado pelos deputados Ivanilson Oliveira (Uni\u00e3o Brasil), Dr. Kerginaldo e Galeno Torquato [&hellip;]","og_url":"https:\/\/blogdobispo.com.br\/?p=1826","og_site_name":"Blog do Bispo","article_published_time":"2023-09-28T21:22:32+00:00","og_image":[{"url":"https:\/\/blogdobispo.com.br\/wp-content\/uploads\/2023\/09\/img_3096-1-300x169.jpg","type":"","width":"","height":""}],"author":"Jefferson Sterfeno","twitter_card":"summary_large_image","twitter_misc":{"Escrito por":"Jefferson Sterfeno","Est. tempo de leitura":"1 minuto"},"schema":{"@context":"https:\/\/schema.org","@graph":[{"@type":"Article","@id":"https:\/\/blogdobispo.com.br\/?p=1826#article","isPartOf":{"@id":"https:\/\/blogdobispo.com.br\/?p=1826"},"author":{"name":"Jefferson Sterfeno","@id":"https:\/\/blogdobispo.com.br\/#\/schema\/person\/e2209cc0e6cea5c5233d033e997b373f"},"headline":"Com bloco independente, diminui base do governo F\u00e1tima na ALRN","datePublished":"2023-09-28T21:22:32+00:00","mainEntityOfPage":{"@id":"https:\/\/blogdobispo.com.br\/?p=1826"},"wordCount":282,"commentCount":0,"publisher":{"@id":"https:\/\/blogdobispo.com.br\/#organization"},"image":{"@id":"https:\/\/blogdobispo.com.br\/?p=1826#primaryimage"},"thumbnailUrl":"https:\/\/blogdobispo.com.br\/wp-content\/uploads\/2023\/09\/img_3096-1-300x169.jpg","articleSection":["diversos"],"inLanguage":"pt-BR","potentialAction":[{"@type":"CommentAction","name":"Comment","target":["https:\/\/blogdobispo.com.br\/?p=1826#respond"]}]},{"@type":"WebPage","@id":"https:\/\/blogdobispo.com.br\/?p=1826","url":"https:\/\/blogdobispo.com.br\/?p=1826","name":"Com bloco independente, diminui base do governo F\u00e1tima na ALRN - Blog do Bispo","isPartOf":{"@id":"https:\/\/blogdobispo.com.br\/#website"},"primaryImageOfPage":{"@id":"https:\/\/blogdobispo.com.br\/?p=1826#primaryimage"},"image":{"@id":"https:\/\/blogdobispo.com.br\/?p=1826#primaryimage"},"thumbnailUrl":"https:\/\/blogdobispo.com.br\/wp-content\/uploads\/2023\/09\/img_3096-1-300x169.jpg","datePublished":"2023-09-28T21:22:32+00:00","breadcrumb":{"@id":"https:\/\/blogdobispo.com.br\/?p=1826#breadcrumb"},"inLanguage":"pt-BR","potentialAction":[{"@type":"ReadAction","target":["https:\/\/blogdobispo.com.br\/?p=1826"]}]},{"@type":"ImageObject","inLanguage":"pt-BR","@id":"https:\/\/blogdobispo.com.br\/?p=1826#primaryimage","url":"https:\/\/blogdobispo.com.br\/wp-content\/uploads\/2023\/09\/img_3096-1-300x169.jpg","contentUrl":"https:\/\/blogdobispo.com.br\/wp-content\/uploads\/2023\/09\/img_3096-1-300x169.jpg"},{"@type":"BreadcrumbList","@id":"https:\/\/blogdobispo.com.br\/?p=1826#breadcrumb","itemListElement":[{"@type":"ListItem","position":1,"name":"In\u00edcio","item":"https:\/\/blogdobispo.com.br\/"},{"@type":"ListItem","position":2,"name":"Com bloco independente, diminui base do governo F\u00e1tima na ALRN"}]},{"@type":"WebSite","@id":"https:\/\/blogdobispo.com.br\/#website","url":"https:\/\/blogdobispo.com.br\/","name":"Blog do Bispo","description":"Comprometido apenas com o leitor","publisher":{"@id":"https:\/\/blogdobispo.com.br\/#organization"},"potentialAction":[{"@type":"SearchAction","target":{"@type":"EntryPoint","urlTemplate":"https:\/\/blogdobispo.com.br\/?s={search_term_string}"},"query-input":{"@type":"PropertyValueSpecification","valueRequired":true,"valueName":"search_term_string"}}],"inLanguage":"pt-BR"},{"@type":"Organization","@id":"https:\/\/blogdobispo.com.br\/#organization","name":"Blog do Bispo","url":"https:\/\/blogdobispo.com.br\/","logo":{"@type":"ImageObject","inLanguage":"pt-BR","@id":"https:\/\/blogdobispo.com.br\/#\/schema\/logo\/image\/","url":"http:\/\/blogdobispo.com.br\/wp-content\/uploads\/2023\/05\/cropped-headear.png","contentUrl":"http:\/\/blogdobispo.com.br\/wp-content\/uploads\/2023\/05\/cropped-headear.png","width":1500,"height":399,"caption":"Blog do Bispo"},"image":{"@id":"https:\/\/blogdobispo.com.br\/#\/schema\/logo\/image\/"}},{"@type":"Person","@id":"https:\/\/blogdobispo.com.br\/#\/schema\/person\/e2209cc0e6cea5c5233d033e997b373f","name":"Jefferson Sterfeno","image":{"@type":"ImageObject","inLanguage":"pt-BR","@id":"https:\/\/blogdobispo.com.br\/#\/schema\/person\/image\/","url":"https:\/\/secure.gravatar.com\/avatar\/0534e84764641168a677026b6d57a3f51dc7ac4db0b4f6186d9cb330d4ee1160?s=96&d=mm&r=g","contentUrl":"https:\/\/secure.gravatar.com\/avatar\/0534e84764641168a677026b6d57a3f51dc7ac4db0b4f6186d9cb330d4ee1160?s=96&d=mm&r=g","caption":"Jefferson Sterfeno"},"sameAs":["http:\/\/blogdobispo.com.br"],"url":"https:\/\/blogdobispo.com.br\/?author=1"}]}},"featured_image_urls":{"full":"","thumbnail":"","medium":"","medium_large":"","large":"","1536x1536":"","2048x2048":""},"author_info":{"display_name":"Jefferson Sterfeno","author_link":"https:\/\/blogdobispo.com.br\/?author=1"},"category_info":"<a href=\"https:\/\/blogdobispo.com.br\/?cat=1\" rel=\"category\">diversos<\/a>","tag_info":"diversos","comment_count":"0","jetpack_featured_media_url":"","jetpack_sharing_enabled":true,"_links":{"self":[{"href":"https:\/\/blogdobispo.com.br\/index.php?rest_route=\/wp\/v2\/posts\/1826","targetHints":{"allow":["GET"]}}],"collection":[{"href":"https:\/\/blogdobispo.com.br\/index.php?rest_route=\/wp\/v2\/posts"}],"about":[{"href":"https:\/\/blogdobispo.com.br\/index.php?rest_route=\/wp\/v2\/types\/post"}],"author":[{"embeddable":true,"href":"https:\/\/blogdobispo.com.br\/index.php?rest_route=\/wp\/v2\/users\/1"}],"replies":[{"embeddable":true,"href":"https:\/\/blogdobispo.com.br\/index.php?rest_route=%2Fwp%2Fv2%2Fcomments&post=1826"}],"version-history":[{"count":0,"href":"https:\/\/blogdobispo.com.br\/index.php?rest_route=\/wp\/v2\/posts\/1826\/revisions"}],"wp:attachment":[{"href":"https:\/\/blogdobispo.com.br\/index.php?rest_route=%2Fwp%2Fv2%2Fmedia&parent=1826"}],"wp:term":[{"taxonomy":"category","embeddable":true,"href":"https:\/\/blogdobispo.com.br\/index.php?rest_route=%2Fwp%2Fv2%2Fcategories&post=1826"},{"taxonomy":"post_tag","embeddable":true,"href":"https:\/\/blogdobispo.com.br\/index.php?rest_route=%2Fwp%2Fv2%2Ftags&post=1826"}],"curies":[{"name":"wp","href":"https:\/\/api.w.org\/{rel}","templated":true}]}}