{"id":1821,"date":"2023-09-28T02:30:36","date_gmt":"2023-09-28T02:30:36","guid":{"rendered":"https:\/\/blogdobispo.com.br\/?p=1821"},"modified":"2023-09-28T02:30:36","modified_gmt":"2023-09-28T02:30:36","slug":"eleicao-para-conselho-tutelar-acontece-neste-domingo-em-natal","status":"publish","type":"post","link":"https:\/\/blogdobispo.com.br\/?p=1821","title":{"rendered":"Elei\u00e7\u00e3o para Conselho Tutelar acontece neste Domingo em Natal"},"content":{"rendered":"\n<p>A elei\u00e7\u00e3o para os 20 novos conselheiros tutelares de Natal ser\u00e1 realizada no pr\u00f3ximo domingo (1\u00b0\/10), sendo eleitos cinco conselheiros para cada conselho tutelar correspondente \u00e0s quatro regi\u00f5es administrativas de Natal. O mandato de cada conselheiro tem a dura\u00e7\u00e3o de quatro anos (2024\/2027). A posse est\u00e1 marcada para o dia 10 de janeiro de 2024. O Conselho Municipal da Crian\u00e7a e do Adolescente (Comdica) \u00e9 o respons\u00e1vel, junto com a Prefeitura de Natal, pela organiza\u00e7\u00e3o do processo de escolha dos novos conselheiros. <\/p>\n\n\n\n<p>A elei\u00e7\u00e3o ser\u00e1 realizada de 8h \u00e0s 17h. Ser\u00e3o 212 urnas em 35 locais de vota\u00e7\u00e3o, sendo 70 urnas na zona Norte, 56 urnas na zona sul, 36 urnas na zona Leste e 50 urnas na zona Norte. Os eleitores&nbsp;&nbsp;podem consultar o local&nbsp;&nbsp;de vota\u00e7\u00e3o pelo n\u00famero de WhatsApp (84) 3654.5050 e precisam levar a seguinte documenta\u00e7\u00e3o para votar: via digital do t\u00edtulo de eleitor (e-t\u00edtulo), desde que haja cadastro com fotografia; carteira de identidade, passaporte ou outro documento oficial com foto de valor legal equivalente, desde que poss\u00edvel comprovar a identidade do eleitor; carteira de reservista; carteira de trabalho e carteira nacional de habilita\u00e7\u00e3o.&nbsp;<\/p>\n\n\n\n<p>O presidente da Comiss\u00e3o Especial do Processo de Escolha, Cristiano Manoel, ilustra que o conselho tutelar se caracteriza como um espa\u00e7o importante e leg\u00edtimo da comunidade, que, por meio de seus representantes, atende \u00e0s crian\u00e7as, adolescentes e fam\u00edlias, objetivando o cumprimento dos seus direitos e, por isso, precisa que o voto seja respons\u00e1vel.&nbsp;<\/p>\n\n\n\n<p>\u201cChegou a hora da campanha eleitoral para o processo de escolha. Os conselheiros tutelares s\u00e3o acionadores de toda a rede de prote\u00e7\u00e3o. Portanto, \u00e9 importante uma escolha respons\u00e1vel. No dia 01 de outubro, \u00e9 bom lembrar, o eleitor poder\u00e1 votar em apenas um candidato e tem de estar com o t\u00edtulo regularizado at\u00e9 30 de junho de 2023, e para o dia da vota\u00e7\u00e3o pode votar com qualquer documento de identifica\u00e7\u00e3o com foto\u201d, refor\u00e7a&nbsp;&nbsp;Cristiano Manoel.&nbsp;<\/p>\n\n\n\n<p>S\u00e3o 72 candidatos que est\u00e3o em campanha desde o dia 1\u00b0 de setembro, indo at\u00e9 o dia 29 deste m\u00eas. E, desse contingente, ser\u00e3o escolhidos 20 membros titulares. Os suplentes ser\u00e3o nomeados para poss\u00edvel convoca\u00e7\u00e3o por necessidade de substitui\u00e7\u00e3o dos titulares. Logo ap\u00f3s a elei\u00e7\u00e3o, os escolhidos passar\u00e3o por um curso de forma\u00e7\u00e3o com frequ\u00eancia obrigat\u00f3ria, carga hor\u00e1ria m\u00ednima de 40 (quarenta) horas e presen\u00e7a m\u00ednima de 85% (oitenta e cinco por cento).&nbsp;<\/p>\n\n\n\n<p><strong>Log\u00edstica<\/strong><\/p>\n\n\n\n<p>Para que tudo ocorra dentro do esperado, o Comdica criou um grupo de apoio, com o aux\u00edlio da Prefeitura, que inclui a participa\u00e7\u00e3o de diversas secretarias municipais com apoio log\u00edstico e infraestrutura. A Prefeitura disponibilizar\u00e1 transporte, alimenta\u00e7\u00e3o e 600 servidores para atuarem na elei\u00e7\u00e3o como mes\u00e1rios no processo eleitoral.&nbsp;<\/p>\n\n\n\n<p>Afora isso, haver\u00e1, ainda, o apoio da Guarda Municipal de Natal, da STTU, Sempla, Secom e da Secretaria de Educa\u00e7\u00e3o, que cedeu 29 escolas como locais de vota\u00e7\u00e3o. Outro apoio importante \u00e9 o da Procuradoria Geral do Munic\u00edpio (PGM), que prestar\u00e1 apoio jur\u00eddico ao pleito. Toda a log\u00edstica est\u00e1 sendo articulada pela Secretaria Municipal de Governo. Praticamente, todas as secretarias municipais est\u00e3o contribuindo com a elei\u00e7\u00e3o. \u00c9 bom frisar que a elei\u00e7\u00e3o ser\u00e1 fiscalizada pelo Minist\u00e9rio P\u00fablico da Inf\u00e2ncia e da Juventude.&nbsp;<\/p>\n\n\n\n<p><strong>Atribui\u00e7\u00f5es<\/strong><\/p>\n\n\n\n<p>De acordo com o Estatuto da Crian\u00e7a e do Adolescente, s\u00e3o&nbsp;atribui\u00e7\u00f5es do conselho tutelar&nbsp;e, portanto, dos membros que o comp\u00f5em, atender crian\u00e7as e adolescentes com direitos violados ou amea\u00e7ados. Al\u00e9m disso, o&nbsp;conselheiro tutelar&nbsp;\u00e9 respons\u00e1vel por promover o encaminhamento de situa\u00e7\u00f5es aos pais ou respons\u00e1veis, mediante termo de responsabilidade.&nbsp;<\/p>\n\n\n\n<p>Os conselheiros tamb\u00e9m realizam a\u00e7\u00f5es preventivas, fiscalizando entidades e mobilizando a comunidade para a promo\u00e7\u00e3o e prote\u00e7\u00e3o dos direitos de crian\u00e7as e adolescentes.  Exercem, ainda, as fun\u00e7\u00f5es de escutar, orientar, aconselhar, encaminhar e acompanhar os casos. Aplica as medidas protetivas pertinentes a cada caso e faz requisi\u00e7\u00f5es de servi\u00e7os necess\u00e1rios \u00e0 efetiva\u00e7\u00e3o do atendimento adequado.<\/p>\n\n\n\n<figure class=\"wp-block-image size-large\"><img data-recalc-dims=\"1\" fetchpriority=\"high\" decoding=\"async\" width=\"800\" height=\"569\" src=\"https:\/\/i0.wp.com\/blogdobispo.com.br\/wp-content\/uploads\/2023\/09\/img_3070-1.png?resize=800%2C569&#038;ssl=1\" class=\"wp-image-1820\" srcset=\"https:\/\/i0.wp.com\/blogdobispo.com.br\/wp-content\/uploads\/2023\/09\/img_3070-1.png?w=1024&amp;ssl=1 1024w, https:\/\/i0.wp.com\/blogdobispo.com.br\/wp-content\/uploads\/2023\/09\/img_3070-1.png?resize=300%2C213&amp;ssl=1 300w, https:\/\/i0.wp.com\/blogdobispo.com.br\/wp-content\/uploads\/2023\/09\/img_3070-1.png?resize=768%2C546&amp;ssl=1 768w\" sizes=\"(max-width: 800px) 100vw, 800px\" \/><\/figure>\n\n\n\n<p><\/p>\n","protected":false},"excerpt":{"rendered":"<p>A elei\u00e7\u00e3o para os 20 novos conselheiros tutelares de Natal ser\u00e1 realizada no pr\u00f3ximo domingo (1\u00b0\/10), sendo eleitos cinco conselheiros para cada conselho tutelar correspondente \u00e0s quatro regi\u00f5es administrativas de Natal. O mandato de cada conselheiro tem a dura\u00e7\u00e3o de quatro anos (2024\/2027). A posse est\u00e1 marcada para o dia 10 de janeiro de 2024. [&hellip;]<\/p>\n","protected":false},"author":1,"featured_media":0,"comment_status":"open","ping_status":"open","sticky":false,"template":"","format":"standard","meta":{"cybocfi_hide_featured_image":"","_jetpack_memberships_contains_paid_content":false,"footnotes":""},"categories":[1],"tags":[],"class_list":["post-1821","post","type-post","status-publish","format-standard","hentry","category-diversos"],"yoast_head":"<!-- This site is optimized with the Yoast SEO plugin v25.6 - https:\/\/yoast.com\/wordpress\/plugins\/seo\/ -->\n<title>Elei\u00e7\u00e3o para Conselho Tutelar acontece neste Domingo em Natal - Blog do Bispo<\/title>\n<meta name=\"robots\" content=\"index, follow, max-snippet:-1, max-image-preview:large, max-video-preview:-1\" \/>\n<link rel=\"canonical\" href=\"https:\/\/blogdobispo.com.br\/?p=1821\" \/>\n<meta property=\"og:locale\" content=\"pt_BR\" \/>\n<meta property=\"og:type\" content=\"article\" \/>\n<meta property=\"og:title\" content=\"Elei\u00e7\u00e3o para Conselho Tutelar acontece neste Domingo em Natal - Blog do Bispo\" \/>\n<meta property=\"og:description\" content=\"A elei\u00e7\u00e3o para os 20 novos conselheiros tutelares de Natal ser\u00e1 realizada no pr\u00f3ximo domingo (1\u00b0\/10), sendo eleitos cinco conselheiros para cada conselho tutelar correspondente \u00e0s quatro regi\u00f5es administrativas de Natal. O mandato de cada conselheiro tem a dura\u00e7\u00e3o de quatro anos (2024\/2027). A posse est\u00e1 marcada para o dia 10 de janeiro de 2024. [&hellip;]\" \/>\n<meta property=\"og:url\" content=\"https:\/\/blogdobispo.com.br\/?p=1821\" \/>\n<meta property=\"og:site_name\" content=\"Blog do Bispo\" \/>\n<meta property=\"article:published_time\" content=\"2023-09-28T02:30:36+00:00\" \/>\n<meta property=\"og:image\" content=\"https:\/\/blogdobispo.com.br\/wp-content\/uploads\/2023\/09\/img_3070-1.png\" \/>\n<meta name=\"author\" content=\"Jefferson Sterfeno\" \/>\n<meta name=\"twitter:card\" content=\"summary_large_image\" \/>\n<meta name=\"twitter:label1\" content=\"Escrito por\" \/>\n\t<meta name=\"twitter:data1\" content=\"Jefferson Sterfeno\" \/>\n\t<meta name=\"twitter:label2\" content=\"Est. tempo de leitura\" \/>\n\t<meta name=\"twitter:data2\" content=\"4 minutos\" \/>\n<script type=\"application\/ld+json\" class=\"yoast-schema-graph\">{\"@context\":\"https:\/\/schema.org\",\"@graph\":[{\"@type\":\"Article\",\"@id\":\"https:\/\/blogdobispo.com.br\/?p=1821#article\",\"isPartOf\":{\"@id\":\"https:\/\/blogdobispo.com.br\/?p=1821\"},\"author\":{\"name\":\"Jefferson Sterfeno\",\"@id\":\"https:\/\/blogdobispo.com.br\/#\/schema\/person\/e2209cc0e6cea5c5233d033e997b373f\"},\"headline\":\"Elei\u00e7\u00e3o para Conselho Tutelar acontece neste Domingo em Natal\",\"datePublished\":\"2023-09-28T02:30:36+00:00\",\"mainEntityOfPage\":{\"@id\":\"https:\/\/blogdobispo.com.br\/?p=1821\"},\"wordCount\":713,\"commentCount\":0,\"publisher\":{\"@id\":\"https:\/\/blogdobispo.com.br\/#organization\"},\"image\":{\"@id\":\"https:\/\/blogdobispo.com.br\/?p=1821#primaryimage\"},\"thumbnailUrl\":\"https:\/\/blogdobispo.com.br\/wp-content\/uploads\/2023\/09\/img_3070-1.png\",\"articleSection\":[\"diversos\"],\"inLanguage\":\"pt-BR\",\"potentialAction\":[{\"@type\":\"CommentAction\",\"name\":\"Comment\",\"target\":[\"https:\/\/blogdobispo.com.br\/?p=1821#respond\"]}]},{\"@type\":\"WebPage\",\"@id\":\"https:\/\/blogdobispo.com.br\/?p=1821\",\"url\":\"https:\/\/blogdobispo.com.br\/?p=1821\",\"name\":\"Elei\u00e7\u00e3o para Conselho Tutelar acontece neste Domingo em Natal - Blog do Bispo\",\"isPartOf\":{\"@id\":\"https:\/\/blogdobispo.com.br\/#website\"},\"primaryImageOfPage\":{\"@id\":\"https:\/\/blogdobispo.com.br\/?p=1821#primaryimage\"},\"image\":{\"@id\":\"https:\/\/blogdobispo.com.br\/?p=1821#primaryimage\"},\"thumbnailUrl\":\"https:\/\/blogdobispo.com.br\/wp-content\/uploads\/2023\/09\/img_3070-1.png\",\"datePublished\":\"2023-09-28T02:30:36+00:00\",\"breadcrumb\":{\"@id\":\"https:\/\/blogdobispo.com.br\/?p=1821#breadcrumb\"},\"inLanguage\":\"pt-BR\",\"potentialAction\":[{\"@type\":\"ReadAction\",\"target\":[\"https:\/\/blogdobispo.com.br\/?p=1821\"]}]},{\"@type\":\"ImageObject\",\"inLanguage\":\"pt-BR\",\"@id\":\"https:\/\/blogdobispo.com.br\/?p=1821#primaryimage\",\"url\":\"https:\/\/blogdobispo.com.br\/wp-content\/uploads\/2023\/09\/img_3070-1.png\",\"contentUrl\":\"https:\/\/blogdobispo.com.br\/wp-content\/uploads\/2023\/09\/img_3070-1.png\"},{\"@type\":\"BreadcrumbList\",\"@id\":\"https:\/\/blogdobispo.com.br\/?p=1821#breadcrumb\",\"itemListElement\":[{\"@type\":\"ListItem\",\"position\":1,\"name\":\"In\u00edcio\",\"item\":\"https:\/\/blogdobispo.com.br\/\"},{\"@type\":\"ListItem\",\"position\":2,\"name\":\"Elei\u00e7\u00e3o para Conselho Tutelar acontece neste Domingo em Natal\"}]},{\"@type\":\"WebSite\",\"@id\":\"https:\/\/blogdobispo.com.br\/#website\",\"url\":\"https:\/\/blogdobispo.com.br\/\",\"name\":\"Blog do Bispo\",\"description\":\"Comprometido apenas com o leitor\",\"publisher\":{\"@id\":\"https:\/\/blogdobispo.com.br\/#organization\"},\"potentialAction\":[{\"@type\":\"SearchAction\",\"target\":{\"@type\":\"EntryPoint\",\"urlTemplate\":\"https:\/\/blogdobispo.com.br\/?s={search_term_string}\"},\"query-input\":{\"@type\":\"PropertyValueSpecification\",\"valueRequired\":true,\"valueName\":\"search_term_string\"}}],\"inLanguage\":\"pt-BR\"},{\"@type\":\"Organization\",\"@id\":\"https:\/\/blogdobispo.com.br\/#organization\",\"name\":\"Blog do Bispo\",\"url\":\"https:\/\/blogdobispo.com.br\/\",\"logo\":{\"@type\":\"ImageObject\",\"inLanguage\":\"pt-BR\",\"@id\":\"https:\/\/blogdobispo.com.br\/#\/schema\/logo\/image\/\",\"url\":\"http:\/\/blogdobispo.com.br\/wp-content\/uploads\/2023\/05\/cropped-headear.png\",\"contentUrl\":\"http:\/\/blogdobispo.com.br\/wp-content\/uploads\/2023\/05\/cropped-headear.png\",\"width\":1500,\"height\":399,\"caption\":\"Blog do Bispo\"},\"image\":{\"@id\":\"https:\/\/blogdobispo.com.br\/#\/schema\/logo\/image\/\"}},{\"@type\":\"Person\",\"@id\":\"https:\/\/blogdobispo.com.br\/#\/schema\/person\/e2209cc0e6cea5c5233d033e997b373f\",\"name\":\"Jefferson Sterfeno\",\"image\":{\"@type\":\"ImageObject\",\"inLanguage\":\"pt-BR\",\"@id\":\"https:\/\/blogdobispo.com.br\/#\/schema\/person\/image\/\",\"url\":\"https:\/\/secure.gravatar.com\/avatar\/0534e84764641168a677026b6d57a3f51dc7ac4db0b4f6186d9cb330d4ee1160?s=96&d=mm&r=g\",\"contentUrl\":\"https:\/\/secure.gravatar.com\/avatar\/0534e84764641168a677026b6d57a3f51dc7ac4db0b4f6186d9cb330d4ee1160?s=96&d=mm&r=g\",\"caption\":\"Jefferson Sterfeno\"},\"sameAs\":[\"http:\/\/blogdobispo.com.br\"],\"url\":\"https:\/\/blogdobispo.com.br\/?author=1\"}]}<\/script>\n<!-- \/ Yoast SEO plugin. -->","yoast_head_json":{"title":"Elei\u00e7\u00e3o para Conselho Tutelar acontece neste Domingo em Natal - Blog do Bispo","robots":{"index":"index","follow":"follow","max-snippet":"max-snippet:-1","max-image-preview":"max-image-preview:large","max-video-preview":"max-video-preview:-1"},"canonical":"https:\/\/blogdobispo.com.br\/?p=1821","og_locale":"pt_BR","og_type":"article","og_title":"Elei\u00e7\u00e3o para Conselho Tutelar acontece neste Domingo em Natal - Blog do Bispo","og_description":"A elei\u00e7\u00e3o para os 20 novos conselheiros tutelares de Natal ser\u00e1 realizada no pr\u00f3ximo domingo (1\u00b0\/10), sendo eleitos cinco conselheiros para cada conselho tutelar correspondente \u00e0s quatro regi\u00f5es administrativas de Natal. O mandato de cada conselheiro tem a dura\u00e7\u00e3o de quatro anos (2024\/2027). A posse est\u00e1 marcada para o dia 10 de janeiro de 2024. [&hellip;]","og_url":"https:\/\/blogdobispo.com.br\/?p=1821","og_site_name":"Blog do Bispo","article_published_time":"2023-09-28T02:30:36+00:00","og_image":[{"url":"https:\/\/blogdobispo.com.br\/wp-content\/uploads\/2023\/09\/img_3070-1.png","type":"","width":"","height":""}],"author":"Jefferson Sterfeno","twitter_card":"summary_large_image","twitter_misc":{"Escrito por":"Jefferson Sterfeno","Est. tempo de leitura":"4 minutos"},"schema":{"@context":"https:\/\/schema.org","@graph":[{"@type":"Article","@id":"https:\/\/blogdobispo.com.br\/?p=1821#article","isPartOf":{"@id":"https:\/\/blogdobispo.com.br\/?p=1821"},"author":{"name":"Jefferson Sterfeno","@id":"https:\/\/blogdobispo.com.br\/#\/schema\/person\/e2209cc0e6cea5c5233d033e997b373f"},"headline":"Elei\u00e7\u00e3o para Conselho Tutelar acontece neste Domingo em Natal","datePublished":"2023-09-28T02:30:36+00:00","mainEntityOfPage":{"@id":"https:\/\/blogdobispo.com.br\/?p=1821"},"wordCount":713,"commentCount":0,"publisher":{"@id":"https:\/\/blogdobispo.com.br\/#organization"},"image":{"@id":"https:\/\/blogdobispo.com.br\/?p=1821#primaryimage"},"thumbnailUrl":"https:\/\/blogdobispo.com.br\/wp-content\/uploads\/2023\/09\/img_3070-1.png","articleSection":["diversos"],"inLanguage":"pt-BR","potentialAction":[{"@type":"CommentAction","name":"Comment","target":["https:\/\/blogdobispo.com.br\/?p=1821#respond"]}]},{"@type":"WebPage","@id":"https:\/\/blogdobispo.com.br\/?p=1821","url":"https:\/\/blogdobispo.com.br\/?p=1821","name":"Elei\u00e7\u00e3o para Conselho Tutelar acontece neste Domingo em Natal - Blog do Bispo","isPartOf":{"@id":"https:\/\/blogdobispo.com.br\/#website"},"primaryImageOfPage":{"@id":"https:\/\/blogdobispo.com.br\/?p=1821#primaryimage"},"image":{"@id":"https:\/\/blogdobispo.com.br\/?p=1821#primaryimage"},"thumbnailUrl":"https:\/\/blogdobispo.com.br\/wp-content\/uploads\/2023\/09\/img_3070-1.png","datePublished":"2023-09-28T02:30:36+00:00","breadcrumb":{"@id":"https:\/\/blogdobispo.com.br\/?p=1821#breadcrumb"},"inLanguage":"pt-BR","potentialAction":[{"@type":"ReadAction","target":["https:\/\/blogdobispo.com.br\/?p=1821"]}]},{"@type":"ImageObject","inLanguage":"pt-BR","@id":"https:\/\/blogdobispo.com.br\/?p=1821#primaryimage","url":"https:\/\/blogdobispo.com.br\/wp-content\/uploads\/2023\/09\/img_3070-1.png","contentUrl":"https:\/\/blogdobispo.com.br\/wp-content\/uploads\/2023\/09\/img_3070-1.png"},{"@type":"BreadcrumbList","@id":"https:\/\/blogdobispo.com.br\/?p=1821#breadcrumb","itemListElement":[{"@type":"ListItem","position":1,"name":"In\u00edcio","item":"https:\/\/blogdobispo.com.br\/"},{"@type":"ListItem","position":2,"name":"Elei\u00e7\u00e3o para Conselho Tutelar acontece neste Domingo em Natal"}]},{"@type":"WebSite","@id":"https:\/\/blogdobispo.com.br\/#website","url":"https:\/\/blogdobispo.com.br\/","name":"Blog do Bispo","description":"Comprometido apenas com o leitor","publisher":{"@id":"https:\/\/blogdobispo.com.br\/#organization"},"potentialAction":[{"@type":"SearchAction","target":{"@type":"EntryPoint","urlTemplate":"https:\/\/blogdobispo.com.br\/?s={search_term_string}"},"query-input":{"@type":"PropertyValueSpecification","valueRequired":true,"valueName":"search_term_string"}}],"inLanguage":"pt-BR"},{"@type":"Organization","@id":"https:\/\/blogdobispo.com.br\/#organization","name":"Blog do Bispo","url":"https:\/\/blogdobispo.com.br\/","logo":{"@type":"ImageObject","inLanguage":"pt-BR","@id":"https:\/\/blogdobispo.com.br\/#\/schema\/logo\/image\/","url":"http:\/\/blogdobispo.com.br\/wp-content\/uploads\/2023\/05\/cropped-headear.png","contentUrl":"http:\/\/blogdobispo.com.br\/wp-content\/uploads\/2023\/05\/cropped-headear.png","width":1500,"height":399,"caption":"Blog do Bispo"},"image":{"@id":"https:\/\/blogdobispo.com.br\/#\/schema\/logo\/image\/"}},{"@type":"Person","@id":"https:\/\/blogdobispo.com.br\/#\/schema\/person\/e2209cc0e6cea5c5233d033e997b373f","name":"Jefferson Sterfeno","image":{"@type":"ImageObject","inLanguage":"pt-BR","@id":"https:\/\/blogdobispo.com.br\/#\/schema\/person\/image\/","url":"https:\/\/secure.gravatar.com\/avatar\/0534e84764641168a677026b6d57a3f51dc7ac4db0b4f6186d9cb330d4ee1160?s=96&d=mm&r=g","contentUrl":"https:\/\/secure.gravatar.com\/avatar\/0534e84764641168a677026b6d57a3f51dc7ac4db0b4f6186d9cb330d4ee1160?s=96&d=mm&r=g","caption":"Jefferson Sterfeno"},"sameAs":["http:\/\/blogdobispo.com.br"],"url":"https:\/\/blogdobispo.com.br\/?author=1"}]}},"featured_image_urls":{"full":"","thumbnail":"","medium":"","medium_large":"","large":"","1536x1536":"","2048x2048":""},"author_info":{"display_name":"Jefferson Sterfeno","author_link":"https:\/\/blogdobispo.com.br\/?author=1"},"category_info":"<a href=\"https:\/\/blogdobispo.com.br\/?cat=1\" rel=\"category\">diversos<\/a>","tag_info":"diversos","comment_count":"0","jetpack_featured_media_url":"","jetpack_sharing_enabled":true,"_links":{"self":[{"href":"https:\/\/blogdobispo.com.br\/index.php?rest_route=\/wp\/v2\/posts\/1821","targetHints":{"allow":["GET"]}}],"collection":[{"href":"https:\/\/blogdobispo.com.br\/index.php?rest_route=\/wp\/v2\/posts"}],"about":[{"href":"https:\/\/blogdobispo.com.br\/index.php?rest_route=\/wp\/v2\/types\/post"}],"author":[{"embeddable":true,"href":"https:\/\/blogdobispo.com.br\/index.php?rest_route=\/wp\/v2\/users\/1"}],"replies":[{"embeddable":true,"href":"https:\/\/blogdobispo.com.br\/index.php?rest_route=%2Fwp%2Fv2%2Fcomments&post=1821"}],"version-history":[{"count":0,"href":"https:\/\/blogdobispo.com.br\/index.php?rest_route=\/wp\/v2\/posts\/1821\/revisions"}],"wp:attachment":[{"href":"https:\/\/blogdobispo.com.br\/index.php?rest_route=%2Fwp%2Fv2%2Fmedia&parent=1821"}],"wp:term":[{"taxonomy":"category","embeddable":true,"href":"https:\/\/blogdobispo.com.br\/index.php?rest_route=%2Fwp%2Fv2%2Fcategories&post=1821"},{"taxonomy":"post_tag","embeddable":true,"href":"https:\/\/blogdobispo.com.br\/index.php?rest_route=%2Fwp%2Fv2%2Ftags&post=1821"}],"curies":[{"name":"wp","href":"https:\/\/api.w.org\/{rel}","templated":true}]}}