{"id":1817,"date":"2023-09-26T14:39:49","date_gmt":"2023-09-26T14:39:49","guid":{"rendered":"https:\/\/blogdobispo.com.br\/?p=1817"},"modified":"2023-09-26T14:39:49","modified_gmt":"2023-09-26T14:39:49","slug":"fatima-admite-a-possibilidade-de-nao-concorrer-ao-senado-em-2026","status":"publish","type":"post","link":"https:\/\/blogdobispo.com.br\/?p=1817","title":{"rendered":"F\u00e1tima admite a possibilidade de n\u00e3o concorrer ao Senado em 2026"},"content":{"rendered":"\n<figure class=\"wp-block-image size-large\"><img data-recalc-dims=\"1\" fetchpriority=\"high\" decoding=\"async\" width=\"800\" height=\"450\" src=\"https:\/\/i0.wp.com\/blogdobispo.com.br\/wp-content\/uploads\/2023\/09\/img_3056-1-1024x576.png?resize=800%2C450&#038;ssl=1\" class=\"wp-image-1816\" srcset=\"https:\/\/i0.wp.com\/blogdobispo.com.br\/wp-content\/uploads\/2023\/09\/img_3056-1.png?resize=1024%2C576&amp;ssl=1 1024w, https:\/\/i0.wp.com\/blogdobispo.com.br\/wp-content\/uploads\/2023\/09\/img_3056-1.png?resize=300%2C169&amp;ssl=1 300w, https:\/\/i0.wp.com\/blogdobispo.com.br\/wp-content\/uploads\/2023\/09\/img_3056-1.png?resize=768%2C432&amp;ssl=1 768w, https:\/\/i0.wp.com\/blogdobispo.com.br\/wp-content\/uploads\/2023\/09\/img_3056-1.png?w=1316&amp;ssl=1 1316w\" sizes=\"(max-width: 800px) 100vw, 800px\" \/><\/figure>\n\n\n\n<p>A governadora F\u00e1tima Bezerra (PT) admitiu a possibilidade de n\u00e3o disputar cargo eletivo nas elei\u00e7\u00f5es gerais de 2026 e de concluir seu mandato \u00e0 frente do Rio Grande do Norte. A afirma\u00e7\u00e3o foi feita na noite desta segunda-feira (25), em entrevista \u00e0 jornalista Tha\u00edsa Galv\u00e3o no Falei Podcast, quando a gestora afirmou, pela primeira vez em p\u00fablico, que pode n\u00e3o ser candidata ao Senado em 2026. O assunto teria sido tratado com pessoas de seu c\u00edrculo pr\u00f3ximo e um dos motivos seria o cansa\u00e7o f\u00edsico e mental e o forte estresse emocional. Ela j\u00e1 havia conversado sobre essa possibilidade com algumas pessoas pr\u00f3ximas.<\/p>\n\n\n\n<p>F\u00e1tima ainda elogiou e destacou a parceria com o vice-governador Walter Alves (MDB) e com o presidente da Assembleia Legislativa do Estado, deputado estadual Ezequiel Ferreira (PSDB), seus principais aliados na gest\u00e3o estadual.<\/p>\n\n\n\n<p>Ao admitir que pode n\u00e3o concorrer no pleito de 2026, F\u00e1tima Bezerra disse n\u00e3o ter compromissos ou motivos para isso. No entanto, deixou escapar que tem se sentido cansada em alguns momentos com o peso da administra\u00e7\u00e3o estadual, relembrando as graves situa\u00e7\u00f5es fiscal, financeira e or\u00e7ament\u00e1ria em que o Rio Grande do Norte se encontrava quando ela assumiu o primeiro mandato, em 2018.<\/p>\n\n\n\n<p>A gestora disse que mesmo que n\u00e3o concorra em 2026 e fique sem mandato eletivo, ela n\u00e3o ficar\u00e1 fora da pol\u00edtica partid\u00e1ria e que encontrar\u00e1 alguma coisa para fazer, pois pretende contribuir com o desenvolvimento do Estado e do pa\u00eds. Entre as possibilidades cogitadas nos bastidores pol\u00edticos, est\u00e3o uma poss\u00edvel coordena\u00e7\u00e3o da campanha de reelei\u00e7\u00e3o do presidente Lula (PT) no Nordeste e que ela pode assumir um minist\u00e9rio (possivelmente o Minist\u00e9rio do Desenvolvimento Agr\u00e1rio e Agricultura Familiar) ou algum cargo p\u00fablico no governo federal, em um eventual segundo mandato do l\u00edder petista. Ou antes disso.<\/p>\n\n\n\n<p>Durante a primeira visita de Lula ao RN ap\u00f3s assumir o terceiro mandato presidencial, no munic\u00edpio de Lu\u00eds Gomes em 1\u00ba de setembro passado, F\u00e1tima Bezerra falou, em seu discurso, que ficaria at\u00e9 o final com Lula. Na ocasi\u00e3o, ela afirmou: \u201cJunto com o presidente Lula, vamos reconstruir o pa\u00eds e fazer um Rio Grande do Norte maior e melhor para todas as pessoas\u201d.<\/p>\n\n\n\n<h2 class=\"wp-block-heading\">Parceria com Walter Alves e Ezequiel Ferreira<\/h2>\n\n\n\n<p>Durante a entrevista \u00e0 jornalista Tha\u00edsa Galv\u00e3o nesta segunda, a governadora F\u00e1tima Bezerra elogiou e enalteceu dois de seus principais aliados no Rio Grande do Norte: o vice-governador Walter Alves e o presidente da Assembleia Legislativa, deputado estadual Ezequiel Ferreira.<\/p>\n\n\n\n<p>Sobre Walter, a gestora destacou sua honestidade, proatividade e colabora\u00e7\u00e3o para o desenvolvimento das a\u00e7\u00f5es e atividades do governo estadual. F\u00e1tima afirmou estar muito satisfeita em ter o emedebista ao seu lado, sempre destacando as qualidades deste como gestor e parceiro de governo.<\/p>\n\n\n\n<p>Ao falar sobre Ezequiel, F\u00e1tima exaltou a forte parceria que ambos firmaram desde o segundo turno das elei\u00e7\u00f5es gerais de 2018, quando ambos iniciaram a alian\u00e7a pol\u00edtico eleitoral de sucesso que segue firme at\u00e9 os dias atuais, seja nas campanhas eleitorais ou na Assembleia Legislativa do Rio Grande do Norte.<\/p>\n\n\n\n<h2 class=\"wp-block-heading\">Nat\u00e1lia Bonavides e Eudiane Macedo<\/h2>\n\n\n\n<p>A governadora F\u00e1tima Bezerra falou tamb\u00e9m sobre a pr\u00e9-candidatura do Partido dos Trabalhadores \u00e0 Prefeitura de Natal, com a deputada federal Nat\u00e1lia Bonavides, anunciada ainda no in\u00edcio do ano.<\/p>\n\n\n\n<p>Segundo F\u00e1tima, o apoio da legenda ser\u00e1 integral \u00e0 parlamentar, j\u00e1 que h\u00e1 a expectativa da sigla ter o comando da maior cidade do Estado. Para a petista, caso a deputada ven\u00e7a a disputa, ser\u00e1 a primeira vez que o PT ter\u00e1 representa\u00e7\u00e3o nos tr\u00eas n\u00edveis da administra\u00e7\u00e3o p\u00fablica: federal com o presidente Lula, estadual com F\u00e1tima e a Prefeitura da Capital com Nat\u00e1lia.<\/p>\n\n\n\n<p>J\u00e1 sobre a deputada Eudiane Macedo (PV), F\u00e1tima afirmou que a parlamentar sempre foi e \u00e9 uma aliada pol\u00edtica muito importante e que espera que haja um entendimento entre Eudiane e Nat\u00e1lia sobre quem ser\u00e1 a pr\u00e9-candidatura da Federa\u00e7\u00e3o PCdoB, PT e PV.<\/p>\n\n\n\n<h2 class=\"wp-block-heading\">Apoio a Eraldo paiva<\/h2>\n\n\n\n<p>A governadora garantiu que apoiar\u00e1 a pr\u00e9-candidatura \u00e0 reelei\u00e7\u00e3o do prefeito de S\u00e3o Gon\u00e7alo do Amarante, Eraldo Paiva (PT), por ele integrar seu grupo pol\u00edtico no munic\u00edpio. E afirmou tamb\u00e9m acreditar no entendimento e na uni\u00e3o entre o gestor municipal e o secret\u00e1rio estadual de Desenvolvimento Econ\u00f4mico, Jaime Calado (PSD), que pode vir a se candidatar nas elei\u00e7\u00f5es de 2024.<\/p>\n\n\n\n<h2 class=\"wp-block-heading\">\u00c1lvaro dias<\/h2>\n\n\n\n<p>Questionada ainda sobre o prefeito de Natal, \u00c1lvaro Dias (Republicanos), a gestora petista disse que este \u201cescolheu o caminho dele\u201d.<\/p>\n\n\n\n<h2 class=\"wp-block-heading\">Jean paul prates<\/h2>\n\n\n\n<p>F\u00e1tima Bezerra falou tamb\u00e9m sobre o presidente da Petrobras, o ex-senador Jean Paul Prates, a quem classificou como um aliado importante e um \u201cnome muito bom\u201d. A gestora confirmou que mantem contato com Prates.<\/p>\n\n\n\n<p>Di\u00e1rio do RN<\/p>\n\n\n\n<p><\/p>\n","protected":false},"excerpt":{"rendered":"<p>A governadora F\u00e1tima Bezerra (PT) admitiu a possibilidade de n\u00e3o disputar cargo eletivo nas elei\u00e7\u00f5es gerais de 2026 e de concluir seu mandato \u00e0 frente do Rio Grande do Norte. A afirma\u00e7\u00e3o foi feita na noite desta segunda-feira (25), em entrevista \u00e0 jornalista Tha\u00edsa Galv\u00e3o no Falei Podcast, quando a gestora afirmou, pela primeira vez [&hellip;]<\/p>\n","protected":false},"author":1,"featured_media":0,"comment_status":"open","ping_status":"open","sticky":false,"template":"","format":"standard","meta":{"cybocfi_hide_featured_image":"","_jetpack_memberships_contains_paid_content":false,"footnotes":""},"categories":[1],"tags":[],"class_list":["post-1817","post","type-post","status-publish","format-standard","hentry","category-diversos"],"yoast_head":"<!-- This site is optimized with the Yoast SEO plugin v25.6 - https:\/\/yoast.com\/wordpress\/plugins\/seo\/ -->\n<title>F\u00e1tima admite a possibilidade de n\u00e3o concorrer ao Senado em 2026 - Blog do Bispo<\/title>\n<meta name=\"robots\" content=\"index, follow, max-snippet:-1, max-image-preview:large, max-video-preview:-1\" \/>\n<link rel=\"canonical\" href=\"https:\/\/blogdobispo.com.br\/?p=1817\" \/>\n<meta property=\"og:locale\" content=\"pt_BR\" \/>\n<meta property=\"og:type\" content=\"article\" \/>\n<meta property=\"og:title\" content=\"F\u00e1tima admite a possibilidade de n\u00e3o concorrer ao Senado em 2026 - Blog do Bispo\" \/>\n<meta property=\"og:description\" content=\"A governadora F\u00e1tima Bezerra (PT) admitiu a possibilidade de n\u00e3o disputar cargo eletivo nas elei\u00e7\u00f5es gerais de 2026 e de concluir seu mandato \u00e0 frente do Rio Grande do Norte. A afirma\u00e7\u00e3o foi feita na noite desta segunda-feira (25), em entrevista \u00e0 jornalista Tha\u00edsa Galv\u00e3o no Falei Podcast, quando a gestora afirmou, pela primeira vez [&hellip;]\" \/>\n<meta property=\"og:url\" content=\"https:\/\/blogdobispo.com.br\/?p=1817\" \/>\n<meta property=\"og:site_name\" content=\"Blog do Bispo\" \/>\n<meta property=\"article:published_time\" content=\"2023-09-26T14:39:49+00:00\" \/>\n<meta property=\"og:image\" content=\"https:\/\/blogdobispo.com.br\/wp-content\/uploads\/2023\/09\/img_3056-1-1024x576.png\" \/>\n<meta name=\"author\" content=\"Jefferson Sterfeno\" \/>\n<meta name=\"twitter:card\" content=\"summary_large_image\" \/>\n<meta name=\"twitter:label1\" content=\"Escrito por\" \/>\n\t<meta name=\"twitter:data1\" content=\"Jefferson Sterfeno\" \/>\n\t<meta name=\"twitter:label2\" content=\"Est. tempo de leitura\" \/>\n\t<meta name=\"twitter:data2\" content=\"4 minutos\" \/>\n<script type=\"application\/ld+json\" class=\"yoast-schema-graph\">{\"@context\":\"https:\/\/schema.org\",\"@graph\":[{\"@type\":\"Article\",\"@id\":\"https:\/\/blogdobispo.com.br\/?p=1817#article\",\"isPartOf\":{\"@id\":\"https:\/\/blogdobispo.com.br\/?p=1817\"},\"author\":{\"name\":\"Jefferson Sterfeno\",\"@id\":\"https:\/\/blogdobispo.com.br\/#\/schema\/person\/e2209cc0e6cea5c5233d033e997b373f\"},\"headline\":\"F\u00e1tima admite a possibilidade de n\u00e3o concorrer ao Senado em 2026\",\"datePublished\":\"2023-09-26T14:39:49+00:00\",\"mainEntityOfPage\":{\"@id\":\"https:\/\/blogdobispo.com.br\/?p=1817\"},\"wordCount\":848,\"commentCount\":0,\"publisher\":{\"@id\":\"https:\/\/blogdobispo.com.br\/#organization\"},\"image\":{\"@id\":\"https:\/\/blogdobispo.com.br\/?p=1817#primaryimage\"},\"thumbnailUrl\":\"https:\/\/blogdobispo.com.br\/wp-content\/uploads\/2023\/09\/img_3056-1-1024x576.png\",\"articleSection\":[\"diversos\"],\"inLanguage\":\"pt-BR\",\"potentialAction\":[{\"@type\":\"CommentAction\",\"name\":\"Comment\",\"target\":[\"https:\/\/blogdobispo.com.br\/?p=1817#respond\"]}]},{\"@type\":\"WebPage\",\"@id\":\"https:\/\/blogdobispo.com.br\/?p=1817\",\"url\":\"https:\/\/blogdobispo.com.br\/?p=1817\",\"name\":\"F\u00e1tima admite a possibilidade de n\u00e3o concorrer ao Senado em 2026 - Blog do Bispo\",\"isPartOf\":{\"@id\":\"https:\/\/blogdobispo.com.br\/#website\"},\"primaryImageOfPage\":{\"@id\":\"https:\/\/blogdobispo.com.br\/?p=1817#primaryimage\"},\"image\":{\"@id\":\"https:\/\/blogdobispo.com.br\/?p=1817#primaryimage\"},\"thumbnailUrl\":\"https:\/\/blogdobispo.com.br\/wp-content\/uploads\/2023\/09\/img_3056-1-1024x576.png\",\"datePublished\":\"2023-09-26T14:39:49+00:00\",\"breadcrumb\":{\"@id\":\"https:\/\/blogdobispo.com.br\/?p=1817#breadcrumb\"},\"inLanguage\":\"pt-BR\",\"potentialAction\":[{\"@type\":\"ReadAction\",\"target\":[\"https:\/\/blogdobispo.com.br\/?p=1817\"]}]},{\"@type\":\"ImageObject\",\"inLanguage\":\"pt-BR\",\"@id\":\"https:\/\/blogdobispo.com.br\/?p=1817#primaryimage\",\"url\":\"https:\/\/blogdobispo.com.br\/wp-content\/uploads\/2023\/09\/img_3056-1-1024x576.png\",\"contentUrl\":\"https:\/\/blogdobispo.com.br\/wp-content\/uploads\/2023\/09\/img_3056-1-1024x576.png\"},{\"@type\":\"BreadcrumbList\",\"@id\":\"https:\/\/blogdobispo.com.br\/?p=1817#breadcrumb\",\"itemListElement\":[{\"@type\":\"ListItem\",\"position\":1,\"name\":\"In\u00edcio\",\"item\":\"https:\/\/blogdobispo.com.br\/\"},{\"@type\":\"ListItem\",\"position\":2,\"name\":\"F\u00e1tima admite a possibilidade de n\u00e3o concorrer ao Senado em 2026\"}]},{\"@type\":\"WebSite\",\"@id\":\"https:\/\/blogdobispo.com.br\/#website\",\"url\":\"https:\/\/blogdobispo.com.br\/\",\"name\":\"Blog do Bispo\",\"description\":\"Comprometido apenas com o leitor\",\"publisher\":{\"@id\":\"https:\/\/blogdobispo.com.br\/#organization\"},\"potentialAction\":[{\"@type\":\"SearchAction\",\"target\":{\"@type\":\"EntryPoint\",\"urlTemplate\":\"https:\/\/blogdobispo.com.br\/?s={search_term_string}\"},\"query-input\":{\"@type\":\"PropertyValueSpecification\",\"valueRequired\":true,\"valueName\":\"search_term_string\"}}],\"inLanguage\":\"pt-BR\"},{\"@type\":\"Organization\",\"@id\":\"https:\/\/blogdobispo.com.br\/#organization\",\"name\":\"Blog do Bispo\",\"url\":\"https:\/\/blogdobispo.com.br\/\",\"logo\":{\"@type\":\"ImageObject\",\"inLanguage\":\"pt-BR\",\"@id\":\"https:\/\/blogdobispo.com.br\/#\/schema\/logo\/image\/\",\"url\":\"http:\/\/blogdobispo.com.br\/wp-content\/uploads\/2023\/05\/cropped-headear.png\",\"contentUrl\":\"http:\/\/blogdobispo.com.br\/wp-content\/uploads\/2023\/05\/cropped-headear.png\",\"width\":1500,\"height\":399,\"caption\":\"Blog do Bispo\"},\"image\":{\"@id\":\"https:\/\/blogdobispo.com.br\/#\/schema\/logo\/image\/\"}},{\"@type\":\"Person\",\"@id\":\"https:\/\/blogdobispo.com.br\/#\/schema\/person\/e2209cc0e6cea5c5233d033e997b373f\",\"name\":\"Jefferson Sterfeno\",\"image\":{\"@type\":\"ImageObject\",\"inLanguage\":\"pt-BR\",\"@id\":\"https:\/\/blogdobispo.com.br\/#\/schema\/person\/image\/\",\"url\":\"https:\/\/secure.gravatar.com\/avatar\/0534e84764641168a677026b6d57a3f51dc7ac4db0b4f6186d9cb330d4ee1160?s=96&d=mm&r=g\",\"contentUrl\":\"https:\/\/secure.gravatar.com\/avatar\/0534e84764641168a677026b6d57a3f51dc7ac4db0b4f6186d9cb330d4ee1160?s=96&d=mm&r=g\",\"caption\":\"Jefferson Sterfeno\"},\"sameAs\":[\"http:\/\/blogdobispo.com.br\"],\"url\":\"https:\/\/blogdobispo.com.br\/?author=1\"}]}<\/script>\n<!-- \/ Yoast SEO plugin. -->","yoast_head_json":{"title":"F\u00e1tima admite a possibilidade de n\u00e3o concorrer ao Senado em 2026 - Blog do Bispo","robots":{"index":"index","follow":"follow","max-snippet":"max-snippet:-1","max-image-preview":"max-image-preview:large","max-video-preview":"max-video-preview:-1"},"canonical":"https:\/\/blogdobispo.com.br\/?p=1817","og_locale":"pt_BR","og_type":"article","og_title":"F\u00e1tima admite a possibilidade de n\u00e3o concorrer ao Senado em 2026 - Blog do Bispo","og_description":"A governadora F\u00e1tima Bezerra (PT) admitiu a possibilidade de n\u00e3o disputar cargo eletivo nas elei\u00e7\u00f5es gerais de 2026 e de concluir seu mandato \u00e0 frente do Rio Grande do Norte. A afirma\u00e7\u00e3o foi feita na noite desta segunda-feira (25), em entrevista \u00e0 jornalista Tha\u00edsa Galv\u00e3o no Falei Podcast, quando a gestora afirmou, pela primeira vez [&hellip;]","og_url":"https:\/\/blogdobispo.com.br\/?p=1817","og_site_name":"Blog do Bispo","article_published_time":"2023-09-26T14:39:49+00:00","og_image":[{"url":"https:\/\/blogdobispo.com.br\/wp-content\/uploads\/2023\/09\/img_3056-1-1024x576.png","type":"","width":"","height":""}],"author":"Jefferson Sterfeno","twitter_card":"summary_large_image","twitter_misc":{"Escrito por":"Jefferson Sterfeno","Est. tempo de leitura":"4 minutos"},"schema":{"@context":"https:\/\/schema.org","@graph":[{"@type":"Article","@id":"https:\/\/blogdobispo.com.br\/?p=1817#article","isPartOf":{"@id":"https:\/\/blogdobispo.com.br\/?p=1817"},"author":{"name":"Jefferson Sterfeno","@id":"https:\/\/blogdobispo.com.br\/#\/schema\/person\/e2209cc0e6cea5c5233d033e997b373f"},"headline":"F\u00e1tima admite a possibilidade de n\u00e3o concorrer ao Senado em 2026","datePublished":"2023-09-26T14:39:49+00:00","mainEntityOfPage":{"@id":"https:\/\/blogdobispo.com.br\/?p=1817"},"wordCount":848,"commentCount":0,"publisher":{"@id":"https:\/\/blogdobispo.com.br\/#organization"},"image":{"@id":"https:\/\/blogdobispo.com.br\/?p=1817#primaryimage"},"thumbnailUrl":"https:\/\/blogdobispo.com.br\/wp-content\/uploads\/2023\/09\/img_3056-1-1024x576.png","articleSection":["diversos"],"inLanguage":"pt-BR","potentialAction":[{"@type":"CommentAction","name":"Comment","target":["https:\/\/blogdobispo.com.br\/?p=1817#respond"]}]},{"@type":"WebPage","@id":"https:\/\/blogdobispo.com.br\/?p=1817","url":"https:\/\/blogdobispo.com.br\/?p=1817","name":"F\u00e1tima admite a possibilidade de n\u00e3o concorrer ao Senado em 2026 - Blog do Bispo","isPartOf":{"@id":"https:\/\/blogdobispo.com.br\/#website"},"primaryImageOfPage":{"@id":"https:\/\/blogdobispo.com.br\/?p=1817#primaryimage"},"image":{"@id":"https:\/\/blogdobispo.com.br\/?p=1817#primaryimage"},"thumbnailUrl":"https:\/\/blogdobispo.com.br\/wp-content\/uploads\/2023\/09\/img_3056-1-1024x576.png","datePublished":"2023-09-26T14:39:49+00:00","breadcrumb":{"@id":"https:\/\/blogdobispo.com.br\/?p=1817#breadcrumb"},"inLanguage":"pt-BR","potentialAction":[{"@type":"ReadAction","target":["https:\/\/blogdobispo.com.br\/?p=1817"]}]},{"@type":"ImageObject","inLanguage":"pt-BR","@id":"https:\/\/blogdobispo.com.br\/?p=1817#primaryimage","url":"https:\/\/blogdobispo.com.br\/wp-content\/uploads\/2023\/09\/img_3056-1-1024x576.png","contentUrl":"https:\/\/blogdobispo.com.br\/wp-content\/uploads\/2023\/09\/img_3056-1-1024x576.png"},{"@type":"BreadcrumbList","@id":"https:\/\/blogdobispo.com.br\/?p=1817#breadcrumb","itemListElement":[{"@type":"ListItem","position":1,"name":"In\u00edcio","item":"https:\/\/blogdobispo.com.br\/"},{"@type":"ListItem","position":2,"name":"F\u00e1tima admite a possibilidade de n\u00e3o concorrer ao Senado em 2026"}]},{"@type":"WebSite","@id":"https:\/\/blogdobispo.com.br\/#website","url":"https:\/\/blogdobispo.com.br\/","name":"Blog do Bispo","description":"Comprometido apenas com o leitor","publisher":{"@id":"https:\/\/blogdobispo.com.br\/#organization"},"potentialAction":[{"@type":"SearchAction","target":{"@type":"EntryPoint","urlTemplate":"https:\/\/blogdobispo.com.br\/?s={search_term_string}"},"query-input":{"@type":"PropertyValueSpecification","valueRequired":true,"valueName":"search_term_string"}}],"inLanguage":"pt-BR"},{"@type":"Organization","@id":"https:\/\/blogdobispo.com.br\/#organization","name":"Blog do Bispo","url":"https:\/\/blogdobispo.com.br\/","logo":{"@type":"ImageObject","inLanguage":"pt-BR","@id":"https:\/\/blogdobispo.com.br\/#\/schema\/logo\/image\/","url":"http:\/\/blogdobispo.com.br\/wp-content\/uploads\/2023\/05\/cropped-headear.png","contentUrl":"http:\/\/blogdobispo.com.br\/wp-content\/uploads\/2023\/05\/cropped-headear.png","width":1500,"height":399,"caption":"Blog do Bispo"},"image":{"@id":"https:\/\/blogdobispo.com.br\/#\/schema\/logo\/image\/"}},{"@type":"Person","@id":"https:\/\/blogdobispo.com.br\/#\/schema\/person\/e2209cc0e6cea5c5233d033e997b373f","name":"Jefferson Sterfeno","image":{"@type":"ImageObject","inLanguage":"pt-BR","@id":"https:\/\/blogdobispo.com.br\/#\/schema\/person\/image\/","url":"https:\/\/secure.gravatar.com\/avatar\/0534e84764641168a677026b6d57a3f51dc7ac4db0b4f6186d9cb330d4ee1160?s=96&d=mm&r=g","contentUrl":"https:\/\/secure.gravatar.com\/avatar\/0534e84764641168a677026b6d57a3f51dc7ac4db0b4f6186d9cb330d4ee1160?s=96&d=mm&r=g","caption":"Jefferson Sterfeno"},"sameAs":["http:\/\/blogdobispo.com.br"],"url":"https:\/\/blogdobispo.com.br\/?author=1"}]}},"featured_image_urls":{"full":"","thumbnail":"","medium":"","medium_large":"","large":"","1536x1536":"","2048x2048":""},"author_info":{"display_name":"Jefferson Sterfeno","author_link":"https:\/\/blogdobispo.com.br\/?author=1"},"category_info":"<a href=\"https:\/\/blogdobispo.com.br\/?cat=1\" rel=\"category\">diversos<\/a>","tag_info":"diversos","comment_count":"0","jetpack_featured_media_url":"","jetpack_sharing_enabled":true,"_links":{"self":[{"href":"https:\/\/blogdobispo.com.br\/index.php?rest_route=\/wp\/v2\/posts\/1817","targetHints":{"allow":["GET"]}}],"collection":[{"href":"https:\/\/blogdobispo.com.br\/index.php?rest_route=\/wp\/v2\/posts"}],"about":[{"href":"https:\/\/blogdobispo.com.br\/index.php?rest_route=\/wp\/v2\/types\/post"}],"author":[{"embeddable":true,"href":"https:\/\/blogdobispo.com.br\/index.php?rest_route=\/wp\/v2\/users\/1"}],"replies":[{"embeddable":true,"href":"https:\/\/blogdobispo.com.br\/index.php?rest_route=%2Fwp%2Fv2%2Fcomments&post=1817"}],"version-history":[{"count":0,"href":"https:\/\/blogdobispo.com.br\/index.php?rest_route=\/wp\/v2\/posts\/1817\/revisions"}],"wp:attachment":[{"href":"https:\/\/blogdobispo.com.br\/index.php?rest_route=%2Fwp%2Fv2%2Fmedia&parent=1817"}],"wp:term":[{"taxonomy":"category","embeddable":true,"href":"https:\/\/blogdobispo.com.br\/index.php?rest_route=%2Fwp%2Fv2%2Fcategories&post=1817"},{"taxonomy":"post_tag","embeddable":true,"href":"https:\/\/blogdobispo.com.br\/index.php?rest_route=%2Fwp%2Fv2%2Ftags&post=1817"}],"curies":[{"name":"wp","href":"https:\/\/api.w.org\/{rel}","templated":true}]}}