{"id":1811,"date":"2023-09-26T03:10:55","date_gmt":"2023-09-26T03:10:55","guid":{"rendered":"https:\/\/blogdobispo.com.br\/?p=1811"},"modified":"2023-10-02T15:57:48","modified_gmt":"2023-10-02T15:57:48","slug":"bairro-das-rocas-sediou-a-3a-edicao-do-programa-participa-natal","status":"publish","type":"post","link":"https:\/\/blogdobispo.com.br\/?p=1811","title":{"rendered":"Eribaldo Medeiros agradece realiza\u00e7\u00e3o do Participa Natal nas Rocas"},"content":{"rendered":"\n<figure class=\"wp-block-image size-large\"><img data-recalc-dims=\"1\" fetchpriority=\"high\" decoding=\"async\" width=\"800\" height=\"507\" src=\"https:\/\/i0.wp.com\/blogdobispo.com.br\/wp-content\/uploads\/2023\/09\/participa-natal-setembro-2023-rocas-foto-joana-lima-1024x649.jpg?resize=800%2C507&#038;ssl=1\" alt=\"\" class=\"wp-image-1810\" srcset=\"https:\/\/i0.wp.com\/blogdobispo.com.br\/wp-content\/uploads\/2023\/09\/participa-natal-setembro-2023-rocas-foto-joana-lima.jpg?resize=1024%2C649&amp;ssl=1 1024w, https:\/\/i0.wp.com\/blogdobispo.com.br\/wp-content\/uploads\/2023\/09\/participa-natal-setembro-2023-rocas-foto-joana-lima.jpg?resize=300%2C190&amp;ssl=1 300w, https:\/\/i0.wp.com\/blogdobispo.com.br\/wp-content\/uploads\/2023\/09\/participa-natal-setembro-2023-rocas-foto-joana-lima.jpg?resize=768%2C487&amp;ssl=1 768w, https:\/\/i0.wp.com\/blogdobispo.com.br\/wp-content\/uploads\/2023\/09\/participa-natal-setembro-2023-rocas-foto-joana-lima.jpg?resize=1536%2C973&amp;ssl=1 1536w, https:\/\/i0.wp.com\/blogdobispo.com.br\/wp-content\/uploads\/2023\/09\/participa-natal-setembro-2023-rocas-foto-joana-lima.jpg?w=1600&amp;ssl=1 1600w\" sizes=\"(max-width: 800px) 100vw, 800px\" \/><\/figure>\n\n\n\n<p><strong> <\/strong><\/p>\n\n\n\n<p>O bairro das Rocas, zona leste, foi o palco da terceira edi\u00e7\u00e3o do ano do programa Participa Natal. Neste s\u00e1bado (23), a Prefeitura transferiu todos os seus servi\u00e7os para prestar atendimento para as pessoas da comunidade e adjac\u00eancias. Al\u00e9m dos servi\u00e7os ofertados, as secretarias tamb\u00e9m ouviram as demandas dos moradores para aprimorarem a gest\u00e3o municipal. Mais de 4.500 atendimentos foram realizados na Escola Municipal Henrique Castriciano. O Vereador Eribaldo Medeiros acompanhou mais uma edi\u00e7\u00e3o do evento ao lado do prefeito \u00c1lvaro Dias e da secret\u00e1ria municipal de Planejamento, Joanna Guerra, coordenadora do programa. <\/p>\n\n\n\n<p>Eribaldo Medeiros destacou a import\u00e2ncia do projeto para as Rocas. \u201cEstamos trazendo v\u00e1rios servi\u00e7os importantes da prefeitura para este bairro. Temos m\u00e9dicos, dentistas, servi\u00e7os de vacina\u00e7\u00e3o, orienta\u00e7\u00e3o pedag\u00f3gica, palestras educativas sobre tr\u00e2nsito e uma s\u00e9rie de quest\u00f5es que interessam \u00e0 popula\u00e7\u00e3o. Nossa inten\u00e7\u00e3o \u00e9 aproximar a esses servi\u00e7os da popula\u00e7\u00e3o, dando mais qualidade de vida para todos\u201d, afirmou. <\/p>\n\n\n\n<p><br \/>Apenas no bairro das Rocas, a Prefeitura j\u00e1 investiu na reforma do&nbsp;Centro Comercial do Maruim, no Hospital dos Pescadores, que foi&nbsp;ampliado e acrescido de novos servi\u00e7os, realiza\u00e7\u00e3o de uma&nbsp;megaopera\u00e7\u00e3o de \u201ctapa buracos\u201d, e agora buscando parceria p\u00fablico-privada para revitalizar o Mercado das Rocas, que est\u00e1 em&nbsp;funcionamento, mas que necessita de melhorias para dar mais&nbsp;condi\u00e7\u00f5es de trabalho e comercializa\u00e7\u00e3o do local.&nbsp;<\/p>\n\n\n\n<p><br \/>A secret\u00e1ria de Planejamento, Joanna Guerra, contou que por 30 dias a equipe da prefeitura se estabeleceu no local trabalhando para atender as demandas reprimidas. \u201cEstamos aqui no bairro das Rocas planejando essa a\u00e7\u00e3o h\u00e1 pelo menos 30 dias. Visitando a escola, conversando com diretores, pais de alunos, moradores, fazendo um trabalho detalhado para diminuir a demanda reprimida que ficou desde a \u00e9poca da pandemia. Essa \u00e9 a terceira edi\u00e7\u00e3o do Participa Natal deste ano, e os resultados s\u00e3o satisfat\u00f3rios. O projeto foi idealizado pelo prefeito \u00c1lvaro Dias que faz quest\u00e3o de coordenar as a\u00e7\u00f5es\u201d, disse. <\/p>\n\n\n\n<hr class=\"wp-block-separator has-alpha-channel-opacity\"\/>\n\n\n\n<p><br \/>Durante a a\u00e7\u00e3o deste s\u00e1bado, foram atendidos moradores das Rocas,&nbsp;Praia do Meio, Bras\u00edlia Teimosa, Areia Preta e adjac\u00eancias. Todos&nbsp;tiveram atendimento de qualidade realizado. A moradora F\u00e1tima de&nbsp;Souza, 68 anos, realizou exame de mamografia e se emocionou com o&nbsp;resultado. \u201cEu estava sem dormir faz tempo, precisando fazer esse&nbsp;exame, pensando que tinha alguma coisa no meu peito. Gra\u00e7as a voc\u00eas&nbsp;fiz o exame e deu tudo certo, estou tranquila\u201d, disse emocionada.&nbsp;<\/p>\n\n\n\n<p>Os bairros de Paju\u00e7ara, na Zona Norte, e Planalto, na Zona Oeste, foram&nbsp;os primeiros a receber o Participa Natal este ano, registrando mais de&nbsp;12.800 atendimentos.&nbsp;<\/p>\n\n\n\n<p><br \/>Parceiros e apoiadores do Participa Natal nos Bairros: Fecom\u00e9rcio-RN&nbsp;(SESC e SENAC), OAB-RN, SEBRAE-RN, INSS, Instituto Atena, CDL Natal,&nbsp;Faculdade Est\u00e1cio Natal, UNP, Drogaria Santa F\u00e9, Fribom Picol\u00e9s e&nbsp;Sorvetes, Projeto Odonto Levando Sorriso, Escola de Enfermagem&nbsp;Menino Jesus, COSERN, CAERN, UNI-RN, Natal \u00d3ticas, GRT8 Inova\u00e7\u00f5es e&nbsp;Neg\u00f3cios, ABAPED e Instituto Mix.&nbsp;<\/p>\n\n\n\n<p><br \/>Secretarias municipais envolvidas com o projeto: Governo &#8211; SMG, Planejamento- SEMPLA, Comunica\u00e7\u00e3o \u2013 SECOM, Trabalho e Assist\u00eancia Social \u2013 SEMTAS, Ouvidoria, Sa\u00fade &#8211; SMS, Centro de Zoonoses, Educa\u00e7\u00e3o \u2013 SME, Cultura &#8211; SECULT\/FUNCARTE, Servi\u00e7os Urbanos \u2013 SEMSUR, Mobilidade Urbana \u2013 STTU, Infraestrutura \u2013 SEINFRA, Habita\u00e7\u00e3o e Regulariza\u00e7\u00e3o Fundi\u00e1ria \u2013 SEHARPE, Defesa do Consumidor \u2013 PROCON, Esporte e Lazer \u2013 SEL, Meio Ambiente e Urbanismo \u2013 SEMURB, Pol\u00edtica para as Mulheres \u2013 SEMUL, Saneamento B\u00e1sico \u2013 ARSBAN, Limpeza \u2013 URBANA, Projetos Especiais &#8211; SEGEPE, Projeto Planta Natal e Guarda Municipal. <br \/><\/p>\n\n\n\n<p><\/p>\n","protected":false},"excerpt":{"rendered":"<p>O bairro das Rocas, zona leste, foi o palco da terceira edi\u00e7\u00e3o do ano do programa Participa Natal. Neste s\u00e1bado (23), a Prefeitura transferiu todos os seus servi\u00e7os para prestar atendimento para as pessoas da comunidade e adjac\u00eancias. Al\u00e9m dos servi\u00e7os ofertados, as secretarias tamb\u00e9m ouviram as demandas dos moradores para aprimorarem a gest\u00e3o municipal. [&hellip;]<\/p>\n","protected":false},"author":1,"featured_media":0,"comment_status":"open","ping_status":"open","sticky":false,"template":"","format":"standard","meta":{"cybocfi_hide_featured_image":"","_jetpack_memberships_contains_paid_content":false,"footnotes":""},"categories":[1],"tags":[],"class_list":["post-1811","post","type-post","status-publish","format-standard","hentry","category-diversos"],"yoast_head":"<!-- This site is optimized with the Yoast SEO plugin v25.6 - https:\/\/yoast.com\/wordpress\/plugins\/seo\/ -->\n<title>Eribaldo Medeiros agradece realiza\u00e7\u00e3o do Participa Natal nas Rocas - Blog do Bispo<\/title>\n<meta name=\"robots\" content=\"index, follow, max-snippet:-1, max-image-preview:large, max-video-preview:-1\" \/>\n<link rel=\"canonical\" href=\"https:\/\/blogdobispo.com.br\/?p=1811\" \/>\n<meta property=\"og:locale\" content=\"pt_BR\" \/>\n<meta property=\"og:type\" content=\"article\" \/>\n<meta property=\"og:title\" content=\"Eribaldo Medeiros agradece realiza\u00e7\u00e3o do Participa Natal nas Rocas - Blog do Bispo\" \/>\n<meta property=\"og:description\" content=\"O bairro das Rocas, zona leste, foi o palco da terceira edi\u00e7\u00e3o do ano do programa Participa Natal. Neste s\u00e1bado (23), a Prefeitura transferiu todos os seus servi\u00e7os para prestar atendimento para as pessoas da comunidade e adjac\u00eancias. Al\u00e9m dos servi\u00e7os ofertados, as secretarias tamb\u00e9m ouviram as demandas dos moradores para aprimorarem a gest\u00e3o municipal. [&hellip;]\" \/>\n<meta property=\"og:url\" content=\"https:\/\/blogdobispo.com.br\/?p=1811\" \/>\n<meta property=\"og:site_name\" content=\"Blog do Bispo\" \/>\n<meta property=\"article:published_time\" content=\"2023-09-26T03:10:55+00:00\" \/>\n<meta property=\"article:modified_time\" content=\"2023-10-02T15:57:48+00:00\" \/>\n<meta property=\"og:image\" content=\"https:\/\/blogdobispo.com.br\/wp-content\/uploads\/2023\/09\/participa-natal-setembro-2023-rocas-foto-joana-lima-1024x649.jpg\" \/>\n<meta name=\"author\" content=\"Jefferson Sterfeno\" \/>\n<meta name=\"twitter:card\" content=\"summary_large_image\" \/>\n<meta name=\"twitter:label1\" content=\"Escrito por\" \/>\n\t<meta name=\"twitter:data1\" content=\"Jefferson Sterfeno\" \/>\n\t<meta name=\"twitter:label2\" content=\"Est. tempo de leitura\" \/>\n\t<meta name=\"twitter:data2\" content=\"3 minutos\" \/>\n<script type=\"application\/ld+json\" class=\"yoast-schema-graph\">{\"@context\":\"https:\/\/schema.org\",\"@graph\":[{\"@type\":\"Article\",\"@id\":\"https:\/\/blogdobispo.com.br\/?p=1811#article\",\"isPartOf\":{\"@id\":\"https:\/\/blogdobispo.com.br\/?p=1811\"},\"author\":{\"name\":\"Jefferson Sterfeno\",\"@id\":\"https:\/\/blogdobispo.com.br\/#\/schema\/person\/e2209cc0e6cea5c5233d033e997b373f\"},\"headline\":\"Eribaldo Medeiros agradece realiza\u00e7\u00e3o do Participa Natal nas Rocas\",\"datePublished\":\"2023-09-26T03:10:55+00:00\",\"dateModified\":\"2023-10-02T15:57:48+00:00\",\"mainEntityOfPage\":{\"@id\":\"https:\/\/blogdobispo.com.br\/?p=1811\"},\"wordCount\":626,\"commentCount\":0,\"publisher\":{\"@id\":\"https:\/\/blogdobispo.com.br\/#organization\"},\"image\":{\"@id\":\"https:\/\/blogdobispo.com.br\/?p=1811#primaryimage\"},\"thumbnailUrl\":\"https:\/\/blogdobispo.com.br\/wp-content\/uploads\/2023\/09\/participa-natal-setembro-2023-rocas-foto-joana-lima-1024x649.jpg\",\"articleSection\":[\"diversos\"],\"inLanguage\":\"pt-BR\",\"potentialAction\":[{\"@type\":\"CommentAction\",\"name\":\"Comment\",\"target\":[\"https:\/\/blogdobispo.com.br\/?p=1811#respond\"]}]},{\"@type\":\"WebPage\",\"@id\":\"https:\/\/blogdobispo.com.br\/?p=1811\",\"url\":\"https:\/\/blogdobispo.com.br\/?p=1811\",\"name\":\"Eribaldo Medeiros agradece realiza\u00e7\u00e3o do Participa Natal nas Rocas - Blog do Bispo\",\"isPartOf\":{\"@id\":\"https:\/\/blogdobispo.com.br\/#website\"},\"primaryImageOfPage\":{\"@id\":\"https:\/\/blogdobispo.com.br\/?p=1811#primaryimage\"},\"image\":{\"@id\":\"https:\/\/blogdobispo.com.br\/?p=1811#primaryimage\"},\"thumbnailUrl\":\"https:\/\/blogdobispo.com.br\/wp-content\/uploads\/2023\/09\/participa-natal-setembro-2023-rocas-foto-joana-lima-1024x649.jpg\",\"datePublished\":\"2023-09-26T03:10:55+00:00\",\"dateModified\":\"2023-10-02T15:57:48+00:00\",\"breadcrumb\":{\"@id\":\"https:\/\/blogdobispo.com.br\/?p=1811#breadcrumb\"},\"inLanguage\":\"pt-BR\",\"potentialAction\":[{\"@type\":\"ReadAction\",\"target\":[\"https:\/\/blogdobispo.com.br\/?p=1811\"]}]},{\"@type\":\"ImageObject\",\"inLanguage\":\"pt-BR\",\"@id\":\"https:\/\/blogdobispo.com.br\/?p=1811#primaryimage\",\"url\":\"https:\/\/blogdobispo.com.br\/wp-content\/uploads\/2023\/09\/participa-natal-setembro-2023-rocas-foto-joana-lima-1024x649.jpg\",\"contentUrl\":\"https:\/\/blogdobispo.com.br\/wp-content\/uploads\/2023\/09\/participa-natal-setembro-2023-rocas-foto-joana-lima-1024x649.jpg\"},{\"@type\":\"BreadcrumbList\",\"@id\":\"https:\/\/blogdobispo.com.br\/?p=1811#breadcrumb\",\"itemListElement\":[{\"@type\":\"ListItem\",\"position\":1,\"name\":\"In\u00edcio\",\"item\":\"https:\/\/blogdobispo.com.br\/\"},{\"@type\":\"ListItem\",\"position\":2,\"name\":\"Eribaldo Medeiros agradece realiza\u00e7\u00e3o do Participa Natal nas Rocas\"}]},{\"@type\":\"WebSite\",\"@id\":\"https:\/\/blogdobispo.com.br\/#website\",\"url\":\"https:\/\/blogdobispo.com.br\/\",\"name\":\"Blog do Bispo\",\"description\":\"Comprometido apenas com o leitor\",\"publisher\":{\"@id\":\"https:\/\/blogdobispo.com.br\/#organization\"},\"potentialAction\":[{\"@type\":\"SearchAction\",\"target\":{\"@type\":\"EntryPoint\",\"urlTemplate\":\"https:\/\/blogdobispo.com.br\/?s={search_term_string}\"},\"query-input\":{\"@type\":\"PropertyValueSpecification\",\"valueRequired\":true,\"valueName\":\"search_term_string\"}}],\"inLanguage\":\"pt-BR\"},{\"@type\":\"Organization\",\"@id\":\"https:\/\/blogdobispo.com.br\/#organization\",\"name\":\"Blog do Bispo\",\"url\":\"https:\/\/blogdobispo.com.br\/\",\"logo\":{\"@type\":\"ImageObject\",\"inLanguage\":\"pt-BR\",\"@id\":\"https:\/\/blogdobispo.com.br\/#\/schema\/logo\/image\/\",\"url\":\"http:\/\/blogdobispo.com.br\/wp-content\/uploads\/2023\/05\/cropped-headear.png\",\"contentUrl\":\"http:\/\/blogdobispo.com.br\/wp-content\/uploads\/2023\/05\/cropped-headear.png\",\"width\":1500,\"height\":399,\"caption\":\"Blog do Bispo\"},\"image\":{\"@id\":\"https:\/\/blogdobispo.com.br\/#\/schema\/logo\/image\/\"}},{\"@type\":\"Person\",\"@id\":\"https:\/\/blogdobispo.com.br\/#\/schema\/person\/e2209cc0e6cea5c5233d033e997b373f\",\"name\":\"Jefferson Sterfeno\",\"image\":{\"@type\":\"ImageObject\",\"inLanguage\":\"pt-BR\",\"@id\":\"https:\/\/blogdobispo.com.br\/#\/schema\/person\/image\/\",\"url\":\"https:\/\/secure.gravatar.com\/avatar\/0534e84764641168a677026b6d57a3f51dc7ac4db0b4f6186d9cb330d4ee1160?s=96&d=mm&r=g\",\"contentUrl\":\"https:\/\/secure.gravatar.com\/avatar\/0534e84764641168a677026b6d57a3f51dc7ac4db0b4f6186d9cb330d4ee1160?s=96&d=mm&r=g\",\"caption\":\"Jefferson Sterfeno\"},\"sameAs\":[\"http:\/\/blogdobispo.com.br\"],\"url\":\"https:\/\/blogdobispo.com.br\/?author=1\"}]}<\/script>\n<!-- \/ Yoast SEO plugin. -->","yoast_head_json":{"title":"Eribaldo Medeiros agradece realiza\u00e7\u00e3o do Participa Natal nas Rocas - Blog do Bispo","robots":{"index":"index","follow":"follow","max-snippet":"max-snippet:-1","max-image-preview":"max-image-preview:large","max-video-preview":"max-video-preview:-1"},"canonical":"https:\/\/blogdobispo.com.br\/?p=1811","og_locale":"pt_BR","og_type":"article","og_title":"Eribaldo Medeiros agradece realiza\u00e7\u00e3o do Participa Natal nas Rocas - Blog do Bispo","og_description":"O bairro das Rocas, zona leste, foi o palco da terceira edi\u00e7\u00e3o do ano do programa Participa Natal. Neste s\u00e1bado (23), a Prefeitura transferiu todos os seus servi\u00e7os para prestar atendimento para as pessoas da comunidade e adjac\u00eancias. Al\u00e9m dos servi\u00e7os ofertados, as secretarias tamb\u00e9m ouviram as demandas dos moradores para aprimorarem a gest\u00e3o municipal. [&hellip;]","og_url":"https:\/\/blogdobispo.com.br\/?p=1811","og_site_name":"Blog do Bispo","article_published_time":"2023-09-26T03:10:55+00:00","article_modified_time":"2023-10-02T15:57:48+00:00","og_image":[{"url":"https:\/\/blogdobispo.com.br\/wp-content\/uploads\/2023\/09\/participa-natal-setembro-2023-rocas-foto-joana-lima-1024x649.jpg","type":"","width":"","height":""}],"author":"Jefferson Sterfeno","twitter_card":"summary_large_image","twitter_misc":{"Escrito por":"Jefferson Sterfeno","Est. tempo de leitura":"3 minutos"},"schema":{"@context":"https:\/\/schema.org","@graph":[{"@type":"Article","@id":"https:\/\/blogdobispo.com.br\/?p=1811#article","isPartOf":{"@id":"https:\/\/blogdobispo.com.br\/?p=1811"},"author":{"name":"Jefferson Sterfeno","@id":"https:\/\/blogdobispo.com.br\/#\/schema\/person\/e2209cc0e6cea5c5233d033e997b373f"},"headline":"Eribaldo Medeiros agradece realiza\u00e7\u00e3o do Participa Natal nas Rocas","datePublished":"2023-09-26T03:10:55+00:00","dateModified":"2023-10-02T15:57:48+00:00","mainEntityOfPage":{"@id":"https:\/\/blogdobispo.com.br\/?p=1811"},"wordCount":626,"commentCount":0,"publisher":{"@id":"https:\/\/blogdobispo.com.br\/#organization"},"image":{"@id":"https:\/\/blogdobispo.com.br\/?p=1811#primaryimage"},"thumbnailUrl":"https:\/\/blogdobispo.com.br\/wp-content\/uploads\/2023\/09\/participa-natal-setembro-2023-rocas-foto-joana-lima-1024x649.jpg","articleSection":["diversos"],"inLanguage":"pt-BR","potentialAction":[{"@type":"CommentAction","name":"Comment","target":["https:\/\/blogdobispo.com.br\/?p=1811#respond"]}]},{"@type":"WebPage","@id":"https:\/\/blogdobispo.com.br\/?p=1811","url":"https:\/\/blogdobispo.com.br\/?p=1811","name":"Eribaldo Medeiros agradece realiza\u00e7\u00e3o do Participa Natal nas Rocas - Blog do Bispo","isPartOf":{"@id":"https:\/\/blogdobispo.com.br\/#website"},"primaryImageOfPage":{"@id":"https:\/\/blogdobispo.com.br\/?p=1811#primaryimage"},"image":{"@id":"https:\/\/blogdobispo.com.br\/?p=1811#primaryimage"},"thumbnailUrl":"https:\/\/blogdobispo.com.br\/wp-content\/uploads\/2023\/09\/participa-natal-setembro-2023-rocas-foto-joana-lima-1024x649.jpg","datePublished":"2023-09-26T03:10:55+00:00","dateModified":"2023-10-02T15:57:48+00:00","breadcrumb":{"@id":"https:\/\/blogdobispo.com.br\/?p=1811#breadcrumb"},"inLanguage":"pt-BR","potentialAction":[{"@type":"ReadAction","target":["https:\/\/blogdobispo.com.br\/?p=1811"]}]},{"@type":"ImageObject","inLanguage":"pt-BR","@id":"https:\/\/blogdobispo.com.br\/?p=1811#primaryimage","url":"https:\/\/blogdobispo.com.br\/wp-content\/uploads\/2023\/09\/participa-natal-setembro-2023-rocas-foto-joana-lima-1024x649.jpg","contentUrl":"https:\/\/blogdobispo.com.br\/wp-content\/uploads\/2023\/09\/participa-natal-setembro-2023-rocas-foto-joana-lima-1024x649.jpg"},{"@type":"BreadcrumbList","@id":"https:\/\/blogdobispo.com.br\/?p=1811#breadcrumb","itemListElement":[{"@type":"ListItem","position":1,"name":"In\u00edcio","item":"https:\/\/blogdobispo.com.br\/"},{"@type":"ListItem","position":2,"name":"Eribaldo Medeiros agradece realiza\u00e7\u00e3o do Participa Natal nas Rocas"}]},{"@type":"WebSite","@id":"https:\/\/blogdobispo.com.br\/#website","url":"https:\/\/blogdobispo.com.br\/","name":"Blog do Bispo","description":"Comprometido apenas com o leitor","publisher":{"@id":"https:\/\/blogdobispo.com.br\/#organization"},"potentialAction":[{"@type":"SearchAction","target":{"@type":"EntryPoint","urlTemplate":"https:\/\/blogdobispo.com.br\/?s={search_term_string}"},"query-input":{"@type":"PropertyValueSpecification","valueRequired":true,"valueName":"search_term_string"}}],"inLanguage":"pt-BR"},{"@type":"Organization","@id":"https:\/\/blogdobispo.com.br\/#organization","name":"Blog do Bispo","url":"https:\/\/blogdobispo.com.br\/","logo":{"@type":"ImageObject","inLanguage":"pt-BR","@id":"https:\/\/blogdobispo.com.br\/#\/schema\/logo\/image\/","url":"http:\/\/blogdobispo.com.br\/wp-content\/uploads\/2023\/05\/cropped-headear.png","contentUrl":"http:\/\/blogdobispo.com.br\/wp-content\/uploads\/2023\/05\/cropped-headear.png","width":1500,"height":399,"caption":"Blog do Bispo"},"image":{"@id":"https:\/\/blogdobispo.com.br\/#\/schema\/logo\/image\/"}},{"@type":"Person","@id":"https:\/\/blogdobispo.com.br\/#\/schema\/person\/e2209cc0e6cea5c5233d033e997b373f","name":"Jefferson Sterfeno","image":{"@type":"ImageObject","inLanguage":"pt-BR","@id":"https:\/\/blogdobispo.com.br\/#\/schema\/person\/image\/","url":"https:\/\/secure.gravatar.com\/avatar\/0534e84764641168a677026b6d57a3f51dc7ac4db0b4f6186d9cb330d4ee1160?s=96&d=mm&r=g","contentUrl":"https:\/\/secure.gravatar.com\/avatar\/0534e84764641168a677026b6d57a3f51dc7ac4db0b4f6186d9cb330d4ee1160?s=96&d=mm&r=g","caption":"Jefferson Sterfeno"},"sameAs":["http:\/\/blogdobispo.com.br"],"url":"https:\/\/blogdobispo.com.br\/?author=1"}]}},"featured_image_urls":{"full":"","thumbnail":"","medium":"","medium_large":"","large":"","1536x1536":"","2048x2048":""},"author_info":{"display_name":"Jefferson Sterfeno","author_link":"https:\/\/blogdobispo.com.br\/?author=1"},"category_info":"<a href=\"https:\/\/blogdobispo.com.br\/?cat=1\" rel=\"category\">diversos<\/a>","tag_info":"diversos","comment_count":"0","jetpack_featured_media_url":"","jetpack_sharing_enabled":true,"_links":{"self":[{"href":"https:\/\/blogdobispo.com.br\/index.php?rest_route=\/wp\/v2\/posts\/1811","targetHints":{"allow":["GET"]}}],"collection":[{"href":"https:\/\/blogdobispo.com.br\/index.php?rest_route=\/wp\/v2\/posts"}],"about":[{"href":"https:\/\/blogdobispo.com.br\/index.php?rest_route=\/wp\/v2\/types\/post"}],"author":[{"embeddable":true,"href":"https:\/\/blogdobispo.com.br\/index.php?rest_route=\/wp\/v2\/users\/1"}],"replies":[{"embeddable":true,"href":"https:\/\/blogdobispo.com.br\/index.php?rest_route=%2Fwp%2Fv2%2Fcomments&post=1811"}],"version-history":[{"count":2,"href":"https:\/\/blogdobispo.com.br\/index.php?rest_route=\/wp\/v2\/posts\/1811\/revisions"}],"predecessor-version":[{"id":1851,"href":"https:\/\/blogdobispo.com.br\/index.php?rest_route=\/wp\/v2\/posts\/1811\/revisions\/1851"}],"wp:attachment":[{"href":"https:\/\/blogdobispo.com.br\/index.php?rest_route=%2Fwp%2Fv2%2Fmedia&parent=1811"}],"wp:term":[{"taxonomy":"category","embeddable":true,"href":"https:\/\/blogdobispo.com.br\/index.php?rest_route=%2Fwp%2Fv2%2Fcategories&post=1811"},{"taxonomy":"post_tag","embeddable":true,"href":"https:\/\/blogdobispo.com.br\/index.php?rest_route=%2Fwp%2Fv2%2Ftags&post=1811"}],"curies":[{"name":"wp","href":"https:\/\/api.w.org\/{rel}","templated":true}]}}