{"id":18085,"date":"2025-10-07T20:03:53","date_gmt":"2025-10-07T20:03:53","guid":{"rendered":"https:\/\/blogdobispo.com.br\/?p=18085"},"modified":"2025-10-07T20:03:53","modified_gmt":"2025-10-07T20:03:53","slug":"ccj-da-assembleia-aprova-projetos-de-ubaldo-que-reconhecem-entidades-e-atualizam-leis-de-utilidade-publica-no-rn","status":"publish","type":"post","link":"https:\/\/blogdobispo.com.br\/?p=18085","title":{"rendered":"CCJ da Assembleia aprova projetos de Ubaldo que reconhecem entidades e atualizam leis de utilidade p\u00fablica no RN"},"content":{"rendered":"\n<figure class=\"wp-block-image size-large\"><img data-recalc-dims=\"1\" fetchpriority=\"high\" decoding=\"async\" width=\"800\" height=\"534\" src=\"https:\/\/i0.wp.com\/blogdobispo.com.br\/wp-content\/uploads\/2025\/10\/c3180adf-25a3-4ee6-9969-c3a4ec36541a-1024x683.jpg?resize=800%2C534&#038;ssl=1\" class=\"wp-image-18083\" srcset=\"https:\/\/i0.wp.com\/blogdobispo.com.br\/wp-content\/uploads\/2025\/10\/c3180adf-25a3-4ee6-9969-c3a4ec36541a.jpg?resize=1024%2C683&amp;ssl=1 1024w, https:\/\/i0.wp.com\/blogdobispo.com.br\/wp-content\/uploads\/2025\/10\/c3180adf-25a3-4ee6-9969-c3a4ec36541a.jpg?resize=300%2C200&amp;ssl=1 300w, https:\/\/i0.wp.com\/blogdobispo.com.br\/wp-content\/uploads\/2025\/10\/c3180adf-25a3-4ee6-9969-c3a4ec36541a.jpg?resize=768%2C512&amp;ssl=1 768w, https:\/\/i0.wp.com\/blogdobispo.com.br\/wp-content\/uploads\/2025\/10\/c3180adf-25a3-4ee6-9969-c3a4ec36541a.jpg?resize=1536%2C1024&amp;ssl=1 1536w, https:\/\/i0.wp.com\/blogdobispo.com.br\/wp-content\/uploads\/2025\/10\/c3180adf-25a3-4ee6-9969-c3a4ec36541a.jpg?w=1599&amp;ssl=1 1599w\" sizes=\"(max-width: 800px) 100vw, 800px\" \/><\/figure>\n\n\n\n<p><\/p>\n\n\n\n<p>A Comiss\u00e3o de Constitui\u00e7\u00e3o, Justi\u00e7a e Reda\u00e7\u00e3o (CCJR) da Assembleia Legislativa do Rio Grande do Norte aprovou, nesta ter\u00e7a-feira, 7 de outubro, quatro projetos de lei de autoria do deputado estadual Ubaldo Fernandes (PSDB). As mat\u00e9rias tratam do reconhecimento de entidades de relev\u00e2ncia social, educacional, cultural e ambiental como de utilidade p\u00fablica estadual, al\u00e9m de atualizar uma legisla\u00e7\u00e3o em vigor desde 1983.<\/p>\n\n\n\n<p>O parlamentar destacou que as proposi\u00e7\u00f5es refor\u00e7am o compromisso do seu mandato com o fortalecimento das organiza\u00e7\u00f5es sociais e comunit\u00e1rias que, em todo o Estado, desenvolvem a\u00e7\u00f5es voltadas ao bem comum. \u201cEssas institui\u00e7\u00f5es representam o trabalho coletivo, o voluntariado e a dedica\u00e7\u00e3o de pessoas que transformam a realidade em seus munic\u00edpios. Nosso papel, enquanto legisladores, \u00e9 garantir respaldo e reconhecimento a quem constr\u00f3i um Rio Grande do Norte mais justo, solid\u00e1rio e sustent\u00e1vel\u201d, afirmou Ubaldo Fernandes.<\/p>\n\n\n\n<p>Entre as mat\u00e9rias aprovadas, est\u00e1 o Projeto de Lei n\u00ba 438\/2025, que altera a Lei n\u00ba 5.198, de 1983, atualizando a denomina\u00e7\u00e3o da antiga Associa\u00e7\u00e3o dos Estudantes Campestrense (AECAMP) para Associa\u00e7\u00e3o para Desenvolvimento Educacional, Cultural, Social e Ambiental Potiguar \u2013 AECAMP. A mudan\u00e7a, relatada pela deputada Isolda Dantas, adequa a nomenclatura \u00e0 nova estrutura estatut\u00e1ria e documental da entidade, sediada em S\u00e3o Jos\u00e9 do Campestre, que h\u00e1 anos atua na promo\u00e7\u00e3o de a\u00e7\u00f5es sociais, educacionais e culturais em favor dos estudantes e da comunidade local.<\/p>\n\n\n\n<p>Outro projeto aprovado foi o PL n\u00ba 354\/2025, com relatoria do deputado Kleber Rodrigues, que reconhece como de utilidade p\u00fablica estadual a Col\u00f4nia de Pescadores e Aquicultores Z-80, do munic\u00edpio de S\u00edtio Novo. A entidade representa e apoia trabalhadores da pesca e aquicultura, promovendo assist\u00eancia t\u00e9cnica, social e ambiental, al\u00e9m de contribuir para o desenvolvimento sustent\u00e1vel e o fortalecimento econ\u00f4mico da atividade pesqueira na regi\u00e3o.<\/p>\n\n\n\n<p>Tamb\u00e9m recebeu parecer favor\u00e1vel da CCJ o PL n\u00ba 440\/2025, igualmente relatado pelo deputado Kleber Rodrigues, que reconhece como de utilidade p\u00fablica estadual o 2\u00ba Grupo de Escoteiros Guy de Larigaudie, da cidade de Macau. O grupo se destaca pela forma\u00e7\u00e3o cidad\u00e3 e solid\u00e1ria de crian\u00e7as e jovens, incentivando o respeito ao meio ambiente, o esp\u00edrito de lideran\u00e7a e o trabalho em equipe por meio de a\u00e7\u00f5es sociais e educativas.<\/p>\n\n\n\n<p>Por fim, o colegiado aprovou o Projeto de Lei n\u00ba 394\/2025, relatado pelo deputado Neilton Di\u00f3genes, que reconhece o Instituto Potiguar de A\u00e7\u00f5es S\u00f3cio Sustent\u00e1veis (IPASS) como entidade de utilidade p\u00fablica estadual. Fundado em 2017, o IPASS desenvolve projetos voltados \u00e0 assist\u00eancia social, inclus\u00e3o, educa\u00e7\u00e3o ambiental e fortalecimento da cidadania, com atua\u00e7\u00e3o destacada em comunidades vulner\u00e1veis e parcerias com o poder p\u00fablico e a iniciativa privada.<\/p>\n\n\n\n<p>Com a aprova\u00e7\u00e3o na CCJ, as proposi\u00e7\u00f5es seguem agora para san\u00e7\u00e3o do Governo do Estado. \u201cA Assembleia cumpre seu papel ao dar visibilidade e seguran\u00e7a jur\u00eddica a institui\u00e7\u00f5es s\u00e9rias e comprometidas com o desenvolvimento social do nosso Estado. \u00c9 uma forma de reconhecer o trabalho silencioso, mas transformador, que muitas delas realizam em suas comunidades\u201d, concluiu o deputado Ubaldo.<\/p>\n","protected":false},"excerpt":{"rendered":"<p>A Comiss\u00e3o de Constitui\u00e7\u00e3o, Justi\u00e7a e Reda\u00e7\u00e3o (CCJR) da Assembleia Legislativa do Rio Grande do Norte aprovou, nesta ter\u00e7a-feira, 7 de outubro, quatro projetos de lei de autoria do deputado estadual Ubaldo Fernandes (PSDB). As mat\u00e9rias tratam do reconhecimento de entidades de relev\u00e2ncia social, educacional, cultural e ambiental como de utilidade p\u00fablica estadual, al\u00e9m de [&hellip;]<\/p>\n","protected":false},"author":1,"featured_media":18084,"comment_status":"open","ping_status":"open","sticky":false,"template":"","format":"standard","meta":{"cybocfi_hide_featured_image":"","_jetpack_memberships_contains_paid_content":false,"footnotes":""},"categories":[1],"tags":[],"class_list":["post-18085","post","type-post","status-publish","format-standard","has-post-thumbnail","hentry","category-diversos"],"yoast_head":"<!-- This site is optimized with the Yoast SEO plugin v25.6 - https:\/\/yoast.com\/wordpress\/plugins\/seo\/ -->\n<title>CCJ da Assembleia aprova projetos de Ubaldo que reconhecem entidades e atualizam leis de utilidade p\u00fablica no RN - Blog do Bispo<\/title>\n<meta name=\"robots\" content=\"index, follow, max-snippet:-1, max-image-preview:large, max-video-preview:-1\" \/>\n<link rel=\"canonical\" href=\"https:\/\/blogdobispo.com.br\/?p=18085\" \/>\n<meta property=\"og:locale\" content=\"pt_BR\" \/>\n<meta property=\"og:type\" content=\"article\" \/>\n<meta property=\"og:title\" content=\"CCJ da Assembleia aprova projetos de Ubaldo que reconhecem entidades e atualizam leis de utilidade p\u00fablica no RN - Blog do Bispo\" \/>\n<meta property=\"og:description\" content=\"A Comiss\u00e3o de Constitui\u00e7\u00e3o, Justi\u00e7a e Reda\u00e7\u00e3o (CCJR) da Assembleia Legislativa do Rio Grande do Norte aprovou, nesta ter\u00e7a-feira, 7 de outubro, quatro projetos de lei de autoria do deputado estadual Ubaldo Fernandes (PSDB). As mat\u00e9rias tratam do reconhecimento de entidades de relev\u00e2ncia social, educacional, cultural e ambiental como de utilidade p\u00fablica estadual, al\u00e9m de [&hellip;]\" \/>\n<meta property=\"og:url\" content=\"https:\/\/blogdobispo.com.br\/?p=18085\" \/>\n<meta property=\"og:site_name\" content=\"Blog do Bispo\" \/>\n<meta property=\"article:published_time\" content=\"2025-10-07T20:03:53+00:00\" \/>\n<meta property=\"og:image\" content=\"https:\/\/blogdobispo.com.br\/wp-content\/uploads\/2025\/10\/c3180adf-25a3-4ee6-9969-c3a4ec36541a-1024x683.jpg\" \/>\n<meta name=\"author\" content=\"Jefferson Sterfeno\" \/>\n<meta name=\"twitter:card\" content=\"summary_large_image\" \/>\n<meta name=\"twitter:label1\" content=\"Escrito por\" \/>\n\t<meta name=\"twitter:data1\" content=\"Jefferson Sterfeno\" \/>\n\t<meta name=\"twitter:label2\" content=\"Est. tempo de leitura\" \/>\n\t<meta name=\"twitter:data2\" content=\"3 minutos\" \/>\n<script type=\"application\/ld+json\" class=\"yoast-schema-graph\">{\"@context\":\"https:\/\/schema.org\",\"@graph\":[{\"@type\":\"Article\",\"@id\":\"https:\/\/blogdobispo.com.br\/?p=18085#article\",\"isPartOf\":{\"@id\":\"https:\/\/blogdobispo.com.br\/?p=18085\"},\"author\":{\"name\":\"Jefferson Sterfeno\",\"@id\":\"https:\/\/blogdobispo.com.br\/#\/schema\/person\/e2209cc0e6cea5c5233d033e997b373f\"},\"headline\":\"CCJ da Assembleia aprova projetos de Ubaldo que reconhecem entidades e atualizam leis de utilidade p\u00fablica no RN\",\"datePublished\":\"2025-10-07T20:03:53+00:00\",\"mainEntityOfPage\":{\"@id\":\"https:\/\/blogdobispo.com.br\/?p=18085\"},\"wordCount\":554,\"commentCount\":0,\"publisher\":{\"@id\":\"https:\/\/blogdobispo.com.br\/#organization\"},\"image\":{\"@id\":\"https:\/\/blogdobispo.com.br\/?p=18085#primaryimage\"},\"thumbnailUrl\":\"https:\/\/i0.wp.com\/blogdobispo.com.br\/wp-content\/uploads\/2025\/10\/c3180adf-25a3-4ee6-9969-c3a4ec36541a-1.jpg?fit=1599%2C1066&ssl=1\",\"articleSection\":[\"diversos\"],\"inLanguage\":\"pt-BR\",\"potentialAction\":[{\"@type\":\"CommentAction\",\"name\":\"Comment\",\"target\":[\"https:\/\/blogdobispo.com.br\/?p=18085#respond\"]}]},{\"@type\":\"WebPage\",\"@id\":\"https:\/\/blogdobispo.com.br\/?p=18085\",\"url\":\"https:\/\/blogdobispo.com.br\/?p=18085\",\"name\":\"CCJ da Assembleia aprova projetos de Ubaldo que reconhecem entidades e atualizam leis de utilidade p\u00fablica no RN - Blog do Bispo\",\"isPartOf\":{\"@id\":\"https:\/\/blogdobispo.com.br\/#website\"},\"primaryImageOfPage\":{\"@id\":\"https:\/\/blogdobispo.com.br\/?p=18085#primaryimage\"},\"image\":{\"@id\":\"https:\/\/blogdobispo.com.br\/?p=18085#primaryimage\"},\"thumbnailUrl\":\"https:\/\/i0.wp.com\/blogdobispo.com.br\/wp-content\/uploads\/2025\/10\/c3180adf-25a3-4ee6-9969-c3a4ec36541a-1.jpg?fit=1599%2C1066&ssl=1\",\"datePublished\":\"2025-10-07T20:03:53+00:00\",\"breadcrumb\":{\"@id\":\"https:\/\/blogdobispo.com.br\/?p=18085#breadcrumb\"},\"inLanguage\":\"pt-BR\",\"potentialAction\":[{\"@type\":\"ReadAction\",\"target\":[\"https:\/\/blogdobispo.com.br\/?p=18085\"]}]},{\"@type\":\"ImageObject\",\"inLanguage\":\"pt-BR\",\"@id\":\"https:\/\/blogdobispo.com.br\/?p=18085#primaryimage\",\"url\":\"https:\/\/i0.wp.com\/blogdobispo.com.br\/wp-content\/uploads\/2025\/10\/c3180adf-25a3-4ee6-9969-c3a4ec36541a-1.jpg?fit=1599%2C1066&ssl=1\",\"contentUrl\":\"https:\/\/i0.wp.com\/blogdobispo.com.br\/wp-content\/uploads\/2025\/10\/c3180adf-25a3-4ee6-9969-c3a4ec36541a-1.jpg?fit=1599%2C1066&ssl=1\",\"width\":1599,\"height\":1066},{\"@type\":\"BreadcrumbList\",\"@id\":\"https:\/\/blogdobispo.com.br\/?p=18085#breadcrumb\",\"itemListElement\":[{\"@type\":\"ListItem\",\"position\":1,\"name\":\"In\u00edcio\",\"item\":\"https:\/\/blogdobispo.com.br\/\"},{\"@type\":\"ListItem\",\"position\":2,\"name\":\"CCJ da Assembleia aprova projetos de Ubaldo que reconhecem entidades e atualizam leis de utilidade p\u00fablica no RN\"}]},{\"@type\":\"WebSite\",\"@id\":\"https:\/\/blogdobispo.com.br\/#website\",\"url\":\"https:\/\/blogdobispo.com.br\/\",\"name\":\"Blog do Bispo\",\"description\":\"Comprometido apenas com o leitor\",\"publisher\":{\"@id\":\"https:\/\/blogdobispo.com.br\/#organization\"},\"potentialAction\":[{\"@type\":\"SearchAction\",\"target\":{\"@type\":\"EntryPoint\",\"urlTemplate\":\"https:\/\/blogdobispo.com.br\/?s={search_term_string}\"},\"query-input\":{\"@type\":\"PropertyValueSpecification\",\"valueRequired\":true,\"valueName\":\"search_term_string\"}}],\"inLanguage\":\"pt-BR\"},{\"@type\":\"Organization\",\"@id\":\"https:\/\/blogdobispo.com.br\/#organization\",\"name\":\"Blog do Bispo\",\"url\":\"https:\/\/blogdobispo.com.br\/\",\"logo\":{\"@type\":\"ImageObject\",\"inLanguage\":\"pt-BR\",\"@id\":\"https:\/\/blogdobispo.com.br\/#\/schema\/logo\/image\/\",\"url\":\"http:\/\/blogdobispo.com.br\/wp-content\/uploads\/2023\/05\/cropped-headear.png\",\"contentUrl\":\"http:\/\/blogdobispo.com.br\/wp-content\/uploads\/2023\/05\/cropped-headear.png\",\"width\":1500,\"height\":399,\"caption\":\"Blog do Bispo\"},\"image\":{\"@id\":\"https:\/\/blogdobispo.com.br\/#\/schema\/logo\/image\/\"}},{\"@type\":\"Person\",\"@id\":\"https:\/\/blogdobispo.com.br\/#\/schema\/person\/e2209cc0e6cea5c5233d033e997b373f\",\"name\":\"Jefferson Sterfeno\",\"image\":{\"@type\":\"ImageObject\",\"inLanguage\":\"pt-BR\",\"@id\":\"https:\/\/blogdobispo.com.br\/#\/schema\/person\/image\/\",\"url\":\"https:\/\/secure.gravatar.com\/avatar\/0534e84764641168a677026b6d57a3f51dc7ac4db0b4f6186d9cb330d4ee1160?s=96&d=mm&r=g\",\"contentUrl\":\"https:\/\/secure.gravatar.com\/avatar\/0534e84764641168a677026b6d57a3f51dc7ac4db0b4f6186d9cb330d4ee1160?s=96&d=mm&r=g\",\"caption\":\"Jefferson Sterfeno\"},\"sameAs\":[\"http:\/\/blogdobispo.com.br\"],\"url\":\"https:\/\/blogdobispo.com.br\/?author=1\"}]}<\/script>\n<!-- \/ Yoast SEO plugin. -->","yoast_head_json":{"title":"CCJ da Assembleia aprova projetos de Ubaldo que reconhecem entidades e atualizam leis de utilidade p\u00fablica no RN - Blog do Bispo","robots":{"index":"index","follow":"follow","max-snippet":"max-snippet:-1","max-image-preview":"max-image-preview:large","max-video-preview":"max-video-preview:-1"},"canonical":"https:\/\/blogdobispo.com.br\/?p=18085","og_locale":"pt_BR","og_type":"article","og_title":"CCJ da Assembleia aprova projetos de Ubaldo que reconhecem entidades e atualizam leis de utilidade p\u00fablica no RN - Blog do Bispo","og_description":"A Comiss\u00e3o de Constitui\u00e7\u00e3o, Justi\u00e7a e Reda\u00e7\u00e3o (CCJR) da Assembleia Legislativa do Rio Grande do Norte aprovou, nesta ter\u00e7a-feira, 7 de outubro, quatro projetos de lei de autoria do deputado estadual Ubaldo Fernandes (PSDB). As mat\u00e9rias tratam do reconhecimento de entidades de relev\u00e2ncia social, educacional, cultural e ambiental como de utilidade p\u00fablica estadual, al\u00e9m de [&hellip;]","og_url":"https:\/\/blogdobispo.com.br\/?p=18085","og_site_name":"Blog do Bispo","article_published_time":"2025-10-07T20:03:53+00:00","og_image":[{"url":"https:\/\/blogdobispo.com.br\/wp-content\/uploads\/2025\/10\/c3180adf-25a3-4ee6-9969-c3a4ec36541a-1024x683.jpg","type":"","width":"","height":""}],"author":"Jefferson Sterfeno","twitter_card":"summary_large_image","twitter_misc":{"Escrito por":"Jefferson Sterfeno","Est. tempo de leitura":"3 minutos"},"schema":{"@context":"https:\/\/schema.org","@graph":[{"@type":"Article","@id":"https:\/\/blogdobispo.com.br\/?p=18085#article","isPartOf":{"@id":"https:\/\/blogdobispo.com.br\/?p=18085"},"author":{"name":"Jefferson Sterfeno","@id":"https:\/\/blogdobispo.com.br\/#\/schema\/person\/e2209cc0e6cea5c5233d033e997b373f"},"headline":"CCJ da Assembleia aprova projetos de Ubaldo que reconhecem entidades e atualizam leis de utilidade p\u00fablica no RN","datePublished":"2025-10-07T20:03:53+00:00","mainEntityOfPage":{"@id":"https:\/\/blogdobispo.com.br\/?p=18085"},"wordCount":554,"commentCount":0,"publisher":{"@id":"https:\/\/blogdobispo.com.br\/#organization"},"image":{"@id":"https:\/\/blogdobispo.com.br\/?p=18085#primaryimage"},"thumbnailUrl":"https:\/\/i0.wp.com\/blogdobispo.com.br\/wp-content\/uploads\/2025\/10\/c3180adf-25a3-4ee6-9969-c3a4ec36541a-1.jpg?fit=1599%2C1066&ssl=1","articleSection":["diversos"],"inLanguage":"pt-BR","potentialAction":[{"@type":"CommentAction","name":"Comment","target":["https:\/\/blogdobispo.com.br\/?p=18085#respond"]}]},{"@type":"WebPage","@id":"https:\/\/blogdobispo.com.br\/?p=18085","url":"https:\/\/blogdobispo.com.br\/?p=18085","name":"CCJ da Assembleia aprova projetos de Ubaldo que reconhecem entidades e atualizam leis de utilidade p\u00fablica no RN - Blog do Bispo","isPartOf":{"@id":"https:\/\/blogdobispo.com.br\/#website"},"primaryImageOfPage":{"@id":"https:\/\/blogdobispo.com.br\/?p=18085#primaryimage"},"image":{"@id":"https:\/\/blogdobispo.com.br\/?p=18085#primaryimage"},"thumbnailUrl":"https:\/\/i0.wp.com\/blogdobispo.com.br\/wp-content\/uploads\/2025\/10\/c3180adf-25a3-4ee6-9969-c3a4ec36541a-1.jpg?fit=1599%2C1066&ssl=1","datePublished":"2025-10-07T20:03:53+00:00","breadcrumb":{"@id":"https:\/\/blogdobispo.com.br\/?p=18085#breadcrumb"},"inLanguage":"pt-BR","potentialAction":[{"@type":"ReadAction","target":["https:\/\/blogdobispo.com.br\/?p=18085"]}]},{"@type":"ImageObject","inLanguage":"pt-BR","@id":"https:\/\/blogdobispo.com.br\/?p=18085#primaryimage","url":"https:\/\/i0.wp.com\/blogdobispo.com.br\/wp-content\/uploads\/2025\/10\/c3180adf-25a3-4ee6-9969-c3a4ec36541a-1.jpg?fit=1599%2C1066&ssl=1","contentUrl":"https:\/\/i0.wp.com\/blogdobispo.com.br\/wp-content\/uploads\/2025\/10\/c3180adf-25a3-4ee6-9969-c3a4ec36541a-1.jpg?fit=1599%2C1066&ssl=1","width":1599,"height":1066},{"@type":"BreadcrumbList","@id":"https:\/\/blogdobispo.com.br\/?p=18085#breadcrumb","itemListElement":[{"@type":"ListItem","position":1,"name":"In\u00edcio","item":"https:\/\/blogdobispo.com.br\/"},{"@type":"ListItem","position":2,"name":"CCJ da Assembleia aprova projetos de Ubaldo que reconhecem entidades e atualizam leis de utilidade p\u00fablica no RN"}]},{"@type":"WebSite","@id":"https:\/\/blogdobispo.com.br\/#website","url":"https:\/\/blogdobispo.com.br\/","name":"Blog do Bispo","description":"Comprometido apenas com o leitor","publisher":{"@id":"https:\/\/blogdobispo.com.br\/#organization"},"potentialAction":[{"@type":"SearchAction","target":{"@type":"EntryPoint","urlTemplate":"https:\/\/blogdobispo.com.br\/?s={search_term_string}"},"query-input":{"@type":"PropertyValueSpecification","valueRequired":true,"valueName":"search_term_string"}}],"inLanguage":"pt-BR"},{"@type":"Organization","@id":"https:\/\/blogdobispo.com.br\/#organization","name":"Blog do Bispo","url":"https:\/\/blogdobispo.com.br\/","logo":{"@type":"ImageObject","inLanguage":"pt-BR","@id":"https:\/\/blogdobispo.com.br\/#\/schema\/logo\/image\/","url":"http:\/\/blogdobispo.com.br\/wp-content\/uploads\/2023\/05\/cropped-headear.png","contentUrl":"http:\/\/blogdobispo.com.br\/wp-content\/uploads\/2023\/05\/cropped-headear.png","width":1500,"height":399,"caption":"Blog do Bispo"},"image":{"@id":"https:\/\/blogdobispo.com.br\/#\/schema\/logo\/image\/"}},{"@type":"Person","@id":"https:\/\/blogdobispo.com.br\/#\/schema\/person\/e2209cc0e6cea5c5233d033e997b373f","name":"Jefferson Sterfeno","image":{"@type":"ImageObject","inLanguage":"pt-BR","@id":"https:\/\/blogdobispo.com.br\/#\/schema\/person\/image\/","url":"https:\/\/secure.gravatar.com\/avatar\/0534e84764641168a677026b6d57a3f51dc7ac4db0b4f6186d9cb330d4ee1160?s=96&d=mm&r=g","contentUrl":"https:\/\/secure.gravatar.com\/avatar\/0534e84764641168a677026b6d57a3f51dc7ac4db0b4f6186d9cb330d4ee1160?s=96&d=mm&r=g","caption":"Jefferson Sterfeno"},"sameAs":["http:\/\/blogdobispo.com.br"],"url":"https:\/\/blogdobispo.com.br\/?author=1"}]}},"featured_image_urls":{"full":["https:\/\/i0.wp.com\/blogdobispo.com.br\/wp-content\/uploads\/2025\/10\/c3180adf-25a3-4ee6-9969-c3a4ec36541a-1.jpg?fit=1599%2C1066&ssl=1",1599,1066,false],"thumbnail":["https:\/\/i0.wp.com\/blogdobispo.com.br\/wp-content\/uploads\/2025\/10\/c3180adf-25a3-4ee6-9969-c3a4ec36541a-1.jpg?resize=150%2C150&ssl=1",150,150,true],"medium":["https:\/\/i0.wp.com\/blogdobispo.com.br\/wp-content\/uploads\/2025\/10\/c3180adf-25a3-4ee6-9969-c3a4ec36541a-1.jpg?fit=300%2C200&ssl=1",300,200,true],"medium_large":["https:\/\/i0.wp.com\/blogdobispo.com.br\/wp-content\/uploads\/2025\/10\/c3180adf-25a3-4ee6-9969-c3a4ec36541a-1.jpg?fit=768%2C512&ssl=1",768,512,true],"large":["https:\/\/i0.wp.com\/blogdobispo.com.br\/wp-content\/uploads\/2025\/10\/c3180adf-25a3-4ee6-9969-c3a4ec36541a-1.jpg?fit=800%2C534&ssl=1",800,534,true],"1536x1536":["https:\/\/i0.wp.com\/blogdobispo.com.br\/wp-content\/uploads\/2025\/10\/c3180adf-25a3-4ee6-9969-c3a4ec36541a-1.jpg?fit=1536%2C1024&ssl=1",1536,1024,true],"2048x2048":["https:\/\/i0.wp.com\/blogdobispo.com.br\/wp-content\/uploads\/2025\/10\/c3180adf-25a3-4ee6-9969-c3a4ec36541a-1.jpg?fit=1599%2C1066&ssl=1",1599,1066,true]},"author_info":{"display_name":"Jefferson Sterfeno","author_link":"https:\/\/blogdobispo.com.br\/?author=1"},"category_info":"<a href=\"https:\/\/blogdobispo.com.br\/?cat=1\" rel=\"category\">diversos<\/a>","tag_info":"diversos","comment_count":"0","jetpack_featured_media_url":"https:\/\/i0.wp.com\/blogdobispo.com.br\/wp-content\/uploads\/2025\/10\/c3180adf-25a3-4ee6-9969-c3a4ec36541a-1.jpg?fit=1599%2C1066&ssl=1","jetpack_sharing_enabled":true,"_links":{"self":[{"href":"https:\/\/blogdobispo.com.br\/index.php?rest_route=\/wp\/v2\/posts\/18085","targetHints":{"allow":["GET"]}}],"collection":[{"href":"https:\/\/blogdobispo.com.br\/index.php?rest_route=\/wp\/v2\/posts"}],"about":[{"href":"https:\/\/blogdobispo.com.br\/index.php?rest_route=\/wp\/v2\/types\/post"}],"author":[{"embeddable":true,"href":"https:\/\/blogdobispo.com.br\/index.php?rest_route=\/wp\/v2\/users\/1"}],"replies":[{"embeddable":true,"href":"https:\/\/blogdobispo.com.br\/index.php?rest_route=%2Fwp%2Fv2%2Fcomments&post=18085"}],"version-history":[{"count":0,"href":"https:\/\/blogdobispo.com.br\/index.php?rest_route=\/wp\/v2\/posts\/18085\/revisions"}],"wp:featuredmedia":[{"embeddable":true,"href":"https:\/\/blogdobispo.com.br\/index.php?rest_route=\/wp\/v2\/media\/18084"}],"wp:attachment":[{"href":"https:\/\/blogdobispo.com.br\/index.php?rest_route=%2Fwp%2Fv2%2Fmedia&parent=18085"}],"wp:term":[{"taxonomy":"category","embeddable":true,"href":"https:\/\/blogdobispo.com.br\/index.php?rest_route=%2Fwp%2Fv2%2Fcategories&post=18085"},{"taxonomy":"post_tag","embeddable":true,"href":"https:\/\/blogdobispo.com.br\/index.php?rest_route=%2Fwp%2Fv2%2Ftags&post=18085"}],"curies":[{"name":"wp","href":"https:\/\/api.w.org\/{rel}","templated":true}]}}