{"id":18073,"date":"2025-10-07T18:34:34","date_gmt":"2025-10-07T18:34:34","guid":{"rendered":"https:\/\/blogdobispo.com.br\/?p=18073"},"modified":"2025-10-07T18:37:43","modified_gmt":"2025-10-07T18:37:43","slug":"prefeitura-de-parnamirim-busca-em-brasilia-recursos-para-fortalecer-saude-e-turismo","status":"publish","type":"post","link":"https:\/\/blogdobispo.com.br\/?p=18073","title":{"rendered":"Prefeitura de Parnamirim busca em Bras\u00edlia recursos para fortalecer sa\u00fade e turismo"},"content":{"rendered":"<p>A Prefeitura de Parnamirim cumpriu nesta ter\u00e7a-feira (30) uma ampla agenda em Bras\u00edlia, apresentando ao Governo Federal pleitos estrat\u00e9gicos voltados ao fortalecimento da sa\u00fade p\u00fablica e \u00e0 valoriza\u00e7\u00e3o do turismo local.<\/p>\n<p>&nbsp;<img data-recalc-dims=\"1\" fetchpriority=\"high\" decoding=\"async\" src=\"https:\/\/i0.wp.com\/blogdobispo.com.br\/wp-content\/uploads\/2025\/10\/img_7101.png?resize=800%2C533&#038;ssl=1\" class=\"size-full wp-image-18076\" width=\"800\" height=\"533\" srcset=\"https:\/\/i0.wp.com\/blogdobispo.com.br\/wp-content\/uploads\/2025\/10\/img_7101.png?w=1600&amp;ssl=1 1600w, https:\/\/i0.wp.com\/blogdobispo.com.br\/wp-content\/uploads\/2025\/10\/img_7101.png?resize=300%2C200&amp;ssl=1 300w, https:\/\/i0.wp.com\/blogdobispo.com.br\/wp-content\/uploads\/2025\/10\/img_7101.png?resize=1024%2C682&amp;ssl=1 1024w, https:\/\/i0.wp.com\/blogdobispo.com.br\/wp-content\/uploads\/2025\/10\/img_7101.png?resize=768%2C512&amp;ssl=1 768w, https:\/\/i0.wp.com\/blogdobispo.com.br\/wp-content\/uploads\/2025\/10\/img_7101.png?resize=1536%2C1023&amp;ssl=1 1536w\" sizes=\"(max-width: 800px) 100vw, 800px\" \/><\/p>\n<p>No Minist\u00e9rio da Sa\u00fade, a chefe do Executivo municipal solicitou a amplia\u00e7\u00e3o dos recursos destinados ao Fundo Municipal de Sa\u00fade, ressaltando a necessidade de maior participa\u00e7\u00e3o da Uni\u00e3o no financiamento do sistema. O objetivo \u00e9 assegurar a manuten\u00e7\u00e3o dos servi\u00e7os j\u00e1 existentes e ampliar a assist\u00eancia \u00e0 popula\u00e7\u00e3o.<\/p>\n<p>&nbsp;<\/p>\n<p>Entre as prioridades est\u00e3o a amplia\u00e7\u00e3o dos leitos de retaguarda da UPA, melhorias na infraestrutura das unidades de sa\u00fade e dos Centros de Aten\u00e7\u00e3o Psicossocial, al\u00e9m de novos investimentos para a Maternidade Divino Amor.<\/p>\n<p>&nbsp;<\/p>\n<p>A gest\u00e3o destacou ainda que uma auditoria identificou precariedades herdadas da administra\u00e7\u00e3o anterior, especialmente em infraestrutura, condi\u00e7\u00f5es de trabalho e faturamento comprometido pela falta de equipamentos adequados. \u201cO financiamento da sa\u00fade p\u00fablica de Parnamirim est\u00e1 subdimensionado. Mesmo com muito empenho j\u00e1 avan\u00e7amos bastante, mas \u00e9 fundamental contar com esse aporte da Uni\u00e3o para ampliar as melhorias\u201d, refor\u00e7ou a prefeita Nilda Cruz.<\/p>\n<p>&nbsp;<\/p>\n<p>J\u00e1 no Minist\u00e9rio do Turismo, a pauta foi a requalifica\u00e7\u00e3o da orla, contemplando as praias de Pium, Cotovelo e Pirangi. O pleito inclui obras de urbaniza\u00e7\u00e3o, melhorias na acessibilidade e implanta\u00e7\u00e3o de equipamentos de infraestrutura capazes de valorizar as belezas naturais, atrair visitantes, gerar empregos e impulsionar a economia local. \u201cQueremos fortalecer o turismo, atrair novos investimentos e garantir que Parnamirim continue crescendo, oferecendo qualidade de vida para quem mora e visita nosso litoral\u201d, destacou a prefeita.<\/p>\n<p>&nbsp;<\/p>\n<p>Ao avaliar os encontros, a gest\u00e3o municipal agradeceu o apoio da governadora do Rio Grande do Norte, F\u00e1tima Bezerra, que acompanhou a agenda e refor\u00e7ou a interlocu\u00e7\u00e3o junto ao Governo Federal. \u201cEstamos confiantes de que esse di\u00e1logo render\u00e1 frutos importantes para Parnamirim. \u00c9 um passo decisivo para transformar nosso potencial em mais sa\u00fade, desenvolvimento, emprego e qualidade de vida para a popula\u00e7\u00e3o\u201d, concluiu a prefeita Nilda Cruz.<\/p>\n","protected":false},"excerpt":{"rendered":"<p>A Prefeitura de Parnamirim cumpriu nesta ter\u00e7a-feira (30) uma ampla agenda em Bras\u00edlia, apresentando ao Governo Federal pleitos estrat\u00e9gicos voltados ao fortalecimento da sa\u00fade p\u00fablica e \u00e0 valoriza\u00e7\u00e3o do turismo local. &nbsp; No Minist\u00e9rio da Sa\u00fade, a chefe do Executivo municipal solicitou a amplia\u00e7\u00e3o dos recursos destinados ao Fundo Municipal de Sa\u00fade, ressaltando a necessidade [&hellip;]<\/p>\n","protected":false},"author":1,"featured_media":18078,"comment_status":"open","ping_status":"open","sticky":false,"template":"","format":"standard","meta":{"cybocfi_hide_featured_image":"","_jetpack_memberships_contains_paid_content":false,"footnotes":""},"categories":[1],"tags":[],"class_list":["post-18073","post","type-post","status-publish","format-standard","has-post-thumbnail","hentry","category-diversos"],"yoast_head":"<!-- This site is optimized with the Yoast SEO plugin v25.6 - https:\/\/yoast.com\/wordpress\/plugins\/seo\/ -->\n<title>Prefeitura de Parnamirim busca em Bras\u00edlia recursos para fortalecer sa\u00fade e turismo - Blog do Bispo<\/title>\n<meta name=\"robots\" content=\"index, follow, max-snippet:-1, max-image-preview:large, max-video-preview:-1\" \/>\n<link rel=\"canonical\" href=\"https:\/\/blogdobispo.com.br\/?p=18073\" \/>\n<meta property=\"og:locale\" content=\"pt_BR\" \/>\n<meta property=\"og:type\" content=\"article\" \/>\n<meta property=\"og:title\" content=\"Prefeitura de Parnamirim busca em Bras\u00edlia recursos para fortalecer sa\u00fade e turismo - Blog do Bispo\" \/>\n<meta property=\"og:description\" content=\"A Prefeitura de Parnamirim cumpriu nesta ter\u00e7a-feira (30) uma ampla agenda em Bras\u00edlia, apresentando ao Governo Federal pleitos estrat\u00e9gicos voltados ao fortalecimento da sa\u00fade p\u00fablica e \u00e0 valoriza\u00e7\u00e3o do turismo local. &nbsp; No Minist\u00e9rio da Sa\u00fade, a chefe do Executivo municipal solicitou a amplia\u00e7\u00e3o dos recursos destinados ao Fundo Municipal de Sa\u00fade, ressaltando a necessidade [&hellip;]\" \/>\n<meta property=\"og:url\" content=\"https:\/\/blogdobispo.com.br\/?p=18073\" \/>\n<meta property=\"og:site_name\" content=\"Blog do Bispo\" \/>\n<meta property=\"article:published_time\" content=\"2025-10-07T18:34:34+00:00\" \/>\n<meta property=\"article:modified_time\" content=\"2025-10-07T18:37:43+00:00\" \/>\n<meta property=\"og:image\" content=\"https:\/\/blogdobispo.com.br\/wp-content\/uploads\/2025\/10\/img_7101.png\" \/>\n<meta name=\"author\" content=\"Jefferson Sterfeno\" \/>\n<meta name=\"twitter:card\" content=\"summary_large_image\" \/>\n<meta name=\"twitter:label1\" content=\"Escrito por\" \/>\n\t<meta name=\"twitter:data1\" content=\"Jefferson Sterfeno\" \/>\n\t<meta name=\"twitter:label2\" content=\"Est. tempo de leitura\" \/>\n\t<meta name=\"twitter:data2\" content=\"2 minutos\" \/>\n<script type=\"application\/ld+json\" class=\"yoast-schema-graph\">{\"@context\":\"https:\/\/schema.org\",\"@graph\":[{\"@type\":\"Article\",\"@id\":\"https:\/\/blogdobispo.com.br\/?p=18073#article\",\"isPartOf\":{\"@id\":\"https:\/\/blogdobispo.com.br\/?p=18073\"},\"author\":{\"name\":\"Jefferson Sterfeno\",\"@id\":\"https:\/\/blogdobispo.com.br\/#\/schema\/person\/e2209cc0e6cea5c5233d033e997b373f\"},\"headline\":\"Prefeitura de Parnamirim busca em Bras\u00edlia recursos para fortalecer sa\u00fade e turismo\",\"datePublished\":\"2025-10-07T18:34:34+00:00\",\"dateModified\":\"2025-10-07T18:37:43+00:00\",\"mainEntityOfPage\":{\"@id\":\"https:\/\/blogdobispo.com.br\/?p=18073\"},\"wordCount\":371,\"commentCount\":0,\"publisher\":{\"@id\":\"https:\/\/blogdobispo.com.br\/#organization\"},\"image\":{\"@id\":\"https:\/\/blogdobispo.com.br\/?p=18073#primaryimage\"},\"thumbnailUrl\":\"https:\/\/i0.wp.com\/blogdobispo.com.br\/wp-content\/uploads\/2025\/10\/img_7101-1.png?fit=1600%2C1066&ssl=1\",\"articleSection\":[\"diversos\"],\"inLanguage\":\"pt-BR\",\"potentialAction\":[{\"@type\":\"CommentAction\",\"name\":\"Comment\",\"target\":[\"https:\/\/blogdobispo.com.br\/?p=18073#respond\"]}]},{\"@type\":\"WebPage\",\"@id\":\"https:\/\/blogdobispo.com.br\/?p=18073\",\"url\":\"https:\/\/blogdobispo.com.br\/?p=18073\",\"name\":\"Prefeitura de Parnamirim busca em Bras\u00edlia recursos para fortalecer sa\u00fade e turismo - Blog do Bispo\",\"isPartOf\":{\"@id\":\"https:\/\/blogdobispo.com.br\/#website\"},\"primaryImageOfPage\":{\"@id\":\"https:\/\/blogdobispo.com.br\/?p=18073#primaryimage\"},\"image\":{\"@id\":\"https:\/\/blogdobispo.com.br\/?p=18073#primaryimage\"},\"thumbnailUrl\":\"https:\/\/i0.wp.com\/blogdobispo.com.br\/wp-content\/uploads\/2025\/10\/img_7101-1.png?fit=1600%2C1066&ssl=1\",\"datePublished\":\"2025-10-07T18:34:34+00:00\",\"dateModified\":\"2025-10-07T18:37:43+00:00\",\"breadcrumb\":{\"@id\":\"https:\/\/blogdobispo.com.br\/?p=18073#breadcrumb\"},\"inLanguage\":\"pt-BR\",\"potentialAction\":[{\"@type\":\"ReadAction\",\"target\":[\"https:\/\/blogdobispo.com.br\/?p=18073\"]}]},{\"@type\":\"ImageObject\",\"inLanguage\":\"pt-BR\",\"@id\":\"https:\/\/blogdobispo.com.br\/?p=18073#primaryimage\",\"url\":\"https:\/\/i0.wp.com\/blogdobispo.com.br\/wp-content\/uploads\/2025\/10\/img_7101-1.png?fit=1600%2C1066&ssl=1\",\"contentUrl\":\"https:\/\/i0.wp.com\/blogdobispo.com.br\/wp-content\/uploads\/2025\/10\/img_7101-1.png?fit=1600%2C1066&ssl=1\",\"width\":1600,\"height\":1066},{\"@type\":\"BreadcrumbList\",\"@id\":\"https:\/\/blogdobispo.com.br\/?p=18073#breadcrumb\",\"itemListElement\":[{\"@type\":\"ListItem\",\"position\":1,\"name\":\"In\u00edcio\",\"item\":\"https:\/\/blogdobispo.com.br\/\"},{\"@type\":\"ListItem\",\"position\":2,\"name\":\"Prefeitura de Parnamirim busca em Bras\u00edlia recursos para fortalecer sa\u00fade e turismo\"}]},{\"@type\":\"WebSite\",\"@id\":\"https:\/\/blogdobispo.com.br\/#website\",\"url\":\"https:\/\/blogdobispo.com.br\/\",\"name\":\"Blog do Bispo\",\"description\":\"Comprometido apenas com o leitor\",\"publisher\":{\"@id\":\"https:\/\/blogdobispo.com.br\/#organization\"},\"potentialAction\":[{\"@type\":\"SearchAction\",\"target\":{\"@type\":\"EntryPoint\",\"urlTemplate\":\"https:\/\/blogdobispo.com.br\/?s={search_term_string}\"},\"query-input\":{\"@type\":\"PropertyValueSpecification\",\"valueRequired\":true,\"valueName\":\"search_term_string\"}}],\"inLanguage\":\"pt-BR\"},{\"@type\":\"Organization\",\"@id\":\"https:\/\/blogdobispo.com.br\/#organization\",\"name\":\"Blog do Bispo\",\"url\":\"https:\/\/blogdobispo.com.br\/\",\"logo\":{\"@type\":\"ImageObject\",\"inLanguage\":\"pt-BR\",\"@id\":\"https:\/\/blogdobispo.com.br\/#\/schema\/logo\/image\/\",\"url\":\"http:\/\/blogdobispo.com.br\/wp-content\/uploads\/2023\/05\/cropped-headear.png\",\"contentUrl\":\"http:\/\/blogdobispo.com.br\/wp-content\/uploads\/2023\/05\/cropped-headear.png\",\"width\":1500,\"height\":399,\"caption\":\"Blog do Bispo\"},\"image\":{\"@id\":\"https:\/\/blogdobispo.com.br\/#\/schema\/logo\/image\/\"}},{\"@type\":\"Person\",\"@id\":\"https:\/\/blogdobispo.com.br\/#\/schema\/person\/e2209cc0e6cea5c5233d033e997b373f\",\"name\":\"Jefferson Sterfeno\",\"image\":{\"@type\":\"ImageObject\",\"inLanguage\":\"pt-BR\",\"@id\":\"https:\/\/blogdobispo.com.br\/#\/schema\/person\/image\/\",\"url\":\"https:\/\/secure.gravatar.com\/avatar\/0534e84764641168a677026b6d57a3f51dc7ac4db0b4f6186d9cb330d4ee1160?s=96&d=mm&r=g\",\"contentUrl\":\"https:\/\/secure.gravatar.com\/avatar\/0534e84764641168a677026b6d57a3f51dc7ac4db0b4f6186d9cb330d4ee1160?s=96&d=mm&r=g\",\"caption\":\"Jefferson Sterfeno\"},\"sameAs\":[\"http:\/\/blogdobispo.com.br\"],\"url\":\"https:\/\/blogdobispo.com.br\/?author=1\"}]}<\/script>\n<!-- \/ Yoast SEO plugin. -->","yoast_head_json":{"title":"Prefeitura de Parnamirim busca em Bras\u00edlia recursos para fortalecer sa\u00fade e turismo - Blog do Bispo","robots":{"index":"index","follow":"follow","max-snippet":"max-snippet:-1","max-image-preview":"max-image-preview:large","max-video-preview":"max-video-preview:-1"},"canonical":"https:\/\/blogdobispo.com.br\/?p=18073","og_locale":"pt_BR","og_type":"article","og_title":"Prefeitura de Parnamirim busca em Bras\u00edlia recursos para fortalecer sa\u00fade e turismo - Blog do Bispo","og_description":"A Prefeitura de Parnamirim cumpriu nesta ter\u00e7a-feira (30) uma ampla agenda em Bras\u00edlia, apresentando ao Governo Federal pleitos estrat\u00e9gicos voltados ao fortalecimento da sa\u00fade p\u00fablica e \u00e0 valoriza\u00e7\u00e3o do turismo local. &nbsp; No Minist\u00e9rio da Sa\u00fade, a chefe do Executivo municipal solicitou a amplia\u00e7\u00e3o dos recursos destinados ao Fundo Municipal de Sa\u00fade, ressaltando a necessidade [&hellip;]","og_url":"https:\/\/blogdobispo.com.br\/?p=18073","og_site_name":"Blog do Bispo","article_published_time":"2025-10-07T18:34:34+00:00","article_modified_time":"2025-10-07T18:37:43+00:00","og_image":[{"url":"https:\/\/blogdobispo.com.br\/wp-content\/uploads\/2025\/10\/img_7101.png","type":"","width":"","height":""}],"author":"Jefferson Sterfeno","twitter_card":"summary_large_image","twitter_misc":{"Escrito por":"Jefferson Sterfeno","Est. tempo de leitura":"2 minutos"},"schema":{"@context":"https:\/\/schema.org","@graph":[{"@type":"Article","@id":"https:\/\/blogdobispo.com.br\/?p=18073#article","isPartOf":{"@id":"https:\/\/blogdobispo.com.br\/?p=18073"},"author":{"name":"Jefferson Sterfeno","@id":"https:\/\/blogdobispo.com.br\/#\/schema\/person\/e2209cc0e6cea5c5233d033e997b373f"},"headline":"Prefeitura de Parnamirim busca em Bras\u00edlia recursos para fortalecer sa\u00fade e turismo","datePublished":"2025-10-07T18:34:34+00:00","dateModified":"2025-10-07T18:37:43+00:00","mainEntityOfPage":{"@id":"https:\/\/blogdobispo.com.br\/?p=18073"},"wordCount":371,"commentCount":0,"publisher":{"@id":"https:\/\/blogdobispo.com.br\/#organization"},"image":{"@id":"https:\/\/blogdobispo.com.br\/?p=18073#primaryimage"},"thumbnailUrl":"https:\/\/i0.wp.com\/blogdobispo.com.br\/wp-content\/uploads\/2025\/10\/img_7101-1.png?fit=1600%2C1066&ssl=1","articleSection":["diversos"],"inLanguage":"pt-BR","potentialAction":[{"@type":"CommentAction","name":"Comment","target":["https:\/\/blogdobispo.com.br\/?p=18073#respond"]}]},{"@type":"WebPage","@id":"https:\/\/blogdobispo.com.br\/?p=18073","url":"https:\/\/blogdobispo.com.br\/?p=18073","name":"Prefeitura de Parnamirim busca em Bras\u00edlia recursos para fortalecer sa\u00fade e turismo - Blog do Bispo","isPartOf":{"@id":"https:\/\/blogdobispo.com.br\/#website"},"primaryImageOfPage":{"@id":"https:\/\/blogdobispo.com.br\/?p=18073#primaryimage"},"image":{"@id":"https:\/\/blogdobispo.com.br\/?p=18073#primaryimage"},"thumbnailUrl":"https:\/\/i0.wp.com\/blogdobispo.com.br\/wp-content\/uploads\/2025\/10\/img_7101-1.png?fit=1600%2C1066&ssl=1","datePublished":"2025-10-07T18:34:34+00:00","dateModified":"2025-10-07T18:37:43+00:00","breadcrumb":{"@id":"https:\/\/blogdobispo.com.br\/?p=18073#breadcrumb"},"inLanguage":"pt-BR","potentialAction":[{"@type":"ReadAction","target":["https:\/\/blogdobispo.com.br\/?p=18073"]}]},{"@type":"ImageObject","inLanguage":"pt-BR","@id":"https:\/\/blogdobispo.com.br\/?p=18073#primaryimage","url":"https:\/\/i0.wp.com\/blogdobispo.com.br\/wp-content\/uploads\/2025\/10\/img_7101-1.png?fit=1600%2C1066&ssl=1","contentUrl":"https:\/\/i0.wp.com\/blogdobispo.com.br\/wp-content\/uploads\/2025\/10\/img_7101-1.png?fit=1600%2C1066&ssl=1","width":1600,"height":1066},{"@type":"BreadcrumbList","@id":"https:\/\/blogdobispo.com.br\/?p=18073#breadcrumb","itemListElement":[{"@type":"ListItem","position":1,"name":"In\u00edcio","item":"https:\/\/blogdobispo.com.br\/"},{"@type":"ListItem","position":2,"name":"Prefeitura de Parnamirim busca em Bras\u00edlia recursos para fortalecer sa\u00fade e turismo"}]},{"@type":"WebSite","@id":"https:\/\/blogdobispo.com.br\/#website","url":"https:\/\/blogdobispo.com.br\/","name":"Blog do Bispo","description":"Comprometido apenas com o leitor","publisher":{"@id":"https:\/\/blogdobispo.com.br\/#organization"},"potentialAction":[{"@type":"SearchAction","target":{"@type":"EntryPoint","urlTemplate":"https:\/\/blogdobispo.com.br\/?s={search_term_string}"},"query-input":{"@type":"PropertyValueSpecification","valueRequired":true,"valueName":"search_term_string"}}],"inLanguage":"pt-BR"},{"@type":"Organization","@id":"https:\/\/blogdobispo.com.br\/#organization","name":"Blog do Bispo","url":"https:\/\/blogdobispo.com.br\/","logo":{"@type":"ImageObject","inLanguage":"pt-BR","@id":"https:\/\/blogdobispo.com.br\/#\/schema\/logo\/image\/","url":"http:\/\/blogdobispo.com.br\/wp-content\/uploads\/2023\/05\/cropped-headear.png","contentUrl":"http:\/\/blogdobispo.com.br\/wp-content\/uploads\/2023\/05\/cropped-headear.png","width":1500,"height":399,"caption":"Blog do Bispo"},"image":{"@id":"https:\/\/blogdobispo.com.br\/#\/schema\/logo\/image\/"}},{"@type":"Person","@id":"https:\/\/blogdobispo.com.br\/#\/schema\/person\/e2209cc0e6cea5c5233d033e997b373f","name":"Jefferson Sterfeno","image":{"@type":"ImageObject","inLanguage":"pt-BR","@id":"https:\/\/blogdobispo.com.br\/#\/schema\/person\/image\/","url":"https:\/\/secure.gravatar.com\/avatar\/0534e84764641168a677026b6d57a3f51dc7ac4db0b4f6186d9cb330d4ee1160?s=96&d=mm&r=g","contentUrl":"https:\/\/secure.gravatar.com\/avatar\/0534e84764641168a677026b6d57a3f51dc7ac4db0b4f6186d9cb330d4ee1160?s=96&d=mm&r=g","caption":"Jefferson Sterfeno"},"sameAs":["http:\/\/blogdobispo.com.br"],"url":"https:\/\/blogdobispo.com.br\/?author=1"}]}},"featured_image_urls":{"full":["https:\/\/i0.wp.com\/blogdobispo.com.br\/wp-content\/uploads\/2025\/10\/img_7101-1.png?fit=1600%2C1066&ssl=1",1600,1066,false],"thumbnail":["https:\/\/i0.wp.com\/blogdobispo.com.br\/wp-content\/uploads\/2025\/10\/img_7101-1.png?resize=150%2C150&ssl=1",150,150,true],"medium":["https:\/\/i0.wp.com\/blogdobispo.com.br\/wp-content\/uploads\/2025\/10\/img_7101-1.png?fit=300%2C200&ssl=1",300,200,true],"medium_large":["https:\/\/i0.wp.com\/blogdobispo.com.br\/wp-content\/uploads\/2025\/10\/img_7101-1.png?fit=768%2C512&ssl=1",768,512,true],"large":["https:\/\/i0.wp.com\/blogdobispo.com.br\/wp-content\/uploads\/2025\/10\/img_7101-1.png?fit=800%2C533&ssl=1",800,533,true],"1536x1536":["https:\/\/i0.wp.com\/blogdobispo.com.br\/wp-content\/uploads\/2025\/10\/img_7101-1.png?fit=1536%2C1023&ssl=1",1536,1023,true],"2048x2048":["https:\/\/i0.wp.com\/blogdobispo.com.br\/wp-content\/uploads\/2025\/10\/img_7101-1.png?fit=1600%2C1066&ssl=1",1600,1066,true]},"author_info":{"display_name":"Jefferson Sterfeno","author_link":"https:\/\/blogdobispo.com.br\/?author=1"},"category_info":"<a href=\"https:\/\/blogdobispo.com.br\/?cat=1\" rel=\"category\">diversos<\/a>","tag_info":"diversos","comment_count":"0","jetpack_featured_media_url":"https:\/\/i0.wp.com\/blogdobispo.com.br\/wp-content\/uploads\/2025\/10\/img_7101-1.png?fit=1600%2C1066&ssl=1","jetpack_sharing_enabled":true,"_links":{"self":[{"href":"https:\/\/blogdobispo.com.br\/index.php?rest_route=\/wp\/v2\/posts\/18073","targetHints":{"allow":["GET"]}}],"collection":[{"href":"https:\/\/blogdobispo.com.br\/index.php?rest_route=\/wp\/v2\/posts"}],"about":[{"href":"https:\/\/blogdobispo.com.br\/index.php?rest_route=\/wp\/v2\/types\/post"}],"author":[{"embeddable":true,"href":"https:\/\/blogdobispo.com.br\/index.php?rest_route=\/wp\/v2\/users\/1"}],"replies":[{"embeddable":true,"href":"https:\/\/blogdobispo.com.br\/index.php?rest_route=%2Fwp%2Fv2%2Fcomments&post=18073"}],"version-history":[{"count":2,"href":"https:\/\/blogdobispo.com.br\/index.php?rest_route=\/wp\/v2\/posts\/18073\/revisions"}],"predecessor-version":[{"id":18077,"href":"https:\/\/blogdobispo.com.br\/index.php?rest_route=\/wp\/v2\/posts\/18073\/revisions\/18077"}],"wp:featuredmedia":[{"embeddable":true,"href":"https:\/\/blogdobispo.com.br\/index.php?rest_route=\/wp\/v2\/media\/18078"}],"wp:attachment":[{"href":"https:\/\/blogdobispo.com.br\/index.php?rest_route=%2Fwp%2Fv2%2Fmedia&parent=18073"}],"wp:term":[{"taxonomy":"category","embeddable":true,"href":"https:\/\/blogdobispo.com.br\/index.php?rest_route=%2Fwp%2Fv2%2Fcategories&post=18073"},{"taxonomy":"post_tag","embeddable":true,"href":"https:\/\/blogdobispo.com.br\/index.php?rest_route=%2Fwp%2Fv2%2Ftags&post=18073"}],"curies":[{"name":"wp","href":"https:\/\/api.w.org\/{rel}","templated":true}]}}