{"id":18060,"date":"2025-10-07T13:14:20","date_gmt":"2025-10-07T13:14:20","guid":{"rendered":"https:\/\/blogdobispo.com.br\/?p=18060"},"modified":"2025-10-07T13:14:53","modified_gmt":"2025-10-07T13:14:53","slug":"uniao-de-alvaro-dias-e-rogerio-marinho-e-a-estrategia-que-deu-certo-em-2024","status":"publish","type":"post","link":"https:\/\/blogdobispo.com.br\/?p=18060","title":{"rendered":"Uni\u00e3o de \u00c1lvaro Dias e Rog\u00e9rio Marinho e a estrat\u00e9gia que deu certo em 2024"},"content":{"rendered":"<p>&nbsp;<\/p>\n<p>&nbsp;<\/p>\n<p>&nbsp;<\/p>\n<p>Os bastidores da pol\u00edtica potiguar voltaram a ferver nos \u00faltimos dias com as conversas cada vez mais intensas sobre uma poss\u00edvel alian\u00e7a entre o ex-prefeito de Natal, \u00c1lvaro Dias, e o senador Rog\u00e9rio Marinho (PL). A ideia de ver os dois no mesmo palanque, antes tida como improv\u00e1vel, ganha corpo \u00e0 medida que cresce a movimenta\u00e7\u00e3o da direita raiz para se reorganizar com for\u00e7a total para as elei\u00e7\u00f5es do pr\u00f3ximo ano.<\/p>\n<p>Fontes ouvidas por interlocutores pol\u00edticos garantem que \u00c1lvaro estaria inclinado a se filiar ao <strong>Partido Liberal (PL)<\/strong>, abrindo caminho para um acordo direto com Marinho e consolidando uma frente conservadora robusta na capital. A opera\u00e7\u00e3o teria como objetivo reconstruir a base da direita que se fragmentou ap\u00f3s as \u00faltimas elei\u00e7\u00f5es, e que agora busca uma candidatura competitiva e identificada com o campo ideol\u00f3gico bolsonarista.<\/p>\n<p>Cientistas pol\u00edticos consultados por analistas locais afirmam que <strong>o cen\u00e1rio de 2026 tende a repetir a polariza\u00e7\u00e3o<\/strong> observada nas \u00faltimas disputas \u2014 direita versus esquerda \u2014 sem muito espa\u00e7o para candidaturas que tentem se equilibrar no centro. O eleitorado, afirmam, demonstra cada vez menos toler\u00e2ncia com posicionamentos amb\u00edguos ou \u201cem cima do muro\u201d.<\/p>\n<p>Esse racioc\u00ednio ajuda a explicar fen\u00f4menos recentes, como a <strong>derrota de Carlos Eduardo Alves<\/strong> em Natal, quando o ex-prefeito n\u00e3o conseguiu se firmar nem como representante da direita nem como aliado da esquerda, perdendo apoio de ambos os lados. O risco de um novo caso semelhante paira sobre lideran\u00e7as que tentem reproduzir essa estrat\u00e9gia em 2026.<\/p>\n<p>Nesse contexto, <strong>o prefeito de Mossor\u00f3, Allyson Bezerra (Uni\u00e3o Brasil)<\/strong>, aparece em situa\u00e7\u00e3o delicada. Apesar de se posicionar publicamente como um gestor de direita, seu grupo deve apoiar a senadora <strong>Zenaide Maia (PSD)<\/strong> \u2014 parlamentar reconhecida por suas pautas alinhadas \u00e0 esquerda. A composi\u00e7\u00e3o seria vista como uma <strong>\u201cchapa h\u00edbrida\u201d<\/strong>, pouco coerente do ponto de vista ideol\u00f3gico e de dif\u00edcil aceita\u00e7\u00e3o popular.<\/p>\n<p>\u201cEm tempos de polariza\u00e7\u00e3o extrema, o eleitor quer saber de que lado o candidato est\u00e1. O meio-termo j\u00e1 n\u00e3o conquista ningu\u00e9m\u201d, analisa um cientista pol\u00edtico ouvido sob reserva.<\/p>\n<p>Enquanto isso, \u00c1lvaro Dias parece disposto a se recolocar como uma lideran\u00e7a nacionalmente conectada \u00e0 direita. Se a filia\u00e7\u00e3o ao PL se confirmar, ele entrar\u00e1 de vez no jogo eleitoral como uma das principais apostas de Rog\u00e9rio Marinho para consolidar um <strong>projeto conservador unificado no Rio Grande do Norte<\/strong>.<\/p>\n<p>Os pr\u00f3ximos meses prometem intensas negocia\u00e7\u00f5es, mas uma coisa \u00e9 certa: a direita potiguar quer falar em uma s\u00f3 voz \u2014 e, dessa vez, sem espa\u00e7o para ambiguidade.<\/p>\n<p>&nbsp;<\/p>\n<p><img data-recalc-dims=\"1\" fetchpriority=\"high\" decoding=\"async\" class=\"alignnone size-medium wp-image-18061\" src=\"https:\/\/i0.wp.com\/blogdobispo.com.br\/wp-content\/uploads\/2025\/10\/alvaro-e-rogerio-2-930x524-1.webp?resize=300%2C169\" alt=\"\" width=\"300\" height=\"169\" srcset=\"https:\/\/i0.wp.com\/blogdobispo.com.br\/wp-content\/uploads\/2025\/10\/alvaro-e-rogerio-2-930x524-1.webp?resize=300%2C169&amp;ssl=1 300w, https:\/\/i0.wp.com\/blogdobispo.com.br\/wp-content\/uploads\/2025\/10\/alvaro-e-rogerio-2-930x524-1.webp?resize=768%2C433&amp;ssl=1 768w, https:\/\/i0.wp.com\/blogdobispo.com.br\/wp-content\/uploads\/2025\/10\/alvaro-e-rogerio-2-930x524-1.webp?w=930&amp;ssl=1 930w\" sizes=\"(max-width: 300px) 100vw, 300px\" \/><\/p>\n","protected":false},"excerpt":{"rendered":"<p>&nbsp; &nbsp; &nbsp; Os bastidores da pol\u00edtica potiguar voltaram a ferver nos \u00faltimos dias com as conversas cada vez mais intensas sobre uma poss\u00edvel alian\u00e7a entre o ex-prefeito de Natal, \u00c1lvaro Dias, e o senador Rog\u00e9rio Marinho (PL). A ideia de ver os dois no mesmo palanque, antes tida como improv\u00e1vel, ganha corpo \u00e0 medida [&hellip;]<\/p>\n","protected":false},"author":1,"featured_media":18061,"comment_status":"open","ping_status":"open","sticky":false,"template":"","format":"standard","meta":{"cybocfi_hide_featured_image":"","_jetpack_memberships_contains_paid_content":false,"footnotes":""},"categories":[1],"tags":[],"class_list":["post-18060","post","type-post","status-publish","format-standard","has-post-thumbnail","hentry","category-diversos"],"yoast_head":"<!-- This site is optimized with the Yoast SEO plugin v25.6 - https:\/\/yoast.com\/wordpress\/plugins\/seo\/ -->\n<title>Uni\u00e3o de \u00c1lvaro Dias e Rog\u00e9rio Marinho e a estrat\u00e9gia que deu certo em 2024 - Blog do Bispo<\/title>\n<meta name=\"robots\" content=\"index, follow, max-snippet:-1, max-image-preview:large, max-video-preview:-1\" \/>\n<link rel=\"canonical\" href=\"https:\/\/blogdobispo.com.br\/?p=18060\" \/>\n<meta property=\"og:locale\" content=\"pt_BR\" \/>\n<meta property=\"og:type\" content=\"article\" \/>\n<meta property=\"og:title\" content=\"Uni\u00e3o de \u00c1lvaro Dias e Rog\u00e9rio Marinho e a estrat\u00e9gia que deu certo em 2024 - Blog do Bispo\" \/>\n<meta property=\"og:description\" content=\"&nbsp; &nbsp; &nbsp; Os bastidores da pol\u00edtica potiguar voltaram a ferver nos \u00faltimos dias com as conversas cada vez mais intensas sobre uma poss\u00edvel alian\u00e7a entre o ex-prefeito de Natal, \u00c1lvaro Dias, e o senador Rog\u00e9rio Marinho (PL). A ideia de ver os dois no mesmo palanque, antes tida como improv\u00e1vel, ganha corpo \u00e0 medida [&hellip;]\" \/>\n<meta property=\"og:url\" content=\"https:\/\/blogdobispo.com.br\/?p=18060\" \/>\n<meta property=\"og:site_name\" content=\"Blog do Bispo\" \/>\n<meta property=\"article:published_time\" content=\"2025-10-07T13:14:20+00:00\" \/>\n<meta property=\"article:modified_time\" content=\"2025-10-07T13:14:53+00:00\" \/>\n<meta property=\"og:image\" content=\"http:\/\/blogdobispo.com.br\/wp-content\/uploads\/2025\/10\/alvaro-e-rogerio-2-930x524-1.webp\" \/>\n\t<meta property=\"og:image:width\" content=\"930\" \/>\n\t<meta property=\"og:image:height\" content=\"524\" \/>\n\t<meta property=\"og:image:type\" content=\"image\/webp\" \/>\n<meta name=\"author\" content=\"Jefferson Sterfeno\" \/>\n<meta name=\"twitter:card\" content=\"summary_large_image\" \/>\n<meta name=\"twitter:label1\" content=\"Escrito por\" \/>\n\t<meta name=\"twitter:data1\" content=\"Jefferson Sterfeno\" \/>\n\t<meta name=\"twitter:label2\" content=\"Est. tempo de leitura\" \/>\n\t<meta name=\"twitter:data2\" content=\"3 minutos\" \/>\n<script type=\"application\/ld+json\" class=\"yoast-schema-graph\">{\"@context\":\"https:\/\/schema.org\",\"@graph\":[{\"@type\":\"Article\",\"@id\":\"https:\/\/blogdobispo.com.br\/?p=18060#article\",\"isPartOf\":{\"@id\":\"https:\/\/blogdobispo.com.br\/?p=18060\"},\"author\":{\"name\":\"Jefferson Sterfeno\",\"@id\":\"https:\/\/blogdobispo.com.br\/#\/schema\/person\/e2209cc0e6cea5c5233d033e997b373f\"},\"headline\":\"Uni\u00e3o de \u00c1lvaro Dias e Rog\u00e9rio Marinho e a estrat\u00e9gia que deu certo em 2024\",\"datePublished\":\"2025-10-07T13:14:20+00:00\",\"dateModified\":\"2025-10-07T13:14:53+00:00\",\"mainEntityOfPage\":{\"@id\":\"https:\/\/blogdobispo.com.br\/?p=18060\"},\"wordCount\":464,\"commentCount\":0,\"publisher\":{\"@id\":\"https:\/\/blogdobispo.com.br\/#organization\"},\"image\":{\"@id\":\"https:\/\/blogdobispo.com.br\/?p=18060#primaryimage\"},\"thumbnailUrl\":\"https:\/\/i0.wp.com\/blogdobispo.com.br\/wp-content\/uploads\/2025\/10\/alvaro-e-rogerio-2-930x524-1.webp?fit=930%2C524&ssl=1\",\"articleSection\":[\"diversos\"],\"inLanguage\":\"pt-BR\",\"potentialAction\":[{\"@type\":\"CommentAction\",\"name\":\"Comment\",\"target\":[\"https:\/\/blogdobispo.com.br\/?p=18060#respond\"]}]},{\"@type\":\"WebPage\",\"@id\":\"https:\/\/blogdobispo.com.br\/?p=18060\",\"url\":\"https:\/\/blogdobispo.com.br\/?p=18060\",\"name\":\"Uni\u00e3o de \u00c1lvaro Dias e Rog\u00e9rio Marinho e a estrat\u00e9gia que deu certo em 2024 - Blog do Bispo\",\"isPartOf\":{\"@id\":\"https:\/\/blogdobispo.com.br\/#website\"},\"primaryImageOfPage\":{\"@id\":\"https:\/\/blogdobispo.com.br\/?p=18060#primaryimage\"},\"image\":{\"@id\":\"https:\/\/blogdobispo.com.br\/?p=18060#primaryimage\"},\"thumbnailUrl\":\"https:\/\/i0.wp.com\/blogdobispo.com.br\/wp-content\/uploads\/2025\/10\/alvaro-e-rogerio-2-930x524-1.webp?fit=930%2C524&ssl=1\",\"datePublished\":\"2025-10-07T13:14:20+00:00\",\"dateModified\":\"2025-10-07T13:14:53+00:00\",\"breadcrumb\":{\"@id\":\"https:\/\/blogdobispo.com.br\/?p=18060#breadcrumb\"},\"inLanguage\":\"pt-BR\",\"potentialAction\":[{\"@type\":\"ReadAction\",\"target\":[\"https:\/\/blogdobispo.com.br\/?p=18060\"]}]},{\"@type\":\"ImageObject\",\"inLanguage\":\"pt-BR\",\"@id\":\"https:\/\/blogdobispo.com.br\/?p=18060#primaryimage\",\"url\":\"https:\/\/i0.wp.com\/blogdobispo.com.br\/wp-content\/uploads\/2025\/10\/alvaro-e-rogerio-2-930x524-1.webp?fit=930%2C524&ssl=1\",\"contentUrl\":\"https:\/\/i0.wp.com\/blogdobispo.com.br\/wp-content\/uploads\/2025\/10\/alvaro-e-rogerio-2-930x524-1.webp?fit=930%2C524&ssl=1\",\"width\":930,\"height\":524},{\"@type\":\"BreadcrumbList\",\"@id\":\"https:\/\/blogdobispo.com.br\/?p=18060#breadcrumb\",\"itemListElement\":[{\"@type\":\"ListItem\",\"position\":1,\"name\":\"In\u00edcio\",\"item\":\"https:\/\/blogdobispo.com.br\/\"},{\"@type\":\"ListItem\",\"position\":2,\"name\":\"Uni\u00e3o de \u00c1lvaro Dias e Rog\u00e9rio Marinho e a estrat\u00e9gia que deu certo em 2024\"}]},{\"@type\":\"WebSite\",\"@id\":\"https:\/\/blogdobispo.com.br\/#website\",\"url\":\"https:\/\/blogdobispo.com.br\/\",\"name\":\"Blog do Bispo\",\"description\":\"Comprometido apenas com o leitor\",\"publisher\":{\"@id\":\"https:\/\/blogdobispo.com.br\/#organization\"},\"potentialAction\":[{\"@type\":\"SearchAction\",\"target\":{\"@type\":\"EntryPoint\",\"urlTemplate\":\"https:\/\/blogdobispo.com.br\/?s={search_term_string}\"},\"query-input\":{\"@type\":\"PropertyValueSpecification\",\"valueRequired\":true,\"valueName\":\"search_term_string\"}}],\"inLanguage\":\"pt-BR\"},{\"@type\":\"Organization\",\"@id\":\"https:\/\/blogdobispo.com.br\/#organization\",\"name\":\"Blog do Bispo\",\"url\":\"https:\/\/blogdobispo.com.br\/\",\"logo\":{\"@type\":\"ImageObject\",\"inLanguage\":\"pt-BR\",\"@id\":\"https:\/\/blogdobispo.com.br\/#\/schema\/logo\/image\/\",\"url\":\"http:\/\/blogdobispo.com.br\/wp-content\/uploads\/2023\/05\/cropped-headear.png\",\"contentUrl\":\"http:\/\/blogdobispo.com.br\/wp-content\/uploads\/2023\/05\/cropped-headear.png\",\"width\":1500,\"height\":399,\"caption\":\"Blog do Bispo\"},\"image\":{\"@id\":\"https:\/\/blogdobispo.com.br\/#\/schema\/logo\/image\/\"}},{\"@type\":\"Person\",\"@id\":\"https:\/\/blogdobispo.com.br\/#\/schema\/person\/e2209cc0e6cea5c5233d033e997b373f\",\"name\":\"Jefferson Sterfeno\",\"image\":{\"@type\":\"ImageObject\",\"inLanguage\":\"pt-BR\",\"@id\":\"https:\/\/blogdobispo.com.br\/#\/schema\/person\/image\/\",\"url\":\"https:\/\/secure.gravatar.com\/avatar\/0534e84764641168a677026b6d57a3f51dc7ac4db0b4f6186d9cb330d4ee1160?s=96&d=mm&r=g\",\"contentUrl\":\"https:\/\/secure.gravatar.com\/avatar\/0534e84764641168a677026b6d57a3f51dc7ac4db0b4f6186d9cb330d4ee1160?s=96&d=mm&r=g\",\"caption\":\"Jefferson Sterfeno\"},\"sameAs\":[\"http:\/\/blogdobispo.com.br\"],\"url\":\"https:\/\/blogdobispo.com.br\/?author=1\"}]}<\/script>\n<!-- \/ Yoast SEO plugin. -->","yoast_head_json":{"title":"Uni\u00e3o de \u00c1lvaro Dias e Rog\u00e9rio Marinho e a estrat\u00e9gia que deu certo em 2024 - Blog do Bispo","robots":{"index":"index","follow":"follow","max-snippet":"max-snippet:-1","max-image-preview":"max-image-preview:large","max-video-preview":"max-video-preview:-1"},"canonical":"https:\/\/blogdobispo.com.br\/?p=18060","og_locale":"pt_BR","og_type":"article","og_title":"Uni\u00e3o de \u00c1lvaro Dias e Rog\u00e9rio Marinho e a estrat\u00e9gia que deu certo em 2024 - Blog do Bispo","og_description":"&nbsp; &nbsp; &nbsp; Os bastidores da pol\u00edtica potiguar voltaram a ferver nos \u00faltimos dias com as conversas cada vez mais intensas sobre uma poss\u00edvel alian\u00e7a entre o ex-prefeito de Natal, \u00c1lvaro Dias, e o senador Rog\u00e9rio Marinho (PL). A ideia de ver os dois no mesmo palanque, antes tida como improv\u00e1vel, ganha corpo \u00e0 medida [&hellip;]","og_url":"https:\/\/blogdobispo.com.br\/?p=18060","og_site_name":"Blog do Bispo","article_published_time":"2025-10-07T13:14:20+00:00","article_modified_time":"2025-10-07T13:14:53+00:00","og_image":[{"width":930,"height":524,"url":"http:\/\/blogdobispo.com.br\/wp-content\/uploads\/2025\/10\/alvaro-e-rogerio-2-930x524-1.webp","type":"image\/webp"}],"author":"Jefferson Sterfeno","twitter_card":"summary_large_image","twitter_misc":{"Escrito por":"Jefferson Sterfeno","Est. tempo de leitura":"3 minutos"},"schema":{"@context":"https:\/\/schema.org","@graph":[{"@type":"Article","@id":"https:\/\/blogdobispo.com.br\/?p=18060#article","isPartOf":{"@id":"https:\/\/blogdobispo.com.br\/?p=18060"},"author":{"name":"Jefferson Sterfeno","@id":"https:\/\/blogdobispo.com.br\/#\/schema\/person\/e2209cc0e6cea5c5233d033e997b373f"},"headline":"Uni\u00e3o de \u00c1lvaro Dias e Rog\u00e9rio Marinho e a estrat\u00e9gia que deu certo em 2024","datePublished":"2025-10-07T13:14:20+00:00","dateModified":"2025-10-07T13:14:53+00:00","mainEntityOfPage":{"@id":"https:\/\/blogdobispo.com.br\/?p=18060"},"wordCount":464,"commentCount":0,"publisher":{"@id":"https:\/\/blogdobispo.com.br\/#organization"},"image":{"@id":"https:\/\/blogdobispo.com.br\/?p=18060#primaryimage"},"thumbnailUrl":"https:\/\/i0.wp.com\/blogdobispo.com.br\/wp-content\/uploads\/2025\/10\/alvaro-e-rogerio-2-930x524-1.webp?fit=930%2C524&ssl=1","articleSection":["diversos"],"inLanguage":"pt-BR","potentialAction":[{"@type":"CommentAction","name":"Comment","target":["https:\/\/blogdobispo.com.br\/?p=18060#respond"]}]},{"@type":"WebPage","@id":"https:\/\/blogdobispo.com.br\/?p=18060","url":"https:\/\/blogdobispo.com.br\/?p=18060","name":"Uni\u00e3o de \u00c1lvaro Dias e Rog\u00e9rio Marinho e a estrat\u00e9gia que deu certo em 2024 - Blog do Bispo","isPartOf":{"@id":"https:\/\/blogdobispo.com.br\/#website"},"primaryImageOfPage":{"@id":"https:\/\/blogdobispo.com.br\/?p=18060#primaryimage"},"image":{"@id":"https:\/\/blogdobispo.com.br\/?p=18060#primaryimage"},"thumbnailUrl":"https:\/\/i0.wp.com\/blogdobispo.com.br\/wp-content\/uploads\/2025\/10\/alvaro-e-rogerio-2-930x524-1.webp?fit=930%2C524&ssl=1","datePublished":"2025-10-07T13:14:20+00:00","dateModified":"2025-10-07T13:14:53+00:00","breadcrumb":{"@id":"https:\/\/blogdobispo.com.br\/?p=18060#breadcrumb"},"inLanguage":"pt-BR","potentialAction":[{"@type":"ReadAction","target":["https:\/\/blogdobispo.com.br\/?p=18060"]}]},{"@type":"ImageObject","inLanguage":"pt-BR","@id":"https:\/\/blogdobispo.com.br\/?p=18060#primaryimage","url":"https:\/\/i0.wp.com\/blogdobispo.com.br\/wp-content\/uploads\/2025\/10\/alvaro-e-rogerio-2-930x524-1.webp?fit=930%2C524&ssl=1","contentUrl":"https:\/\/i0.wp.com\/blogdobispo.com.br\/wp-content\/uploads\/2025\/10\/alvaro-e-rogerio-2-930x524-1.webp?fit=930%2C524&ssl=1","width":930,"height":524},{"@type":"BreadcrumbList","@id":"https:\/\/blogdobispo.com.br\/?p=18060#breadcrumb","itemListElement":[{"@type":"ListItem","position":1,"name":"In\u00edcio","item":"https:\/\/blogdobispo.com.br\/"},{"@type":"ListItem","position":2,"name":"Uni\u00e3o de \u00c1lvaro Dias e Rog\u00e9rio Marinho e a estrat\u00e9gia que deu certo em 2024"}]},{"@type":"WebSite","@id":"https:\/\/blogdobispo.com.br\/#website","url":"https:\/\/blogdobispo.com.br\/","name":"Blog do Bispo","description":"Comprometido apenas com o leitor","publisher":{"@id":"https:\/\/blogdobispo.com.br\/#organization"},"potentialAction":[{"@type":"SearchAction","target":{"@type":"EntryPoint","urlTemplate":"https:\/\/blogdobispo.com.br\/?s={search_term_string}"},"query-input":{"@type":"PropertyValueSpecification","valueRequired":true,"valueName":"search_term_string"}}],"inLanguage":"pt-BR"},{"@type":"Organization","@id":"https:\/\/blogdobispo.com.br\/#organization","name":"Blog do Bispo","url":"https:\/\/blogdobispo.com.br\/","logo":{"@type":"ImageObject","inLanguage":"pt-BR","@id":"https:\/\/blogdobispo.com.br\/#\/schema\/logo\/image\/","url":"http:\/\/blogdobispo.com.br\/wp-content\/uploads\/2023\/05\/cropped-headear.png","contentUrl":"http:\/\/blogdobispo.com.br\/wp-content\/uploads\/2023\/05\/cropped-headear.png","width":1500,"height":399,"caption":"Blog do Bispo"},"image":{"@id":"https:\/\/blogdobispo.com.br\/#\/schema\/logo\/image\/"}},{"@type":"Person","@id":"https:\/\/blogdobispo.com.br\/#\/schema\/person\/e2209cc0e6cea5c5233d033e997b373f","name":"Jefferson Sterfeno","image":{"@type":"ImageObject","inLanguage":"pt-BR","@id":"https:\/\/blogdobispo.com.br\/#\/schema\/person\/image\/","url":"https:\/\/secure.gravatar.com\/avatar\/0534e84764641168a677026b6d57a3f51dc7ac4db0b4f6186d9cb330d4ee1160?s=96&d=mm&r=g","contentUrl":"https:\/\/secure.gravatar.com\/avatar\/0534e84764641168a677026b6d57a3f51dc7ac4db0b4f6186d9cb330d4ee1160?s=96&d=mm&r=g","caption":"Jefferson Sterfeno"},"sameAs":["http:\/\/blogdobispo.com.br"],"url":"https:\/\/blogdobispo.com.br\/?author=1"}]}},"featured_image_urls":{"full":["https:\/\/i0.wp.com\/blogdobispo.com.br\/wp-content\/uploads\/2025\/10\/alvaro-e-rogerio-2-930x524-1.webp?fit=930%2C524&ssl=1",930,524,false],"thumbnail":["https:\/\/i0.wp.com\/blogdobispo.com.br\/wp-content\/uploads\/2025\/10\/alvaro-e-rogerio-2-930x524-1.webp?resize=150%2C150&ssl=1",150,150,true],"medium":["https:\/\/i0.wp.com\/blogdobispo.com.br\/wp-content\/uploads\/2025\/10\/alvaro-e-rogerio-2-930x524-1.webp?fit=300%2C169&ssl=1",300,169,true],"medium_large":["https:\/\/i0.wp.com\/blogdobispo.com.br\/wp-content\/uploads\/2025\/10\/alvaro-e-rogerio-2-930x524-1.webp?fit=768%2C433&ssl=1",768,433,true],"large":["https:\/\/i0.wp.com\/blogdobispo.com.br\/wp-content\/uploads\/2025\/10\/alvaro-e-rogerio-2-930x524-1.webp?fit=800%2C451&ssl=1",800,451,true],"1536x1536":["https:\/\/i0.wp.com\/blogdobispo.com.br\/wp-content\/uploads\/2025\/10\/alvaro-e-rogerio-2-930x524-1.webp?fit=930%2C524&ssl=1",930,524,true],"2048x2048":["https:\/\/i0.wp.com\/blogdobispo.com.br\/wp-content\/uploads\/2025\/10\/alvaro-e-rogerio-2-930x524-1.webp?fit=930%2C524&ssl=1",930,524,true]},"author_info":{"display_name":"Jefferson Sterfeno","author_link":"https:\/\/blogdobispo.com.br\/?author=1"},"category_info":"<a href=\"https:\/\/blogdobispo.com.br\/?cat=1\" rel=\"category\">diversos<\/a>","tag_info":"diversos","comment_count":"0","jetpack_featured_media_url":"https:\/\/i0.wp.com\/blogdobispo.com.br\/wp-content\/uploads\/2025\/10\/alvaro-e-rogerio-2-930x524-1.webp?fit=930%2C524&ssl=1","jetpack_sharing_enabled":true,"_links":{"self":[{"href":"https:\/\/blogdobispo.com.br\/index.php?rest_route=\/wp\/v2\/posts\/18060","targetHints":{"allow":["GET"]}}],"collection":[{"href":"https:\/\/blogdobispo.com.br\/index.php?rest_route=\/wp\/v2\/posts"}],"about":[{"href":"https:\/\/blogdobispo.com.br\/index.php?rest_route=\/wp\/v2\/types\/post"}],"author":[{"embeddable":true,"href":"https:\/\/blogdobispo.com.br\/index.php?rest_route=\/wp\/v2\/users\/1"}],"replies":[{"embeddable":true,"href":"https:\/\/blogdobispo.com.br\/index.php?rest_route=%2Fwp%2Fv2%2Fcomments&post=18060"}],"version-history":[{"count":1,"href":"https:\/\/blogdobispo.com.br\/index.php?rest_route=\/wp\/v2\/posts\/18060\/revisions"}],"predecessor-version":[{"id":18062,"href":"https:\/\/blogdobispo.com.br\/index.php?rest_route=\/wp\/v2\/posts\/18060\/revisions\/18062"}],"wp:featuredmedia":[{"embeddable":true,"href":"https:\/\/blogdobispo.com.br\/index.php?rest_route=\/wp\/v2\/media\/18061"}],"wp:attachment":[{"href":"https:\/\/blogdobispo.com.br\/index.php?rest_route=%2Fwp%2Fv2%2Fmedia&parent=18060"}],"wp:term":[{"taxonomy":"category","embeddable":true,"href":"https:\/\/blogdobispo.com.br\/index.php?rest_route=%2Fwp%2Fv2%2Fcategories&post=18060"},{"taxonomy":"post_tag","embeddable":true,"href":"https:\/\/blogdobispo.com.br\/index.php?rest_route=%2Fwp%2Fv2%2Ftags&post=18060"}],"curies":[{"name":"wp","href":"https:\/\/api.w.org\/{rel}","templated":true}]}}