{"id":18057,"date":"2025-10-07T13:06:36","date_gmt":"2025-10-07T13:06:36","guid":{"rendered":"https:\/\/blogdobispo.com.br\/?p=18057"},"modified":"2025-10-07T13:06:36","modified_gmt":"2025-10-07T13:06:36","slug":"ex-governador-fernando-freire-sera-submetido-a-cirurgia-apos-fratura-no-femur","status":"publish","type":"post","link":"https:\/\/blogdobispo.com.br\/?p=18057","title":{"rendered":"Ex-governador Fernando Freire ser\u00e1 submetido a cirurgia ap\u00f3s fratura no f\u00eamur"},"content":{"rendered":"<p>&nbsp;<\/p>\n<p>O ex-governador do Rio Grande do Norte, Fernando Freire, 71 anos, ser\u00e1 submetido a uma cirurgia no final da tarde desta ter\u00e7a-feira (7) ap\u00f3s sofrer uma fratura no colo do f\u00eamur. Ele est\u00e1 internado no Hospital Memorial, em Natal, ap\u00f3s receber os primeiros atendimentos no hospital Walfredo Gurgel.<\/p>\n<p>&nbsp;<\/p>\n<p>De acordo com o ex-deputado estadual Nelson Freire, que \u00e9 primo de Fernando, o ex-governador passou mal na segunda-feira (6), enquanto almo\u00e7ava em um restaurante no bairro do Tirol, na zona Leste da capital. \u201cEle foi v\u00edtima de uma queda ocasionada por uma repentina diminui\u00e7\u00e3o da press\u00e3o num restaurante em Natal e, em decorr\u00eancia, fraturou o colo do f\u00eamur\u201d, informou.<\/p>\n<ul class=\"wp-block-list\">\n<li><a href=\"https:\/\/tribunadonorte.com.br\/natal\/ex-governador-fernando-freire-passa-mal-e-e-socorrido-ao-hospital-walfredo-gurgel\/\">Ex-governador Fernando Freire passa mal e \u00e9 socorrido ao Hospital Walfredo Gurgel<\/a><\/li>\n<\/ul>\n<p>O ex-governador foi inicialmente socorrido pelo Samu e levado ao Hospital Walfredo Gurgel, onde recebeu os primeiros atendimentos de urg\u00eancia. \u00c0 noite, foi transferido para o Hospital Memorial, onde est\u00e1 sendo acompanhado pela equipe m\u00e9dica.<\/p>\n<p>Nelson Freire afirmou que o quadro de sa\u00fade do ex-governador \u00e9 est\u00e1vel e que a expectativa \u00e9 positiva para o procedimento. \u201cA cirurgia a que ser\u00e1 submetido ocorrer\u00e1 hoje no final da tarde e os m\u00e9dicos e todos n\u00f3s esperamos que seja muito bem-sucedida\u201d, declarou.<\/p>\n<div class=\"autozep-outer\">\n<div id=\"tribunadonorte\/article-intext03_8PVO2wd9\" class=\"autozep-div\" data-google-query-id=\"CJfL8bSTkpADFY5U3QIdAzUOxQ\">Fernando Freire foi governador do Rio Grande do Norte em 2002, ap\u00f3s a ren\u00fancia de Garibaldi Filho, e teve trajet\u00f3ria marcada por passagem pela C\u00e2mara dos Deputados e pela vice-governadoria. Nos \u00faltimos anos, mantinha-se afastado da vida p\u00fablica e vivia em Natal.<\/div>\n<div data-google-query-id=\"CJfL8bSTkpADFY5U3QIdAzUOxQ\">Tribuna do Norte<\/div>\n<\/div>\n<p>&nbsp;<\/p>\n<p><img data-recalc-dims=\"1\" fetchpriority=\"high\" decoding=\"async\" class=\"alignnone size-medium wp-image-18058\" src=\"https:\/\/i0.wp.com\/blogdobispo.com.br\/wp-content\/uploads\/2025\/10\/28-07-201517POL-e1759835839716-1068x741-1.webp?resize=300%2C208\" alt=\"\" width=\"300\" height=\"208\" srcset=\"https:\/\/i0.wp.com\/blogdobispo.com.br\/wp-content\/uploads\/2025\/10\/28-07-201517POL-e1759835839716-1068x741-1.webp?resize=300%2C208&amp;ssl=1 300w, https:\/\/i0.wp.com\/blogdobispo.com.br\/wp-content\/uploads\/2025\/10\/28-07-201517POL-e1759835839716-1068x741-1.webp?resize=1024%2C710&amp;ssl=1 1024w, https:\/\/i0.wp.com\/blogdobispo.com.br\/wp-content\/uploads\/2025\/10\/28-07-201517POL-e1759835839716-1068x741-1.webp?resize=768%2C533&amp;ssl=1 768w, https:\/\/i0.wp.com\/blogdobispo.com.br\/wp-content\/uploads\/2025\/10\/28-07-201517POL-e1759835839716-1068x741-1.webp?w=1068&amp;ssl=1 1068w\" sizes=\"(max-width: 300px) 100vw, 300px\" \/><\/p>\n","protected":false},"excerpt":{"rendered":"<p>&nbsp; O ex-governador do Rio Grande do Norte, Fernando Freire, 71 anos, ser\u00e1 submetido a uma cirurgia no final da tarde desta ter\u00e7a-feira (7) ap\u00f3s sofrer uma fratura no colo do f\u00eamur. Ele est\u00e1 internado no Hospital Memorial, em Natal, ap\u00f3s receber os primeiros atendimentos no hospital Walfredo Gurgel. &nbsp; De acordo com o ex-deputado [&hellip;]<\/p>\n","protected":false},"author":1,"featured_media":18058,"comment_status":"open","ping_status":"open","sticky":false,"template":"","format":"standard","meta":{"cybocfi_hide_featured_image":"","_jetpack_memberships_contains_paid_content":false,"footnotes":""},"categories":[1],"tags":[],"class_list":["post-18057","post","type-post","status-publish","format-standard","has-post-thumbnail","hentry","category-diversos"],"yoast_head":"<!-- This site is optimized with the Yoast SEO plugin v25.6 - https:\/\/yoast.com\/wordpress\/plugins\/seo\/ -->\n<title>Ex-governador Fernando Freire ser\u00e1 submetido a cirurgia ap\u00f3s fratura no f\u00eamur - Blog do Bispo<\/title>\n<meta name=\"robots\" content=\"index, follow, max-snippet:-1, max-image-preview:large, max-video-preview:-1\" \/>\n<link rel=\"canonical\" href=\"https:\/\/blogdobispo.com.br\/?p=18057\" \/>\n<meta property=\"og:locale\" content=\"pt_BR\" \/>\n<meta property=\"og:type\" content=\"article\" \/>\n<meta property=\"og:title\" content=\"Ex-governador Fernando Freire ser\u00e1 submetido a cirurgia ap\u00f3s fratura no f\u00eamur - Blog do Bispo\" \/>\n<meta property=\"og:description\" content=\"&nbsp; O ex-governador do Rio Grande do Norte, Fernando Freire, 71 anos, ser\u00e1 submetido a uma cirurgia no final da tarde desta ter\u00e7a-feira (7) ap\u00f3s sofrer uma fratura no colo do f\u00eamur. Ele est\u00e1 internado no Hospital Memorial, em Natal, ap\u00f3s receber os primeiros atendimentos no hospital Walfredo Gurgel. &nbsp; De acordo com o ex-deputado [&hellip;]\" \/>\n<meta property=\"og:url\" content=\"https:\/\/blogdobispo.com.br\/?p=18057\" \/>\n<meta property=\"og:site_name\" content=\"Blog do Bispo\" \/>\n<meta property=\"article:published_time\" content=\"2025-10-07T13:06:36+00:00\" \/>\n<meta property=\"og:image\" content=\"http:\/\/blogdobispo.com.br\/wp-content\/uploads\/2025\/10\/28-07-201517POL-e1759835839716-1068x741-1.webp\" \/>\n\t<meta property=\"og:image:width\" content=\"1068\" \/>\n\t<meta property=\"og:image:height\" content=\"741\" \/>\n\t<meta property=\"og:image:type\" content=\"image\/webp\" \/>\n<meta name=\"author\" content=\"Jefferson Sterfeno\" \/>\n<meta name=\"twitter:card\" content=\"summary_large_image\" \/>\n<meta name=\"twitter:label1\" content=\"Escrito por\" \/>\n\t<meta name=\"twitter:data1\" content=\"Jefferson Sterfeno\" \/>\n\t<meta name=\"twitter:label2\" content=\"Est. tempo de leitura\" \/>\n\t<meta name=\"twitter:data2\" content=\"2 minutos\" \/>\n<script type=\"application\/ld+json\" class=\"yoast-schema-graph\">{\"@context\":\"https:\/\/schema.org\",\"@graph\":[{\"@type\":\"Article\",\"@id\":\"https:\/\/blogdobispo.com.br\/?p=18057#article\",\"isPartOf\":{\"@id\":\"https:\/\/blogdobispo.com.br\/?p=18057\"},\"author\":{\"name\":\"Jefferson Sterfeno\",\"@id\":\"https:\/\/blogdobispo.com.br\/#\/schema\/person\/e2209cc0e6cea5c5233d033e997b373f\"},\"headline\":\"Ex-governador Fernando Freire ser\u00e1 submetido a cirurgia ap\u00f3s fratura no f\u00eamur\",\"datePublished\":\"2025-10-07T13:06:36+00:00\",\"mainEntityOfPage\":{\"@id\":\"https:\/\/blogdobispo.com.br\/?p=18057\"},\"wordCount\":273,\"commentCount\":0,\"publisher\":{\"@id\":\"https:\/\/blogdobispo.com.br\/#organization\"},\"image\":{\"@id\":\"https:\/\/blogdobispo.com.br\/?p=18057#primaryimage\"},\"thumbnailUrl\":\"https:\/\/i0.wp.com\/blogdobispo.com.br\/wp-content\/uploads\/2025\/10\/28-07-201517POL-e1759835839716-1068x741-1.webp?fit=1068%2C741&ssl=1\",\"articleSection\":[\"diversos\"],\"inLanguage\":\"pt-BR\",\"potentialAction\":[{\"@type\":\"CommentAction\",\"name\":\"Comment\",\"target\":[\"https:\/\/blogdobispo.com.br\/?p=18057#respond\"]}]},{\"@type\":\"WebPage\",\"@id\":\"https:\/\/blogdobispo.com.br\/?p=18057\",\"url\":\"https:\/\/blogdobispo.com.br\/?p=18057\",\"name\":\"Ex-governador Fernando Freire ser\u00e1 submetido a cirurgia ap\u00f3s fratura no f\u00eamur - Blog do Bispo\",\"isPartOf\":{\"@id\":\"https:\/\/blogdobispo.com.br\/#website\"},\"primaryImageOfPage\":{\"@id\":\"https:\/\/blogdobispo.com.br\/?p=18057#primaryimage\"},\"image\":{\"@id\":\"https:\/\/blogdobispo.com.br\/?p=18057#primaryimage\"},\"thumbnailUrl\":\"https:\/\/i0.wp.com\/blogdobispo.com.br\/wp-content\/uploads\/2025\/10\/28-07-201517POL-e1759835839716-1068x741-1.webp?fit=1068%2C741&ssl=1\",\"datePublished\":\"2025-10-07T13:06:36+00:00\",\"breadcrumb\":{\"@id\":\"https:\/\/blogdobispo.com.br\/?p=18057#breadcrumb\"},\"inLanguage\":\"pt-BR\",\"potentialAction\":[{\"@type\":\"ReadAction\",\"target\":[\"https:\/\/blogdobispo.com.br\/?p=18057\"]}]},{\"@type\":\"ImageObject\",\"inLanguage\":\"pt-BR\",\"@id\":\"https:\/\/blogdobispo.com.br\/?p=18057#primaryimage\",\"url\":\"https:\/\/i0.wp.com\/blogdobispo.com.br\/wp-content\/uploads\/2025\/10\/28-07-201517POL-e1759835839716-1068x741-1.webp?fit=1068%2C741&ssl=1\",\"contentUrl\":\"https:\/\/i0.wp.com\/blogdobispo.com.br\/wp-content\/uploads\/2025\/10\/28-07-201517POL-e1759835839716-1068x741-1.webp?fit=1068%2C741&ssl=1\",\"width\":1068,\"height\":741},{\"@type\":\"BreadcrumbList\",\"@id\":\"https:\/\/blogdobispo.com.br\/?p=18057#breadcrumb\",\"itemListElement\":[{\"@type\":\"ListItem\",\"position\":1,\"name\":\"In\u00edcio\",\"item\":\"https:\/\/blogdobispo.com.br\/\"},{\"@type\":\"ListItem\",\"position\":2,\"name\":\"Ex-governador Fernando Freire ser\u00e1 submetido a cirurgia ap\u00f3s fratura no f\u00eamur\"}]},{\"@type\":\"WebSite\",\"@id\":\"https:\/\/blogdobispo.com.br\/#website\",\"url\":\"https:\/\/blogdobispo.com.br\/\",\"name\":\"Blog do Bispo\",\"description\":\"Comprometido apenas com o leitor\",\"publisher\":{\"@id\":\"https:\/\/blogdobispo.com.br\/#organization\"},\"potentialAction\":[{\"@type\":\"SearchAction\",\"target\":{\"@type\":\"EntryPoint\",\"urlTemplate\":\"https:\/\/blogdobispo.com.br\/?s={search_term_string}\"},\"query-input\":{\"@type\":\"PropertyValueSpecification\",\"valueRequired\":true,\"valueName\":\"search_term_string\"}}],\"inLanguage\":\"pt-BR\"},{\"@type\":\"Organization\",\"@id\":\"https:\/\/blogdobispo.com.br\/#organization\",\"name\":\"Blog do Bispo\",\"url\":\"https:\/\/blogdobispo.com.br\/\",\"logo\":{\"@type\":\"ImageObject\",\"inLanguage\":\"pt-BR\",\"@id\":\"https:\/\/blogdobispo.com.br\/#\/schema\/logo\/image\/\",\"url\":\"http:\/\/blogdobispo.com.br\/wp-content\/uploads\/2023\/05\/cropped-headear.png\",\"contentUrl\":\"http:\/\/blogdobispo.com.br\/wp-content\/uploads\/2023\/05\/cropped-headear.png\",\"width\":1500,\"height\":399,\"caption\":\"Blog do Bispo\"},\"image\":{\"@id\":\"https:\/\/blogdobispo.com.br\/#\/schema\/logo\/image\/\"}},{\"@type\":\"Person\",\"@id\":\"https:\/\/blogdobispo.com.br\/#\/schema\/person\/e2209cc0e6cea5c5233d033e997b373f\",\"name\":\"Jefferson Sterfeno\",\"image\":{\"@type\":\"ImageObject\",\"inLanguage\":\"pt-BR\",\"@id\":\"https:\/\/blogdobispo.com.br\/#\/schema\/person\/image\/\",\"url\":\"https:\/\/secure.gravatar.com\/avatar\/0534e84764641168a677026b6d57a3f51dc7ac4db0b4f6186d9cb330d4ee1160?s=96&d=mm&r=g\",\"contentUrl\":\"https:\/\/secure.gravatar.com\/avatar\/0534e84764641168a677026b6d57a3f51dc7ac4db0b4f6186d9cb330d4ee1160?s=96&d=mm&r=g\",\"caption\":\"Jefferson Sterfeno\"},\"sameAs\":[\"http:\/\/blogdobispo.com.br\"],\"url\":\"https:\/\/blogdobispo.com.br\/?author=1\"}]}<\/script>\n<!-- \/ Yoast SEO plugin. -->","yoast_head_json":{"title":"Ex-governador Fernando Freire ser\u00e1 submetido a cirurgia ap\u00f3s fratura no f\u00eamur - Blog do Bispo","robots":{"index":"index","follow":"follow","max-snippet":"max-snippet:-1","max-image-preview":"max-image-preview:large","max-video-preview":"max-video-preview:-1"},"canonical":"https:\/\/blogdobispo.com.br\/?p=18057","og_locale":"pt_BR","og_type":"article","og_title":"Ex-governador Fernando Freire ser\u00e1 submetido a cirurgia ap\u00f3s fratura no f\u00eamur - Blog do Bispo","og_description":"&nbsp; O ex-governador do Rio Grande do Norte, Fernando Freire, 71 anos, ser\u00e1 submetido a uma cirurgia no final da tarde desta ter\u00e7a-feira (7) ap\u00f3s sofrer uma fratura no colo do f\u00eamur. Ele est\u00e1 internado no Hospital Memorial, em Natal, ap\u00f3s receber os primeiros atendimentos no hospital Walfredo Gurgel. &nbsp; De acordo com o ex-deputado [&hellip;]","og_url":"https:\/\/blogdobispo.com.br\/?p=18057","og_site_name":"Blog do Bispo","article_published_time":"2025-10-07T13:06:36+00:00","og_image":[{"width":1068,"height":741,"url":"http:\/\/blogdobispo.com.br\/wp-content\/uploads\/2025\/10\/28-07-201517POL-e1759835839716-1068x741-1.webp","type":"image\/webp"}],"author":"Jefferson Sterfeno","twitter_card":"summary_large_image","twitter_misc":{"Escrito por":"Jefferson Sterfeno","Est. tempo de leitura":"2 minutos"},"schema":{"@context":"https:\/\/schema.org","@graph":[{"@type":"Article","@id":"https:\/\/blogdobispo.com.br\/?p=18057#article","isPartOf":{"@id":"https:\/\/blogdobispo.com.br\/?p=18057"},"author":{"name":"Jefferson Sterfeno","@id":"https:\/\/blogdobispo.com.br\/#\/schema\/person\/e2209cc0e6cea5c5233d033e997b373f"},"headline":"Ex-governador Fernando Freire ser\u00e1 submetido a cirurgia ap\u00f3s fratura no f\u00eamur","datePublished":"2025-10-07T13:06:36+00:00","mainEntityOfPage":{"@id":"https:\/\/blogdobispo.com.br\/?p=18057"},"wordCount":273,"commentCount":0,"publisher":{"@id":"https:\/\/blogdobispo.com.br\/#organization"},"image":{"@id":"https:\/\/blogdobispo.com.br\/?p=18057#primaryimage"},"thumbnailUrl":"https:\/\/i0.wp.com\/blogdobispo.com.br\/wp-content\/uploads\/2025\/10\/28-07-201517POL-e1759835839716-1068x741-1.webp?fit=1068%2C741&ssl=1","articleSection":["diversos"],"inLanguage":"pt-BR","potentialAction":[{"@type":"CommentAction","name":"Comment","target":["https:\/\/blogdobispo.com.br\/?p=18057#respond"]}]},{"@type":"WebPage","@id":"https:\/\/blogdobispo.com.br\/?p=18057","url":"https:\/\/blogdobispo.com.br\/?p=18057","name":"Ex-governador Fernando Freire ser\u00e1 submetido a cirurgia ap\u00f3s fratura no f\u00eamur - Blog do Bispo","isPartOf":{"@id":"https:\/\/blogdobispo.com.br\/#website"},"primaryImageOfPage":{"@id":"https:\/\/blogdobispo.com.br\/?p=18057#primaryimage"},"image":{"@id":"https:\/\/blogdobispo.com.br\/?p=18057#primaryimage"},"thumbnailUrl":"https:\/\/i0.wp.com\/blogdobispo.com.br\/wp-content\/uploads\/2025\/10\/28-07-201517POL-e1759835839716-1068x741-1.webp?fit=1068%2C741&ssl=1","datePublished":"2025-10-07T13:06:36+00:00","breadcrumb":{"@id":"https:\/\/blogdobispo.com.br\/?p=18057#breadcrumb"},"inLanguage":"pt-BR","potentialAction":[{"@type":"ReadAction","target":["https:\/\/blogdobispo.com.br\/?p=18057"]}]},{"@type":"ImageObject","inLanguage":"pt-BR","@id":"https:\/\/blogdobispo.com.br\/?p=18057#primaryimage","url":"https:\/\/i0.wp.com\/blogdobispo.com.br\/wp-content\/uploads\/2025\/10\/28-07-201517POL-e1759835839716-1068x741-1.webp?fit=1068%2C741&ssl=1","contentUrl":"https:\/\/i0.wp.com\/blogdobispo.com.br\/wp-content\/uploads\/2025\/10\/28-07-201517POL-e1759835839716-1068x741-1.webp?fit=1068%2C741&ssl=1","width":1068,"height":741},{"@type":"BreadcrumbList","@id":"https:\/\/blogdobispo.com.br\/?p=18057#breadcrumb","itemListElement":[{"@type":"ListItem","position":1,"name":"In\u00edcio","item":"https:\/\/blogdobispo.com.br\/"},{"@type":"ListItem","position":2,"name":"Ex-governador Fernando Freire ser\u00e1 submetido a cirurgia ap\u00f3s fratura no f\u00eamur"}]},{"@type":"WebSite","@id":"https:\/\/blogdobispo.com.br\/#website","url":"https:\/\/blogdobispo.com.br\/","name":"Blog do Bispo","description":"Comprometido apenas com o leitor","publisher":{"@id":"https:\/\/blogdobispo.com.br\/#organization"},"potentialAction":[{"@type":"SearchAction","target":{"@type":"EntryPoint","urlTemplate":"https:\/\/blogdobispo.com.br\/?s={search_term_string}"},"query-input":{"@type":"PropertyValueSpecification","valueRequired":true,"valueName":"search_term_string"}}],"inLanguage":"pt-BR"},{"@type":"Organization","@id":"https:\/\/blogdobispo.com.br\/#organization","name":"Blog do Bispo","url":"https:\/\/blogdobispo.com.br\/","logo":{"@type":"ImageObject","inLanguage":"pt-BR","@id":"https:\/\/blogdobispo.com.br\/#\/schema\/logo\/image\/","url":"http:\/\/blogdobispo.com.br\/wp-content\/uploads\/2023\/05\/cropped-headear.png","contentUrl":"http:\/\/blogdobispo.com.br\/wp-content\/uploads\/2023\/05\/cropped-headear.png","width":1500,"height":399,"caption":"Blog do Bispo"},"image":{"@id":"https:\/\/blogdobispo.com.br\/#\/schema\/logo\/image\/"}},{"@type":"Person","@id":"https:\/\/blogdobispo.com.br\/#\/schema\/person\/e2209cc0e6cea5c5233d033e997b373f","name":"Jefferson Sterfeno","image":{"@type":"ImageObject","inLanguage":"pt-BR","@id":"https:\/\/blogdobispo.com.br\/#\/schema\/person\/image\/","url":"https:\/\/secure.gravatar.com\/avatar\/0534e84764641168a677026b6d57a3f51dc7ac4db0b4f6186d9cb330d4ee1160?s=96&d=mm&r=g","contentUrl":"https:\/\/secure.gravatar.com\/avatar\/0534e84764641168a677026b6d57a3f51dc7ac4db0b4f6186d9cb330d4ee1160?s=96&d=mm&r=g","caption":"Jefferson Sterfeno"},"sameAs":["http:\/\/blogdobispo.com.br"],"url":"https:\/\/blogdobispo.com.br\/?author=1"}]}},"featured_image_urls":{"full":["https:\/\/i0.wp.com\/blogdobispo.com.br\/wp-content\/uploads\/2025\/10\/28-07-201517POL-e1759835839716-1068x741-1.webp?fit=1068%2C741&ssl=1",1068,741,false],"thumbnail":["https:\/\/i0.wp.com\/blogdobispo.com.br\/wp-content\/uploads\/2025\/10\/28-07-201517POL-e1759835839716-1068x741-1.webp?resize=150%2C150&ssl=1",150,150,true],"medium":["https:\/\/i0.wp.com\/blogdobispo.com.br\/wp-content\/uploads\/2025\/10\/28-07-201517POL-e1759835839716-1068x741-1.webp?fit=300%2C208&ssl=1",300,208,true],"medium_large":["https:\/\/i0.wp.com\/blogdobispo.com.br\/wp-content\/uploads\/2025\/10\/28-07-201517POL-e1759835839716-1068x741-1.webp?fit=768%2C533&ssl=1",768,533,true],"large":["https:\/\/i0.wp.com\/blogdobispo.com.br\/wp-content\/uploads\/2025\/10\/28-07-201517POL-e1759835839716-1068x741-1.webp?fit=800%2C555&ssl=1",800,555,true],"1536x1536":["https:\/\/i0.wp.com\/blogdobispo.com.br\/wp-content\/uploads\/2025\/10\/28-07-201517POL-e1759835839716-1068x741-1.webp?fit=1068%2C741&ssl=1",1068,741,true],"2048x2048":["https:\/\/i0.wp.com\/blogdobispo.com.br\/wp-content\/uploads\/2025\/10\/28-07-201517POL-e1759835839716-1068x741-1.webp?fit=1068%2C741&ssl=1",1068,741,true]},"author_info":{"display_name":"Jefferson Sterfeno","author_link":"https:\/\/blogdobispo.com.br\/?author=1"},"category_info":"<a href=\"https:\/\/blogdobispo.com.br\/?cat=1\" rel=\"category\">diversos<\/a>","tag_info":"diversos","comment_count":"0","jetpack_featured_media_url":"https:\/\/i0.wp.com\/blogdobispo.com.br\/wp-content\/uploads\/2025\/10\/28-07-201517POL-e1759835839716-1068x741-1.webp?fit=1068%2C741&ssl=1","jetpack_sharing_enabled":true,"_links":{"self":[{"href":"https:\/\/blogdobispo.com.br\/index.php?rest_route=\/wp\/v2\/posts\/18057","targetHints":{"allow":["GET"]}}],"collection":[{"href":"https:\/\/blogdobispo.com.br\/index.php?rest_route=\/wp\/v2\/posts"}],"about":[{"href":"https:\/\/blogdobispo.com.br\/index.php?rest_route=\/wp\/v2\/types\/post"}],"author":[{"embeddable":true,"href":"https:\/\/blogdobispo.com.br\/index.php?rest_route=\/wp\/v2\/users\/1"}],"replies":[{"embeddable":true,"href":"https:\/\/blogdobispo.com.br\/index.php?rest_route=%2Fwp%2Fv2%2Fcomments&post=18057"}],"version-history":[{"count":1,"href":"https:\/\/blogdobispo.com.br\/index.php?rest_route=\/wp\/v2\/posts\/18057\/revisions"}],"predecessor-version":[{"id":18059,"href":"https:\/\/blogdobispo.com.br\/index.php?rest_route=\/wp\/v2\/posts\/18057\/revisions\/18059"}],"wp:featuredmedia":[{"embeddable":true,"href":"https:\/\/blogdobispo.com.br\/index.php?rest_route=\/wp\/v2\/media\/18058"}],"wp:attachment":[{"href":"https:\/\/blogdobispo.com.br\/index.php?rest_route=%2Fwp%2Fv2%2Fmedia&parent=18057"}],"wp:term":[{"taxonomy":"category","embeddable":true,"href":"https:\/\/blogdobispo.com.br\/index.php?rest_route=%2Fwp%2Fv2%2Fcategories&post=18057"},{"taxonomy":"post_tag","embeddable":true,"href":"https:\/\/blogdobispo.com.br\/index.php?rest_route=%2Fwp%2Fv2%2Ftags&post=18057"}],"curies":[{"name":"wp","href":"https:\/\/api.w.org\/{rel}","templated":true}]}}