{"id":1805,"date":"2023-09-20T21:30:39","date_gmt":"2023-09-20T21:30:39","guid":{"rendered":"https:\/\/blogdobispo.com.br\/?p=1805"},"modified":"2023-09-20T21:30:39","modified_gmt":"2023-09-20T21:30:39","slug":"bairro-do-alecrim-ganha-unidade-da-sala-do-empreendedor","status":"publish","type":"post","link":"https:\/\/blogdobispo.com.br\/?p=1805","title":{"rendered":"Bairro do Alecrim ganha unidade da Sala do Empreendedor"},"content":{"rendered":"\n<figure class=\"wp-block-image size-large\"><img data-recalc-dims=\"1\" fetchpriority=\"high\" decoding=\"async\" width=\"800\" height=\"533\" src=\"https:\/\/i0.wp.com\/blogdobispo.com.br\/wp-content\/uploads\/2023\/09\/sala-do-empreendedor-no-cmte-alecrim-foto-alex-regis-1024x682.jpg?resize=800%2C533&#038;ssl=1\" class=\"wp-image-1804\" srcset=\"https:\/\/i0.wp.com\/blogdobispo.com.br\/wp-content\/uploads\/2023\/09\/sala-do-empreendedor-no-cmte-alecrim-foto-alex-regis.jpg?resize=1024%2C682&amp;ssl=1 1024w, https:\/\/i0.wp.com\/blogdobispo.com.br\/wp-content\/uploads\/2023\/09\/sala-do-empreendedor-no-cmte-alecrim-foto-alex-regis.jpg?resize=300%2C200&amp;ssl=1 300w, https:\/\/i0.wp.com\/blogdobispo.com.br\/wp-content\/uploads\/2023\/09\/sala-do-empreendedor-no-cmte-alecrim-foto-alex-regis.jpg?resize=768%2C512&amp;ssl=1 768w, https:\/\/i0.wp.com\/blogdobispo.com.br\/wp-content\/uploads\/2023\/09\/sala-do-empreendedor-no-cmte-alecrim-foto-alex-regis.jpg?resize=1536%2C1023&amp;ssl=1 1536w, https:\/\/i0.wp.com\/blogdobispo.com.br\/wp-content\/uploads\/2023\/09\/sala-do-empreendedor-no-cmte-alecrim-foto-alex-regis.jpg?w=1600&amp;ssl=1 1600w\" sizes=\"(max-width: 800px) 100vw, 800px\" \/><\/figure>\n\n\n\n<p><strong> <\/strong><\/p>\n\n\n\n<p>O prefeito de Natal, \u00c1lvaro Dias, inaugurou na manh\u00e3 desta ter\u00e7a-feira (19), a&nbsp;nova unidade da Sala do Empreendedor, um equipamento voltado ao&nbsp;fomento dos empreendedores locais, que vai funcionar na sede do Centro&nbsp;Municipal de Trabalho e Emprego, no bairro do Alecrim, em uma parceria&nbsp;entre a Secretaria Municipal do Trabalho e Assist\u00eancia Social (Semtas) e o&nbsp;Sebrae\/RN. A proposta da sala do empreendedor \u00e9 apoiar e orientar&nbsp;pequenos e m\u00e9dios empreendedores.&nbsp;<\/p>\n\n\n\n<p>A espa\u00e7o conta com atendimento e orienta\u00e7\u00e3o empresarial, formaliza\u00e7\u00e3o,&nbsp;emiss\u00e3o de boletos, parcelamento de d\u00edvida, baixa, altera\u00e7\u00e3o e emiss\u00e3o de&nbsp;notas fiscais eletr\u00f4nicas, al\u00e9m de parceria com todos os servi\u00e7os financeiros&nbsp;para o Microempreendedor Individual (MEI), Microempresa (ME) e Empresa de&nbsp;Pequeno Porte (EPP).&nbsp;<\/p>\n\n\n\n<p>A Sala do Empreendedor ser\u00e1 um ambiente multifuncional projetado para&nbsp;atender tanto aqueles que v\u00e3o iniciar seu pr\u00f3prio neg\u00f3cio quanto aqueles que&nbsp;j\u00e1 possuem empreendimentos estabelecidos. O local oferecer\u00e1 uma ampla&nbsp;gama de servi\u00e7os e recursos para auxiliar os empreendedores em todas as&nbsp;etapas de suas jornadas empresariais, al\u00e9m &nbsp;disso, a sala contar\u00e1 com o&nbsp;conselho regional de contabilidade uma vez na semana, para tirar d\u00favidas.&nbsp;<\/p>\n\n\n\n<p>\u00c1lvaro Dias afirmou que estimular e apoiar os pequenos e micro&nbsp;empreendedores \u00e9 um dos principais objetivos da gest\u00e3o. \u201c\u00c9 fundamental&nbsp;apoiar a gera\u00e7\u00e3o de emprego e renda. Hoje \u00e9 um dia muito feliz para a&nbsp;popula\u00e7\u00e3o e os empreendedores da nossa capital. E&nbsp;<br \/>stamos &nbsp;entregando mais uma op\u00e7\u00e3o para o natalense se qualificar e trazer&nbsp;bons frutos do seu pr\u00f3prio neg\u00f3cio\u201d, disse \u00c1lvaro Dias.&nbsp;<\/p>\n\n\n\n<p>De acordo com a &nbsp;titular da Semtas, Ana Valda Galv\u00e3o, o novo equipamento&nbsp;ir\u00e1 trazer novas oportunidades de simplificar e desburocratizar os servi\u00e7os. \u201c\u00c9&nbsp;com muita alegria que entregamos a Sala do Empreendedor, um&nbsp;equipamento que vai proporcionar novas oportunidades para a gera\u00e7\u00e3o de&nbsp;emprego e renda\u201d, afirmou. &nbsp;&nbsp;<\/p>\n\n\n\n<p>Para o superintendente do Sebrae\/RN, Zeca Melo, a Sala do Empreendedor vai proporcionar mais agilidade para quem deseja empreender na cidade: &#8220;Gostaria de dizer, que avan\u00e7ou-se muito a quest\u00e3o de gera\u00e7\u00e3o de emprego na capital. Esse projeto, existe em diversos munic\u00edpios do Rio Grande do Norte. <\/p>\n\n\n\n<p>Condi\u00e7\u00f5es de agilizar o funcionamento e suporte para as pessoas&nbsp;proporcionar a cria\u00e7\u00e3o de empresas e &nbsp;empreendimentos na capital&#8221;, destacou.&nbsp;<\/p>\n\n\n\n<p>O deputado estadual e ex-secret\u00e1rio da Semtas, Adjuto Dias, tamb\u00e9m&nbsp;prestigiou o evento e destacou a import\u00e2ncia que a Sala do Empreendedor&nbsp;ter\u00e1, para a gera\u00e7\u00e3o de emprego e renda.&nbsp;<\/p>\n\n\n\n<p>&#8220;Essa parceria com o Sebrae, nasceu quando iniciamos com a &nbsp;cria\u00e7\u00e3o no&nbsp;Natal Partage Shopping, da Loja do Empreendedor Zona Norte. &nbsp;\u00c9 uma&nbsp;oportunidade de buscar empreender com o suporte necess\u00e1rio e todo apoio.&nbsp;Lembrando que aqui ter\u00e1 toda uma assist\u00eancia na abertura e&nbsp;acompanhamento de neg\u00f3cios, o que \u00e9 uma oportunidade de ampliar a&nbsp;oferta de pequenas e m\u00e9dias empresas em Natal&#8221;.&nbsp;<\/p>\n\n\n\n<p><br \/><strong>Reconhecimento&nbsp;<\/strong><\/p>\n\n\n\n<p>As a\u00e7\u00f5es implementadas em Natal pela administra\u00e7\u00e3o do prefeito \u00c1lvaro Dias&nbsp;no campo da desburocratiza\u00e7\u00e3o e no incentivo ao empreendedorismo tiveram&nbsp;o reconhecimento importante de institui\u00e7\u00f5es locais e regionais com a&nbsp;conquista do XI Pr\u00eamio Sebrae Prefeito Empreendedor \u2013 Governador Cortez&nbsp;Pereira 2022.&nbsp;<\/p>\n\n\n\n<p>Realizado pelo Sebrae-RN em parceria da &nbsp;Assembleia Legislativa do Estado e&nbsp;a Federa\u00e7\u00e3o dos Munic\u00edpios do Rio Grande do Norte (Femurn), o Pr\u00eamio&nbsp;destaca gestores administradores que implantaram projetos com resultados&nbsp;comprovados com foco no desenvolvimento dos pequenos neg\u00f3cios do&nbsp;munic\u00edpio.&nbsp;<\/p>\n\n\n\n<p><strong>Zona Norte<\/strong><strong>&nbsp;<\/strong><\/p>\n\n\n\n<p>Inaugurada em novembro de 2021, a Loja do Empreendor &nbsp;instalada no&nbsp;Partage Norte Shopping, que em pouco tempo se transformou numa&nbsp;refer\u00eancia para quem quer iniciar ou ampliar seu neg\u00f3cio, j\u00e1 conta com quase&nbsp;6 mil atendimentos, na Zona Norte da cidade, que tem o maior n\u00famero de&nbsp;Micros e Pequenas Empresas, em torno de 22 mil em atividade.&nbsp;<\/p>\n\n\n\n<p>A loja oferta diversos servi\u00e7os para os micros e pequenos empres\u00e1rios, atrav\u00e9s dos servi\u00e7os ofertados pela Semurb, Vigil\u00e2ncia Sanit\u00e1ria e o pr\u00f3prio Sebrae, sob a supervis\u00e3o da Sempla, objetivando dar suporte t\u00e9cnico a essa modalidade empresarial. <\/p>\n","protected":false},"excerpt":{"rendered":"<p>O prefeito de Natal, \u00c1lvaro Dias, inaugurou na manh\u00e3 desta ter\u00e7a-feira (19), a&nbsp;nova unidade da Sala do Empreendedor, um equipamento voltado ao&nbsp;fomento dos empreendedores locais, que vai funcionar na sede do Centro&nbsp;Municipal de Trabalho e Emprego, no bairro do Alecrim, em uma parceria&nbsp;entre a Secretaria Municipal do Trabalho e Assist\u00eancia Social (Semtas) e o&nbsp;Sebrae\/RN. A [&hellip;]<\/p>\n","protected":false},"author":1,"featured_media":0,"comment_status":"open","ping_status":"open","sticky":false,"template":"","format":"standard","meta":{"cybocfi_hide_featured_image":"","_jetpack_memberships_contains_paid_content":false,"footnotes":""},"categories":[1],"tags":[],"class_list":["post-1805","post","type-post","status-publish","format-standard","hentry","category-diversos"],"yoast_head":"<!-- This site is optimized with the Yoast SEO plugin v25.6 - https:\/\/yoast.com\/wordpress\/plugins\/seo\/ -->\n<title>Bairro do Alecrim ganha unidade da Sala do Empreendedor - Blog do Bispo<\/title>\n<meta name=\"robots\" content=\"index, follow, max-snippet:-1, max-image-preview:large, max-video-preview:-1\" \/>\n<link rel=\"canonical\" href=\"https:\/\/blogdobispo.com.br\/?p=1805\" \/>\n<meta property=\"og:locale\" content=\"pt_BR\" \/>\n<meta property=\"og:type\" content=\"article\" \/>\n<meta property=\"og:title\" content=\"Bairro do Alecrim ganha unidade da Sala do Empreendedor - Blog do Bispo\" \/>\n<meta property=\"og:description\" content=\"O prefeito de Natal, \u00c1lvaro Dias, inaugurou na manh\u00e3 desta ter\u00e7a-feira (19), a&nbsp;nova unidade da Sala do Empreendedor, um equipamento voltado ao&nbsp;fomento dos empreendedores locais, que vai funcionar na sede do Centro&nbsp;Municipal de Trabalho e Emprego, no bairro do Alecrim, em uma parceria&nbsp;entre a Secretaria Municipal do Trabalho e Assist\u00eancia Social (Semtas) e o&nbsp;Sebrae\/RN. A [&hellip;]\" \/>\n<meta property=\"og:url\" content=\"https:\/\/blogdobispo.com.br\/?p=1805\" \/>\n<meta property=\"og:site_name\" content=\"Blog do Bispo\" \/>\n<meta property=\"article:published_time\" content=\"2023-09-20T21:30:39+00:00\" \/>\n<meta property=\"og:image\" content=\"https:\/\/blogdobispo.com.br\/wp-content\/uploads\/2023\/09\/sala-do-empreendedor-no-cmte-alecrim-foto-alex-regis-1024x682.jpg\" \/>\n<meta name=\"author\" content=\"Jefferson Sterfeno\" \/>\n<meta name=\"twitter:card\" content=\"summary_large_image\" \/>\n<meta name=\"twitter:label1\" content=\"Escrito por\" \/>\n\t<meta name=\"twitter:data1\" content=\"Jefferson Sterfeno\" \/>\n\t<meta name=\"twitter:label2\" content=\"Est. tempo de leitura\" \/>\n\t<meta name=\"twitter:data2\" content=\"4 minutos\" \/>\n<script type=\"application\/ld+json\" class=\"yoast-schema-graph\">{\"@context\":\"https:\/\/schema.org\",\"@graph\":[{\"@type\":\"Article\",\"@id\":\"https:\/\/blogdobispo.com.br\/?p=1805#article\",\"isPartOf\":{\"@id\":\"https:\/\/blogdobispo.com.br\/?p=1805\"},\"author\":{\"name\":\"Jefferson Sterfeno\",\"@id\":\"https:\/\/blogdobispo.com.br\/#\/schema\/person\/e2209cc0e6cea5c5233d033e997b373f\"},\"headline\":\"Bairro do Alecrim ganha unidade da Sala do Empreendedor\",\"datePublished\":\"2023-09-20T21:30:39+00:00\",\"mainEntityOfPage\":{\"@id\":\"https:\/\/blogdobispo.com.br\/?p=1805\"},\"wordCount\":766,\"commentCount\":0,\"publisher\":{\"@id\":\"https:\/\/blogdobispo.com.br\/#organization\"},\"image\":{\"@id\":\"https:\/\/blogdobispo.com.br\/?p=1805#primaryimage\"},\"thumbnailUrl\":\"https:\/\/blogdobispo.com.br\/wp-content\/uploads\/2023\/09\/sala-do-empreendedor-no-cmte-alecrim-foto-alex-regis-1024x682.jpg\",\"articleSection\":[\"diversos\"],\"inLanguage\":\"pt-BR\",\"potentialAction\":[{\"@type\":\"CommentAction\",\"name\":\"Comment\",\"target\":[\"https:\/\/blogdobispo.com.br\/?p=1805#respond\"]}]},{\"@type\":\"WebPage\",\"@id\":\"https:\/\/blogdobispo.com.br\/?p=1805\",\"url\":\"https:\/\/blogdobispo.com.br\/?p=1805\",\"name\":\"Bairro do Alecrim ganha unidade da Sala do Empreendedor - Blog do Bispo\",\"isPartOf\":{\"@id\":\"https:\/\/blogdobispo.com.br\/#website\"},\"primaryImageOfPage\":{\"@id\":\"https:\/\/blogdobispo.com.br\/?p=1805#primaryimage\"},\"image\":{\"@id\":\"https:\/\/blogdobispo.com.br\/?p=1805#primaryimage\"},\"thumbnailUrl\":\"https:\/\/blogdobispo.com.br\/wp-content\/uploads\/2023\/09\/sala-do-empreendedor-no-cmte-alecrim-foto-alex-regis-1024x682.jpg\",\"datePublished\":\"2023-09-20T21:30:39+00:00\",\"breadcrumb\":{\"@id\":\"https:\/\/blogdobispo.com.br\/?p=1805#breadcrumb\"},\"inLanguage\":\"pt-BR\",\"potentialAction\":[{\"@type\":\"ReadAction\",\"target\":[\"https:\/\/blogdobispo.com.br\/?p=1805\"]}]},{\"@type\":\"ImageObject\",\"inLanguage\":\"pt-BR\",\"@id\":\"https:\/\/blogdobispo.com.br\/?p=1805#primaryimage\",\"url\":\"https:\/\/blogdobispo.com.br\/wp-content\/uploads\/2023\/09\/sala-do-empreendedor-no-cmte-alecrim-foto-alex-regis-1024x682.jpg\",\"contentUrl\":\"https:\/\/blogdobispo.com.br\/wp-content\/uploads\/2023\/09\/sala-do-empreendedor-no-cmte-alecrim-foto-alex-regis-1024x682.jpg\"},{\"@type\":\"BreadcrumbList\",\"@id\":\"https:\/\/blogdobispo.com.br\/?p=1805#breadcrumb\",\"itemListElement\":[{\"@type\":\"ListItem\",\"position\":1,\"name\":\"In\u00edcio\",\"item\":\"https:\/\/blogdobispo.com.br\/\"},{\"@type\":\"ListItem\",\"position\":2,\"name\":\"Bairro do Alecrim ganha unidade da Sala do Empreendedor\"}]},{\"@type\":\"WebSite\",\"@id\":\"https:\/\/blogdobispo.com.br\/#website\",\"url\":\"https:\/\/blogdobispo.com.br\/\",\"name\":\"Blog do Bispo\",\"description\":\"Comprometido apenas com o leitor\",\"publisher\":{\"@id\":\"https:\/\/blogdobispo.com.br\/#organization\"},\"potentialAction\":[{\"@type\":\"SearchAction\",\"target\":{\"@type\":\"EntryPoint\",\"urlTemplate\":\"https:\/\/blogdobispo.com.br\/?s={search_term_string}\"},\"query-input\":{\"@type\":\"PropertyValueSpecification\",\"valueRequired\":true,\"valueName\":\"search_term_string\"}}],\"inLanguage\":\"pt-BR\"},{\"@type\":\"Organization\",\"@id\":\"https:\/\/blogdobispo.com.br\/#organization\",\"name\":\"Blog do Bispo\",\"url\":\"https:\/\/blogdobispo.com.br\/\",\"logo\":{\"@type\":\"ImageObject\",\"inLanguage\":\"pt-BR\",\"@id\":\"https:\/\/blogdobispo.com.br\/#\/schema\/logo\/image\/\",\"url\":\"http:\/\/blogdobispo.com.br\/wp-content\/uploads\/2023\/05\/cropped-headear.png\",\"contentUrl\":\"http:\/\/blogdobispo.com.br\/wp-content\/uploads\/2023\/05\/cropped-headear.png\",\"width\":1500,\"height\":399,\"caption\":\"Blog do Bispo\"},\"image\":{\"@id\":\"https:\/\/blogdobispo.com.br\/#\/schema\/logo\/image\/\"}},{\"@type\":\"Person\",\"@id\":\"https:\/\/blogdobispo.com.br\/#\/schema\/person\/e2209cc0e6cea5c5233d033e997b373f\",\"name\":\"Jefferson Sterfeno\",\"image\":{\"@type\":\"ImageObject\",\"inLanguage\":\"pt-BR\",\"@id\":\"https:\/\/blogdobispo.com.br\/#\/schema\/person\/image\/\",\"url\":\"https:\/\/secure.gravatar.com\/avatar\/0534e84764641168a677026b6d57a3f51dc7ac4db0b4f6186d9cb330d4ee1160?s=96&d=mm&r=g\",\"contentUrl\":\"https:\/\/secure.gravatar.com\/avatar\/0534e84764641168a677026b6d57a3f51dc7ac4db0b4f6186d9cb330d4ee1160?s=96&d=mm&r=g\",\"caption\":\"Jefferson Sterfeno\"},\"sameAs\":[\"http:\/\/blogdobispo.com.br\"],\"url\":\"https:\/\/blogdobispo.com.br\/?author=1\"}]}<\/script>\n<!-- \/ Yoast SEO plugin. -->","yoast_head_json":{"title":"Bairro do Alecrim ganha unidade da Sala do Empreendedor - Blog do Bispo","robots":{"index":"index","follow":"follow","max-snippet":"max-snippet:-1","max-image-preview":"max-image-preview:large","max-video-preview":"max-video-preview:-1"},"canonical":"https:\/\/blogdobispo.com.br\/?p=1805","og_locale":"pt_BR","og_type":"article","og_title":"Bairro do Alecrim ganha unidade da Sala do Empreendedor - Blog do Bispo","og_description":"O prefeito de Natal, \u00c1lvaro Dias, inaugurou na manh\u00e3 desta ter\u00e7a-feira (19), a&nbsp;nova unidade da Sala do Empreendedor, um equipamento voltado ao&nbsp;fomento dos empreendedores locais, que vai funcionar na sede do Centro&nbsp;Municipal de Trabalho e Emprego, no bairro do Alecrim, em uma parceria&nbsp;entre a Secretaria Municipal do Trabalho e Assist\u00eancia Social (Semtas) e o&nbsp;Sebrae\/RN. A [&hellip;]","og_url":"https:\/\/blogdobispo.com.br\/?p=1805","og_site_name":"Blog do Bispo","article_published_time":"2023-09-20T21:30:39+00:00","og_image":[{"url":"https:\/\/blogdobispo.com.br\/wp-content\/uploads\/2023\/09\/sala-do-empreendedor-no-cmte-alecrim-foto-alex-regis-1024x682.jpg","type":"","width":"","height":""}],"author":"Jefferson Sterfeno","twitter_card":"summary_large_image","twitter_misc":{"Escrito por":"Jefferson Sterfeno","Est. tempo de leitura":"4 minutos"},"schema":{"@context":"https:\/\/schema.org","@graph":[{"@type":"Article","@id":"https:\/\/blogdobispo.com.br\/?p=1805#article","isPartOf":{"@id":"https:\/\/blogdobispo.com.br\/?p=1805"},"author":{"name":"Jefferson Sterfeno","@id":"https:\/\/blogdobispo.com.br\/#\/schema\/person\/e2209cc0e6cea5c5233d033e997b373f"},"headline":"Bairro do Alecrim ganha unidade da Sala do Empreendedor","datePublished":"2023-09-20T21:30:39+00:00","mainEntityOfPage":{"@id":"https:\/\/blogdobispo.com.br\/?p=1805"},"wordCount":766,"commentCount":0,"publisher":{"@id":"https:\/\/blogdobispo.com.br\/#organization"},"image":{"@id":"https:\/\/blogdobispo.com.br\/?p=1805#primaryimage"},"thumbnailUrl":"https:\/\/blogdobispo.com.br\/wp-content\/uploads\/2023\/09\/sala-do-empreendedor-no-cmte-alecrim-foto-alex-regis-1024x682.jpg","articleSection":["diversos"],"inLanguage":"pt-BR","potentialAction":[{"@type":"CommentAction","name":"Comment","target":["https:\/\/blogdobispo.com.br\/?p=1805#respond"]}]},{"@type":"WebPage","@id":"https:\/\/blogdobispo.com.br\/?p=1805","url":"https:\/\/blogdobispo.com.br\/?p=1805","name":"Bairro do Alecrim ganha unidade da Sala do Empreendedor - Blog do Bispo","isPartOf":{"@id":"https:\/\/blogdobispo.com.br\/#website"},"primaryImageOfPage":{"@id":"https:\/\/blogdobispo.com.br\/?p=1805#primaryimage"},"image":{"@id":"https:\/\/blogdobispo.com.br\/?p=1805#primaryimage"},"thumbnailUrl":"https:\/\/blogdobispo.com.br\/wp-content\/uploads\/2023\/09\/sala-do-empreendedor-no-cmte-alecrim-foto-alex-regis-1024x682.jpg","datePublished":"2023-09-20T21:30:39+00:00","breadcrumb":{"@id":"https:\/\/blogdobispo.com.br\/?p=1805#breadcrumb"},"inLanguage":"pt-BR","potentialAction":[{"@type":"ReadAction","target":["https:\/\/blogdobispo.com.br\/?p=1805"]}]},{"@type":"ImageObject","inLanguage":"pt-BR","@id":"https:\/\/blogdobispo.com.br\/?p=1805#primaryimage","url":"https:\/\/blogdobispo.com.br\/wp-content\/uploads\/2023\/09\/sala-do-empreendedor-no-cmte-alecrim-foto-alex-regis-1024x682.jpg","contentUrl":"https:\/\/blogdobispo.com.br\/wp-content\/uploads\/2023\/09\/sala-do-empreendedor-no-cmte-alecrim-foto-alex-regis-1024x682.jpg"},{"@type":"BreadcrumbList","@id":"https:\/\/blogdobispo.com.br\/?p=1805#breadcrumb","itemListElement":[{"@type":"ListItem","position":1,"name":"In\u00edcio","item":"https:\/\/blogdobispo.com.br\/"},{"@type":"ListItem","position":2,"name":"Bairro do Alecrim ganha unidade da Sala do Empreendedor"}]},{"@type":"WebSite","@id":"https:\/\/blogdobispo.com.br\/#website","url":"https:\/\/blogdobispo.com.br\/","name":"Blog do Bispo","description":"Comprometido apenas com o leitor","publisher":{"@id":"https:\/\/blogdobispo.com.br\/#organization"},"potentialAction":[{"@type":"SearchAction","target":{"@type":"EntryPoint","urlTemplate":"https:\/\/blogdobispo.com.br\/?s={search_term_string}"},"query-input":{"@type":"PropertyValueSpecification","valueRequired":true,"valueName":"search_term_string"}}],"inLanguage":"pt-BR"},{"@type":"Organization","@id":"https:\/\/blogdobispo.com.br\/#organization","name":"Blog do Bispo","url":"https:\/\/blogdobispo.com.br\/","logo":{"@type":"ImageObject","inLanguage":"pt-BR","@id":"https:\/\/blogdobispo.com.br\/#\/schema\/logo\/image\/","url":"http:\/\/blogdobispo.com.br\/wp-content\/uploads\/2023\/05\/cropped-headear.png","contentUrl":"http:\/\/blogdobispo.com.br\/wp-content\/uploads\/2023\/05\/cropped-headear.png","width":1500,"height":399,"caption":"Blog do Bispo"},"image":{"@id":"https:\/\/blogdobispo.com.br\/#\/schema\/logo\/image\/"}},{"@type":"Person","@id":"https:\/\/blogdobispo.com.br\/#\/schema\/person\/e2209cc0e6cea5c5233d033e997b373f","name":"Jefferson Sterfeno","image":{"@type":"ImageObject","inLanguage":"pt-BR","@id":"https:\/\/blogdobispo.com.br\/#\/schema\/person\/image\/","url":"https:\/\/secure.gravatar.com\/avatar\/0534e84764641168a677026b6d57a3f51dc7ac4db0b4f6186d9cb330d4ee1160?s=96&d=mm&r=g","contentUrl":"https:\/\/secure.gravatar.com\/avatar\/0534e84764641168a677026b6d57a3f51dc7ac4db0b4f6186d9cb330d4ee1160?s=96&d=mm&r=g","caption":"Jefferson Sterfeno"},"sameAs":["http:\/\/blogdobispo.com.br"],"url":"https:\/\/blogdobispo.com.br\/?author=1"}]}},"featured_image_urls":{"full":"","thumbnail":"","medium":"","medium_large":"","large":"","1536x1536":"","2048x2048":""},"author_info":{"display_name":"Jefferson Sterfeno","author_link":"https:\/\/blogdobispo.com.br\/?author=1"},"category_info":"<a href=\"https:\/\/blogdobispo.com.br\/?cat=1\" rel=\"category\">diversos<\/a>","tag_info":"diversos","comment_count":"0","jetpack_featured_media_url":"","jetpack_sharing_enabled":true,"_links":{"self":[{"href":"https:\/\/blogdobispo.com.br\/index.php?rest_route=\/wp\/v2\/posts\/1805","targetHints":{"allow":["GET"]}}],"collection":[{"href":"https:\/\/blogdobispo.com.br\/index.php?rest_route=\/wp\/v2\/posts"}],"about":[{"href":"https:\/\/blogdobispo.com.br\/index.php?rest_route=\/wp\/v2\/types\/post"}],"author":[{"embeddable":true,"href":"https:\/\/blogdobispo.com.br\/index.php?rest_route=\/wp\/v2\/users\/1"}],"replies":[{"embeddable":true,"href":"https:\/\/blogdobispo.com.br\/index.php?rest_route=%2Fwp%2Fv2%2Fcomments&post=1805"}],"version-history":[{"count":0,"href":"https:\/\/blogdobispo.com.br\/index.php?rest_route=\/wp\/v2\/posts\/1805\/revisions"}],"wp:attachment":[{"href":"https:\/\/blogdobispo.com.br\/index.php?rest_route=%2Fwp%2Fv2%2Fmedia&parent=1805"}],"wp:term":[{"taxonomy":"category","embeddable":true,"href":"https:\/\/blogdobispo.com.br\/index.php?rest_route=%2Fwp%2Fv2%2Fcategories&post=1805"},{"taxonomy":"post_tag","embeddable":true,"href":"https:\/\/blogdobispo.com.br\/index.php?rest_route=%2Fwp%2Fv2%2Ftags&post=1805"}],"curies":[{"name":"wp","href":"https:\/\/api.w.org\/{rel}","templated":true}]}}