{"id":18048,"date":"2025-10-06T18:48:23","date_gmt":"2025-10-06T18:48:23","guid":{"rendered":"https:\/\/blogdobispo.com.br\/?p=18048"},"modified":"2025-10-06T18:48:23","modified_gmt":"2025-10-06T18:48:23","slug":"camara-de-natal-promove-mutirao-de-mamografias-com-o-grupo-reviver","status":"publish","type":"post","link":"https:\/\/blogdobispo.com.br\/?p=18048","title":{"rendered":"C\u00e2mara de Natal promove mutir\u00e3o de mamografias com o Grupo Reviver"},"content":{"rendered":"\n<figure class=\"wp-block-image foto-noticia\"><img data-recalc-dims=\"1\" decoding=\"async\" src=\"https:\/\/i0.wp.com\/www.cmnat.rn.gov.br\/_ups\/noticias\/2025\/10\/06\/80cb7d0c665941395e77b7912f824b7c.jpg?w=800&#038;ssl=1\" alt=\"\"\/><\/figure>\n\n\n\n<p>A C\u00e2mara Municipal de Natal deu in\u00edcio nesta segunda-feira (6) \u00e0s atividades do Outubro Rosa, campanha dedicada \u00e0 preven\u00e7\u00e3o e ao diagn\u00f3stico precoce do c\u00e2ncer de mama. Com o tema \u201cCaminhando pela Vida\u201d, a programa\u00e7\u00e3o conta com um mutir\u00e3o de mamografias realizado em parceria com o Grupo Reviver e a\u00e7\u00f5es de acolhimento promovidas pela bancada feminina do Legislativo.<\/p>\n\n\n\n<p>A abertura reuniu mulheres atendidas pela iniciativa, servidoras e as vereadoras Anne Lagartixa (SDD), Camila Ara\u00fajo (Uni\u00e3o) e Brisa Bracchi (PT). A programa\u00e7\u00e3o tamb\u00e9m prev\u00ea a participa\u00e7\u00e3o individual das vereadoras ao longo da semana, cada uma com atividades de acolhimento espec\u00edficas voltadas para o p\u00fablico feminino. Na quinta-feira (9), o presidente da Casa, vereador Eriko J\u00e1come (PP), promove a \u201cCaminhada das Mulheres\u201d, com sa\u00edda \u00e0s 8h da Avenida Campos Sales, em frente \u00e0 C\u00e2mara, em dire\u00e7\u00e3o \u00e0 Escola Atheneu, retornando ao ponto inicial.<\/p>\n\n\n\n<p>Segundo a diretora de Planejamento e Projetos da C\u00e2mara, Adriana Trindade, a parceria com o Reviver refor\u00e7a o compromisso da Casa com a sa\u00fade da popula\u00e7\u00e3o. \u201cMais uma vez a C\u00e2mara realiza essa parceria para proporcionar \u00e0s mulheres de Natal mamografias gratuitas com o Grupo Reviver. \u00c9 muito importante a mulher cuidar da sua sa\u00fade. Ent\u00e3o, qualquer mulher que queira participar \u00e9 s\u00f3 vir aqui, que ser\u00e1 muito bem-vinda\u201d, destacou.<\/p>\n\n\n\n<p>Os atendimentos acontecem no estacionamento da Procuradoria Geral da C\u00e2mara, na Rua Jundia\u00ed, em Tirol, das 7h \u00e0s 16h30. As fichas s\u00e3o distribu\u00eddas a partir das 6h30min. \u201c\u00c9 muito bom ver os vereadores envolvidos e incentivando as mulheres a fazerem o exame. At\u00e9 sexta-feira estaremos atendendo diariamente. E vale lembrar: homens tamb\u00e9m podem participar, desde que tenham indica\u00e7\u00e3o m\u00e9dica. J\u00e1 as mulheres n\u00e3o precisam de requisi\u00e7\u00e3o\u201d, explicou Ida\u00edsa Cavalcante, fundadora do Grupo Reviver.<\/p>\n\n\n\n<p>O mutir\u00e3o \u00e9 voltado para mulheres a partir dos 40 anos, que tenham feito o \u00faltimo exame h\u00e1 mais de um ano. Deve apresentar documento de identidade, cart\u00e3o do SUS e comprovante de resid\u00eancia. Exemplo do impacto da iniciativa \u00e9 a hist\u00f3ria de Joelma Amaro da Silva, que descobriu a doen\u00e7a ap\u00f3s participar do mutir\u00e3o em 2024. \u201cNo ano passado eu fiz a mamografia aqui e o exame apontou altera\u00e7\u00e3o. Fiz ultrassom e bi\u00f3psia e o resultado foi maligno. Passei por duas cirurgias e estou em tratamento, mas como descobri precocemente, minhas chances de cura s\u00e3o de 95%, segundo a m\u00e9dica. Estou conseguindo levar uma vida normal e aconselho todas as mulheres a fazerem o exame regularmente\u201d, relatou.<\/p>\n\n\n\n<p>Texto: Cl\u00e1udio Oliveira<\/p>\n\n\n\n<p>Fotos: Francisco de Assis<\/p>\n","protected":false},"excerpt":{"rendered":"<p>A C\u00e2mara Municipal de Natal deu in\u00edcio nesta segunda-feira (6) \u00e0s atividades do Outubro Rosa, campanha dedicada \u00e0 preven\u00e7\u00e3o e ao diagn\u00f3stico precoce do c\u00e2ncer de mama. Com o tema \u201cCaminhando pela Vida\u201d, a programa\u00e7\u00e3o conta com um mutir\u00e3o de mamografias realizado em parceria com o Grupo Reviver e a\u00e7\u00f5es de acolhimento promovidas pela bancada [&hellip;]<\/p>\n","protected":false},"author":1,"featured_media":18047,"comment_status":"open","ping_status":"open","sticky":false,"template":"","format":"standard","meta":{"cybocfi_hide_featured_image":"","_jetpack_memberships_contains_paid_content":false,"footnotes":""},"categories":[1],"tags":[],"class_list":["post-18048","post","type-post","status-publish","format-standard","has-post-thumbnail","hentry","category-diversos"],"yoast_head":"<!-- This site is optimized with the Yoast SEO plugin v25.6 - https:\/\/yoast.com\/wordpress\/plugins\/seo\/ -->\n<title>C\u00e2mara de Natal promove mutir\u00e3o de mamografias com o Grupo Reviver - Blog do Bispo<\/title>\n<meta name=\"robots\" content=\"index, follow, max-snippet:-1, max-image-preview:large, max-video-preview:-1\" \/>\n<link rel=\"canonical\" href=\"https:\/\/blogdobispo.com.br\/?p=18048\" \/>\n<meta property=\"og:locale\" content=\"pt_BR\" \/>\n<meta property=\"og:type\" content=\"article\" \/>\n<meta property=\"og:title\" content=\"C\u00e2mara de Natal promove mutir\u00e3o de mamografias com o Grupo Reviver - Blog do Bispo\" \/>\n<meta property=\"og:description\" content=\"A C\u00e2mara Municipal de Natal deu in\u00edcio nesta segunda-feira (6) \u00e0s atividades do Outubro Rosa, campanha dedicada \u00e0 preven\u00e7\u00e3o e ao diagn\u00f3stico precoce do c\u00e2ncer de mama. Com o tema \u201cCaminhando pela Vida\u201d, a programa\u00e7\u00e3o conta com um mutir\u00e3o de mamografias realizado em parceria com o Grupo Reviver e a\u00e7\u00f5es de acolhimento promovidas pela bancada [&hellip;]\" \/>\n<meta property=\"og:url\" content=\"https:\/\/blogdobispo.com.br\/?p=18048\" \/>\n<meta property=\"og:site_name\" content=\"Blog do Bispo\" \/>\n<meta property=\"article:published_time\" content=\"2025-10-06T18:48:23+00:00\" \/>\n<meta property=\"og:image\" content=\"https:\/\/www.cmnat.rn.gov.br\/_ups\/noticias\/2025\/10\/06\/80cb7d0c665941395e77b7912f824b7c.jpg\" \/>\n<meta name=\"author\" content=\"Jefferson Sterfeno\" \/>\n<meta name=\"twitter:card\" content=\"summary_large_image\" \/>\n<meta name=\"twitter:label1\" content=\"Escrito por\" \/>\n\t<meta name=\"twitter:data1\" content=\"Jefferson Sterfeno\" \/>\n\t<meta name=\"twitter:label2\" content=\"Est. tempo de leitura\" \/>\n\t<meta name=\"twitter:data2\" content=\"2 minutos\" \/>\n<script type=\"application\/ld+json\" class=\"yoast-schema-graph\">{\"@context\":\"https:\/\/schema.org\",\"@graph\":[{\"@type\":\"Article\",\"@id\":\"https:\/\/blogdobispo.com.br\/?p=18048#article\",\"isPartOf\":{\"@id\":\"https:\/\/blogdobispo.com.br\/?p=18048\"},\"author\":{\"name\":\"Jefferson Sterfeno\",\"@id\":\"https:\/\/blogdobispo.com.br\/#\/schema\/person\/e2209cc0e6cea5c5233d033e997b373f\"},\"headline\":\"C\u00e2mara de Natal promove mutir\u00e3o de mamografias com o Grupo Reviver\",\"datePublished\":\"2025-10-06T18:48:23+00:00\",\"mainEntityOfPage\":{\"@id\":\"https:\/\/blogdobispo.com.br\/?p=18048\"},\"wordCount\":457,\"commentCount\":0,\"publisher\":{\"@id\":\"https:\/\/blogdobispo.com.br\/#organization\"},\"image\":{\"@id\":\"https:\/\/blogdobispo.com.br\/?p=18048#primaryimage\"},\"thumbnailUrl\":\"https:\/\/i0.wp.com\/blogdobispo.com.br\/wp-content\/uploads\/2025\/10\/img_7082.png?fit=1600%2C1100&ssl=1\",\"articleSection\":[\"diversos\"],\"inLanguage\":\"pt-BR\",\"potentialAction\":[{\"@type\":\"CommentAction\",\"name\":\"Comment\",\"target\":[\"https:\/\/blogdobispo.com.br\/?p=18048#respond\"]}]},{\"@type\":\"WebPage\",\"@id\":\"https:\/\/blogdobispo.com.br\/?p=18048\",\"url\":\"https:\/\/blogdobispo.com.br\/?p=18048\",\"name\":\"C\u00e2mara de Natal promove mutir\u00e3o de mamografias com o Grupo Reviver - Blog do Bispo\",\"isPartOf\":{\"@id\":\"https:\/\/blogdobispo.com.br\/#website\"},\"primaryImageOfPage\":{\"@id\":\"https:\/\/blogdobispo.com.br\/?p=18048#primaryimage\"},\"image\":{\"@id\":\"https:\/\/blogdobispo.com.br\/?p=18048#primaryimage\"},\"thumbnailUrl\":\"https:\/\/i0.wp.com\/blogdobispo.com.br\/wp-content\/uploads\/2025\/10\/img_7082.png?fit=1600%2C1100&ssl=1\",\"datePublished\":\"2025-10-06T18:48:23+00:00\",\"breadcrumb\":{\"@id\":\"https:\/\/blogdobispo.com.br\/?p=18048#breadcrumb\"},\"inLanguage\":\"pt-BR\",\"potentialAction\":[{\"@type\":\"ReadAction\",\"target\":[\"https:\/\/blogdobispo.com.br\/?p=18048\"]}]},{\"@type\":\"ImageObject\",\"inLanguage\":\"pt-BR\",\"@id\":\"https:\/\/blogdobispo.com.br\/?p=18048#primaryimage\",\"url\":\"https:\/\/i0.wp.com\/blogdobispo.com.br\/wp-content\/uploads\/2025\/10\/img_7082.png?fit=1600%2C1100&ssl=1\",\"contentUrl\":\"https:\/\/i0.wp.com\/blogdobispo.com.br\/wp-content\/uploads\/2025\/10\/img_7082.png?fit=1600%2C1100&ssl=1\",\"width\":1600,\"height\":1100},{\"@type\":\"BreadcrumbList\",\"@id\":\"https:\/\/blogdobispo.com.br\/?p=18048#breadcrumb\",\"itemListElement\":[{\"@type\":\"ListItem\",\"position\":1,\"name\":\"In\u00edcio\",\"item\":\"https:\/\/blogdobispo.com.br\/\"},{\"@type\":\"ListItem\",\"position\":2,\"name\":\"C\u00e2mara de Natal promove mutir\u00e3o de mamografias com o Grupo Reviver\"}]},{\"@type\":\"WebSite\",\"@id\":\"https:\/\/blogdobispo.com.br\/#website\",\"url\":\"https:\/\/blogdobispo.com.br\/\",\"name\":\"Blog do Bispo\",\"description\":\"Comprometido apenas com o leitor\",\"publisher\":{\"@id\":\"https:\/\/blogdobispo.com.br\/#organization\"},\"potentialAction\":[{\"@type\":\"SearchAction\",\"target\":{\"@type\":\"EntryPoint\",\"urlTemplate\":\"https:\/\/blogdobispo.com.br\/?s={search_term_string}\"},\"query-input\":{\"@type\":\"PropertyValueSpecification\",\"valueRequired\":true,\"valueName\":\"search_term_string\"}}],\"inLanguage\":\"pt-BR\"},{\"@type\":\"Organization\",\"@id\":\"https:\/\/blogdobispo.com.br\/#organization\",\"name\":\"Blog do Bispo\",\"url\":\"https:\/\/blogdobispo.com.br\/\",\"logo\":{\"@type\":\"ImageObject\",\"inLanguage\":\"pt-BR\",\"@id\":\"https:\/\/blogdobispo.com.br\/#\/schema\/logo\/image\/\",\"url\":\"http:\/\/blogdobispo.com.br\/wp-content\/uploads\/2023\/05\/cropped-headear.png\",\"contentUrl\":\"http:\/\/blogdobispo.com.br\/wp-content\/uploads\/2023\/05\/cropped-headear.png\",\"width\":1500,\"height\":399,\"caption\":\"Blog do Bispo\"},\"image\":{\"@id\":\"https:\/\/blogdobispo.com.br\/#\/schema\/logo\/image\/\"}},{\"@type\":\"Person\",\"@id\":\"https:\/\/blogdobispo.com.br\/#\/schema\/person\/e2209cc0e6cea5c5233d033e997b373f\",\"name\":\"Jefferson Sterfeno\",\"image\":{\"@type\":\"ImageObject\",\"inLanguage\":\"pt-BR\",\"@id\":\"https:\/\/blogdobispo.com.br\/#\/schema\/person\/image\/\",\"url\":\"https:\/\/secure.gravatar.com\/avatar\/0534e84764641168a677026b6d57a3f51dc7ac4db0b4f6186d9cb330d4ee1160?s=96&d=mm&r=g\",\"contentUrl\":\"https:\/\/secure.gravatar.com\/avatar\/0534e84764641168a677026b6d57a3f51dc7ac4db0b4f6186d9cb330d4ee1160?s=96&d=mm&r=g\",\"caption\":\"Jefferson Sterfeno\"},\"sameAs\":[\"http:\/\/blogdobispo.com.br\"],\"url\":\"https:\/\/blogdobispo.com.br\/?author=1\"}]}<\/script>\n<!-- \/ Yoast SEO plugin. -->","yoast_head_json":{"title":"C\u00e2mara de Natal promove mutir\u00e3o de mamografias com o Grupo Reviver - Blog do Bispo","robots":{"index":"index","follow":"follow","max-snippet":"max-snippet:-1","max-image-preview":"max-image-preview:large","max-video-preview":"max-video-preview:-1"},"canonical":"https:\/\/blogdobispo.com.br\/?p=18048","og_locale":"pt_BR","og_type":"article","og_title":"C\u00e2mara de Natal promove mutir\u00e3o de mamografias com o Grupo Reviver - Blog do Bispo","og_description":"A C\u00e2mara Municipal de Natal deu in\u00edcio nesta segunda-feira (6) \u00e0s atividades do Outubro Rosa, campanha dedicada \u00e0 preven\u00e7\u00e3o e ao diagn\u00f3stico precoce do c\u00e2ncer de mama. Com o tema \u201cCaminhando pela Vida\u201d, a programa\u00e7\u00e3o conta com um mutir\u00e3o de mamografias realizado em parceria com o Grupo Reviver e a\u00e7\u00f5es de acolhimento promovidas pela bancada [&hellip;]","og_url":"https:\/\/blogdobispo.com.br\/?p=18048","og_site_name":"Blog do Bispo","article_published_time":"2025-10-06T18:48:23+00:00","og_image":[{"url":"https:\/\/www.cmnat.rn.gov.br\/_ups\/noticias\/2025\/10\/06\/80cb7d0c665941395e77b7912f824b7c.jpg","type":"","width":"","height":""}],"author":"Jefferson Sterfeno","twitter_card":"summary_large_image","twitter_misc":{"Escrito por":"Jefferson Sterfeno","Est. tempo de leitura":"2 minutos"},"schema":{"@context":"https:\/\/schema.org","@graph":[{"@type":"Article","@id":"https:\/\/blogdobispo.com.br\/?p=18048#article","isPartOf":{"@id":"https:\/\/blogdobispo.com.br\/?p=18048"},"author":{"name":"Jefferson Sterfeno","@id":"https:\/\/blogdobispo.com.br\/#\/schema\/person\/e2209cc0e6cea5c5233d033e997b373f"},"headline":"C\u00e2mara de Natal promove mutir\u00e3o de mamografias com o Grupo Reviver","datePublished":"2025-10-06T18:48:23+00:00","mainEntityOfPage":{"@id":"https:\/\/blogdobispo.com.br\/?p=18048"},"wordCount":457,"commentCount":0,"publisher":{"@id":"https:\/\/blogdobispo.com.br\/#organization"},"image":{"@id":"https:\/\/blogdobispo.com.br\/?p=18048#primaryimage"},"thumbnailUrl":"https:\/\/i0.wp.com\/blogdobispo.com.br\/wp-content\/uploads\/2025\/10\/img_7082.png?fit=1600%2C1100&ssl=1","articleSection":["diversos"],"inLanguage":"pt-BR","potentialAction":[{"@type":"CommentAction","name":"Comment","target":["https:\/\/blogdobispo.com.br\/?p=18048#respond"]}]},{"@type":"WebPage","@id":"https:\/\/blogdobispo.com.br\/?p=18048","url":"https:\/\/blogdobispo.com.br\/?p=18048","name":"C\u00e2mara de Natal promove mutir\u00e3o de mamografias com o Grupo Reviver - Blog do Bispo","isPartOf":{"@id":"https:\/\/blogdobispo.com.br\/#website"},"primaryImageOfPage":{"@id":"https:\/\/blogdobispo.com.br\/?p=18048#primaryimage"},"image":{"@id":"https:\/\/blogdobispo.com.br\/?p=18048#primaryimage"},"thumbnailUrl":"https:\/\/i0.wp.com\/blogdobispo.com.br\/wp-content\/uploads\/2025\/10\/img_7082.png?fit=1600%2C1100&ssl=1","datePublished":"2025-10-06T18:48:23+00:00","breadcrumb":{"@id":"https:\/\/blogdobispo.com.br\/?p=18048#breadcrumb"},"inLanguage":"pt-BR","potentialAction":[{"@type":"ReadAction","target":["https:\/\/blogdobispo.com.br\/?p=18048"]}]},{"@type":"ImageObject","inLanguage":"pt-BR","@id":"https:\/\/blogdobispo.com.br\/?p=18048#primaryimage","url":"https:\/\/i0.wp.com\/blogdobispo.com.br\/wp-content\/uploads\/2025\/10\/img_7082.png?fit=1600%2C1100&ssl=1","contentUrl":"https:\/\/i0.wp.com\/blogdobispo.com.br\/wp-content\/uploads\/2025\/10\/img_7082.png?fit=1600%2C1100&ssl=1","width":1600,"height":1100},{"@type":"BreadcrumbList","@id":"https:\/\/blogdobispo.com.br\/?p=18048#breadcrumb","itemListElement":[{"@type":"ListItem","position":1,"name":"In\u00edcio","item":"https:\/\/blogdobispo.com.br\/"},{"@type":"ListItem","position":2,"name":"C\u00e2mara de Natal promove mutir\u00e3o de mamografias com o Grupo Reviver"}]},{"@type":"WebSite","@id":"https:\/\/blogdobispo.com.br\/#website","url":"https:\/\/blogdobispo.com.br\/","name":"Blog do Bispo","description":"Comprometido apenas com o leitor","publisher":{"@id":"https:\/\/blogdobispo.com.br\/#organization"},"potentialAction":[{"@type":"SearchAction","target":{"@type":"EntryPoint","urlTemplate":"https:\/\/blogdobispo.com.br\/?s={search_term_string}"},"query-input":{"@type":"PropertyValueSpecification","valueRequired":true,"valueName":"search_term_string"}}],"inLanguage":"pt-BR"},{"@type":"Organization","@id":"https:\/\/blogdobispo.com.br\/#organization","name":"Blog do Bispo","url":"https:\/\/blogdobispo.com.br\/","logo":{"@type":"ImageObject","inLanguage":"pt-BR","@id":"https:\/\/blogdobispo.com.br\/#\/schema\/logo\/image\/","url":"http:\/\/blogdobispo.com.br\/wp-content\/uploads\/2023\/05\/cropped-headear.png","contentUrl":"http:\/\/blogdobispo.com.br\/wp-content\/uploads\/2023\/05\/cropped-headear.png","width":1500,"height":399,"caption":"Blog do Bispo"},"image":{"@id":"https:\/\/blogdobispo.com.br\/#\/schema\/logo\/image\/"}},{"@type":"Person","@id":"https:\/\/blogdobispo.com.br\/#\/schema\/person\/e2209cc0e6cea5c5233d033e997b373f","name":"Jefferson Sterfeno","image":{"@type":"ImageObject","inLanguage":"pt-BR","@id":"https:\/\/blogdobispo.com.br\/#\/schema\/person\/image\/","url":"https:\/\/secure.gravatar.com\/avatar\/0534e84764641168a677026b6d57a3f51dc7ac4db0b4f6186d9cb330d4ee1160?s=96&d=mm&r=g","contentUrl":"https:\/\/secure.gravatar.com\/avatar\/0534e84764641168a677026b6d57a3f51dc7ac4db0b4f6186d9cb330d4ee1160?s=96&d=mm&r=g","caption":"Jefferson Sterfeno"},"sameAs":["http:\/\/blogdobispo.com.br"],"url":"https:\/\/blogdobispo.com.br\/?author=1"}]}},"featured_image_urls":{"full":["https:\/\/i0.wp.com\/blogdobispo.com.br\/wp-content\/uploads\/2025\/10\/img_7082.png?fit=1600%2C1100&ssl=1",1600,1100,false],"thumbnail":["https:\/\/i0.wp.com\/blogdobispo.com.br\/wp-content\/uploads\/2025\/10\/img_7082.png?resize=150%2C150&ssl=1",150,150,true],"medium":["https:\/\/i0.wp.com\/blogdobispo.com.br\/wp-content\/uploads\/2025\/10\/img_7082.png?fit=300%2C206&ssl=1",300,206,true],"medium_large":["https:\/\/i0.wp.com\/blogdobispo.com.br\/wp-content\/uploads\/2025\/10\/img_7082.png?fit=768%2C528&ssl=1",768,528,true],"large":["https:\/\/i0.wp.com\/blogdobispo.com.br\/wp-content\/uploads\/2025\/10\/img_7082.png?fit=800%2C550&ssl=1",800,550,true],"1536x1536":["https:\/\/i0.wp.com\/blogdobispo.com.br\/wp-content\/uploads\/2025\/10\/img_7082.png?fit=1536%2C1056&ssl=1",1536,1056,true],"2048x2048":["https:\/\/i0.wp.com\/blogdobispo.com.br\/wp-content\/uploads\/2025\/10\/img_7082.png?fit=1600%2C1100&ssl=1",1600,1100,true]},"author_info":{"display_name":"Jefferson Sterfeno","author_link":"https:\/\/blogdobispo.com.br\/?author=1"},"category_info":"<a href=\"https:\/\/blogdobispo.com.br\/?cat=1\" rel=\"category\">diversos<\/a>","tag_info":"diversos","comment_count":"0","jetpack_featured_media_url":"https:\/\/i0.wp.com\/blogdobispo.com.br\/wp-content\/uploads\/2025\/10\/img_7082.png?fit=1600%2C1100&ssl=1","jetpack_sharing_enabled":true,"_links":{"self":[{"href":"https:\/\/blogdobispo.com.br\/index.php?rest_route=\/wp\/v2\/posts\/18048","targetHints":{"allow":["GET"]}}],"collection":[{"href":"https:\/\/blogdobispo.com.br\/index.php?rest_route=\/wp\/v2\/posts"}],"about":[{"href":"https:\/\/blogdobispo.com.br\/index.php?rest_route=\/wp\/v2\/types\/post"}],"author":[{"embeddable":true,"href":"https:\/\/blogdobispo.com.br\/index.php?rest_route=\/wp\/v2\/users\/1"}],"replies":[{"embeddable":true,"href":"https:\/\/blogdobispo.com.br\/index.php?rest_route=%2Fwp%2Fv2%2Fcomments&post=18048"}],"version-history":[{"count":0,"href":"https:\/\/blogdobispo.com.br\/index.php?rest_route=\/wp\/v2\/posts\/18048\/revisions"}],"wp:featuredmedia":[{"embeddable":true,"href":"https:\/\/blogdobispo.com.br\/index.php?rest_route=\/wp\/v2\/media\/18047"}],"wp:attachment":[{"href":"https:\/\/blogdobispo.com.br\/index.php?rest_route=%2Fwp%2Fv2%2Fmedia&parent=18048"}],"wp:term":[{"taxonomy":"category","embeddable":true,"href":"https:\/\/blogdobispo.com.br\/index.php?rest_route=%2Fwp%2Fv2%2Fcategories&post=18048"},{"taxonomy":"post_tag","embeddable":true,"href":"https:\/\/blogdobispo.com.br\/index.php?rest_route=%2Fwp%2Fv2%2Ftags&post=18048"}],"curies":[{"name":"wp","href":"https:\/\/api.w.org\/{rel}","templated":true}]}}