{"id":18041,"date":"2025-10-06T18:38:36","date_gmt":"2025-10-06T18:38:36","guid":{"rendered":"https:\/\/blogdobispo.com.br\/?p=18041"},"modified":"2025-10-06T18:38:36","modified_gmt":"2025-10-06T18:38:36","slug":"memorial-do-legislativo-recebe-encontro-de-corais-do-senado-federal-e-da-alrn","status":"publish","type":"post","link":"https:\/\/blogdobispo.com.br\/?p=18041","title":{"rendered":"Memorial do Legislativo recebe encontro de corais do Senado Federal e da ALRN"},"content":{"rendered":"\n<p>O Memorial do Legislativo Potiguar, espa\u00e7o dedicado \u00e0 preserva\u00e7\u00e3o da mem\u00f3ria pol\u00edtica do Rio Grande do Norte, ser\u00e1 palco de um encontro musical especial no dia 15 de outubro, \u00e0s 15h30. Aberto ao p\u00fablico, o evento reunir\u00e1 o Coral do Senado Federal e o Coral da Assembleia Legislativa do RN, dois grupos vocais de prest\u00edgio que v\u00e3o celebrar a m\u00fasica brasileira em uma apresenta\u00e7\u00e3o marcante.<\/p>\n\n\n\n<p>O repert\u00f3rio valoriza a m\u00fasica nordestina, destacando grandes compositores da regi\u00e3o, inclusive potiguares, e refor\u00e7ando a riqueza cultural do Nordeste. A iniciativa dialoga com a celebra\u00e7\u00e3o do Dia do Nordestino, em 8 de outubro.<\/p>\n\n\n\n<p>Com quase tr\u00eas d\u00e9cadas de trajet\u00f3ria, o Coral do Senado Federal se consolidou como um dos mais representativos do Brasil, acumulando apresenta\u00e7\u00f5es nacionais e internacionais. Desde 2023, \u00e9 regido pelo maestro Eldom Soares.&nbsp;<\/p>\n\n\n\n<p>J\u00e1 o Coral da Assembleia Legislativa, criado em 2004 e sob reg\u00eancia do maestro Bruno Santos, promove a sensibiliza\u00e7\u00e3o e a valoriza\u00e7\u00e3o pessoal de seus integrantes, estimulando a express\u00e3o da paix\u00e3o pela m\u00fasica e pelo canto, com um hist\u00f3rico de diversas apresenta\u00e7\u00f5es de destaque.&nbsp;<\/p>\n\n\n\n<p>O encontro acontecer\u00e1 no Memorial do Legislativo Potiguar, vinculado \u00e0 Assembleia, localizado na Avenida C\u00e2mara Cascudo, 398, Cidade Alta, em Natal.<\/p>\n\n\n\n<figure class=\"wp-block-image size-large\"><img data-recalc-dims=\"1\" fetchpriority=\"high\" decoding=\"async\" width=\"800\" height=\"532\" src=\"https:\/\/i0.wp.com\/blogdobispo.com.br\/wp-content\/uploads\/2025\/10\/img_7080-1024x681.jpg?resize=800%2C532&#038;ssl=1\" class=\"wp-image-18040\" srcset=\"https:\/\/i0.wp.com\/blogdobispo.com.br\/wp-content\/uploads\/2025\/10\/img_7080.jpg?resize=1024%2C681&amp;ssl=1 1024w, https:\/\/i0.wp.com\/blogdobispo.com.br\/wp-content\/uploads\/2025\/10\/img_7080.jpg?resize=300%2C200&amp;ssl=1 300w, https:\/\/i0.wp.com\/blogdobispo.com.br\/wp-content\/uploads\/2025\/10\/img_7080.jpg?resize=768%2C511&amp;ssl=1 768w, https:\/\/i0.wp.com\/blogdobispo.com.br\/wp-content\/uploads\/2025\/10\/img_7080.jpg?resize=1536%2C1022&amp;ssl=1 1536w, https:\/\/i0.wp.com\/blogdobispo.com.br\/wp-content\/uploads\/2025\/10\/img_7080.jpg?w=2000&amp;ssl=1 2000w, https:\/\/i0.wp.com\/blogdobispo.com.br\/wp-content\/uploads\/2025\/10\/img_7080.jpg?w=1600 1600w\" sizes=\"(max-width: 800px) 100vw, 800px\" \/><\/figure>\n","protected":false},"excerpt":{"rendered":"<p>O Memorial do Legislativo Potiguar, espa\u00e7o dedicado \u00e0 preserva\u00e7\u00e3o da mem\u00f3ria pol\u00edtica do Rio Grande do Norte, ser\u00e1 palco de um encontro musical especial no dia 15 de outubro, \u00e0s 15h30. Aberto ao p\u00fablico, o evento reunir\u00e1 o Coral do Senado Federal e o Coral da Assembleia Legislativa do RN, dois grupos vocais de prest\u00edgio [&hellip;]<\/p>\n","protected":false},"author":1,"featured_media":18040,"comment_status":"open","ping_status":"open","sticky":false,"template":"","format":"standard","meta":{"cybocfi_hide_featured_image":"","_jetpack_memberships_contains_paid_content":false,"footnotes":""},"categories":[1],"tags":[],"class_list":["post-18041","post","type-post","status-publish","format-standard","has-post-thumbnail","hentry","category-diversos"],"yoast_head":"<!-- This site is optimized with the Yoast SEO plugin v25.6 - https:\/\/yoast.com\/wordpress\/plugins\/seo\/ -->\n<title>Memorial do Legislativo recebe encontro de corais do Senado Federal e da ALRN - Blog do Bispo<\/title>\n<meta name=\"robots\" content=\"index, follow, max-snippet:-1, max-image-preview:large, max-video-preview:-1\" \/>\n<link rel=\"canonical\" href=\"https:\/\/blogdobispo.com.br\/?p=18041\" \/>\n<meta property=\"og:locale\" content=\"pt_BR\" \/>\n<meta property=\"og:type\" content=\"article\" \/>\n<meta property=\"og:title\" content=\"Memorial do Legislativo recebe encontro de corais do Senado Federal e da ALRN - Blog do Bispo\" \/>\n<meta property=\"og:description\" content=\"O Memorial do Legislativo Potiguar, espa\u00e7o dedicado \u00e0 preserva\u00e7\u00e3o da mem\u00f3ria pol\u00edtica do Rio Grande do Norte, ser\u00e1 palco de um encontro musical especial no dia 15 de outubro, \u00e0s 15h30. Aberto ao p\u00fablico, o evento reunir\u00e1 o Coral do Senado Federal e o Coral da Assembleia Legislativa do RN, dois grupos vocais de prest\u00edgio [&hellip;]\" \/>\n<meta property=\"og:url\" content=\"https:\/\/blogdobispo.com.br\/?p=18041\" \/>\n<meta property=\"og:site_name\" content=\"Blog do Bispo\" \/>\n<meta property=\"article:published_time\" content=\"2025-10-06T18:38:36+00:00\" \/>\n<meta property=\"og:image\" content=\"https:\/\/blogdobispo.com.br\/wp-content\/uploads\/2025\/10\/img_7080-1024x681.jpg\" \/>\n<meta name=\"author\" content=\"Jefferson Sterfeno\" \/>\n<meta name=\"twitter:card\" content=\"summary_large_image\" \/>\n<meta name=\"twitter:label1\" content=\"Escrito por\" \/>\n\t<meta name=\"twitter:data1\" content=\"Jefferson Sterfeno\" \/>\n\t<meta name=\"twitter:label2\" content=\"Est. tempo de leitura\" \/>\n\t<meta name=\"twitter:data2\" content=\"1 minuto\" \/>\n<script type=\"application\/ld+json\" class=\"yoast-schema-graph\">{\"@context\":\"https:\/\/schema.org\",\"@graph\":[{\"@type\":\"Article\",\"@id\":\"https:\/\/blogdobispo.com.br\/?p=18041#article\",\"isPartOf\":{\"@id\":\"https:\/\/blogdobispo.com.br\/?p=18041\"},\"author\":{\"name\":\"Jefferson Sterfeno\",\"@id\":\"https:\/\/blogdobispo.com.br\/#\/schema\/person\/e2209cc0e6cea5c5233d033e997b373f\"},\"headline\":\"Memorial do Legislativo recebe encontro de corais do Senado Federal e da ALRN\",\"datePublished\":\"2025-10-06T18:38:36+00:00\",\"mainEntityOfPage\":{\"@id\":\"https:\/\/blogdobispo.com.br\/?p=18041\"},\"wordCount\":231,\"commentCount\":0,\"publisher\":{\"@id\":\"https:\/\/blogdobispo.com.br\/#organization\"},\"image\":{\"@id\":\"https:\/\/blogdobispo.com.br\/?p=18041#primaryimage\"},\"thumbnailUrl\":\"https:\/\/i0.wp.com\/blogdobispo.com.br\/wp-content\/uploads\/2025\/10\/img_7080.jpg?fit=2000%2C1331&ssl=1\",\"articleSection\":[\"diversos\"],\"inLanguage\":\"pt-BR\",\"potentialAction\":[{\"@type\":\"CommentAction\",\"name\":\"Comment\",\"target\":[\"https:\/\/blogdobispo.com.br\/?p=18041#respond\"]}]},{\"@type\":\"WebPage\",\"@id\":\"https:\/\/blogdobispo.com.br\/?p=18041\",\"url\":\"https:\/\/blogdobispo.com.br\/?p=18041\",\"name\":\"Memorial do Legislativo recebe encontro de corais do Senado Federal e da ALRN - Blog do Bispo\",\"isPartOf\":{\"@id\":\"https:\/\/blogdobispo.com.br\/#website\"},\"primaryImageOfPage\":{\"@id\":\"https:\/\/blogdobispo.com.br\/?p=18041#primaryimage\"},\"image\":{\"@id\":\"https:\/\/blogdobispo.com.br\/?p=18041#primaryimage\"},\"thumbnailUrl\":\"https:\/\/i0.wp.com\/blogdobispo.com.br\/wp-content\/uploads\/2025\/10\/img_7080.jpg?fit=2000%2C1331&ssl=1\",\"datePublished\":\"2025-10-06T18:38:36+00:00\",\"breadcrumb\":{\"@id\":\"https:\/\/blogdobispo.com.br\/?p=18041#breadcrumb\"},\"inLanguage\":\"pt-BR\",\"potentialAction\":[{\"@type\":\"ReadAction\",\"target\":[\"https:\/\/blogdobispo.com.br\/?p=18041\"]}]},{\"@type\":\"ImageObject\",\"inLanguage\":\"pt-BR\",\"@id\":\"https:\/\/blogdobispo.com.br\/?p=18041#primaryimage\",\"url\":\"https:\/\/i0.wp.com\/blogdobispo.com.br\/wp-content\/uploads\/2025\/10\/img_7080.jpg?fit=2000%2C1331&ssl=1\",\"contentUrl\":\"https:\/\/i0.wp.com\/blogdobispo.com.br\/wp-content\/uploads\/2025\/10\/img_7080.jpg?fit=2000%2C1331&ssl=1\",\"width\":2000,\"height\":1331},{\"@type\":\"BreadcrumbList\",\"@id\":\"https:\/\/blogdobispo.com.br\/?p=18041#breadcrumb\",\"itemListElement\":[{\"@type\":\"ListItem\",\"position\":1,\"name\":\"In\u00edcio\",\"item\":\"https:\/\/blogdobispo.com.br\/\"},{\"@type\":\"ListItem\",\"position\":2,\"name\":\"Memorial do Legislativo recebe encontro de corais do Senado Federal e da ALRN\"}]},{\"@type\":\"WebSite\",\"@id\":\"https:\/\/blogdobispo.com.br\/#website\",\"url\":\"https:\/\/blogdobispo.com.br\/\",\"name\":\"Blog do Bispo\",\"description\":\"Comprometido apenas com o leitor\",\"publisher\":{\"@id\":\"https:\/\/blogdobispo.com.br\/#organization\"},\"potentialAction\":[{\"@type\":\"SearchAction\",\"target\":{\"@type\":\"EntryPoint\",\"urlTemplate\":\"https:\/\/blogdobispo.com.br\/?s={search_term_string}\"},\"query-input\":{\"@type\":\"PropertyValueSpecification\",\"valueRequired\":true,\"valueName\":\"search_term_string\"}}],\"inLanguage\":\"pt-BR\"},{\"@type\":\"Organization\",\"@id\":\"https:\/\/blogdobispo.com.br\/#organization\",\"name\":\"Blog do Bispo\",\"url\":\"https:\/\/blogdobispo.com.br\/\",\"logo\":{\"@type\":\"ImageObject\",\"inLanguage\":\"pt-BR\",\"@id\":\"https:\/\/blogdobispo.com.br\/#\/schema\/logo\/image\/\",\"url\":\"http:\/\/blogdobispo.com.br\/wp-content\/uploads\/2023\/05\/cropped-headear.png\",\"contentUrl\":\"http:\/\/blogdobispo.com.br\/wp-content\/uploads\/2023\/05\/cropped-headear.png\",\"width\":1500,\"height\":399,\"caption\":\"Blog do Bispo\"},\"image\":{\"@id\":\"https:\/\/blogdobispo.com.br\/#\/schema\/logo\/image\/\"}},{\"@type\":\"Person\",\"@id\":\"https:\/\/blogdobispo.com.br\/#\/schema\/person\/e2209cc0e6cea5c5233d033e997b373f\",\"name\":\"Jefferson Sterfeno\",\"image\":{\"@type\":\"ImageObject\",\"inLanguage\":\"pt-BR\",\"@id\":\"https:\/\/blogdobispo.com.br\/#\/schema\/person\/image\/\",\"url\":\"https:\/\/secure.gravatar.com\/avatar\/0534e84764641168a677026b6d57a3f51dc7ac4db0b4f6186d9cb330d4ee1160?s=96&d=mm&r=g\",\"contentUrl\":\"https:\/\/secure.gravatar.com\/avatar\/0534e84764641168a677026b6d57a3f51dc7ac4db0b4f6186d9cb330d4ee1160?s=96&d=mm&r=g\",\"caption\":\"Jefferson Sterfeno\"},\"sameAs\":[\"http:\/\/blogdobispo.com.br\"],\"url\":\"https:\/\/blogdobispo.com.br\/?author=1\"}]}<\/script>\n<!-- \/ Yoast SEO plugin. -->","yoast_head_json":{"title":"Memorial do Legislativo recebe encontro de corais do Senado Federal e da ALRN - Blog do Bispo","robots":{"index":"index","follow":"follow","max-snippet":"max-snippet:-1","max-image-preview":"max-image-preview:large","max-video-preview":"max-video-preview:-1"},"canonical":"https:\/\/blogdobispo.com.br\/?p=18041","og_locale":"pt_BR","og_type":"article","og_title":"Memorial do Legislativo recebe encontro de corais do Senado Federal e da ALRN - Blog do Bispo","og_description":"O Memorial do Legislativo Potiguar, espa\u00e7o dedicado \u00e0 preserva\u00e7\u00e3o da mem\u00f3ria pol\u00edtica do Rio Grande do Norte, ser\u00e1 palco de um encontro musical especial no dia 15 de outubro, \u00e0s 15h30. Aberto ao p\u00fablico, o evento reunir\u00e1 o Coral do Senado Federal e o Coral da Assembleia Legislativa do RN, dois grupos vocais de prest\u00edgio [&hellip;]","og_url":"https:\/\/blogdobispo.com.br\/?p=18041","og_site_name":"Blog do Bispo","article_published_time":"2025-10-06T18:38:36+00:00","og_image":[{"url":"https:\/\/blogdobispo.com.br\/wp-content\/uploads\/2025\/10\/img_7080-1024x681.jpg","type":"","width":"","height":""}],"author":"Jefferson Sterfeno","twitter_card":"summary_large_image","twitter_misc":{"Escrito por":"Jefferson Sterfeno","Est. tempo de leitura":"1 minuto"},"schema":{"@context":"https:\/\/schema.org","@graph":[{"@type":"Article","@id":"https:\/\/blogdobispo.com.br\/?p=18041#article","isPartOf":{"@id":"https:\/\/blogdobispo.com.br\/?p=18041"},"author":{"name":"Jefferson Sterfeno","@id":"https:\/\/blogdobispo.com.br\/#\/schema\/person\/e2209cc0e6cea5c5233d033e997b373f"},"headline":"Memorial do Legislativo recebe encontro de corais do Senado Federal e da ALRN","datePublished":"2025-10-06T18:38:36+00:00","mainEntityOfPage":{"@id":"https:\/\/blogdobispo.com.br\/?p=18041"},"wordCount":231,"commentCount":0,"publisher":{"@id":"https:\/\/blogdobispo.com.br\/#organization"},"image":{"@id":"https:\/\/blogdobispo.com.br\/?p=18041#primaryimage"},"thumbnailUrl":"https:\/\/i0.wp.com\/blogdobispo.com.br\/wp-content\/uploads\/2025\/10\/img_7080.jpg?fit=2000%2C1331&ssl=1","articleSection":["diversos"],"inLanguage":"pt-BR","potentialAction":[{"@type":"CommentAction","name":"Comment","target":["https:\/\/blogdobispo.com.br\/?p=18041#respond"]}]},{"@type":"WebPage","@id":"https:\/\/blogdobispo.com.br\/?p=18041","url":"https:\/\/blogdobispo.com.br\/?p=18041","name":"Memorial do Legislativo recebe encontro de corais do Senado Federal e da ALRN - Blog do Bispo","isPartOf":{"@id":"https:\/\/blogdobispo.com.br\/#website"},"primaryImageOfPage":{"@id":"https:\/\/blogdobispo.com.br\/?p=18041#primaryimage"},"image":{"@id":"https:\/\/blogdobispo.com.br\/?p=18041#primaryimage"},"thumbnailUrl":"https:\/\/i0.wp.com\/blogdobispo.com.br\/wp-content\/uploads\/2025\/10\/img_7080.jpg?fit=2000%2C1331&ssl=1","datePublished":"2025-10-06T18:38:36+00:00","breadcrumb":{"@id":"https:\/\/blogdobispo.com.br\/?p=18041#breadcrumb"},"inLanguage":"pt-BR","potentialAction":[{"@type":"ReadAction","target":["https:\/\/blogdobispo.com.br\/?p=18041"]}]},{"@type":"ImageObject","inLanguage":"pt-BR","@id":"https:\/\/blogdobispo.com.br\/?p=18041#primaryimage","url":"https:\/\/i0.wp.com\/blogdobispo.com.br\/wp-content\/uploads\/2025\/10\/img_7080.jpg?fit=2000%2C1331&ssl=1","contentUrl":"https:\/\/i0.wp.com\/blogdobispo.com.br\/wp-content\/uploads\/2025\/10\/img_7080.jpg?fit=2000%2C1331&ssl=1","width":2000,"height":1331},{"@type":"BreadcrumbList","@id":"https:\/\/blogdobispo.com.br\/?p=18041#breadcrumb","itemListElement":[{"@type":"ListItem","position":1,"name":"In\u00edcio","item":"https:\/\/blogdobispo.com.br\/"},{"@type":"ListItem","position":2,"name":"Memorial do Legislativo recebe encontro de corais do Senado Federal e da ALRN"}]},{"@type":"WebSite","@id":"https:\/\/blogdobispo.com.br\/#website","url":"https:\/\/blogdobispo.com.br\/","name":"Blog do Bispo","description":"Comprometido apenas com o leitor","publisher":{"@id":"https:\/\/blogdobispo.com.br\/#organization"},"potentialAction":[{"@type":"SearchAction","target":{"@type":"EntryPoint","urlTemplate":"https:\/\/blogdobispo.com.br\/?s={search_term_string}"},"query-input":{"@type":"PropertyValueSpecification","valueRequired":true,"valueName":"search_term_string"}}],"inLanguage":"pt-BR"},{"@type":"Organization","@id":"https:\/\/blogdobispo.com.br\/#organization","name":"Blog do Bispo","url":"https:\/\/blogdobispo.com.br\/","logo":{"@type":"ImageObject","inLanguage":"pt-BR","@id":"https:\/\/blogdobispo.com.br\/#\/schema\/logo\/image\/","url":"http:\/\/blogdobispo.com.br\/wp-content\/uploads\/2023\/05\/cropped-headear.png","contentUrl":"http:\/\/blogdobispo.com.br\/wp-content\/uploads\/2023\/05\/cropped-headear.png","width":1500,"height":399,"caption":"Blog do Bispo"},"image":{"@id":"https:\/\/blogdobispo.com.br\/#\/schema\/logo\/image\/"}},{"@type":"Person","@id":"https:\/\/blogdobispo.com.br\/#\/schema\/person\/e2209cc0e6cea5c5233d033e997b373f","name":"Jefferson Sterfeno","image":{"@type":"ImageObject","inLanguage":"pt-BR","@id":"https:\/\/blogdobispo.com.br\/#\/schema\/person\/image\/","url":"https:\/\/secure.gravatar.com\/avatar\/0534e84764641168a677026b6d57a3f51dc7ac4db0b4f6186d9cb330d4ee1160?s=96&d=mm&r=g","contentUrl":"https:\/\/secure.gravatar.com\/avatar\/0534e84764641168a677026b6d57a3f51dc7ac4db0b4f6186d9cb330d4ee1160?s=96&d=mm&r=g","caption":"Jefferson Sterfeno"},"sameAs":["http:\/\/blogdobispo.com.br"],"url":"https:\/\/blogdobispo.com.br\/?author=1"}]}},"featured_image_urls":{"full":["https:\/\/i0.wp.com\/blogdobispo.com.br\/wp-content\/uploads\/2025\/10\/img_7080.jpg?fit=2000%2C1331&ssl=1",2000,1331,false],"thumbnail":["https:\/\/i0.wp.com\/blogdobispo.com.br\/wp-content\/uploads\/2025\/10\/img_7080.jpg?resize=150%2C150&ssl=1",150,150,true],"medium":["https:\/\/i0.wp.com\/blogdobispo.com.br\/wp-content\/uploads\/2025\/10\/img_7080.jpg?fit=300%2C200&ssl=1",300,200,true],"medium_large":["https:\/\/i0.wp.com\/blogdobispo.com.br\/wp-content\/uploads\/2025\/10\/img_7080.jpg?fit=768%2C511&ssl=1",768,511,true],"large":["https:\/\/i0.wp.com\/blogdobispo.com.br\/wp-content\/uploads\/2025\/10\/img_7080.jpg?fit=800%2C532&ssl=1",800,532,true],"1536x1536":["https:\/\/i0.wp.com\/blogdobispo.com.br\/wp-content\/uploads\/2025\/10\/img_7080.jpg?fit=1536%2C1022&ssl=1",1536,1022,true],"2048x2048":["https:\/\/i0.wp.com\/blogdobispo.com.br\/wp-content\/uploads\/2025\/10\/img_7080.jpg?fit=2000%2C1331&ssl=1",2000,1331,true]},"author_info":{"display_name":"Jefferson Sterfeno","author_link":"https:\/\/blogdobispo.com.br\/?author=1"},"category_info":"<a href=\"https:\/\/blogdobispo.com.br\/?cat=1\" rel=\"category\">diversos<\/a>","tag_info":"diversos","comment_count":"0","jetpack_featured_media_url":"https:\/\/i0.wp.com\/blogdobispo.com.br\/wp-content\/uploads\/2025\/10\/img_7080.jpg?fit=2000%2C1331&ssl=1","jetpack_sharing_enabled":true,"_links":{"self":[{"href":"https:\/\/blogdobispo.com.br\/index.php?rest_route=\/wp\/v2\/posts\/18041","targetHints":{"allow":["GET"]}}],"collection":[{"href":"https:\/\/blogdobispo.com.br\/index.php?rest_route=\/wp\/v2\/posts"}],"about":[{"href":"https:\/\/blogdobispo.com.br\/index.php?rest_route=\/wp\/v2\/types\/post"}],"author":[{"embeddable":true,"href":"https:\/\/blogdobispo.com.br\/index.php?rest_route=\/wp\/v2\/users\/1"}],"replies":[{"embeddable":true,"href":"https:\/\/blogdobispo.com.br\/index.php?rest_route=%2Fwp%2Fv2%2Fcomments&post=18041"}],"version-history":[{"count":0,"href":"https:\/\/blogdobispo.com.br\/index.php?rest_route=\/wp\/v2\/posts\/18041\/revisions"}],"wp:featuredmedia":[{"embeddable":true,"href":"https:\/\/blogdobispo.com.br\/index.php?rest_route=\/wp\/v2\/media\/18040"}],"wp:attachment":[{"href":"https:\/\/blogdobispo.com.br\/index.php?rest_route=%2Fwp%2Fv2%2Fmedia&parent=18041"}],"wp:term":[{"taxonomy":"category","embeddable":true,"href":"https:\/\/blogdobispo.com.br\/index.php?rest_route=%2Fwp%2Fv2%2Fcategories&post=18041"},{"taxonomy":"post_tag","embeddable":true,"href":"https:\/\/blogdobispo.com.br\/index.php?rest_route=%2Fwp%2Fv2%2Ftags&post=18041"}],"curies":[{"name":"wp","href":"https:\/\/api.w.org\/{rel}","templated":true}]}}