{"id":1803,"date":"2023-09-20T18:18:42","date_gmt":"2023-09-20T18:18:42","guid":{"rendered":"https:\/\/blogdobispo.com.br\/?p=1803"},"modified":"2023-09-20T18:18:42","modified_gmt":"2023-09-20T18:18:42","slug":"deputado-luiz-eduardo-realiza-sessao-solene-pelo-dia-internacional-do-turismo-nesta-quinta-21","status":"publish","type":"post","link":"https:\/\/blogdobispo.com.br\/?p=1803","title":{"rendered":"Deputado Luiz Eduardo realiza Sess\u00e3o Solene pelo Dia Internacional do Turismo nesta Quinta (21)"},"content":{"rendered":"\n<figure class=\"wp-block-image size-large\"><img data-recalc-dims=\"1\" fetchpriority=\"high\" decoding=\"async\" width=\"800\" height=\"1000\" src=\"https:\/\/i0.wp.com\/blogdobispo.com.br\/wp-content\/uploads\/2023\/09\/whatsapp-image-2023-09-19-at-12.46.26-819x1024.jpg?resize=800%2C1000&#038;ssl=1\" class=\"wp-image-1802\" srcset=\"https:\/\/i0.wp.com\/blogdobispo.com.br\/wp-content\/uploads\/2023\/09\/whatsapp-image-2023-09-19-at-12.46.26.jpg?resize=819%2C1024&amp;ssl=1 819w, https:\/\/i0.wp.com\/blogdobispo.com.br\/wp-content\/uploads\/2023\/09\/whatsapp-image-2023-09-19-at-12.46.26.jpg?resize=240%2C300&amp;ssl=1 240w, https:\/\/i0.wp.com\/blogdobispo.com.br\/wp-content\/uploads\/2023\/09\/whatsapp-image-2023-09-19-at-12.46.26.jpg?resize=768%2C960&amp;ssl=1 768w, https:\/\/i0.wp.com\/blogdobispo.com.br\/wp-content\/uploads\/2023\/09\/whatsapp-image-2023-09-19-at-12.46.26.jpg?resize=1024%2C1280&amp;ssl=1 1024w, https:\/\/i0.wp.com\/blogdobispo.com.br\/wp-content\/uploads\/2023\/09\/whatsapp-image-2023-09-19-at-12.46.26.jpg?w=1080&amp;ssl=1 1080w\" sizes=\"(max-width: 800px) 100vw, 800px\" \/><\/figure>\n\n\n\n<p>O Deputado Luiz Eduardo vai promover no pr\u00f3ximo dia 21 de setembro, \u00e0s 15h, na Assembleia Legislativa, uma Sess\u00e3o Solene em homenagem ao Dia Internacional do Turismo, para refor\u00e7ar a import\u00e2ncia deste segmento econ\u00f4mico para o Rio Grande do Norte.<\/p>\n\n\n\n<p>No evento, ser\u00e3o entregues T\u00edtulos Honor\u00edficos de Cidad\u00e3o Norte-rio-grandense \u00e0 personalidades do Estado que de alguma forma contribuem para a manuten\u00e7\u00e3o saud\u00e1vel da atividade.<\/p>\n\n\n\n<p>A lista de homenageados \u00e9 a seguinte:&nbsp;<br \/><br \/>1. Alexandre Melita ( Gestor de Produtos da Azul Viagens)<\/p>\n\n\n\n<p>2. Eann Styvenson Valentin ( Capit\u00e3o da Pol\u00edcia Militar do RN e Senador da Rep\u00fablica)&nbsp;<\/p>\n\n\n\n<p>3. Em\u00edlio Moroni ( Empres\u00e1rio da Rede Hoteleira, propriet\u00e1rio do Beija Flor Exclusive Hotel e SPA )&nbsp;<\/p>\n\n\n\n<p>4. Giulliana Murgel Mesquita ( Administradora de Empresas &#8211; gerente de produtos e neg\u00f3cios da Azul linhas a\u00e9reas)<\/p>\n\n\n\n<p>5. Jares Cardoso Ponciano ( Empres\u00e1rio da rede hoteleira, propriet\u00e1rio do Hotel SAGI IT)<br \/><br \/>6. Karl Johan Tyr\u00e9n ( Gerente Geral de Receptivo e Desenvolvimento Internacional de Neg\u00f3cios do Grupo Barcel\u00f3)<\/p>\n\n\n\n<p>7. Jos\u00e9 Nivaldo Ara\u00fajo de Melo ( Empres\u00e1rio da rede hoteleira, propriet\u00e1rio do Hotel Chal\u00e9mar)&nbsp;<\/p>\n\n\n\n<p>8. Jorge Afonso Campos Rebelo de Almeida ( Empres\u00e1rio da rede hoteleira, propriet\u00e1rio da rede de Hot\u00e9is Vila Gal\u00e9)<\/p>\n\n\n\n<p>9. Luiz Sizenando Dantas Segundo ( Empres\u00e1rio, propriet\u00e1rio do Restaurante T\u00e1bua de Carne)&nbsp;<\/p>\n\n\n\n<p>10. Manoel Cardoso Linhares ( Empres\u00e1rio e Presidente da Associa\u00e7\u00e3o Brasileira da Ind\u00fastria de Hot\u00e9is &#8211; ABIH Nacional)<\/p>\n\n\n\n<p>11. S\u00e9rgio Pereira Gaspar (Diretor Operacional da ABIH Nacional)<\/p>\n\n\n\n<p>12. Abdon Mois\u00e9s Gosson Neto (Presidente da ABIH RN)<\/p>\n\n\n\n<p>13. Ana Maria Costa (Secretaria de Turismo do RN)<\/p>\n\n\n\n<p>Data: 21\/09\/2023 (quinta-feira)<br>Hora: 15h <br>Local: Assembleia Legislativa do Rio Grande do Norte \u2013 Plen\u00e1rio Deputado Cl\u00f3vis Motta. Pra\u00e7a Sete de Setembro, 120 \u2013 Cidade Alta &#8211; Natal\/RN. <br>Propositor: Deputado Luiz Eduardo <\/p>\n\n\n\n<p><\/p>\n","protected":false},"excerpt":{"rendered":"<p>O Deputado Luiz Eduardo vai promover no pr\u00f3ximo dia 21 de setembro, \u00e0s 15h, na Assembleia Legislativa, uma Sess\u00e3o Solene em homenagem ao Dia Internacional do Turismo, para refor\u00e7ar a import\u00e2ncia deste segmento econ\u00f4mico para o Rio Grande do Norte. No evento, ser\u00e3o entregues T\u00edtulos Honor\u00edficos de Cidad\u00e3o Norte-rio-grandense \u00e0 personalidades do Estado que de [&hellip;]<\/p>\n","protected":false},"author":1,"featured_media":0,"comment_status":"open","ping_status":"open","sticky":false,"template":"","format":"standard","meta":{"cybocfi_hide_featured_image":"","_jetpack_memberships_contains_paid_content":false,"footnotes":""},"categories":[1],"tags":[],"class_list":["post-1803","post","type-post","status-publish","format-standard","hentry","category-diversos"],"yoast_head":"<!-- This site is optimized with the Yoast SEO plugin v25.6 - https:\/\/yoast.com\/wordpress\/plugins\/seo\/ -->\n<title>Deputado Luiz Eduardo realiza Sess\u00e3o Solene pelo Dia Internacional do Turismo nesta Quinta (21) - Blog do Bispo<\/title>\n<meta name=\"robots\" content=\"index, follow, max-snippet:-1, max-image-preview:large, max-video-preview:-1\" \/>\n<link rel=\"canonical\" href=\"https:\/\/blogdobispo.com.br\/?p=1803\" \/>\n<meta property=\"og:locale\" content=\"pt_BR\" \/>\n<meta property=\"og:type\" content=\"article\" \/>\n<meta property=\"og:title\" content=\"Deputado Luiz Eduardo realiza Sess\u00e3o Solene pelo Dia Internacional do Turismo nesta Quinta (21) - Blog do Bispo\" \/>\n<meta property=\"og:description\" content=\"O Deputado Luiz Eduardo vai promover no pr\u00f3ximo dia 21 de setembro, \u00e0s 15h, na Assembleia Legislativa, uma Sess\u00e3o Solene em homenagem ao Dia Internacional do Turismo, para refor\u00e7ar a import\u00e2ncia deste segmento econ\u00f4mico para o Rio Grande do Norte. No evento, ser\u00e3o entregues T\u00edtulos Honor\u00edficos de Cidad\u00e3o Norte-rio-grandense \u00e0 personalidades do Estado que de [&hellip;]\" \/>\n<meta property=\"og:url\" content=\"https:\/\/blogdobispo.com.br\/?p=1803\" \/>\n<meta property=\"og:site_name\" content=\"Blog do Bispo\" \/>\n<meta property=\"article:published_time\" content=\"2023-09-20T18:18:42+00:00\" \/>\n<meta property=\"og:image\" content=\"https:\/\/blogdobispo.com.br\/wp-content\/uploads\/2023\/09\/whatsapp-image-2023-09-19-at-12.46.26-819x1024.jpg\" \/>\n<meta name=\"author\" content=\"Jefferson Sterfeno\" \/>\n<meta name=\"twitter:card\" content=\"summary_large_image\" \/>\n<meta name=\"twitter:label1\" content=\"Escrito por\" \/>\n\t<meta name=\"twitter:data1\" content=\"Jefferson Sterfeno\" \/>\n\t<meta name=\"twitter:label2\" content=\"Est. tempo de leitura\" \/>\n\t<meta name=\"twitter:data2\" content=\"2 minutos\" \/>\n<script type=\"application\/ld+json\" class=\"yoast-schema-graph\">{\"@context\":\"https:\/\/schema.org\",\"@graph\":[{\"@type\":\"Article\",\"@id\":\"https:\/\/blogdobispo.com.br\/?p=1803#article\",\"isPartOf\":{\"@id\":\"https:\/\/blogdobispo.com.br\/?p=1803\"},\"author\":{\"name\":\"Jefferson Sterfeno\",\"@id\":\"https:\/\/blogdobispo.com.br\/#\/schema\/person\/e2209cc0e6cea5c5233d033e997b373f\"},\"headline\":\"Deputado Luiz Eduardo realiza Sess\u00e3o Solene pelo Dia Internacional do Turismo nesta Quinta (21)\",\"datePublished\":\"2023-09-20T18:18:42+00:00\",\"mainEntityOfPage\":{\"@id\":\"https:\/\/blogdobispo.com.br\/?p=1803\"},\"wordCount\":317,\"commentCount\":0,\"publisher\":{\"@id\":\"https:\/\/blogdobispo.com.br\/#organization\"},\"image\":{\"@id\":\"https:\/\/blogdobispo.com.br\/?p=1803#primaryimage\"},\"thumbnailUrl\":\"https:\/\/blogdobispo.com.br\/wp-content\/uploads\/2023\/09\/whatsapp-image-2023-09-19-at-12.46.26-819x1024.jpg\",\"articleSection\":[\"diversos\"],\"inLanguage\":\"pt-BR\",\"potentialAction\":[{\"@type\":\"CommentAction\",\"name\":\"Comment\",\"target\":[\"https:\/\/blogdobispo.com.br\/?p=1803#respond\"]}]},{\"@type\":\"WebPage\",\"@id\":\"https:\/\/blogdobispo.com.br\/?p=1803\",\"url\":\"https:\/\/blogdobispo.com.br\/?p=1803\",\"name\":\"Deputado Luiz Eduardo realiza Sess\u00e3o Solene pelo Dia Internacional do Turismo nesta Quinta (21) - Blog do Bispo\",\"isPartOf\":{\"@id\":\"https:\/\/blogdobispo.com.br\/#website\"},\"primaryImageOfPage\":{\"@id\":\"https:\/\/blogdobispo.com.br\/?p=1803#primaryimage\"},\"image\":{\"@id\":\"https:\/\/blogdobispo.com.br\/?p=1803#primaryimage\"},\"thumbnailUrl\":\"https:\/\/blogdobispo.com.br\/wp-content\/uploads\/2023\/09\/whatsapp-image-2023-09-19-at-12.46.26-819x1024.jpg\",\"datePublished\":\"2023-09-20T18:18:42+00:00\",\"breadcrumb\":{\"@id\":\"https:\/\/blogdobispo.com.br\/?p=1803#breadcrumb\"},\"inLanguage\":\"pt-BR\",\"potentialAction\":[{\"@type\":\"ReadAction\",\"target\":[\"https:\/\/blogdobispo.com.br\/?p=1803\"]}]},{\"@type\":\"ImageObject\",\"inLanguage\":\"pt-BR\",\"@id\":\"https:\/\/blogdobispo.com.br\/?p=1803#primaryimage\",\"url\":\"https:\/\/blogdobispo.com.br\/wp-content\/uploads\/2023\/09\/whatsapp-image-2023-09-19-at-12.46.26-819x1024.jpg\",\"contentUrl\":\"https:\/\/blogdobispo.com.br\/wp-content\/uploads\/2023\/09\/whatsapp-image-2023-09-19-at-12.46.26-819x1024.jpg\"},{\"@type\":\"BreadcrumbList\",\"@id\":\"https:\/\/blogdobispo.com.br\/?p=1803#breadcrumb\",\"itemListElement\":[{\"@type\":\"ListItem\",\"position\":1,\"name\":\"In\u00edcio\",\"item\":\"https:\/\/blogdobispo.com.br\/\"},{\"@type\":\"ListItem\",\"position\":2,\"name\":\"Deputado Luiz Eduardo realiza Sess\u00e3o Solene pelo Dia Internacional do Turismo nesta Quinta (21)\"}]},{\"@type\":\"WebSite\",\"@id\":\"https:\/\/blogdobispo.com.br\/#website\",\"url\":\"https:\/\/blogdobispo.com.br\/\",\"name\":\"Blog do Bispo\",\"description\":\"Comprometido apenas com o leitor\",\"publisher\":{\"@id\":\"https:\/\/blogdobispo.com.br\/#organization\"},\"potentialAction\":[{\"@type\":\"SearchAction\",\"target\":{\"@type\":\"EntryPoint\",\"urlTemplate\":\"https:\/\/blogdobispo.com.br\/?s={search_term_string}\"},\"query-input\":{\"@type\":\"PropertyValueSpecification\",\"valueRequired\":true,\"valueName\":\"search_term_string\"}}],\"inLanguage\":\"pt-BR\"},{\"@type\":\"Organization\",\"@id\":\"https:\/\/blogdobispo.com.br\/#organization\",\"name\":\"Blog do Bispo\",\"url\":\"https:\/\/blogdobispo.com.br\/\",\"logo\":{\"@type\":\"ImageObject\",\"inLanguage\":\"pt-BR\",\"@id\":\"https:\/\/blogdobispo.com.br\/#\/schema\/logo\/image\/\",\"url\":\"http:\/\/blogdobispo.com.br\/wp-content\/uploads\/2023\/05\/cropped-headear.png\",\"contentUrl\":\"http:\/\/blogdobispo.com.br\/wp-content\/uploads\/2023\/05\/cropped-headear.png\",\"width\":1500,\"height\":399,\"caption\":\"Blog do Bispo\"},\"image\":{\"@id\":\"https:\/\/blogdobispo.com.br\/#\/schema\/logo\/image\/\"}},{\"@type\":\"Person\",\"@id\":\"https:\/\/blogdobispo.com.br\/#\/schema\/person\/e2209cc0e6cea5c5233d033e997b373f\",\"name\":\"Jefferson Sterfeno\",\"image\":{\"@type\":\"ImageObject\",\"inLanguage\":\"pt-BR\",\"@id\":\"https:\/\/blogdobispo.com.br\/#\/schema\/person\/image\/\",\"url\":\"https:\/\/secure.gravatar.com\/avatar\/0534e84764641168a677026b6d57a3f51dc7ac4db0b4f6186d9cb330d4ee1160?s=96&d=mm&r=g\",\"contentUrl\":\"https:\/\/secure.gravatar.com\/avatar\/0534e84764641168a677026b6d57a3f51dc7ac4db0b4f6186d9cb330d4ee1160?s=96&d=mm&r=g\",\"caption\":\"Jefferson Sterfeno\"},\"sameAs\":[\"http:\/\/blogdobispo.com.br\"],\"url\":\"https:\/\/blogdobispo.com.br\/?author=1\"}]}<\/script>\n<!-- \/ Yoast SEO plugin. -->","yoast_head_json":{"title":"Deputado Luiz Eduardo realiza Sess\u00e3o Solene pelo Dia Internacional do Turismo nesta Quinta (21) - Blog do Bispo","robots":{"index":"index","follow":"follow","max-snippet":"max-snippet:-1","max-image-preview":"max-image-preview:large","max-video-preview":"max-video-preview:-1"},"canonical":"https:\/\/blogdobispo.com.br\/?p=1803","og_locale":"pt_BR","og_type":"article","og_title":"Deputado Luiz Eduardo realiza Sess\u00e3o Solene pelo Dia Internacional do Turismo nesta Quinta (21) - Blog do Bispo","og_description":"O Deputado Luiz Eduardo vai promover no pr\u00f3ximo dia 21 de setembro, \u00e0s 15h, na Assembleia Legislativa, uma Sess\u00e3o Solene em homenagem ao Dia Internacional do Turismo, para refor\u00e7ar a import\u00e2ncia deste segmento econ\u00f4mico para o Rio Grande do Norte. No evento, ser\u00e3o entregues T\u00edtulos Honor\u00edficos de Cidad\u00e3o Norte-rio-grandense \u00e0 personalidades do Estado que de [&hellip;]","og_url":"https:\/\/blogdobispo.com.br\/?p=1803","og_site_name":"Blog do Bispo","article_published_time":"2023-09-20T18:18:42+00:00","og_image":[{"url":"https:\/\/blogdobispo.com.br\/wp-content\/uploads\/2023\/09\/whatsapp-image-2023-09-19-at-12.46.26-819x1024.jpg","type":"","width":"","height":""}],"author":"Jefferson Sterfeno","twitter_card":"summary_large_image","twitter_misc":{"Escrito por":"Jefferson Sterfeno","Est. tempo de leitura":"2 minutos"},"schema":{"@context":"https:\/\/schema.org","@graph":[{"@type":"Article","@id":"https:\/\/blogdobispo.com.br\/?p=1803#article","isPartOf":{"@id":"https:\/\/blogdobispo.com.br\/?p=1803"},"author":{"name":"Jefferson Sterfeno","@id":"https:\/\/blogdobispo.com.br\/#\/schema\/person\/e2209cc0e6cea5c5233d033e997b373f"},"headline":"Deputado Luiz Eduardo realiza Sess\u00e3o Solene pelo Dia Internacional do Turismo nesta Quinta (21)","datePublished":"2023-09-20T18:18:42+00:00","mainEntityOfPage":{"@id":"https:\/\/blogdobispo.com.br\/?p=1803"},"wordCount":317,"commentCount":0,"publisher":{"@id":"https:\/\/blogdobispo.com.br\/#organization"},"image":{"@id":"https:\/\/blogdobispo.com.br\/?p=1803#primaryimage"},"thumbnailUrl":"https:\/\/blogdobispo.com.br\/wp-content\/uploads\/2023\/09\/whatsapp-image-2023-09-19-at-12.46.26-819x1024.jpg","articleSection":["diversos"],"inLanguage":"pt-BR","potentialAction":[{"@type":"CommentAction","name":"Comment","target":["https:\/\/blogdobispo.com.br\/?p=1803#respond"]}]},{"@type":"WebPage","@id":"https:\/\/blogdobispo.com.br\/?p=1803","url":"https:\/\/blogdobispo.com.br\/?p=1803","name":"Deputado Luiz Eduardo realiza Sess\u00e3o Solene pelo Dia Internacional do Turismo nesta Quinta (21) - Blog do Bispo","isPartOf":{"@id":"https:\/\/blogdobispo.com.br\/#website"},"primaryImageOfPage":{"@id":"https:\/\/blogdobispo.com.br\/?p=1803#primaryimage"},"image":{"@id":"https:\/\/blogdobispo.com.br\/?p=1803#primaryimage"},"thumbnailUrl":"https:\/\/blogdobispo.com.br\/wp-content\/uploads\/2023\/09\/whatsapp-image-2023-09-19-at-12.46.26-819x1024.jpg","datePublished":"2023-09-20T18:18:42+00:00","breadcrumb":{"@id":"https:\/\/blogdobispo.com.br\/?p=1803#breadcrumb"},"inLanguage":"pt-BR","potentialAction":[{"@type":"ReadAction","target":["https:\/\/blogdobispo.com.br\/?p=1803"]}]},{"@type":"ImageObject","inLanguage":"pt-BR","@id":"https:\/\/blogdobispo.com.br\/?p=1803#primaryimage","url":"https:\/\/blogdobispo.com.br\/wp-content\/uploads\/2023\/09\/whatsapp-image-2023-09-19-at-12.46.26-819x1024.jpg","contentUrl":"https:\/\/blogdobispo.com.br\/wp-content\/uploads\/2023\/09\/whatsapp-image-2023-09-19-at-12.46.26-819x1024.jpg"},{"@type":"BreadcrumbList","@id":"https:\/\/blogdobispo.com.br\/?p=1803#breadcrumb","itemListElement":[{"@type":"ListItem","position":1,"name":"In\u00edcio","item":"https:\/\/blogdobispo.com.br\/"},{"@type":"ListItem","position":2,"name":"Deputado Luiz Eduardo realiza Sess\u00e3o Solene pelo Dia Internacional do Turismo nesta Quinta (21)"}]},{"@type":"WebSite","@id":"https:\/\/blogdobispo.com.br\/#website","url":"https:\/\/blogdobispo.com.br\/","name":"Blog do Bispo","description":"Comprometido apenas com o leitor","publisher":{"@id":"https:\/\/blogdobispo.com.br\/#organization"},"potentialAction":[{"@type":"SearchAction","target":{"@type":"EntryPoint","urlTemplate":"https:\/\/blogdobispo.com.br\/?s={search_term_string}"},"query-input":{"@type":"PropertyValueSpecification","valueRequired":true,"valueName":"search_term_string"}}],"inLanguage":"pt-BR"},{"@type":"Organization","@id":"https:\/\/blogdobispo.com.br\/#organization","name":"Blog do Bispo","url":"https:\/\/blogdobispo.com.br\/","logo":{"@type":"ImageObject","inLanguage":"pt-BR","@id":"https:\/\/blogdobispo.com.br\/#\/schema\/logo\/image\/","url":"http:\/\/blogdobispo.com.br\/wp-content\/uploads\/2023\/05\/cropped-headear.png","contentUrl":"http:\/\/blogdobispo.com.br\/wp-content\/uploads\/2023\/05\/cropped-headear.png","width":1500,"height":399,"caption":"Blog do Bispo"},"image":{"@id":"https:\/\/blogdobispo.com.br\/#\/schema\/logo\/image\/"}},{"@type":"Person","@id":"https:\/\/blogdobispo.com.br\/#\/schema\/person\/e2209cc0e6cea5c5233d033e997b373f","name":"Jefferson Sterfeno","image":{"@type":"ImageObject","inLanguage":"pt-BR","@id":"https:\/\/blogdobispo.com.br\/#\/schema\/person\/image\/","url":"https:\/\/secure.gravatar.com\/avatar\/0534e84764641168a677026b6d57a3f51dc7ac4db0b4f6186d9cb330d4ee1160?s=96&d=mm&r=g","contentUrl":"https:\/\/secure.gravatar.com\/avatar\/0534e84764641168a677026b6d57a3f51dc7ac4db0b4f6186d9cb330d4ee1160?s=96&d=mm&r=g","caption":"Jefferson Sterfeno"},"sameAs":["http:\/\/blogdobispo.com.br"],"url":"https:\/\/blogdobispo.com.br\/?author=1"}]}},"featured_image_urls":{"full":"","thumbnail":"","medium":"","medium_large":"","large":"","1536x1536":"","2048x2048":""},"author_info":{"display_name":"Jefferson Sterfeno","author_link":"https:\/\/blogdobispo.com.br\/?author=1"},"category_info":"<a href=\"https:\/\/blogdobispo.com.br\/?cat=1\" rel=\"category\">diversos<\/a>","tag_info":"diversos","comment_count":"0","jetpack_featured_media_url":"","jetpack_sharing_enabled":true,"_links":{"self":[{"href":"https:\/\/blogdobispo.com.br\/index.php?rest_route=\/wp\/v2\/posts\/1803","targetHints":{"allow":["GET"]}}],"collection":[{"href":"https:\/\/blogdobispo.com.br\/index.php?rest_route=\/wp\/v2\/posts"}],"about":[{"href":"https:\/\/blogdobispo.com.br\/index.php?rest_route=\/wp\/v2\/types\/post"}],"author":[{"embeddable":true,"href":"https:\/\/blogdobispo.com.br\/index.php?rest_route=\/wp\/v2\/users\/1"}],"replies":[{"embeddable":true,"href":"https:\/\/blogdobispo.com.br\/index.php?rest_route=%2Fwp%2Fv2%2Fcomments&post=1803"}],"version-history":[{"count":0,"href":"https:\/\/blogdobispo.com.br\/index.php?rest_route=\/wp\/v2\/posts\/1803\/revisions"}],"wp:attachment":[{"href":"https:\/\/blogdobispo.com.br\/index.php?rest_route=%2Fwp%2Fv2%2Fmedia&parent=1803"}],"wp:term":[{"taxonomy":"category","embeddable":true,"href":"https:\/\/blogdobispo.com.br\/index.php?rest_route=%2Fwp%2Fv2%2Fcategories&post=1803"},{"taxonomy":"post_tag","embeddable":true,"href":"https:\/\/blogdobispo.com.br\/index.php?rest_route=%2Fwp%2Fv2%2Ftags&post=1803"}],"curies":[{"name":"wp","href":"https:\/\/api.w.org\/{rel}","templated":true}]}}