{"id":1795,"date":"2023-09-20T00:18:51","date_gmt":"2023-09-20T00:18:51","guid":{"rendered":"https:\/\/blogdobispo.com.br\/?p=1795"},"modified":"2023-09-20T00:18:51","modified_gmt":"2023-09-20T00:18:51","slug":"sala-de-acolhimento-para-familias-pcd-estreia-no-participa-natal","status":"publish","type":"post","link":"https:\/\/blogdobispo.com.br\/?p=1795","title":{"rendered":"<em>Sala de Acolhimento para fam\u00edlias Pcd estreia no Participa Natal<\/em>"},"content":{"rendered":"\n<figure class=\"wp-block-image size-large\"><img data-recalc-dims=\"1\" fetchpriority=\"high\" decoding=\"async\" width=\"800\" height=\"600\" src=\"https:\/\/i0.wp.com\/blogdobispo.com.br\/wp-content\/uploads\/2023\/09\/3eff9310-c3be-4d2b-ad54-7249ec818969-1024x768.jpg?resize=800%2C600&#038;ssl=1\" class=\"wp-image-1794\" srcset=\"https:\/\/i0.wp.com\/blogdobispo.com.br\/wp-content\/uploads\/2023\/09\/3eff9310-c3be-4d2b-ad54-7249ec818969-scaled.jpg?resize=1024%2C768&amp;ssl=1 1024w, https:\/\/i0.wp.com\/blogdobispo.com.br\/wp-content\/uploads\/2023\/09\/3eff9310-c3be-4d2b-ad54-7249ec818969-scaled.jpg?resize=300%2C225&amp;ssl=1 300w, https:\/\/i0.wp.com\/blogdobispo.com.br\/wp-content\/uploads\/2023\/09\/3eff9310-c3be-4d2b-ad54-7249ec818969-scaled.jpg?resize=768%2C576&amp;ssl=1 768w, https:\/\/i0.wp.com\/blogdobispo.com.br\/wp-content\/uploads\/2023\/09\/3eff9310-c3be-4d2b-ad54-7249ec818969-scaled.jpg?resize=1536%2C1152&amp;ssl=1 1536w, https:\/\/i0.wp.com\/blogdobispo.com.br\/wp-content\/uploads\/2023\/09\/3eff9310-c3be-4d2b-ad54-7249ec818969-scaled.jpg?resize=2048%2C1536&amp;ssl=1 2048w, https:\/\/i0.wp.com\/blogdobispo.com.br\/wp-content\/uploads\/2023\/09\/3eff9310-c3be-4d2b-ad54-7249ec818969-scaled.jpg?w=1600 1600w, https:\/\/i0.wp.com\/blogdobispo.com.br\/wp-content\/uploads\/2023\/09\/3eff9310-c3be-4d2b-ad54-7249ec818969-scaled.jpg?w=2400 2400w\" sizes=\"(max-width: 800px) 100vw, 800px\" \/><\/figure>\n\n\n\n<p><\/p>\n\n\n\n<p>Um projeto lan\u00e7ado em maio e que j\u00e1 virou, inclusive, um projeto de lei &#8211; em tr\u00e2mite na C\u00e2mara Municipal de Natal (CMN) &#8211; a \u201cSala de Acolhimento\u201d &#8211; estar\u00e1 na terceira edi\u00e7\u00e3o do \u201cParticipa Natal\u201d de 2023, a\u00e7\u00e3o social que \u00e9 realizada nos bairros pelo Poder Executivo e parceiros. Al\u00e9m de todos os servi\u00e7os j\u00e1 oferecidos, o pr\u00f3ximo evento, que acontecer\u00e1 das 8h \u00e0s 12h30 deste s\u00e1bado, 23, na Escola Municipal Henrique Castriciano, Rocas, ter\u00e1 essa roda de conversa com profissionais da sa\u00fade e do jur\u00eddico com os pais e respons\u00e1veis de pessoas com defici\u00eancia (PcD).<\/p>\n\n\n\n<p>A 3\u00aa edi\u00e7\u00e3o do Participa Natal ter\u00e1 diversos servi\u00e7os nas \u00e1reas de Assist\u00eancia e Desenvolvimento Social, Educa\u00e7\u00e3o e Cultura, Esporte e Lazer, Est\u00e9tica, Sa\u00fade e Servi\u00e7os Urbanos oferecidos pela Prefeitura e 19 parceiros. Nesta edi\u00e7\u00e3o, a \u201cSala de Acolhimento\u201d, que conta com psic\u00f3logo, assistente social e advogado, realizada pelo Mandato Cidad\u00e3o, do vereador Dickson J\u00fanior, conta tamb\u00e9m com o apoio da Associa\u00e7\u00e3o Brasileira de Apoio \u00e0 Pessoa com Defici\u00eancia (Abaped).<\/p>\n\n\n\n<p>\u201cAo receberem o diagn\u00f3stico, muitos pais iniciam um processo longo e doloroso, cheio de d\u00favidas, medos, ang\u00fastias e questionamentos. Essa troca de experi\u00eancia, aliada \u00e0 orienta\u00e7\u00e3o de profissionais, \u00e9 importante para o bem-estar da fam\u00edlia. Por isso, criamos esse momento de acolhimento e fortalecimento de v\u00ednculos, quebrando preconceitos, quando podemos avan\u00e7ar tamb\u00e9m na constru\u00e7\u00e3o de propostas para pol\u00edticas p\u00fablicas mais efetivas para esse p\u00fablico\u201d, destaca Dickson, que \u00e9 vice-presidente da Comiss\u00e3o de Defesa dos Direitos das Pessoas com Defici\u00eancia e Mobilidade Reduzida, da CMN.<\/p>\n\n\n\n<p>O PL<br>Ap\u00f3s ter lan\u00e7ado a a\u00e7\u00e3o na Escola Municipal Professora Iapissara Aguiar de Souza, na zona Norte, Dickson protocolou, em agosto, o Projeto de Lei N\u00ba 520\/2023, que disp\u00f5e sobre a cria\u00e7\u00e3o do Programa \u2018Sala de Acolhimento\u2019, no \u00e2mbito do sistema p\u00fablico de ensino de educa\u00e7\u00e3o b\u00e1sica de Natal. E acredita na aprova\u00e7\u00e3o por unanimidade no legislativo e san\u00e7\u00e3o pelo poder executivo. \u201cVisamos trabalhar a interven\u00e7\u00e3o precoce para acolher, reduzir impactos de nega\u00e7\u00e3o ou dificuldade de aceita\u00e7\u00e3o, fortalecer la\u00e7os, atrav\u00e9s de informa\u00e7\u00e3o qualificada. Estamos confiantes que esse programa importante vai virar realidade em breve, executada pelo Munic\u00edpio\u201d.<\/p>\n\n\n\n<p><\/p>\n","protected":false},"excerpt":{"rendered":"<p>Um projeto lan\u00e7ado em maio e que j\u00e1 virou, inclusive, um projeto de lei &#8211; em tr\u00e2mite na C\u00e2mara Municipal de Natal (CMN) &#8211; a \u201cSala de Acolhimento\u201d &#8211; estar\u00e1 na terceira edi\u00e7\u00e3o do \u201cParticipa Natal\u201d de 2023, a\u00e7\u00e3o social que \u00e9 realizada nos bairros pelo Poder Executivo e parceiros. Al\u00e9m de todos os servi\u00e7os [&hellip;]<\/p>\n","protected":false},"author":1,"featured_media":0,"comment_status":"open","ping_status":"open","sticky":false,"template":"","format":"standard","meta":{"cybocfi_hide_featured_image":"","_jetpack_memberships_contains_paid_content":false,"footnotes":""},"categories":[1],"tags":[],"class_list":["post-1795","post","type-post","status-publish","format-standard","hentry","category-diversos"],"yoast_head":"<!-- This site is optimized with the Yoast SEO plugin v25.6 - https:\/\/yoast.com\/wordpress\/plugins\/seo\/ -->\n<title>Sala de Acolhimento para fam\u00edlias Pcd estreia no Participa Natal - Blog do Bispo<\/title>\n<meta name=\"robots\" content=\"index, follow, max-snippet:-1, max-image-preview:large, max-video-preview:-1\" \/>\n<link rel=\"canonical\" href=\"https:\/\/blogdobispo.com.br\/?p=1795\" \/>\n<meta property=\"og:locale\" content=\"pt_BR\" \/>\n<meta property=\"og:type\" content=\"article\" \/>\n<meta property=\"og:title\" content=\"Sala de Acolhimento para fam\u00edlias Pcd estreia no Participa Natal - Blog do Bispo\" \/>\n<meta property=\"og:description\" content=\"Um projeto lan\u00e7ado em maio e que j\u00e1 virou, inclusive, um projeto de lei &#8211; em tr\u00e2mite na C\u00e2mara Municipal de Natal (CMN) &#8211; a \u201cSala de Acolhimento\u201d &#8211; estar\u00e1 na terceira edi\u00e7\u00e3o do \u201cParticipa Natal\u201d de 2023, a\u00e7\u00e3o social que \u00e9 realizada nos bairros pelo Poder Executivo e parceiros. Al\u00e9m de todos os servi\u00e7os [&hellip;]\" \/>\n<meta property=\"og:url\" content=\"https:\/\/blogdobispo.com.br\/?p=1795\" \/>\n<meta property=\"og:site_name\" content=\"Blog do Bispo\" \/>\n<meta property=\"article:published_time\" content=\"2023-09-20T00:18:51+00:00\" \/>\n<meta property=\"og:image\" content=\"https:\/\/blogdobispo.com.br\/wp-content\/uploads\/2023\/09\/3eff9310-c3be-4d2b-ad54-7249ec818969-1024x768.jpg\" \/>\n<meta name=\"author\" content=\"Jefferson Sterfeno\" \/>\n<meta name=\"twitter:card\" content=\"summary_large_image\" \/>\n<meta name=\"twitter:label1\" content=\"Escrito por\" \/>\n\t<meta name=\"twitter:data1\" content=\"Jefferson Sterfeno\" \/>\n\t<meta name=\"twitter:label2\" content=\"Est. tempo de leitura\" \/>\n\t<meta name=\"twitter:data2\" content=\"2 minutos\" \/>\n<script type=\"application\/ld+json\" class=\"yoast-schema-graph\">{\"@context\":\"https:\/\/schema.org\",\"@graph\":[{\"@type\":\"Article\",\"@id\":\"https:\/\/blogdobispo.com.br\/?p=1795#article\",\"isPartOf\":{\"@id\":\"https:\/\/blogdobispo.com.br\/?p=1795\"},\"author\":{\"name\":\"Jefferson Sterfeno\",\"@id\":\"https:\/\/blogdobispo.com.br\/#\/schema\/person\/e2209cc0e6cea5c5233d033e997b373f\"},\"headline\":\"Sala de Acolhimento para fam\u00edlias Pcd estreia no Participa Natal\",\"datePublished\":\"2023-09-20T00:18:51+00:00\",\"mainEntityOfPage\":{\"@id\":\"https:\/\/blogdobispo.com.br\/?p=1795\"},\"wordCount\":408,\"commentCount\":0,\"publisher\":{\"@id\":\"https:\/\/blogdobispo.com.br\/#organization\"},\"image\":{\"@id\":\"https:\/\/blogdobispo.com.br\/?p=1795#primaryimage\"},\"thumbnailUrl\":\"https:\/\/blogdobispo.com.br\/wp-content\/uploads\/2023\/09\/3eff9310-c3be-4d2b-ad54-7249ec818969-1024x768.jpg\",\"articleSection\":[\"diversos\"],\"inLanguage\":\"pt-BR\",\"potentialAction\":[{\"@type\":\"CommentAction\",\"name\":\"Comment\",\"target\":[\"https:\/\/blogdobispo.com.br\/?p=1795#respond\"]}]},{\"@type\":\"WebPage\",\"@id\":\"https:\/\/blogdobispo.com.br\/?p=1795\",\"url\":\"https:\/\/blogdobispo.com.br\/?p=1795\",\"name\":\"Sala de Acolhimento para fam\u00edlias Pcd estreia no Participa Natal - Blog do Bispo\",\"isPartOf\":{\"@id\":\"https:\/\/blogdobispo.com.br\/#website\"},\"primaryImageOfPage\":{\"@id\":\"https:\/\/blogdobispo.com.br\/?p=1795#primaryimage\"},\"image\":{\"@id\":\"https:\/\/blogdobispo.com.br\/?p=1795#primaryimage\"},\"thumbnailUrl\":\"https:\/\/blogdobispo.com.br\/wp-content\/uploads\/2023\/09\/3eff9310-c3be-4d2b-ad54-7249ec818969-1024x768.jpg\",\"datePublished\":\"2023-09-20T00:18:51+00:00\",\"breadcrumb\":{\"@id\":\"https:\/\/blogdobispo.com.br\/?p=1795#breadcrumb\"},\"inLanguage\":\"pt-BR\",\"potentialAction\":[{\"@type\":\"ReadAction\",\"target\":[\"https:\/\/blogdobispo.com.br\/?p=1795\"]}]},{\"@type\":\"ImageObject\",\"inLanguage\":\"pt-BR\",\"@id\":\"https:\/\/blogdobispo.com.br\/?p=1795#primaryimage\",\"url\":\"https:\/\/blogdobispo.com.br\/wp-content\/uploads\/2023\/09\/3eff9310-c3be-4d2b-ad54-7249ec818969-1024x768.jpg\",\"contentUrl\":\"https:\/\/blogdobispo.com.br\/wp-content\/uploads\/2023\/09\/3eff9310-c3be-4d2b-ad54-7249ec818969-1024x768.jpg\"},{\"@type\":\"BreadcrumbList\",\"@id\":\"https:\/\/blogdobispo.com.br\/?p=1795#breadcrumb\",\"itemListElement\":[{\"@type\":\"ListItem\",\"position\":1,\"name\":\"In\u00edcio\",\"item\":\"https:\/\/blogdobispo.com.br\/\"},{\"@type\":\"ListItem\",\"position\":2,\"name\":\"Sala de Acolhimento para fam\u00edlias Pcd estreia no Participa Natal\"}]},{\"@type\":\"WebSite\",\"@id\":\"https:\/\/blogdobispo.com.br\/#website\",\"url\":\"https:\/\/blogdobispo.com.br\/\",\"name\":\"Blog do Bispo\",\"description\":\"Comprometido apenas com o leitor\",\"publisher\":{\"@id\":\"https:\/\/blogdobispo.com.br\/#organization\"},\"potentialAction\":[{\"@type\":\"SearchAction\",\"target\":{\"@type\":\"EntryPoint\",\"urlTemplate\":\"https:\/\/blogdobispo.com.br\/?s={search_term_string}\"},\"query-input\":{\"@type\":\"PropertyValueSpecification\",\"valueRequired\":true,\"valueName\":\"search_term_string\"}}],\"inLanguage\":\"pt-BR\"},{\"@type\":\"Organization\",\"@id\":\"https:\/\/blogdobispo.com.br\/#organization\",\"name\":\"Blog do Bispo\",\"url\":\"https:\/\/blogdobispo.com.br\/\",\"logo\":{\"@type\":\"ImageObject\",\"inLanguage\":\"pt-BR\",\"@id\":\"https:\/\/blogdobispo.com.br\/#\/schema\/logo\/image\/\",\"url\":\"http:\/\/blogdobispo.com.br\/wp-content\/uploads\/2023\/05\/cropped-headear.png\",\"contentUrl\":\"http:\/\/blogdobispo.com.br\/wp-content\/uploads\/2023\/05\/cropped-headear.png\",\"width\":1500,\"height\":399,\"caption\":\"Blog do Bispo\"},\"image\":{\"@id\":\"https:\/\/blogdobispo.com.br\/#\/schema\/logo\/image\/\"}},{\"@type\":\"Person\",\"@id\":\"https:\/\/blogdobispo.com.br\/#\/schema\/person\/e2209cc0e6cea5c5233d033e997b373f\",\"name\":\"Jefferson Sterfeno\",\"image\":{\"@type\":\"ImageObject\",\"inLanguage\":\"pt-BR\",\"@id\":\"https:\/\/blogdobispo.com.br\/#\/schema\/person\/image\/\",\"url\":\"https:\/\/secure.gravatar.com\/avatar\/0534e84764641168a677026b6d57a3f51dc7ac4db0b4f6186d9cb330d4ee1160?s=96&d=mm&r=g\",\"contentUrl\":\"https:\/\/secure.gravatar.com\/avatar\/0534e84764641168a677026b6d57a3f51dc7ac4db0b4f6186d9cb330d4ee1160?s=96&d=mm&r=g\",\"caption\":\"Jefferson Sterfeno\"},\"sameAs\":[\"http:\/\/blogdobispo.com.br\"],\"url\":\"https:\/\/blogdobispo.com.br\/?author=1\"}]}<\/script>\n<!-- \/ Yoast SEO plugin. -->","yoast_head_json":{"title":"Sala de Acolhimento para fam\u00edlias Pcd estreia no Participa Natal - Blog do Bispo","robots":{"index":"index","follow":"follow","max-snippet":"max-snippet:-1","max-image-preview":"max-image-preview:large","max-video-preview":"max-video-preview:-1"},"canonical":"https:\/\/blogdobispo.com.br\/?p=1795","og_locale":"pt_BR","og_type":"article","og_title":"Sala de Acolhimento para fam\u00edlias Pcd estreia no Participa Natal - Blog do Bispo","og_description":"Um projeto lan\u00e7ado em maio e que j\u00e1 virou, inclusive, um projeto de lei &#8211; em tr\u00e2mite na C\u00e2mara Municipal de Natal (CMN) &#8211; a \u201cSala de Acolhimento\u201d &#8211; estar\u00e1 na terceira edi\u00e7\u00e3o do \u201cParticipa Natal\u201d de 2023, a\u00e7\u00e3o social que \u00e9 realizada nos bairros pelo Poder Executivo e parceiros. Al\u00e9m de todos os servi\u00e7os [&hellip;]","og_url":"https:\/\/blogdobispo.com.br\/?p=1795","og_site_name":"Blog do Bispo","article_published_time":"2023-09-20T00:18:51+00:00","og_image":[{"url":"https:\/\/blogdobispo.com.br\/wp-content\/uploads\/2023\/09\/3eff9310-c3be-4d2b-ad54-7249ec818969-1024x768.jpg","type":"","width":"","height":""}],"author":"Jefferson Sterfeno","twitter_card":"summary_large_image","twitter_misc":{"Escrito por":"Jefferson Sterfeno","Est. tempo de leitura":"2 minutos"},"schema":{"@context":"https:\/\/schema.org","@graph":[{"@type":"Article","@id":"https:\/\/blogdobispo.com.br\/?p=1795#article","isPartOf":{"@id":"https:\/\/blogdobispo.com.br\/?p=1795"},"author":{"name":"Jefferson Sterfeno","@id":"https:\/\/blogdobispo.com.br\/#\/schema\/person\/e2209cc0e6cea5c5233d033e997b373f"},"headline":"Sala de Acolhimento para fam\u00edlias Pcd estreia no Participa Natal","datePublished":"2023-09-20T00:18:51+00:00","mainEntityOfPage":{"@id":"https:\/\/blogdobispo.com.br\/?p=1795"},"wordCount":408,"commentCount":0,"publisher":{"@id":"https:\/\/blogdobispo.com.br\/#organization"},"image":{"@id":"https:\/\/blogdobispo.com.br\/?p=1795#primaryimage"},"thumbnailUrl":"https:\/\/blogdobispo.com.br\/wp-content\/uploads\/2023\/09\/3eff9310-c3be-4d2b-ad54-7249ec818969-1024x768.jpg","articleSection":["diversos"],"inLanguage":"pt-BR","potentialAction":[{"@type":"CommentAction","name":"Comment","target":["https:\/\/blogdobispo.com.br\/?p=1795#respond"]}]},{"@type":"WebPage","@id":"https:\/\/blogdobispo.com.br\/?p=1795","url":"https:\/\/blogdobispo.com.br\/?p=1795","name":"Sala de Acolhimento para fam\u00edlias Pcd estreia no Participa Natal - Blog do Bispo","isPartOf":{"@id":"https:\/\/blogdobispo.com.br\/#website"},"primaryImageOfPage":{"@id":"https:\/\/blogdobispo.com.br\/?p=1795#primaryimage"},"image":{"@id":"https:\/\/blogdobispo.com.br\/?p=1795#primaryimage"},"thumbnailUrl":"https:\/\/blogdobispo.com.br\/wp-content\/uploads\/2023\/09\/3eff9310-c3be-4d2b-ad54-7249ec818969-1024x768.jpg","datePublished":"2023-09-20T00:18:51+00:00","breadcrumb":{"@id":"https:\/\/blogdobispo.com.br\/?p=1795#breadcrumb"},"inLanguage":"pt-BR","potentialAction":[{"@type":"ReadAction","target":["https:\/\/blogdobispo.com.br\/?p=1795"]}]},{"@type":"ImageObject","inLanguage":"pt-BR","@id":"https:\/\/blogdobispo.com.br\/?p=1795#primaryimage","url":"https:\/\/blogdobispo.com.br\/wp-content\/uploads\/2023\/09\/3eff9310-c3be-4d2b-ad54-7249ec818969-1024x768.jpg","contentUrl":"https:\/\/blogdobispo.com.br\/wp-content\/uploads\/2023\/09\/3eff9310-c3be-4d2b-ad54-7249ec818969-1024x768.jpg"},{"@type":"BreadcrumbList","@id":"https:\/\/blogdobispo.com.br\/?p=1795#breadcrumb","itemListElement":[{"@type":"ListItem","position":1,"name":"In\u00edcio","item":"https:\/\/blogdobispo.com.br\/"},{"@type":"ListItem","position":2,"name":"Sala de Acolhimento para fam\u00edlias Pcd estreia no Participa Natal"}]},{"@type":"WebSite","@id":"https:\/\/blogdobispo.com.br\/#website","url":"https:\/\/blogdobispo.com.br\/","name":"Blog do Bispo","description":"Comprometido apenas com o leitor","publisher":{"@id":"https:\/\/blogdobispo.com.br\/#organization"},"potentialAction":[{"@type":"SearchAction","target":{"@type":"EntryPoint","urlTemplate":"https:\/\/blogdobispo.com.br\/?s={search_term_string}"},"query-input":{"@type":"PropertyValueSpecification","valueRequired":true,"valueName":"search_term_string"}}],"inLanguage":"pt-BR"},{"@type":"Organization","@id":"https:\/\/blogdobispo.com.br\/#organization","name":"Blog do Bispo","url":"https:\/\/blogdobispo.com.br\/","logo":{"@type":"ImageObject","inLanguage":"pt-BR","@id":"https:\/\/blogdobispo.com.br\/#\/schema\/logo\/image\/","url":"http:\/\/blogdobispo.com.br\/wp-content\/uploads\/2023\/05\/cropped-headear.png","contentUrl":"http:\/\/blogdobispo.com.br\/wp-content\/uploads\/2023\/05\/cropped-headear.png","width":1500,"height":399,"caption":"Blog do Bispo"},"image":{"@id":"https:\/\/blogdobispo.com.br\/#\/schema\/logo\/image\/"}},{"@type":"Person","@id":"https:\/\/blogdobispo.com.br\/#\/schema\/person\/e2209cc0e6cea5c5233d033e997b373f","name":"Jefferson Sterfeno","image":{"@type":"ImageObject","inLanguage":"pt-BR","@id":"https:\/\/blogdobispo.com.br\/#\/schema\/person\/image\/","url":"https:\/\/secure.gravatar.com\/avatar\/0534e84764641168a677026b6d57a3f51dc7ac4db0b4f6186d9cb330d4ee1160?s=96&d=mm&r=g","contentUrl":"https:\/\/secure.gravatar.com\/avatar\/0534e84764641168a677026b6d57a3f51dc7ac4db0b4f6186d9cb330d4ee1160?s=96&d=mm&r=g","caption":"Jefferson Sterfeno"},"sameAs":["http:\/\/blogdobispo.com.br"],"url":"https:\/\/blogdobispo.com.br\/?author=1"}]}},"featured_image_urls":{"full":"","thumbnail":"","medium":"","medium_large":"","large":"","1536x1536":"","2048x2048":""},"author_info":{"display_name":"Jefferson Sterfeno","author_link":"https:\/\/blogdobispo.com.br\/?author=1"},"category_info":"<a href=\"https:\/\/blogdobispo.com.br\/?cat=1\" rel=\"category\">diversos<\/a>","tag_info":"diversos","comment_count":"0","jetpack_featured_media_url":"","jetpack_sharing_enabled":true,"_links":{"self":[{"href":"https:\/\/blogdobispo.com.br\/index.php?rest_route=\/wp\/v2\/posts\/1795","targetHints":{"allow":["GET"]}}],"collection":[{"href":"https:\/\/blogdobispo.com.br\/index.php?rest_route=\/wp\/v2\/posts"}],"about":[{"href":"https:\/\/blogdobispo.com.br\/index.php?rest_route=\/wp\/v2\/types\/post"}],"author":[{"embeddable":true,"href":"https:\/\/blogdobispo.com.br\/index.php?rest_route=\/wp\/v2\/users\/1"}],"replies":[{"embeddable":true,"href":"https:\/\/blogdobispo.com.br\/index.php?rest_route=%2Fwp%2Fv2%2Fcomments&post=1795"}],"version-history":[{"count":0,"href":"https:\/\/blogdobispo.com.br\/index.php?rest_route=\/wp\/v2\/posts\/1795\/revisions"}],"wp:attachment":[{"href":"https:\/\/blogdobispo.com.br\/index.php?rest_route=%2Fwp%2Fv2%2Fmedia&parent=1795"}],"wp:term":[{"taxonomy":"category","embeddable":true,"href":"https:\/\/blogdobispo.com.br\/index.php?rest_route=%2Fwp%2Fv2%2Fcategories&post=1795"},{"taxonomy":"post_tag","embeddable":true,"href":"https:\/\/blogdobispo.com.br\/index.php?rest_route=%2Fwp%2Fv2%2Ftags&post=1795"}],"curies":[{"name":"wp","href":"https:\/\/api.w.org\/{rel}","templated":true}]}}