{"id":17946,"date":"2025-09-25T17:19:57","date_gmt":"2025-09-25T17:19:57","guid":{"rendered":"https:\/\/blogdobispo.com.br\/?p=17946"},"modified":"2025-09-25T17:19:57","modified_gmt":"2025-09-25T17:19:57","slug":"com-proposicao-do-prefeito-paulinho-freire-festival-pingo-da-mei-dia-tradicional-em-mossoro-e-incluido-no-calendario-turistico-oficial","status":"publish","type":"post","link":"https:\/\/blogdobispo.com.br\/?p=17946","title":{"rendered":"Com proposi\u00e7\u00e3o do prefeito Paulinho Freire, Festival Pingo da Mei Dia, tradicional em Mossor\u00f3, \u00e9 inclu\u00eddo no calend\u00e1rio tur\u00edstico oficial"},"content":{"rendered":"<p><a class=\"external-link\" title=\"\" href=\"https:\/\/www.in.gov.br\/en\/web\/dou\/-\/lei-n-15.218-de-24-de-setembro-de-2025-658366152\" target=\"_blank\" rel=\"noopener\" data-tippreview-enabled=\"false\" data-tippreview-image=\"\" data-tippreview-title=\"\"><strong>Lei N\u00ba 15.218\/2025<\/strong><\/a>, que inclui no calend\u00e1rio tur\u00edstico oficial do pa\u00eds o Festival Pingo da Mei Dia, realizado todo m\u00eas de junho em Mossor\u00f3 (RN), foi publicada no Di\u00e1rio Oficial da Uni\u00e3o desta quinta-feira, 25 de setembro. A san\u00e7\u00e3o foi assinada pelo presidente em exerc\u00edcio e ministro de Desenvolvimento, Ind\u00fastria e Com\u00e9rcio, Geraldo Alckmin; e pela ministra da Cultura, Margareth Menezes.<\/p>\n<p>O festival \u00e9 dedicado \u00e0s tradi\u00e7\u00f5es locais, com dan\u00e7as, m\u00fasicas e pratos t\u00edpicos, e marca o in\u00edcio dos festejos juninos. O Pingo da Mei Dia \u00e9 um grande \u201cbloco junino\u201d que mistura elementos de carnaval e festa junina. Criado em 2009, re\u00fane trios el\u00e9tricos e forr\u00f3 tradicional e consolidou-se como uma das principais festas da cultura nordestina. Em 2024 e 2025, o festival recebeu uma m\u00e9dia de 240 mil pessoas, n\u00famero que refor\u00e7a o impacto significativo no turismo regional.<\/p>\n<p>Durante o evento, carros el\u00e9tricos embalados por artistas locais ou de renome nacional s\u00e3o seguidos por foli\u00f5es vestidos em trajes t\u00edpicos ao longo do corredor cultural, espa\u00e7o onde ocorre o Mossor\u00f3 Cidade Junina \u2014 maior festa no per\u00edodo junino do Rio Grande do Norte. A apropria\u00e7\u00e3o do espa\u00e7o p\u00fablico para a celebra\u00e7\u00e3o do Pingo da Mei Dia fomenta a participa\u00e7\u00e3o comunit\u00e1ria e o engajamento social.<\/p>\n<p class=\"callout\"><strong>DIVULGA\u00c7\u00c3O NACIONAL<\/strong>\u00a0\u2014 O objetivo da lei sancionada \u00e9 divulgar nacionalmente, por meio da inclus\u00e3o no\u00a0<strong><a class=\"external-link\" title=\"\" href=\"https:\/\/www.turismo.gov.br\/agenda-eventos\/views\/index.php\" target=\"_blank\" rel=\"noopener\" data-tippreview-enabled=\"false\" data-tippreview-image=\"\" data-tippreview-title=\"\">Calend\u00e1rio Tur\u00edstico Oficial do Pa\u00eds<\/a><\/strong>, o evento tradicional da cidade potiguar de Mossor\u00f3, que tem uma popula\u00e7\u00e3o de cerca de 300 mil habitantes e est\u00e1 a cerca de 280 quil\u00f4metros de Natal (RN).<\/p>\n","protected":false},"excerpt":{"rendered":"<p>Lei N\u00ba 15.218\/2025, que inclui no calend\u00e1rio tur\u00edstico oficial do pa\u00eds o Festival Pingo da Mei Dia, realizado todo m\u00eas de junho em Mossor\u00f3 (RN), foi publicada no Di\u00e1rio Oficial da Uni\u00e3o desta quinta-feira, 25 de setembro. A san\u00e7\u00e3o foi assinada pelo presidente em exerc\u00edcio e ministro de Desenvolvimento, Ind\u00fastria e Com\u00e9rcio, Geraldo Alckmin; e [&hellip;]<\/p>\n","protected":false},"author":3,"featured_media":17947,"comment_status":"open","ping_status":"open","sticky":false,"template":"","format":"standard","meta":{"cybocfi_hide_featured_image":"","_jetpack_memberships_contains_paid_content":false,"footnotes":""},"categories":[12],"tags":[],"class_list":["post-17946","post","type-post","status-publish","format-standard","has-post-thumbnail","hentry","category-cidadania"],"yoast_head":"<!-- This site is optimized with the Yoast SEO plugin v25.6 - https:\/\/yoast.com\/wordpress\/plugins\/seo\/ -->\n<title>Com proposi\u00e7\u00e3o do prefeito Paulinho Freire, Festival Pingo da Mei Dia, tradicional em Mossor\u00f3, \u00e9 inclu\u00eddo no calend\u00e1rio tur\u00edstico oficial - Blog do Bispo<\/title>\n<meta name=\"robots\" content=\"index, follow, max-snippet:-1, max-image-preview:large, max-video-preview:-1\" \/>\n<link rel=\"canonical\" href=\"https:\/\/blogdobispo.com.br\/?p=17946\" \/>\n<meta property=\"og:locale\" content=\"pt_BR\" \/>\n<meta property=\"og:type\" content=\"article\" \/>\n<meta property=\"og:title\" content=\"Com proposi\u00e7\u00e3o do prefeito Paulinho Freire, Festival Pingo da Mei Dia, tradicional em Mossor\u00f3, \u00e9 inclu\u00eddo no calend\u00e1rio tur\u00edstico oficial - Blog do Bispo\" \/>\n<meta property=\"og:description\" content=\"Lei N\u00ba 15.218\/2025, que inclui no calend\u00e1rio tur\u00edstico oficial do pa\u00eds o Festival Pingo da Mei Dia, realizado todo m\u00eas de junho em Mossor\u00f3 (RN), foi publicada no Di\u00e1rio Oficial da Uni\u00e3o desta quinta-feira, 25 de setembro. A san\u00e7\u00e3o foi assinada pelo presidente em exerc\u00edcio e ministro de Desenvolvimento, Ind\u00fastria e Com\u00e9rcio, Geraldo Alckmin; e [&hellip;]\" \/>\n<meta property=\"og:url\" content=\"https:\/\/blogdobispo.com.br\/?p=17946\" \/>\n<meta property=\"og:site_name\" content=\"Blog do Bispo\" \/>\n<meta property=\"article:published_time\" content=\"2025-09-25T17:19:57+00:00\" \/>\n<meta property=\"og:image\" content=\"http:\/\/blogdobispo.com.br\/wp-content\/uploads\/2025\/09\/a.jpg\" \/>\n\t<meta property=\"og:image:width\" content=\"631\" \/>\n\t<meta property=\"og:image:height\" content=\"425\" \/>\n\t<meta property=\"og:image:type\" content=\"image\/jpeg\" \/>\n<meta name=\"author\" content=\"Robson Trigueiro\" \/>\n<meta name=\"twitter:card\" content=\"summary_large_image\" \/>\n<meta name=\"twitter:label1\" content=\"Escrito por\" \/>\n\t<meta name=\"twitter:data1\" content=\"Robson Trigueiro\" \/>\n\t<meta name=\"twitter:label2\" content=\"Est. tempo de leitura\" \/>\n\t<meta name=\"twitter:data2\" content=\"2 minutos\" \/>\n<script type=\"application\/ld+json\" class=\"yoast-schema-graph\">{\"@context\":\"https:\/\/schema.org\",\"@graph\":[{\"@type\":\"Article\",\"@id\":\"https:\/\/blogdobispo.com.br\/?p=17946#article\",\"isPartOf\":{\"@id\":\"https:\/\/blogdobispo.com.br\/?p=17946\"},\"author\":{\"name\":\"Robson Trigueiro\",\"@id\":\"https:\/\/blogdobispo.com.br\/#\/schema\/person\/05abe7adb94767ba46bf757b4243d3e0\"},\"headline\":\"Com proposi\u00e7\u00e3o do prefeito Paulinho Freire, Festival Pingo da Mei Dia, tradicional em Mossor\u00f3, \u00e9 inclu\u00eddo no calend\u00e1rio tur\u00edstico oficial\",\"datePublished\":\"2025-09-25T17:19:57+00:00\",\"mainEntityOfPage\":{\"@id\":\"https:\/\/blogdobispo.com.br\/?p=17946\"},\"wordCount\":303,\"commentCount\":0,\"publisher\":{\"@id\":\"https:\/\/blogdobispo.com.br\/#organization\"},\"image\":{\"@id\":\"https:\/\/blogdobispo.com.br\/?p=17946#primaryimage\"},\"thumbnailUrl\":\"https:\/\/i0.wp.com\/blogdobispo.com.br\/wp-content\/uploads\/2025\/09\/a.jpg?fit=631%2C425&ssl=1\",\"articleSection\":[\"Cidadania\"],\"inLanguage\":\"pt-BR\",\"potentialAction\":[{\"@type\":\"CommentAction\",\"name\":\"Comment\",\"target\":[\"https:\/\/blogdobispo.com.br\/?p=17946#respond\"]}]},{\"@type\":\"WebPage\",\"@id\":\"https:\/\/blogdobispo.com.br\/?p=17946\",\"url\":\"https:\/\/blogdobispo.com.br\/?p=17946\",\"name\":\"Com proposi\u00e7\u00e3o do prefeito Paulinho Freire, Festival Pingo da Mei Dia, tradicional em Mossor\u00f3, \u00e9 inclu\u00eddo no calend\u00e1rio tur\u00edstico oficial - Blog do Bispo\",\"isPartOf\":{\"@id\":\"https:\/\/blogdobispo.com.br\/#website\"},\"primaryImageOfPage\":{\"@id\":\"https:\/\/blogdobispo.com.br\/?p=17946#primaryimage\"},\"image\":{\"@id\":\"https:\/\/blogdobispo.com.br\/?p=17946#primaryimage\"},\"thumbnailUrl\":\"https:\/\/i0.wp.com\/blogdobispo.com.br\/wp-content\/uploads\/2025\/09\/a.jpg?fit=631%2C425&ssl=1\",\"datePublished\":\"2025-09-25T17:19:57+00:00\",\"breadcrumb\":{\"@id\":\"https:\/\/blogdobispo.com.br\/?p=17946#breadcrumb\"},\"inLanguage\":\"pt-BR\",\"potentialAction\":[{\"@type\":\"ReadAction\",\"target\":[\"https:\/\/blogdobispo.com.br\/?p=17946\"]}]},{\"@type\":\"ImageObject\",\"inLanguage\":\"pt-BR\",\"@id\":\"https:\/\/blogdobispo.com.br\/?p=17946#primaryimage\",\"url\":\"https:\/\/i0.wp.com\/blogdobispo.com.br\/wp-content\/uploads\/2025\/09\/a.jpg?fit=631%2C425&ssl=1\",\"contentUrl\":\"https:\/\/i0.wp.com\/blogdobispo.com.br\/wp-content\/uploads\/2025\/09\/a.jpg?fit=631%2C425&ssl=1\",\"width\":631,\"height\":425},{\"@type\":\"BreadcrumbList\",\"@id\":\"https:\/\/blogdobispo.com.br\/?p=17946#breadcrumb\",\"itemListElement\":[{\"@type\":\"ListItem\",\"position\":1,\"name\":\"In\u00edcio\",\"item\":\"https:\/\/blogdobispo.com.br\/\"},{\"@type\":\"ListItem\",\"position\":2,\"name\":\"Com proposi\u00e7\u00e3o do prefeito Paulinho Freire, Festival Pingo da Mei Dia, tradicional em Mossor\u00f3, \u00e9 inclu\u00eddo no calend\u00e1rio tur\u00edstico oficial\"}]},{\"@type\":\"WebSite\",\"@id\":\"https:\/\/blogdobispo.com.br\/#website\",\"url\":\"https:\/\/blogdobispo.com.br\/\",\"name\":\"Blog do Bispo\",\"description\":\"Comprometido apenas com o leitor\",\"publisher\":{\"@id\":\"https:\/\/blogdobispo.com.br\/#organization\"},\"potentialAction\":[{\"@type\":\"SearchAction\",\"target\":{\"@type\":\"EntryPoint\",\"urlTemplate\":\"https:\/\/blogdobispo.com.br\/?s={search_term_string}\"},\"query-input\":{\"@type\":\"PropertyValueSpecification\",\"valueRequired\":true,\"valueName\":\"search_term_string\"}}],\"inLanguage\":\"pt-BR\"},{\"@type\":\"Organization\",\"@id\":\"https:\/\/blogdobispo.com.br\/#organization\",\"name\":\"Blog do Bispo\",\"url\":\"https:\/\/blogdobispo.com.br\/\",\"logo\":{\"@type\":\"ImageObject\",\"inLanguage\":\"pt-BR\",\"@id\":\"https:\/\/blogdobispo.com.br\/#\/schema\/logo\/image\/\",\"url\":\"http:\/\/blogdobispo.com.br\/wp-content\/uploads\/2023\/05\/cropped-headear.png\",\"contentUrl\":\"http:\/\/blogdobispo.com.br\/wp-content\/uploads\/2023\/05\/cropped-headear.png\",\"width\":1500,\"height\":399,\"caption\":\"Blog do Bispo\"},\"image\":{\"@id\":\"https:\/\/blogdobispo.com.br\/#\/schema\/logo\/image\/\"}},{\"@type\":\"Person\",\"@id\":\"https:\/\/blogdobispo.com.br\/#\/schema\/person\/05abe7adb94767ba46bf757b4243d3e0\",\"name\":\"Robson Trigueiro\",\"image\":{\"@type\":\"ImageObject\",\"inLanguage\":\"pt-BR\",\"@id\":\"https:\/\/blogdobispo.com.br\/#\/schema\/person\/image\/\",\"url\":\"https:\/\/secure.gravatar.com\/avatar\/b71c79ed1dcbb23d15e3cd8224dbfbd99da477df155b3e777061e3a006422418?s=96&d=mm&r=g\",\"contentUrl\":\"https:\/\/secure.gravatar.com\/avatar\/b71c79ed1dcbb23d15e3cd8224dbfbd99da477df155b3e777061e3a006422418?s=96&d=mm&r=g\",\"caption\":\"Robson Trigueiro\"},\"url\":\"https:\/\/blogdobispo.com.br\/?author=3\"}]}<\/script>\n<!-- \/ Yoast SEO plugin. -->","yoast_head_json":{"title":"Com proposi\u00e7\u00e3o do prefeito Paulinho Freire, Festival Pingo da Mei Dia, tradicional em Mossor\u00f3, \u00e9 inclu\u00eddo no calend\u00e1rio tur\u00edstico oficial - Blog do Bispo","robots":{"index":"index","follow":"follow","max-snippet":"max-snippet:-1","max-image-preview":"max-image-preview:large","max-video-preview":"max-video-preview:-1"},"canonical":"https:\/\/blogdobispo.com.br\/?p=17946","og_locale":"pt_BR","og_type":"article","og_title":"Com proposi\u00e7\u00e3o do prefeito Paulinho Freire, Festival Pingo da Mei Dia, tradicional em Mossor\u00f3, \u00e9 inclu\u00eddo no calend\u00e1rio tur\u00edstico oficial - Blog do Bispo","og_description":"Lei N\u00ba 15.218\/2025, que inclui no calend\u00e1rio tur\u00edstico oficial do pa\u00eds o Festival Pingo da Mei Dia, realizado todo m\u00eas de junho em Mossor\u00f3 (RN), foi publicada no Di\u00e1rio Oficial da Uni\u00e3o desta quinta-feira, 25 de setembro. A san\u00e7\u00e3o foi assinada pelo presidente em exerc\u00edcio e ministro de Desenvolvimento, Ind\u00fastria e Com\u00e9rcio, Geraldo Alckmin; e [&hellip;]","og_url":"https:\/\/blogdobispo.com.br\/?p=17946","og_site_name":"Blog do Bispo","article_published_time":"2025-09-25T17:19:57+00:00","og_image":[{"width":631,"height":425,"url":"http:\/\/blogdobispo.com.br\/wp-content\/uploads\/2025\/09\/a.jpg","type":"image\/jpeg"}],"author":"Robson Trigueiro","twitter_card":"summary_large_image","twitter_misc":{"Escrito por":"Robson Trigueiro","Est. tempo de leitura":"2 minutos"},"schema":{"@context":"https:\/\/schema.org","@graph":[{"@type":"Article","@id":"https:\/\/blogdobispo.com.br\/?p=17946#article","isPartOf":{"@id":"https:\/\/blogdobispo.com.br\/?p=17946"},"author":{"name":"Robson Trigueiro","@id":"https:\/\/blogdobispo.com.br\/#\/schema\/person\/05abe7adb94767ba46bf757b4243d3e0"},"headline":"Com proposi\u00e7\u00e3o do prefeito Paulinho Freire, Festival Pingo da Mei Dia, tradicional em Mossor\u00f3, \u00e9 inclu\u00eddo no calend\u00e1rio tur\u00edstico oficial","datePublished":"2025-09-25T17:19:57+00:00","mainEntityOfPage":{"@id":"https:\/\/blogdobispo.com.br\/?p=17946"},"wordCount":303,"commentCount":0,"publisher":{"@id":"https:\/\/blogdobispo.com.br\/#organization"},"image":{"@id":"https:\/\/blogdobispo.com.br\/?p=17946#primaryimage"},"thumbnailUrl":"https:\/\/i0.wp.com\/blogdobispo.com.br\/wp-content\/uploads\/2025\/09\/a.jpg?fit=631%2C425&ssl=1","articleSection":["Cidadania"],"inLanguage":"pt-BR","potentialAction":[{"@type":"CommentAction","name":"Comment","target":["https:\/\/blogdobispo.com.br\/?p=17946#respond"]}]},{"@type":"WebPage","@id":"https:\/\/blogdobispo.com.br\/?p=17946","url":"https:\/\/blogdobispo.com.br\/?p=17946","name":"Com proposi\u00e7\u00e3o do prefeito Paulinho Freire, Festival Pingo da Mei Dia, tradicional em Mossor\u00f3, \u00e9 inclu\u00eddo no calend\u00e1rio tur\u00edstico oficial - Blog do Bispo","isPartOf":{"@id":"https:\/\/blogdobispo.com.br\/#website"},"primaryImageOfPage":{"@id":"https:\/\/blogdobispo.com.br\/?p=17946#primaryimage"},"image":{"@id":"https:\/\/blogdobispo.com.br\/?p=17946#primaryimage"},"thumbnailUrl":"https:\/\/i0.wp.com\/blogdobispo.com.br\/wp-content\/uploads\/2025\/09\/a.jpg?fit=631%2C425&ssl=1","datePublished":"2025-09-25T17:19:57+00:00","breadcrumb":{"@id":"https:\/\/blogdobispo.com.br\/?p=17946#breadcrumb"},"inLanguage":"pt-BR","potentialAction":[{"@type":"ReadAction","target":["https:\/\/blogdobispo.com.br\/?p=17946"]}]},{"@type":"ImageObject","inLanguage":"pt-BR","@id":"https:\/\/blogdobispo.com.br\/?p=17946#primaryimage","url":"https:\/\/i0.wp.com\/blogdobispo.com.br\/wp-content\/uploads\/2025\/09\/a.jpg?fit=631%2C425&ssl=1","contentUrl":"https:\/\/i0.wp.com\/blogdobispo.com.br\/wp-content\/uploads\/2025\/09\/a.jpg?fit=631%2C425&ssl=1","width":631,"height":425},{"@type":"BreadcrumbList","@id":"https:\/\/blogdobispo.com.br\/?p=17946#breadcrumb","itemListElement":[{"@type":"ListItem","position":1,"name":"In\u00edcio","item":"https:\/\/blogdobispo.com.br\/"},{"@type":"ListItem","position":2,"name":"Com proposi\u00e7\u00e3o do prefeito Paulinho Freire, Festival Pingo da Mei Dia, tradicional em Mossor\u00f3, \u00e9 inclu\u00eddo no calend\u00e1rio tur\u00edstico oficial"}]},{"@type":"WebSite","@id":"https:\/\/blogdobispo.com.br\/#website","url":"https:\/\/blogdobispo.com.br\/","name":"Blog do Bispo","description":"Comprometido apenas com o leitor","publisher":{"@id":"https:\/\/blogdobispo.com.br\/#organization"},"potentialAction":[{"@type":"SearchAction","target":{"@type":"EntryPoint","urlTemplate":"https:\/\/blogdobispo.com.br\/?s={search_term_string}"},"query-input":{"@type":"PropertyValueSpecification","valueRequired":true,"valueName":"search_term_string"}}],"inLanguage":"pt-BR"},{"@type":"Organization","@id":"https:\/\/blogdobispo.com.br\/#organization","name":"Blog do Bispo","url":"https:\/\/blogdobispo.com.br\/","logo":{"@type":"ImageObject","inLanguage":"pt-BR","@id":"https:\/\/blogdobispo.com.br\/#\/schema\/logo\/image\/","url":"http:\/\/blogdobispo.com.br\/wp-content\/uploads\/2023\/05\/cropped-headear.png","contentUrl":"http:\/\/blogdobispo.com.br\/wp-content\/uploads\/2023\/05\/cropped-headear.png","width":1500,"height":399,"caption":"Blog do Bispo"},"image":{"@id":"https:\/\/blogdobispo.com.br\/#\/schema\/logo\/image\/"}},{"@type":"Person","@id":"https:\/\/blogdobispo.com.br\/#\/schema\/person\/05abe7adb94767ba46bf757b4243d3e0","name":"Robson Trigueiro","image":{"@type":"ImageObject","inLanguage":"pt-BR","@id":"https:\/\/blogdobispo.com.br\/#\/schema\/person\/image\/","url":"https:\/\/secure.gravatar.com\/avatar\/b71c79ed1dcbb23d15e3cd8224dbfbd99da477df155b3e777061e3a006422418?s=96&d=mm&r=g","contentUrl":"https:\/\/secure.gravatar.com\/avatar\/b71c79ed1dcbb23d15e3cd8224dbfbd99da477df155b3e777061e3a006422418?s=96&d=mm&r=g","caption":"Robson Trigueiro"},"url":"https:\/\/blogdobispo.com.br\/?author=3"}]}},"featured_image_urls":{"full":["https:\/\/i0.wp.com\/blogdobispo.com.br\/wp-content\/uploads\/2025\/09\/a.jpg?fit=631%2C425&ssl=1",631,425,false],"thumbnail":["https:\/\/i0.wp.com\/blogdobispo.com.br\/wp-content\/uploads\/2025\/09\/a.jpg?resize=150%2C150&ssl=1",150,150,true],"medium":["https:\/\/i0.wp.com\/blogdobispo.com.br\/wp-content\/uploads\/2025\/09\/a.jpg?fit=300%2C202&ssl=1",300,202,true],"medium_large":["https:\/\/i0.wp.com\/blogdobispo.com.br\/wp-content\/uploads\/2025\/09\/a.jpg?fit=631%2C425&ssl=1",631,425,true],"large":["https:\/\/i0.wp.com\/blogdobispo.com.br\/wp-content\/uploads\/2025\/09\/a.jpg?fit=631%2C425&ssl=1",631,425,true],"1536x1536":["https:\/\/i0.wp.com\/blogdobispo.com.br\/wp-content\/uploads\/2025\/09\/a.jpg?fit=631%2C425&ssl=1",631,425,true],"2048x2048":["https:\/\/i0.wp.com\/blogdobispo.com.br\/wp-content\/uploads\/2025\/09\/a.jpg?fit=631%2C425&ssl=1",631,425,true]},"author_info":{"display_name":"Robson Trigueiro","author_link":"https:\/\/blogdobispo.com.br\/?author=3"},"category_info":"<a href=\"https:\/\/blogdobispo.com.br\/?cat=12\" rel=\"category\">Cidadania<\/a>","tag_info":"Cidadania","comment_count":"0","jetpack_featured_media_url":"https:\/\/i0.wp.com\/blogdobispo.com.br\/wp-content\/uploads\/2025\/09\/a.jpg?fit=631%2C425&ssl=1","jetpack_sharing_enabled":true,"_links":{"self":[{"href":"https:\/\/blogdobispo.com.br\/index.php?rest_route=\/wp\/v2\/posts\/17946","targetHints":{"allow":["GET"]}}],"collection":[{"href":"https:\/\/blogdobispo.com.br\/index.php?rest_route=\/wp\/v2\/posts"}],"about":[{"href":"https:\/\/blogdobispo.com.br\/index.php?rest_route=\/wp\/v2\/types\/post"}],"author":[{"embeddable":true,"href":"https:\/\/blogdobispo.com.br\/index.php?rest_route=\/wp\/v2\/users\/3"}],"replies":[{"embeddable":true,"href":"https:\/\/blogdobispo.com.br\/index.php?rest_route=%2Fwp%2Fv2%2Fcomments&post=17946"}],"version-history":[{"count":1,"href":"https:\/\/blogdobispo.com.br\/index.php?rest_route=\/wp\/v2\/posts\/17946\/revisions"}],"predecessor-version":[{"id":17948,"href":"https:\/\/blogdobispo.com.br\/index.php?rest_route=\/wp\/v2\/posts\/17946\/revisions\/17948"}],"wp:featuredmedia":[{"embeddable":true,"href":"https:\/\/blogdobispo.com.br\/index.php?rest_route=\/wp\/v2\/media\/17947"}],"wp:attachment":[{"href":"https:\/\/blogdobispo.com.br\/index.php?rest_route=%2Fwp%2Fv2%2Fmedia&parent=17946"}],"wp:term":[{"taxonomy":"category","embeddable":true,"href":"https:\/\/blogdobispo.com.br\/index.php?rest_route=%2Fwp%2Fv2%2Fcategories&post=17946"},{"taxonomy":"post_tag","embeddable":true,"href":"https:\/\/blogdobispo.com.br\/index.php?rest_route=%2Fwp%2Fv2%2Ftags&post=17946"}],"curies":[{"name":"wp","href":"https:\/\/api.w.org\/{rel}","templated":true}]}}