{"id":17943,"date":"2025-09-25T16:59:42","date_gmt":"2025-09-25T16:59:42","guid":{"rendered":"https:\/\/blogdobispo.com.br\/?p=17943"},"modified":"2025-09-25T16:59:42","modified_gmt":"2025-09-25T16:59:42","slug":"roda-de-conversa-com-escritor-ciro-pedroza-enaltece-historia-do-bairro-das-rocas","status":"publish","type":"post","link":"https:\/\/blogdobispo.com.br\/?p=17943","title":{"rendered":"Roda de conversa com escritor Ciro Pedroza enaltece hist\u00f3ria do bairro das Rocas"},"content":{"rendered":"<p>Dentro da programa\u00e7\u00e3o do anivers\u00e1rio do bairro das Rocas, em Natal, a manh\u00e3 desta quinta-feira (25) foi marcada por um encontro cultural e educativo na Pra\u00e7a Irm\u00e3 Vit\u00f3ria. O evento reuniu estudantes da Escola Municipal Henrique Castriciano, moradores da comunidade e lideran\u00e7as locais em uma roda de conversa com o jornalista e escritor Ciro Pedroza, autor do livro \u201cUma Hist\u00f3ria das Rocas\u201d.<\/p>\n<p>A atividade foi uma realiza\u00e7\u00e3o do mandato do deputado estadual Ubaldo Fernandes, em parceria com os vereadores Herberth Sena e Eribaldo Medeiros. No bate-papo, Ciro Pedroza resgatou passagens importantes da forma\u00e7\u00e3o da comunidade pesqueira, a origem do nome \u201cRocas\u201d e figuras ilustres da regi\u00e3o, como o presidente Jo\u00e3o Caf\u00e9 Filho, al\u00e9m de atletas e personalidades conhecidas como os \u201ccanguleiros\u201d que marcaram \u00e9poca.<\/p>\n<p>Al\u00e9m de ouvir hist\u00f3rias e reflex\u00f5es sobre o passado e a identidade do bairro, os participantes tiveram a oportunidade de interagir diretamente com o escritor. Aqueles que se dispuseram a responder perguntas receberam exemplares da obra de Ciro Pedroza, fortalecendo o v\u00ednculo da popula\u00e7\u00e3o com a mem\u00f3ria local.<\/p>\n<p>Para o deputado Ubaldo Fernandes, a atividade refor\u00e7a o papel da cultura e da educa\u00e7\u00e3o como instrumentos de valoriza\u00e7\u00e3o da comunidade:\u201cAs Rocas t\u00eam uma hist\u00f3ria riqu\u00edssima que merece ser contada e preservada. Reunir alunos e moradores para ouvir e dialogar sobre nossas origens \u00e9 uma forma de fortalecer o sentimento de pertencimento e projetar um futuro ainda mais digno para o bairro\u201d.<\/p>\n<p>O vereador Eribaldo Medeiros ressaltou a import\u00e2ncia da juventude estar presente no debate:\u201cTrazer os estudantes para esse momento \u00e9 fundamental. \u00c9 na sala de aula e tamb\u00e9m em atividades como esta que se forma a consci\u00eancia de pertencimento e de orgulho de ser das Rocas\u201d.<\/p>\n<p>J\u00e1 o vereador Herberth Sena enfatizou o simbolismo da data e a valoriza\u00e7\u00e3o da mem\u00f3ria coletiva: \u201cA hist\u00f3ria do nosso bairro \u00e9 motivo de celebra\u00e7\u00e3o e precisa ser passada de gera\u00e7\u00e3o em gera\u00e7\u00e3o. Essa roda de conversa refor\u00e7a a identidade cultural das Rocas e nos inspira a lutar pelo seu futuro\u201d, disse.<\/p>\n<p>Por sua vez, o escritor Ciro Pedroza destacou a receptividade da comunidade:\u201cContar a hist\u00f3ria das Rocas aqui, no cora\u00e7\u00e3o do bairro, \u00e9 uma experi\u00eancia \u00fanica. \u00c9 emocionante ver o interesse dos jovens e moradores em conhecer e valorizar suas ra\u00edzes\u201d.<\/p>\n","protected":false},"excerpt":{"rendered":"<p>Dentro da programa\u00e7\u00e3o do anivers\u00e1rio do bairro das Rocas, em Natal, a manh\u00e3 desta quinta-feira (25) foi marcada por um encontro cultural e educativo na Pra\u00e7a Irm\u00e3 Vit\u00f3ria. O evento reuniu estudantes da Escola Municipal Henrique Castriciano, moradores da comunidade e lideran\u00e7as locais em uma roda de conversa com o jornalista e escritor Ciro Pedroza, [&hellip;]<\/p>\n","protected":false},"author":3,"featured_media":17944,"comment_status":"open","ping_status":"open","sticky":false,"template":"","format":"standard","meta":{"cybocfi_hide_featured_image":"","_jetpack_memberships_contains_paid_content":false,"footnotes":""},"categories":[12],"tags":[],"class_list":["post-17943","post","type-post","status-publish","format-standard","has-post-thumbnail","hentry","category-cidadania"],"yoast_head":"<!-- This site is optimized with the Yoast SEO plugin v25.6 - https:\/\/yoast.com\/wordpress\/plugins\/seo\/ -->\n<title>Roda de conversa com escritor Ciro Pedroza enaltece hist\u00f3ria do bairro das Rocas - Blog do Bispo<\/title>\n<meta name=\"robots\" content=\"index, follow, max-snippet:-1, max-image-preview:large, max-video-preview:-1\" \/>\n<link rel=\"canonical\" href=\"https:\/\/blogdobispo.com.br\/?p=17943\" \/>\n<meta property=\"og:locale\" content=\"pt_BR\" \/>\n<meta property=\"og:type\" content=\"article\" \/>\n<meta property=\"og:title\" content=\"Roda de conversa com escritor Ciro Pedroza enaltece hist\u00f3ria do bairro das Rocas - Blog do Bispo\" \/>\n<meta property=\"og:description\" content=\"Dentro da programa\u00e7\u00e3o do anivers\u00e1rio do bairro das Rocas, em Natal, a manh\u00e3 desta quinta-feira (25) foi marcada por um encontro cultural e educativo na Pra\u00e7a Irm\u00e3 Vit\u00f3ria. O evento reuniu estudantes da Escola Municipal Henrique Castriciano, moradores da comunidade e lideran\u00e7as locais em uma roda de conversa com o jornalista e escritor Ciro Pedroza, [&hellip;]\" \/>\n<meta property=\"og:url\" content=\"https:\/\/blogdobispo.com.br\/?p=17943\" \/>\n<meta property=\"og:site_name\" content=\"Blog do Bispo\" \/>\n<meta property=\"article:published_time\" content=\"2025-09-25T16:59:42+00:00\" \/>\n<meta property=\"og:image\" content=\"http:\/\/blogdobispo.com.br\/wp-content\/uploads\/2025\/09\/WhatsApp-Image-2025-09-25-at-12.42.15.jpeg\" \/>\n\t<meta property=\"og:image:width\" content=\"1280\" \/>\n\t<meta property=\"og:image:height\" content=\"960\" \/>\n\t<meta property=\"og:image:type\" content=\"image\/jpeg\" \/>\n<meta name=\"author\" content=\"Robson Trigueiro\" \/>\n<meta name=\"twitter:card\" content=\"summary_large_image\" \/>\n<meta name=\"twitter:label1\" content=\"Escrito por\" \/>\n\t<meta name=\"twitter:data1\" content=\"Robson Trigueiro\" \/>\n\t<meta name=\"twitter:label2\" content=\"Est. tempo de leitura\" \/>\n\t<meta name=\"twitter:data2\" content=\"3 minutos\" \/>\n<script type=\"application\/ld+json\" class=\"yoast-schema-graph\">{\"@context\":\"https:\/\/schema.org\",\"@graph\":[{\"@type\":\"Article\",\"@id\":\"https:\/\/blogdobispo.com.br\/?p=17943#article\",\"isPartOf\":{\"@id\":\"https:\/\/blogdobispo.com.br\/?p=17943\"},\"author\":{\"name\":\"Robson Trigueiro\",\"@id\":\"https:\/\/blogdobispo.com.br\/#\/schema\/person\/05abe7adb94767ba46bf757b4243d3e0\"},\"headline\":\"Roda de conversa com escritor Ciro Pedroza enaltece hist\u00f3ria do bairro das Rocas\",\"datePublished\":\"2025-09-25T16:59:42+00:00\",\"mainEntityOfPage\":{\"@id\":\"https:\/\/blogdobispo.com.br\/?p=17943\"},\"wordCount\":418,\"commentCount\":0,\"publisher\":{\"@id\":\"https:\/\/blogdobispo.com.br\/#organization\"},\"image\":{\"@id\":\"https:\/\/blogdobispo.com.br\/?p=17943#primaryimage\"},\"thumbnailUrl\":\"https:\/\/i0.wp.com\/blogdobispo.com.br\/wp-content\/uploads\/2025\/09\/WhatsApp-Image-2025-09-25-at-12.42.15.jpeg?fit=1280%2C960&ssl=1\",\"articleSection\":[\"Cidadania\"],\"inLanguage\":\"pt-BR\",\"potentialAction\":[{\"@type\":\"CommentAction\",\"name\":\"Comment\",\"target\":[\"https:\/\/blogdobispo.com.br\/?p=17943#respond\"]}]},{\"@type\":\"WebPage\",\"@id\":\"https:\/\/blogdobispo.com.br\/?p=17943\",\"url\":\"https:\/\/blogdobispo.com.br\/?p=17943\",\"name\":\"Roda de conversa com escritor Ciro Pedroza enaltece hist\u00f3ria do bairro das Rocas - Blog do Bispo\",\"isPartOf\":{\"@id\":\"https:\/\/blogdobispo.com.br\/#website\"},\"primaryImageOfPage\":{\"@id\":\"https:\/\/blogdobispo.com.br\/?p=17943#primaryimage\"},\"image\":{\"@id\":\"https:\/\/blogdobispo.com.br\/?p=17943#primaryimage\"},\"thumbnailUrl\":\"https:\/\/i0.wp.com\/blogdobispo.com.br\/wp-content\/uploads\/2025\/09\/WhatsApp-Image-2025-09-25-at-12.42.15.jpeg?fit=1280%2C960&ssl=1\",\"datePublished\":\"2025-09-25T16:59:42+00:00\",\"breadcrumb\":{\"@id\":\"https:\/\/blogdobispo.com.br\/?p=17943#breadcrumb\"},\"inLanguage\":\"pt-BR\",\"potentialAction\":[{\"@type\":\"ReadAction\",\"target\":[\"https:\/\/blogdobispo.com.br\/?p=17943\"]}]},{\"@type\":\"ImageObject\",\"inLanguage\":\"pt-BR\",\"@id\":\"https:\/\/blogdobispo.com.br\/?p=17943#primaryimage\",\"url\":\"https:\/\/i0.wp.com\/blogdobispo.com.br\/wp-content\/uploads\/2025\/09\/WhatsApp-Image-2025-09-25-at-12.42.15.jpeg?fit=1280%2C960&ssl=1\",\"contentUrl\":\"https:\/\/i0.wp.com\/blogdobispo.com.br\/wp-content\/uploads\/2025\/09\/WhatsApp-Image-2025-09-25-at-12.42.15.jpeg?fit=1280%2C960&ssl=1\",\"width\":1280,\"height\":960},{\"@type\":\"BreadcrumbList\",\"@id\":\"https:\/\/blogdobispo.com.br\/?p=17943#breadcrumb\",\"itemListElement\":[{\"@type\":\"ListItem\",\"position\":1,\"name\":\"In\u00edcio\",\"item\":\"https:\/\/blogdobispo.com.br\/\"},{\"@type\":\"ListItem\",\"position\":2,\"name\":\"Roda de conversa com escritor Ciro Pedroza enaltece hist\u00f3ria do bairro das Rocas\"}]},{\"@type\":\"WebSite\",\"@id\":\"https:\/\/blogdobispo.com.br\/#website\",\"url\":\"https:\/\/blogdobispo.com.br\/\",\"name\":\"Blog do Bispo\",\"description\":\"Comprometido apenas com o leitor\",\"publisher\":{\"@id\":\"https:\/\/blogdobispo.com.br\/#organization\"},\"potentialAction\":[{\"@type\":\"SearchAction\",\"target\":{\"@type\":\"EntryPoint\",\"urlTemplate\":\"https:\/\/blogdobispo.com.br\/?s={search_term_string}\"},\"query-input\":{\"@type\":\"PropertyValueSpecification\",\"valueRequired\":true,\"valueName\":\"search_term_string\"}}],\"inLanguage\":\"pt-BR\"},{\"@type\":\"Organization\",\"@id\":\"https:\/\/blogdobispo.com.br\/#organization\",\"name\":\"Blog do Bispo\",\"url\":\"https:\/\/blogdobispo.com.br\/\",\"logo\":{\"@type\":\"ImageObject\",\"inLanguage\":\"pt-BR\",\"@id\":\"https:\/\/blogdobispo.com.br\/#\/schema\/logo\/image\/\",\"url\":\"http:\/\/blogdobispo.com.br\/wp-content\/uploads\/2023\/05\/cropped-headear.png\",\"contentUrl\":\"http:\/\/blogdobispo.com.br\/wp-content\/uploads\/2023\/05\/cropped-headear.png\",\"width\":1500,\"height\":399,\"caption\":\"Blog do Bispo\"},\"image\":{\"@id\":\"https:\/\/blogdobispo.com.br\/#\/schema\/logo\/image\/\"}},{\"@type\":\"Person\",\"@id\":\"https:\/\/blogdobispo.com.br\/#\/schema\/person\/05abe7adb94767ba46bf757b4243d3e0\",\"name\":\"Robson Trigueiro\",\"image\":{\"@type\":\"ImageObject\",\"inLanguage\":\"pt-BR\",\"@id\":\"https:\/\/blogdobispo.com.br\/#\/schema\/person\/image\/\",\"url\":\"https:\/\/secure.gravatar.com\/avatar\/b71c79ed1dcbb23d15e3cd8224dbfbd99da477df155b3e777061e3a006422418?s=96&d=mm&r=g\",\"contentUrl\":\"https:\/\/secure.gravatar.com\/avatar\/b71c79ed1dcbb23d15e3cd8224dbfbd99da477df155b3e777061e3a006422418?s=96&d=mm&r=g\",\"caption\":\"Robson Trigueiro\"},\"url\":\"https:\/\/blogdobispo.com.br\/?author=3\"}]}<\/script>\n<!-- \/ Yoast SEO plugin. -->","yoast_head_json":{"title":"Roda de conversa com escritor Ciro Pedroza enaltece hist\u00f3ria do bairro das Rocas - Blog do Bispo","robots":{"index":"index","follow":"follow","max-snippet":"max-snippet:-1","max-image-preview":"max-image-preview:large","max-video-preview":"max-video-preview:-1"},"canonical":"https:\/\/blogdobispo.com.br\/?p=17943","og_locale":"pt_BR","og_type":"article","og_title":"Roda de conversa com escritor Ciro Pedroza enaltece hist\u00f3ria do bairro das Rocas - Blog do Bispo","og_description":"Dentro da programa\u00e7\u00e3o do anivers\u00e1rio do bairro das Rocas, em Natal, a manh\u00e3 desta quinta-feira (25) foi marcada por um encontro cultural e educativo na Pra\u00e7a Irm\u00e3 Vit\u00f3ria. O evento reuniu estudantes da Escola Municipal Henrique Castriciano, moradores da comunidade e lideran\u00e7as locais em uma roda de conversa com o jornalista e escritor Ciro Pedroza, [&hellip;]","og_url":"https:\/\/blogdobispo.com.br\/?p=17943","og_site_name":"Blog do Bispo","article_published_time":"2025-09-25T16:59:42+00:00","og_image":[{"width":1280,"height":960,"url":"http:\/\/blogdobispo.com.br\/wp-content\/uploads\/2025\/09\/WhatsApp-Image-2025-09-25-at-12.42.15.jpeg","type":"image\/jpeg"}],"author":"Robson Trigueiro","twitter_card":"summary_large_image","twitter_misc":{"Escrito por":"Robson Trigueiro","Est. tempo de leitura":"3 minutos"},"schema":{"@context":"https:\/\/schema.org","@graph":[{"@type":"Article","@id":"https:\/\/blogdobispo.com.br\/?p=17943#article","isPartOf":{"@id":"https:\/\/blogdobispo.com.br\/?p=17943"},"author":{"name":"Robson Trigueiro","@id":"https:\/\/blogdobispo.com.br\/#\/schema\/person\/05abe7adb94767ba46bf757b4243d3e0"},"headline":"Roda de conversa com escritor Ciro Pedroza enaltece hist\u00f3ria do bairro das Rocas","datePublished":"2025-09-25T16:59:42+00:00","mainEntityOfPage":{"@id":"https:\/\/blogdobispo.com.br\/?p=17943"},"wordCount":418,"commentCount":0,"publisher":{"@id":"https:\/\/blogdobispo.com.br\/#organization"},"image":{"@id":"https:\/\/blogdobispo.com.br\/?p=17943#primaryimage"},"thumbnailUrl":"https:\/\/i0.wp.com\/blogdobispo.com.br\/wp-content\/uploads\/2025\/09\/WhatsApp-Image-2025-09-25-at-12.42.15.jpeg?fit=1280%2C960&ssl=1","articleSection":["Cidadania"],"inLanguage":"pt-BR","potentialAction":[{"@type":"CommentAction","name":"Comment","target":["https:\/\/blogdobispo.com.br\/?p=17943#respond"]}]},{"@type":"WebPage","@id":"https:\/\/blogdobispo.com.br\/?p=17943","url":"https:\/\/blogdobispo.com.br\/?p=17943","name":"Roda de conversa com escritor Ciro Pedroza enaltece hist\u00f3ria do bairro das Rocas - Blog do Bispo","isPartOf":{"@id":"https:\/\/blogdobispo.com.br\/#website"},"primaryImageOfPage":{"@id":"https:\/\/blogdobispo.com.br\/?p=17943#primaryimage"},"image":{"@id":"https:\/\/blogdobispo.com.br\/?p=17943#primaryimage"},"thumbnailUrl":"https:\/\/i0.wp.com\/blogdobispo.com.br\/wp-content\/uploads\/2025\/09\/WhatsApp-Image-2025-09-25-at-12.42.15.jpeg?fit=1280%2C960&ssl=1","datePublished":"2025-09-25T16:59:42+00:00","breadcrumb":{"@id":"https:\/\/blogdobispo.com.br\/?p=17943#breadcrumb"},"inLanguage":"pt-BR","potentialAction":[{"@type":"ReadAction","target":["https:\/\/blogdobispo.com.br\/?p=17943"]}]},{"@type":"ImageObject","inLanguage":"pt-BR","@id":"https:\/\/blogdobispo.com.br\/?p=17943#primaryimage","url":"https:\/\/i0.wp.com\/blogdobispo.com.br\/wp-content\/uploads\/2025\/09\/WhatsApp-Image-2025-09-25-at-12.42.15.jpeg?fit=1280%2C960&ssl=1","contentUrl":"https:\/\/i0.wp.com\/blogdobispo.com.br\/wp-content\/uploads\/2025\/09\/WhatsApp-Image-2025-09-25-at-12.42.15.jpeg?fit=1280%2C960&ssl=1","width":1280,"height":960},{"@type":"BreadcrumbList","@id":"https:\/\/blogdobispo.com.br\/?p=17943#breadcrumb","itemListElement":[{"@type":"ListItem","position":1,"name":"In\u00edcio","item":"https:\/\/blogdobispo.com.br\/"},{"@type":"ListItem","position":2,"name":"Roda de conversa com escritor Ciro Pedroza enaltece hist\u00f3ria do bairro das Rocas"}]},{"@type":"WebSite","@id":"https:\/\/blogdobispo.com.br\/#website","url":"https:\/\/blogdobispo.com.br\/","name":"Blog do Bispo","description":"Comprometido apenas com o leitor","publisher":{"@id":"https:\/\/blogdobispo.com.br\/#organization"},"potentialAction":[{"@type":"SearchAction","target":{"@type":"EntryPoint","urlTemplate":"https:\/\/blogdobispo.com.br\/?s={search_term_string}"},"query-input":{"@type":"PropertyValueSpecification","valueRequired":true,"valueName":"search_term_string"}}],"inLanguage":"pt-BR"},{"@type":"Organization","@id":"https:\/\/blogdobispo.com.br\/#organization","name":"Blog do Bispo","url":"https:\/\/blogdobispo.com.br\/","logo":{"@type":"ImageObject","inLanguage":"pt-BR","@id":"https:\/\/blogdobispo.com.br\/#\/schema\/logo\/image\/","url":"http:\/\/blogdobispo.com.br\/wp-content\/uploads\/2023\/05\/cropped-headear.png","contentUrl":"http:\/\/blogdobispo.com.br\/wp-content\/uploads\/2023\/05\/cropped-headear.png","width":1500,"height":399,"caption":"Blog do Bispo"},"image":{"@id":"https:\/\/blogdobispo.com.br\/#\/schema\/logo\/image\/"}},{"@type":"Person","@id":"https:\/\/blogdobispo.com.br\/#\/schema\/person\/05abe7adb94767ba46bf757b4243d3e0","name":"Robson Trigueiro","image":{"@type":"ImageObject","inLanguage":"pt-BR","@id":"https:\/\/blogdobispo.com.br\/#\/schema\/person\/image\/","url":"https:\/\/secure.gravatar.com\/avatar\/b71c79ed1dcbb23d15e3cd8224dbfbd99da477df155b3e777061e3a006422418?s=96&d=mm&r=g","contentUrl":"https:\/\/secure.gravatar.com\/avatar\/b71c79ed1dcbb23d15e3cd8224dbfbd99da477df155b3e777061e3a006422418?s=96&d=mm&r=g","caption":"Robson Trigueiro"},"url":"https:\/\/blogdobispo.com.br\/?author=3"}]}},"featured_image_urls":{"full":["https:\/\/i0.wp.com\/blogdobispo.com.br\/wp-content\/uploads\/2025\/09\/WhatsApp-Image-2025-09-25-at-12.42.15.jpeg?fit=1280%2C960&ssl=1",1280,960,false],"thumbnail":["https:\/\/i0.wp.com\/blogdobispo.com.br\/wp-content\/uploads\/2025\/09\/WhatsApp-Image-2025-09-25-at-12.42.15.jpeg?resize=150%2C150&ssl=1",150,150,true],"medium":["https:\/\/i0.wp.com\/blogdobispo.com.br\/wp-content\/uploads\/2025\/09\/WhatsApp-Image-2025-09-25-at-12.42.15.jpeg?fit=300%2C225&ssl=1",300,225,true],"medium_large":["https:\/\/i0.wp.com\/blogdobispo.com.br\/wp-content\/uploads\/2025\/09\/WhatsApp-Image-2025-09-25-at-12.42.15.jpeg?fit=768%2C576&ssl=1",768,576,true],"large":["https:\/\/i0.wp.com\/blogdobispo.com.br\/wp-content\/uploads\/2025\/09\/WhatsApp-Image-2025-09-25-at-12.42.15.jpeg?fit=800%2C600&ssl=1",800,600,true],"1536x1536":["https:\/\/i0.wp.com\/blogdobispo.com.br\/wp-content\/uploads\/2025\/09\/WhatsApp-Image-2025-09-25-at-12.42.15.jpeg?fit=1280%2C960&ssl=1",1280,960,true],"2048x2048":["https:\/\/i0.wp.com\/blogdobispo.com.br\/wp-content\/uploads\/2025\/09\/WhatsApp-Image-2025-09-25-at-12.42.15.jpeg?fit=1280%2C960&ssl=1",1280,960,true]},"author_info":{"display_name":"Robson Trigueiro","author_link":"https:\/\/blogdobispo.com.br\/?author=3"},"category_info":"<a href=\"https:\/\/blogdobispo.com.br\/?cat=12\" rel=\"category\">Cidadania<\/a>","tag_info":"Cidadania","comment_count":"0","jetpack_featured_media_url":"https:\/\/i0.wp.com\/blogdobispo.com.br\/wp-content\/uploads\/2025\/09\/WhatsApp-Image-2025-09-25-at-12.42.15.jpeg?fit=1280%2C960&ssl=1","jetpack_sharing_enabled":true,"_links":{"self":[{"href":"https:\/\/blogdobispo.com.br\/index.php?rest_route=\/wp\/v2\/posts\/17943","targetHints":{"allow":["GET"]}}],"collection":[{"href":"https:\/\/blogdobispo.com.br\/index.php?rest_route=\/wp\/v2\/posts"}],"about":[{"href":"https:\/\/blogdobispo.com.br\/index.php?rest_route=\/wp\/v2\/types\/post"}],"author":[{"embeddable":true,"href":"https:\/\/blogdobispo.com.br\/index.php?rest_route=\/wp\/v2\/users\/3"}],"replies":[{"embeddable":true,"href":"https:\/\/blogdobispo.com.br\/index.php?rest_route=%2Fwp%2Fv2%2Fcomments&post=17943"}],"version-history":[{"count":1,"href":"https:\/\/blogdobispo.com.br\/index.php?rest_route=\/wp\/v2\/posts\/17943\/revisions"}],"predecessor-version":[{"id":17945,"href":"https:\/\/blogdobispo.com.br\/index.php?rest_route=\/wp\/v2\/posts\/17943\/revisions\/17945"}],"wp:featuredmedia":[{"embeddable":true,"href":"https:\/\/blogdobispo.com.br\/index.php?rest_route=\/wp\/v2\/media\/17944"}],"wp:attachment":[{"href":"https:\/\/blogdobispo.com.br\/index.php?rest_route=%2Fwp%2Fv2%2Fmedia&parent=17943"}],"wp:term":[{"taxonomy":"category","embeddable":true,"href":"https:\/\/blogdobispo.com.br\/index.php?rest_route=%2Fwp%2Fv2%2Fcategories&post=17943"},{"taxonomy":"post_tag","embeddable":true,"href":"https:\/\/blogdobispo.com.br\/index.php?rest_route=%2Fwp%2Fv2%2Ftags&post=17943"}],"curies":[{"name":"wp","href":"https:\/\/api.w.org\/{rel}","templated":true}]}}