{"id":17940,"date":"2025-09-25T16:56:55","date_gmt":"2025-09-25T16:56:55","guid":{"rendered":"https:\/\/blogdobispo.com.br\/?p=17940"},"modified":"2025-10-06T17:16:22","modified_gmt":"2025-10-06T17:16:22","slug":"camara-aprova-em-segunda-discussao-projeto-que-reconhece-festa-de-nossa-senhora-aparecida-como-patrimonio-cultural-imaterial-de-natal","status":"publish","type":"post","link":"https:\/\/blogdobispo.com.br\/?p=17940","title":{"rendered":"Secretaria de Meio Ambiente disponibiliza n\u00famero para den\u00fancias"},"content":{"rendered":"<p><head><meta charset=\"UTF-8\"><\/head><\/p>\n<p style=\"padding: 0px; margin: 0px; font-weight: 400; box-sizing: border-box; font-family: Inter, monospace; caret-color: rgb(68, 68, 68); color: rgb(68, 68, 68); font-size: 18px; font-style: normal; font-variant-caps: normal; letter-spacing: normal; orphans: auto; text-align: justify; text-indent: 0px; text-transform: none; white-space: normal; widows: auto; word-spacing: 0px; -webkit-tap-highlight-color: rgba(26, 26, 26, 0.3); -webkit-text-size-adjust: auto; -webkit-text-stroke-width: 0px; text-decoration: none\"><span style=\"padding: 0px; margin: 0px; font-weight: unset; box-sizing: border-box; font-family: Inter, monospace\">A Prefeitura de Parnamirim, por meio da Secretaria Municipal de Meio Ambiente e Desenvolvimento Urbano (Semur), informa que a popula\u00e7\u00e3o pode realizar den\u00fancias atrav\u00e9s do telefone&nbsp;<\/span><span style=\"padding: 0px; margin: 0px; font-weight: unset; box-sizing: border-box; font-family: Inter, monospace\"><strong style=\"padding: 0px; margin: 0px; font-weight: 700; box-sizing: border-box; font-family: Inter, monospace\"><chrome_annotation role=\"link\" style=\"padding: 0px; margin: 0px; font-weight: unset; box-sizing: border-box; font-family: Inter, monospace; border-bottom-width: 1px; border-bottom-style: solid; pointer-events: none; border-bottom-color: rgb(68, 68, 68)\">(84) 97601-4407<\/chrome_annotation><\/strong><\/span><span style=\"padding: 0px; margin: 0px; font-weight: unset; box-sizing: border-box; font-family: Inter, monospace\">.<\/span><\/p>\n<p style=\"padding: 0px; margin: 0px; font-weight: 400; box-sizing: border-box; font-family: Inter, monospace; caret-color: rgb(68, 68, 68); color: rgb(68, 68, 68); font-size: 18px; font-style: normal; font-variant-caps: normal; letter-spacing: normal; orphans: auto; text-align: justify; text-indent: 0px; text-transform: none; white-space: normal; widows: auto; word-spacing: 0px; -webkit-tap-highlight-color: rgba(26, 26, 26, 0.3); -webkit-text-size-adjust: auto; -webkit-text-stroke-width: 0px; text-decoration: none\">&nbsp;<\/p>\n<p style=\"padding: 0px; margin: 0px; font-weight: 400; box-sizing: border-box; font-family: Inter, monospace; caret-color: rgb(68, 68, 68); color: rgb(68, 68, 68); font-size: 18px; font-style: normal; font-variant-caps: normal; letter-spacing: normal; orphans: auto; text-align: justify; text-indent: 0px; text-transform: none; white-space: normal; widows: auto; word-spacing: 0px; -webkit-tap-highlight-color: rgba(26, 26, 26, 0.3); -webkit-text-size-adjust: auto; -webkit-text-stroke-width: 0px; text-decoration: none\"><span style=\"padding: 0px; margin: 0px; font-weight: unset; box-sizing: border-box; font-family: Inter, monospace\">A secretaria tem registrado in\u00fameros casos e est\u00e1 fiscalizando, mas agora a popula\u00e7\u00e3o tem um canal aberto e exclusivo para realizar as den\u00fancias de forma r\u00e1pida, segura e sem exposi\u00e7\u00e3o. As den\u00fancias envolvem: polui\u00e7\u00e3o sonora (perturba\u00e7\u00e3o do sossego); constru\u00e7\u00e3o irregular; polui\u00e7\u00e3o visual; ocupa\u00e7\u00e3o irregular de \u00e1rea p\u00fablica; \u00e1gua servida; res\u00edduos s\u00f3lidos e desmatamento.&nbsp;<\/span><\/p>\n<p style=\"padding: 0px; margin: 0px; font-weight: 400; box-sizing: border-box; font-family: Inter, monospace; caret-color: rgb(68, 68, 68); color: rgb(68, 68, 68); font-size: 18px; font-style: normal; font-variant-caps: normal; letter-spacing: normal; orphans: auto; text-align: justify; text-indent: 0px; text-transform: none; white-space: normal; widows: auto; word-spacing: 0px; -webkit-tap-highlight-color: rgba(26, 26, 26, 0.3); -webkit-text-size-adjust: auto; -webkit-text-stroke-width: 0px; text-decoration: none\">&nbsp;<\/p>\n<p style=\"padding: 0px; margin: 0px; font-weight: 400; box-sizing: border-box; font-family: Inter, monospace; caret-color: rgb(68, 68, 68); color: rgb(68, 68, 68); font-size: 18px; font-style: normal; font-variant-caps: normal; letter-spacing: normal; orphans: auto; text-align: justify; text-indent: 0px; text-transform: none; white-space: normal; widows: auto; word-spacing: 0px; -webkit-tap-highlight-color: rgba(26, 26, 26, 0.3); -webkit-text-size-adjust: auto; -webkit-text-stroke-width: 0px; text-decoration: none\"><span style=\"padding: 0px; margin: 0px; font-weight: unset; box-sizing: border-box; font-family: Inter, monospace\">Com a devida fiscaliza\u00e7\u00e3o, a gest\u00e3o garante melhor qualidade de vida para a popula\u00e7\u00e3o e a ordem dos espa\u00e7os p\u00fablicos, al\u00e9m do bem-estar de toda a comunidade.<\/span><\/p>\n<p style=\"padding: 0px; margin: 0px; font-weight: 400; box-sizing: border-box; font-family: Inter, monospace; caret-color: rgb(68, 68, 68); color: rgb(68, 68, 68); font-size: 18px; font-style: normal; font-variant-caps: normal; letter-spacing: normal; orphans: auto; text-align: justify; text-indent: 0px; text-transform: none; white-space: normal; widows: auto; word-spacing: 0px; -webkit-tap-highlight-color: rgba(26, 26, 26, 0.3); -webkit-text-size-adjust: auto; -webkit-text-stroke-width: 0px; text-decoration: none\">&nbsp;<\/p>\n<p style=\"padding: 0px; margin: 0px; font-weight: 400; box-sizing: border-box; font-family: Inter, monospace; caret-color: rgb(68, 68, 68); color: rgb(68, 68, 68); font-size: 18px; font-style: normal; font-variant-caps: normal; letter-spacing: normal; orphans: auto; text-align: justify; text-indent: 0px; text-transform: none; white-space: normal; widows: auto; word-spacing: 0px; -webkit-tap-highlight-color: rgba(26, 26, 26, 0.3); -webkit-text-size-adjust: auto; -webkit-text-stroke-width: 0px; text-decoration: none\">&nbsp;<\/p>\n<p style=\"padding: 0px; margin: 0px; font-weight: 400; box-sizing: border-box; font-family: Inter, monospace; caret-color: rgb(68, 68, 68); color: rgb(68, 68, 68); font-size: 18px; font-style: normal; font-variant-caps: normal; letter-spacing: normal; orphans: auto; text-align: justify; text-indent: 0px; text-transform: none; white-space: normal; widows: auto; word-spacing: 0px; -webkit-tap-highlight-color: rgba(26, 26, 26, 0.3); -webkit-text-size-adjust: auto; -webkit-text-stroke-width: 0px; text-decoration: none\"><span style=\"padding: 0px; margin: 0px; font-weight: unset; box-sizing: border-box; font-family: Inter, monospace\">Assessoria de Comunica\u00e7\u00e3o da Prefeitura de Parnamirim &#8211; ASCOM<\/span><\/p>\n","protected":false},"excerpt":{"rendered":"<p>A Prefeitura de Parnamirim, por meio da Secretaria Municipal de Meio Ambiente e Desenvolvimento Urbano (Semur), informa que a popula\u00e7\u00e3o pode realizar den\u00fancias atrav\u00e9s do telefone&nbsp;(84) 97601-4407. &nbsp; A secretaria tem registrado in\u00fameros casos e est\u00e1 fiscalizando, mas agora a popula\u00e7\u00e3o tem um canal aberto e exclusivo para realizar as den\u00fancias de forma r\u00e1pida, segura [&hellip;]<\/p>\n","protected":false},"author":3,"featured_media":18020,"comment_status":"open","ping_status":"open","sticky":false,"template":"","format":"standard","meta":{"cybocfi_hide_featured_image":"","_jetpack_memberships_contains_paid_content":false,"footnotes":""},"categories":[12,3],"tags":[],"class_list":["post-17940","post","type-post","status-publish","format-standard","has-post-thumbnail","hentry","category-cidadania","category-politica"],"yoast_head":"<!-- This site is optimized with the Yoast SEO plugin v25.6 - https:\/\/yoast.com\/wordpress\/plugins\/seo\/ -->\n<title>Secretaria de Meio Ambiente disponibiliza n\u00famero para den\u00fancias - Blog do Bispo<\/title>\n<meta name=\"robots\" content=\"index, follow, max-snippet:-1, max-image-preview:large, max-video-preview:-1\" \/>\n<link rel=\"canonical\" href=\"https:\/\/blogdobispo.com.br\/?p=17940\" \/>\n<meta property=\"og:locale\" content=\"pt_BR\" \/>\n<meta property=\"og:type\" content=\"article\" \/>\n<meta property=\"og:title\" content=\"Secretaria de Meio Ambiente disponibiliza n\u00famero para den\u00fancias - Blog do Bispo\" \/>\n<meta property=\"og:description\" content=\"A Prefeitura de Parnamirim, por meio da Secretaria Municipal de Meio Ambiente e Desenvolvimento Urbano (Semur), informa que a popula\u00e7\u00e3o pode realizar den\u00fancias atrav\u00e9s do telefone&nbsp;(84) 97601-4407. &nbsp; A secretaria tem registrado in\u00fameros casos e est\u00e1 fiscalizando, mas agora a popula\u00e7\u00e3o tem um canal aberto e exclusivo para realizar as den\u00fancias de forma r\u00e1pida, segura [&hellip;]\" \/>\n<meta property=\"og:url\" content=\"https:\/\/blogdobispo.com.br\/?p=17940\" \/>\n<meta property=\"og:site_name\" content=\"Blog do Bispo\" \/>\n<meta property=\"article:published_time\" content=\"2025-09-25T16:56:55+00:00\" \/>\n<meta property=\"article:modified_time\" content=\"2025-10-06T17:16:22+00:00\" \/>\n<meta property=\"og:image\" content=\"https:\/\/i0.wp.com\/blogdobispo.com.br\/wp-content\/uploads\/2025\/09\/WhatsApp-Image-2025-09-25-at-12.42.14.jpeg?fit=1600%2C1326&ssl=1\" \/>\n\t<meta property=\"og:image:width\" content=\"1600\" \/>\n\t<meta property=\"og:image:height\" content=\"1326\" \/>\n\t<meta property=\"og:image:type\" content=\"image\/jpeg\" \/>\n<meta name=\"author\" content=\"Robson Trigueiro\" \/>\n<meta name=\"twitter:card\" content=\"summary_large_image\" \/>\n<meta name=\"twitter:label1\" content=\"Escrito por\" \/>\n\t<meta name=\"twitter:data1\" content=\"Robson Trigueiro\" \/>\n\t<meta name=\"twitter:label2\" content=\"Est. tempo de leitura\" \/>\n\t<meta name=\"twitter:data2\" content=\"2 minutos\" \/>\n<script type=\"application\/ld+json\" class=\"yoast-schema-graph\">{\"@context\":\"https:\/\/schema.org\",\"@graph\":[{\"@type\":\"Article\",\"@id\":\"https:\/\/blogdobispo.com.br\/?p=17940#article\",\"isPartOf\":{\"@id\":\"https:\/\/blogdobispo.com.br\/?p=17940\"},\"author\":{\"name\":\"Robson Trigueiro\",\"@id\":\"https:\/\/blogdobispo.com.br\/#\/schema\/person\/05abe7adb94767ba46bf757b4243d3e0\"},\"headline\":\"Secretaria de Meio Ambiente disponibiliza n\u00famero para den\u00fancias\",\"datePublished\":\"2025-09-25T16:56:55+00:00\",\"dateModified\":\"2025-10-06T17:16:22+00:00\",\"mainEntityOfPage\":{\"@id\":\"https:\/\/blogdobispo.com.br\/?p=17940\"},\"wordCount\":156,\"commentCount\":0,\"publisher\":{\"@id\":\"https:\/\/blogdobispo.com.br\/#organization\"},\"image\":{\"@id\":\"https:\/\/blogdobispo.com.br\/?p=17940#primaryimage\"},\"thumbnailUrl\":\"https:\/\/i0.wp.com\/blogdobispo.com.br\/wp-content\/uploads\/2025\/10\/img_7065.png?fit=1920%2C1080&ssl=1\",\"articleSection\":[\"Cidadania\",\"Pol\u00edtica\"],\"inLanguage\":\"pt-BR\",\"potentialAction\":[{\"@type\":\"CommentAction\",\"name\":\"Comment\",\"target\":[\"https:\/\/blogdobispo.com.br\/?p=17940#respond\"]}]},{\"@type\":\"WebPage\",\"@id\":\"https:\/\/blogdobispo.com.br\/?p=17940\",\"url\":\"https:\/\/blogdobispo.com.br\/?p=17940\",\"name\":\"Secretaria de Meio Ambiente disponibiliza n\u00famero para den\u00fancias - Blog do Bispo\",\"isPartOf\":{\"@id\":\"https:\/\/blogdobispo.com.br\/#website\"},\"primaryImageOfPage\":{\"@id\":\"https:\/\/blogdobispo.com.br\/?p=17940#primaryimage\"},\"image\":{\"@id\":\"https:\/\/blogdobispo.com.br\/?p=17940#primaryimage\"},\"thumbnailUrl\":\"https:\/\/i0.wp.com\/blogdobispo.com.br\/wp-content\/uploads\/2025\/10\/img_7065.png?fit=1920%2C1080&ssl=1\",\"datePublished\":\"2025-09-25T16:56:55+00:00\",\"dateModified\":\"2025-10-06T17:16:22+00:00\",\"breadcrumb\":{\"@id\":\"https:\/\/blogdobispo.com.br\/?p=17940#breadcrumb\"},\"inLanguage\":\"pt-BR\",\"potentialAction\":[{\"@type\":\"ReadAction\",\"target\":[\"https:\/\/blogdobispo.com.br\/?p=17940\"]}]},{\"@type\":\"ImageObject\",\"inLanguage\":\"pt-BR\",\"@id\":\"https:\/\/blogdobispo.com.br\/?p=17940#primaryimage\",\"url\":\"https:\/\/i0.wp.com\/blogdobispo.com.br\/wp-content\/uploads\/2025\/10\/img_7065.png?fit=1920%2C1080&ssl=1\",\"contentUrl\":\"https:\/\/i0.wp.com\/blogdobispo.com.br\/wp-content\/uploads\/2025\/10\/img_7065.png?fit=1920%2C1080&ssl=1\",\"width\":1920,\"height\":1080},{\"@type\":\"BreadcrumbList\",\"@id\":\"https:\/\/blogdobispo.com.br\/?p=17940#breadcrumb\",\"itemListElement\":[{\"@type\":\"ListItem\",\"position\":1,\"name\":\"In\u00edcio\",\"item\":\"https:\/\/blogdobispo.com.br\/\"},{\"@type\":\"ListItem\",\"position\":2,\"name\":\"Secretaria de Meio Ambiente disponibiliza n\u00famero para den\u00fancias\"}]},{\"@type\":\"WebSite\",\"@id\":\"https:\/\/blogdobispo.com.br\/#website\",\"url\":\"https:\/\/blogdobispo.com.br\/\",\"name\":\"Blog do Bispo\",\"description\":\"Comprometido apenas com o leitor\",\"publisher\":{\"@id\":\"https:\/\/blogdobispo.com.br\/#organization\"},\"potentialAction\":[{\"@type\":\"SearchAction\",\"target\":{\"@type\":\"EntryPoint\",\"urlTemplate\":\"https:\/\/blogdobispo.com.br\/?s={search_term_string}\"},\"query-input\":{\"@type\":\"PropertyValueSpecification\",\"valueRequired\":true,\"valueName\":\"search_term_string\"}}],\"inLanguage\":\"pt-BR\"},{\"@type\":\"Organization\",\"@id\":\"https:\/\/blogdobispo.com.br\/#organization\",\"name\":\"Blog do Bispo\",\"url\":\"https:\/\/blogdobispo.com.br\/\",\"logo\":{\"@type\":\"ImageObject\",\"inLanguage\":\"pt-BR\",\"@id\":\"https:\/\/blogdobispo.com.br\/#\/schema\/logo\/image\/\",\"url\":\"http:\/\/blogdobispo.com.br\/wp-content\/uploads\/2023\/05\/cropped-headear.png\",\"contentUrl\":\"http:\/\/blogdobispo.com.br\/wp-content\/uploads\/2023\/05\/cropped-headear.png\",\"width\":1500,\"height\":399,\"caption\":\"Blog do Bispo\"},\"image\":{\"@id\":\"https:\/\/blogdobispo.com.br\/#\/schema\/logo\/image\/\"}},{\"@type\":\"Person\",\"@id\":\"https:\/\/blogdobispo.com.br\/#\/schema\/person\/05abe7adb94767ba46bf757b4243d3e0\",\"name\":\"Robson Trigueiro\",\"image\":{\"@type\":\"ImageObject\",\"inLanguage\":\"pt-BR\",\"@id\":\"https:\/\/blogdobispo.com.br\/#\/schema\/person\/image\/\",\"url\":\"https:\/\/secure.gravatar.com\/avatar\/b71c79ed1dcbb23d15e3cd8224dbfbd99da477df155b3e777061e3a006422418?s=96&d=mm&r=g\",\"contentUrl\":\"https:\/\/secure.gravatar.com\/avatar\/b71c79ed1dcbb23d15e3cd8224dbfbd99da477df155b3e777061e3a006422418?s=96&d=mm&r=g\",\"caption\":\"Robson Trigueiro\"},\"url\":\"https:\/\/blogdobispo.com.br\/?author=3\"}]}<\/script>\n<!-- \/ Yoast SEO plugin. -->","yoast_head_json":{"title":"Secretaria de Meio Ambiente disponibiliza n\u00famero para den\u00fancias - Blog do Bispo","robots":{"index":"index","follow":"follow","max-snippet":"max-snippet:-1","max-image-preview":"max-image-preview:large","max-video-preview":"max-video-preview:-1"},"canonical":"https:\/\/blogdobispo.com.br\/?p=17940","og_locale":"pt_BR","og_type":"article","og_title":"Secretaria de Meio Ambiente disponibiliza n\u00famero para den\u00fancias - Blog do Bispo","og_description":"A Prefeitura de Parnamirim, por meio da Secretaria Municipal de Meio Ambiente e Desenvolvimento Urbano (Semur), informa que a popula\u00e7\u00e3o pode realizar den\u00fancias atrav\u00e9s do telefone&nbsp;(84) 97601-4407. &nbsp; A secretaria tem registrado in\u00fameros casos e est\u00e1 fiscalizando, mas agora a popula\u00e7\u00e3o tem um canal aberto e exclusivo para realizar as den\u00fancias de forma r\u00e1pida, segura [&hellip;]","og_url":"https:\/\/blogdobispo.com.br\/?p=17940","og_site_name":"Blog do Bispo","article_published_time":"2025-09-25T16:56:55+00:00","article_modified_time":"2025-10-06T17:16:22+00:00","og_image":[{"width":1600,"height":1326,"url":"https:\/\/i0.wp.com\/blogdobispo.com.br\/wp-content\/uploads\/2025\/09\/WhatsApp-Image-2025-09-25-at-12.42.14.jpeg?fit=1600%2C1326&ssl=1","type":"image\/jpeg"}],"author":"Robson Trigueiro","twitter_card":"summary_large_image","twitter_misc":{"Escrito por":"Robson Trigueiro","Est. tempo de leitura":"2 minutos"},"schema":{"@context":"https:\/\/schema.org","@graph":[{"@type":"Article","@id":"https:\/\/blogdobispo.com.br\/?p=17940#article","isPartOf":{"@id":"https:\/\/blogdobispo.com.br\/?p=17940"},"author":{"name":"Robson Trigueiro","@id":"https:\/\/blogdobispo.com.br\/#\/schema\/person\/05abe7adb94767ba46bf757b4243d3e0"},"headline":"Secretaria de Meio Ambiente disponibiliza n\u00famero para den\u00fancias","datePublished":"2025-09-25T16:56:55+00:00","dateModified":"2025-10-06T17:16:22+00:00","mainEntityOfPage":{"@id":"https:\/\/blogdobispo.com.br\/?p=17940"},"wordCount":156,"commentCount":0,"publisher":{"@id":"https:\/\/blogdobispo.com.br\/#organization"},"image":{"@id":"https:\/\/blogdobispo.com.br\/?p=17940#primaryimage"},"thumbnailUrl":"https:\/\/i0.wp.com\/blogdobispo.com.br\/wp-content\/uploads\/2025\/10\/img_7065.png?fit=1920%2C1080&ssl=1","articleSection":["Cidadania","Pol\u00edtica"],"inLanguage":"pt-BR","potentialAction":[{"@type":"CommentAction","name":"Comment","target":["https:\/\/blogdobispo.com.br\/?p=17940#respond"]}]},{"@type":"WebPage","@id":"https:\/\/blogdobispo.com.br\/?p=17940","url":"https:\/\/blogdobispo.com.br\/?p=17940","name":"Secretaria de Meio Ambiente disponibiliza n\u00famero para den\u00fancias - Blog do Bispo","isPartOf":{"@id":"https:\/\/blogdobispo.com.br\/#website"},"primaryImageOfPage":{"@id":"https:\/\/blogdobispo.com.br\/?p=17940#primaryimage"},"image":{"@id":"https:\/\/blogdobispo.com.br\/?p=17940#primaryimage"},"thumbnailUrl":"https:\/\/i0.wp.com\/blogdobispo.com.br\/wp-content\/uploads\/2025\/10\/img_7065.png?fit=1920%2C1080&ssl=1","datePublished":"2025-09-25T16:56:55+00:00","dateModified":"2025-10-06T17:16:22+00:00","breadcrumb":{"@id":"https:\/\/blogdobispo.com.br\/?p=17940#breadcrumb"},"inLanguage":"pt-BR","potentialAction":[{"@type":"ReadAction","target":["https:\/\/blogdobispo.com.br\/?p=17940"]}]},{"@type":"ImageObject","inLanguage":"pt-BR","@id":"https:\/\/blogdobispo.com.br\/?p=17940#primaryimage","url":"https:\/\/i0.wp.com\/blogdobispo.com.br\/wp-content\/uploads\/2025\/10\/img_7065.png?fit=1920%2C1080&ssl=1","contentUrl":"https:\/\/i0.wp.com\/blogdobispo.com.br\/wp-content\/uploads\/2025\/10\/img_7065.png?fit=1920%2C1080&ssl=1","width":1920,"height":1080},{"@type":"BreadcrumbList","@id":"https:\/\/blogdobispo.com.br\/?p=17940#breadcrumb","itemListElement":[{"@type":"ListItem","position":1,"name":"In\u00edcio","item":"https:\/\/blogdobispo.com.br\/"},{"@type":"ListItem","position":2,"name":"Secretaria de Meio Ambiente disponibiliza n\u00famero para den\u00fancias"}]},{"@type":"WebSite","@id":"https:\/\/blogdobispo.com.br\/#website","url":"https:\/\/blogdobispo.com.br\/","name":"Blog do Bispo","description":"Comprometido apenas com o leitor","publisher":{"@id":"https:\/\/blogdobispo.com.br\/#organization"},"potentialAction":[{"@type":"SearchAction","target":{"@type":"EntryPoint","urlTemplate":"https:\/\/blogdobispo.com.br\/?s={search_term_string}"},"query-input":{"@type":"PropertyValueSpecification","valueRequired":true,"valueName":"search_term_string"}}],"inLanguage":"pt-BR"},{"@type":"Organization","@id":"https:\/\/blogdobispo.com.br\/#organization","name":"Blog do Bispo","url":"https:\/\/blogdobispo.com.br\/","logo":{"@type":"ImageObject","inLanguage":"pt-BR","@id":"https:\/\/blogdobispo.com.br\/#\/schema\/logo\/image\/","url":"http:\/\/blogdobispo.com.br\/wp-content\/uploads\/2023\/05\/cropped-headear.png","contentUrl":"http:\/\/blogdobispo.com.br\/wp-content\/uploads\/2023\/05\/cropped-headear.png","width":1500,"height":399,"caption":"Blog do Bispo"},"image":{"@id":"https:\/\/blogdobispo.com.br\/#\/schema\/logo\/image\/"}},{"@type":"Person","@id":"https:\/\/blogdobispo.com.br\/#\/schema\/person\/05abe7adb94767ba46bf757b4243d3e0","name":"Robson Trigueiro","image":{"@type":"ImageObject","inLanguage":"pt-BR","@id":"https:\/\/blogdobispo.com.br\/#\/schema\/person\/image\/","url":"https:\/\/secure.gravatar.com\/avatar\/b71c79ed1dcbb23d15e3cd8224dbfbd99da477df155b3e777061e3a006422418?s=96&d=mm&r=g","contentUrl":"https:\/\/secure.gravatar.com\/avatar\/b71c79ed1dcbb23d15e3cd8224dbfbd99da477df155b3e777061e3a006422418?s=96&d=mm&r=g","caption":"Robson Trigueiro"},"url":"https:\/\/blogdobispo.com.br\/?author=3"}]}},"featured_image_urls":{"full":["https:\/\/i0.wp.com\/blogdobispo.com.br\/wp-content\/uploads\/2025\/10\/img_7065.png?fit=1920%2C1080&ssl=1",1920,1080,false],"thumbnail":["https:\/\/i0.wp.com\/blogdobispo.com.br\/wp-content\/uploads\/2025\/10\/img_7065.png?resize=150%2C150&ssl=1",150,150,true],"medium":["https:\/\/i0.wp.com\/blogdobispo.com.br\/wp-content\/uploads\/2025\/10\/img_7065.png?fit=300%2C169&ssl=1",300,169,true],"medium_large":["https:\/\/i0.wp.com\/blogdobispo.com.br\/wp-content\/uploads\/2025\/10\/img_7065.png?fit=768%2C432&ssl=1",768,432,true],"large":["https:\/\/i0.wp.com\/blogdobispo.com.br\/wp-content\/uploads\/2025\/10\/img_7065.png?fit=800%2C450&ssl=1",800,450,true],"1536x1536":["https:\/\/i0.wp.com\/blogdobispo.com.br\/wp-content\/uploads\/2025\/10\/img_7065.png?fit=1536%2C864&ssl=1",1536,864,true],"2048x2048":["https:\/\/i0.wp.com\/blogdobispo.com.br\/wp-content\/uploads\/2025\/10\/img_7065.png?fit=1920%2C1080&ssl=1",1920,1080,true]},"author_info":{"display_name":"Robson Trigueiro","author_link":"https:\/\/blogdobispo.com.br\/?author=3"},"category_info":"<a href=\"https:\/\/blogdobispo.com.br\/?cat=12\" rel=\"category\">Cidadania<\/a> <a href=\"https:\/\/blogdobispo.com.br\/?cat=3\" rel=\"category\">Pol\u00edtica<\/a>","tag_info":"Pol\u00edtica","comment_count":"0","jetpack_featured_media_url":"https:\/\/i0.wp.com\/blogdobispo.com.br\/wp-content\/uploads\/2025\/10\/img_7065.png?fit=1920%2C1080&ssl=1","jetpack_sharing_enabled":true,"_links":{"self":[{"href":"https:\/\/blogdobispo.com.br\/index.php?rest_route=\/wp\/v2\/posts\/17940","targetHints":{"allow":["GET"]}}],"collection":[{"href":"https:\/\/blogdobispo.com.br\/index.php?rest_route=\/wp\/v2\/posts"}],"about":[{"href":"https:\/\/blogdobispo.com.br\/index.php?rest_route=\/wp\/v2\/types\/post"}],"author":[{"embeddable":true,"href":"https:\/\/blogdobispo.com.br\/index.php?rest_route=\/wp\/v2\/users\/3"}],"replies":[{"embeddable":true,"href":"https:\/\/blogdobispo.com.br\/index.php?rest_route=%2Fwp%2Fv2%2Fcomments&post=17940"}],"version-history":[{"count":2,"href":"https:\/\/blogdobispo.com.br\/index.php?rest_route=\/wp\/v2\/posts\/17940\/revisions"}],"predecessor-version":[{"id":18021,"href":"https:\/\/blogdobispo.com.br\/index.php?rest_route=\/wp\/v2\/posts\/17940\/revisions\/18021"}],"wp:featuredmedia":[{"embeddable":true,"href":"https:\/\/blogdobispo.com.br\/index.php?rest_route=\/wp\/v2\/media\/18020"}],"wp:attachment":[{"href":"https:\/\/blogdobispo.com.br\/index.php?rest_route=%2Fwp%2Fv2%2Fmedia&parent=17940"}],"wp:term":[{"taxonomy":"category","embeddable":true,"href":"https:\/\/blogdobispo.com.br\/index.php?rest_route=%2Fwp%2Fv2%2Fcategories&post=17940"},{"taxonomy":"post_tag","embeddable":true,"href":"https:\/\/blogdobispo.com.br\/index.php?rest_route=%2Fwp%2Fv2%2Ftags&post=17940"}],"curies":[{"name":"wp","href":"https:\/\/api.w.org\/{rel}","templated":true}]}}