{"id":1790,"date":"2023-09-18T16:51:54","date_gmt":"2023-09-18T16:51:54","guid":{"rendered":"https:\/\/blogdobispo.com.br\/?p=1790"},"modified":"2023-09-18T16:51:54","modified_gmt":"2023-09-18T16:51:54","slug":"ezequiel-sobre-crise-os-prefeitos-do-rio-grande-do-norte-tem-apoio-absolutamente-irrestrito","status":"publish","type":"post","link":"https:\/\/blogdobispo.com.br\/?p=1790","title":{"rendered":"<em>Ezequiel sobre crise: \u201cOs prefeitos do Rio Grande do Norte t\u00eam apoio absolutamente irrestrito<\/em>"},"content":{"rendered":"\n<figure class=\"wp-block-image size-large\"><img data-recalc-dims=\"1\" fetchpriority=\"high\" decoding=\"async\" width=\"800\" height=\"534\" src=\"https:\/\/i0.wp.com\/blogdobispo.com.br\/wp-content\/uploads\/2023\/09\/8ccd7fda-123d-4d5c-8946-b073571a6633-1024x683.jpg?resize=800%2C534&#038;ssl=1\" class=\"wp-image-1789\" srcset=\"https:\/\/i0.wp.com\/blogdobispo.com.br\/wp-content\/uploads\/2023\/09\/8ccd7fda-123d-4d5c-8946-b073571a6633.jpg?resize=1024%2C683&amp;ssl=1 1024w, https:\/\/i0.wp.com\/blogdobispo.com.br\/wp-content\/uploads\/2023\/09\/8ccd7fda-123d-4d5c-8946-b073571a6633.jpg?resize=300%2C200&amp;ssl=1 300w, https:\/\/i0.wp.com\/blogdobispo.com.br\/wp-content\/uploads\/2023\/09\/8ccd7fda-123d-4d5c-8946-b073571a6633.jpg?resize=768%2C512&amp;ssl=1 768w, https:\/\/i0.wp.com\/blogdobispo.com.br\/wp-content\/uploads\/2023\/09\/8ccd7fda-123d-4d5c-8946-b073571a6633.jpg?resize=1536%2C1024&amp;ssl=1 1536w, https:\/\/i0.wp.com\/blogdobispo.com.br\/wp-content\/uploads\/2023\/09\/8ccd7fda-123d-4d5c-8946-b073571a6633.jpg?w=1599&amp;ssl=1 1599w\" sizes=\"(max-width: 800px) 100vw, 800px\" \/><\/figure>\n\n\n\n<p><\/p>\n\n\n\n<p><\/p>\n\n\n\n<p><\/p>\n\n\n\n<p>Munic\u00edpios recebem apoios das bancadas federal e estadual<\/p>\n\n\n\n<p>O presidente da Assembleia Legislativa do RN, deputado estadual Ezequiel Ferreira de Souza (PSDB), prestou solidariedade aos prefeitos norte-riograndenses durante reuni\u00e3o realizada na manh\u00e3 desta segunda-feira (18), com objetivo de solicitar apoio dos parlamentares ao aumento do Fundo de Participa\u00e7\u00e3o dos Munic\u00edpios (FPM). O encontro reuniu mais de 70 prefeitos, al\u00e9m de deputados estaduais, federais, senador, prefeitos e presidentes de associa\u00e7\u00f5es que representam os gestores municipais.<\/p>\n\n\n\n<p>\u201cOs prefeitos do Rio Grande do Norte t\u00eam, desta Casa Legislativa, apoio absolutamente irrestrito. Sabemos das dificuldades dos munic\u00edpios e estamos aqui para dar as m\u00e3os e fazer um apelo \u00e0 bancada federal para que todos possam se somar nessa luta, que \u00e9 a luta municipalista e, n\u00e3o tenho d\u00favidas, que a bancada federal est\u00e1 aqui para hipotecar essa solidariedade e apoio. Todos n\u00f3s sabemos que a vida acontece nos munic\u00edpios\u201d, afirmou.<\/p>\n\n\n\n<p>Na oportunidade, Ezequiel Ferreira anunciou que as emendas dos deputados estaduais destinadas aos munic\u00edpios e que estavam atrasadas, est\u00e3o sendo liberadas desde sexta-feira passada. \u201cDiante de uma negocia\u00e7\u00e3o feita, come\u00e7aram a ser liberadas. Temos o compromisso de fazer essas emendas chegarem aos munic\u00edpios at\u00e9 o final deste m\u00eas, valores na ordem de R$ 1 milh\u00e3o de cada deputado. Esse foi o compromisso assumido e o restante ser\u00e1 pago at\u00e9 o final do ano\u201d, destacou.<\/p>\n\n\n\n<p>A reuni\u00e3o, organizada pela Federa\u00e7\u00e3o dos Munic\u00edpios do Rio Grande do Norte (Femurn), tendo \u00e0 frente o presidente da entidade, prefeito Luciano Santos e contou com as presen\u00e7as do senador Rog\u00e9rio Marinho (PL) e dos deputados federais Sargento Gon\u00e7alves (PL), Benes Leoc\u00e1dio (Uni\u00e3o), Robinson Faria (PL) e Paulinho Freire (Uni\u00e3o).<\/p>\n\n\n\n<p>Tamb\u00e9m estiveram presentes os deputados estaduais Cristiane Dantas (SDD), Luiz Eduardo (SDD), Ubaldo Fernandes (PSDB), Isolda Dantas (PT), Francisco do PT, Tomba Farias (PSDB), Dr. Bernardo (PSDB), Dr. Kerginaldo (PSDB), Taveira J\u00fanior (Uni\u00e3o), Kleber Rodrigues (PSDB), Terezinha Maia (PL) e George Soares (PV).<\/p>\n\n\n\n<p>O encontro ainda teve a participa\u00e7\u00e3o de mais de 70 prefeitos e presidentes de associa\u00e7\u00f5es que representam os gestores municipais.<\/p>\n\n\n\n<p><\/p>\n","protected":false},"excerpt":{"rendered":"<p>Munic\u00edpios recebem apoios das bancadas federal e estadual O presidente da Assembleia Legislativa do RN, deputado estadual Ezequiel Ferreira de Souza (PSDB), prestou solidariedade aos prefeitos norte-riograndenses durante reuni\u00e3o realizada na manh\u00e3 desta segunda-feira (18), com objetivo de solicitar apoio dos parlamentares ao aumento do Fundo de Participa\u00e7\u00e3o dos Munic\u00edpios (FPM). O encontro reuniu mais [&hellip;]<\/p>\n","protected":false},"author":1,"featured_media":0,"comment_status":"open","ping_status":"open","sticky":false,"template":"","format":"standard","meta":{"cybocfi_hide_featured_image":"","_jetpack_memberships_contains_paid_content":false,"footnotes":""},"categories":[1],"tags":[],"class_list":["post-1790","post","type-post","status-publish","format-standard","hentry","category-diversos"],"yoast_head":"<!-- This site is optimized with the Yoast SEO plugin v25.6 - https:\/\/yoast.com\/wordpress\/plugins\/seo\/ -->\n<title>Ezequiel sobre crise: \u201cOs prefeitos do Rio Grande do Norte t\u00eam apoio absolutamente irrestrito - Blog do Bispo<\/title>\n<meta name=\"robots\" content=\"index, follow, max-snippet:-1, max-image-preview:large, max-video-preview:-1\" \/>\n<link rel=\"canonical\" href=\"https:\/\/blogdobispo.com.br\/?p=1790\" \/>\n<meta property=\"og:locale\" content=\"pt_BR\" \/>\n<meta property=\"og:type\" content=\"article\" \/>\n<meta property=\"og:title\" content=\"Ezequiel sobre crise: \u201cOs prefeitos do Rio Grande do Norte t\u00eam apoio absolutamente irrestrito - Blog do Bispo\" \/>\n<meta property=\"og:description\" content=\"Munic\u00edpios recebem apoios das bancadas federal e estadual O presidente da Assembleia Legislativa do RN, deputado estadual Ezequiel Ferreira de Souza (PSDB), prestou solidariedade aos prefeitos norte-riograndenses durante reuni\u00e3o realizada na manh\u00e3 desta segunda-feira (18), com objetivo de solicitar apoio dos parlamentares ao aumento do Fundo de Participa\u00e7\u00e3o dos Munic\u00edpios (FPM). O encontro reuniu mais [&hellip;]\" \/>\n<meta property=\"og:url\" content=\"https:\/\/blogdobispo.com.br\/?p=1790\" \/>\n<meta property=\"og:site_name\" content=\"Blog do Bispo\" \/>\n<meta property=\"article:published_time\" content=\"2023-09-18T16:51:54+00:00\" \/>\n<meta property=\"og:image\" content=\"https:\/\/blogdobispo.com.br\/wp-content\/uploads\/2023\/09\/8ccd7fda-123d-4d5c-8946-b073571a6633-1024x683.jpg\" \/>\n<meta name=\"author\" content=\"Jefferson Sterfeno\" \/>\n<meta name=\"twitter:card\" content=\"summary_large_image\" \/>\n<meta name=\"twitter:label1\" content=\"Escrito por\" \/>\n\t<meta name=\"twitter:data1\" content=\"Jefferson Sterfeno\" \/>\n\t<meta name=\"twitter:label2\" content=\"Est. tempo de leitura\" \/>\n\t<meta name=\"twitter:data2\" content=\"2 minutos\" \/>\n<script type=\"application\/ld+json\" class=\"yoast-schema-graph\">{\"@context\":\"https:\/\/schema.org\",\"@graph\":[{\"@type\":\"Article\",\"@id\":\"https:\/\/blogdobispo.com.br\/?p=1790#article\",\"isPartOf\":{\"@id\":\"https:\/\/blogdobispo.com.br\/?p=1790\"},\"author\":{\"name\":\"Jefferson Sterfeno\",\"@id\":\"https:\/\/blogdobispo.com.br\/#\/schema\/person\/e2209cc0e6cea5c5233d033e997b373f\"},\"headline\":\"Ezequiel sobre crise: \u201cOs prefeitos do Rio Grande do Norte t\u00eam apoio absolutamente irrestrito\",\"datePublished\":\"2023-09-18T16:51:54+00:00\",\"mainEntityOfPage\":{\"@id\":\"https:\/\/blogdobispo.com.br\/?p=1790\"},\"wordCount\":375,\"commentCount\":0,\"publisher\":{\"@id\":\"https:\/\/blogdobispo.com.br\/#organization\"},\"image\":{\"@id\":\"https:\/\/blogdobispo.com.br\/?p=1790#primaryimage\"},\"thumbnailUrl\":\"https:\/\/blogdobispo.com.br\/wp-content\/uploads\/2023\/09\/8ccd7fda-123d-4d5c-8946-b073571a6633-1024x683.jpg\",\"articleSection\":[\"diversos\"],\"inLanguage\":\"pt-BR\",\"potentialAction\":[{\"@type\":\"CommentAction\",\"name\":\"Comment\",\"target\":[\"https:\/\/blogdobispo.com.br\/?p=1790#respond\"]}]},{\"@type\":\"WebPage\",\"@id\":\"https:\/\/blogdobispo.com.br\/?p=1790\",\"url\":\"https:\/\/blogdobispo.com.br\/?p=1790\",\"name\":\"Ezequiel sobre crise: \u201cOs prefeitos do Rio Grande do Norte t\u00eam apoio absolutamente irrestrito - Blog do Bispo\",\"isPartOf\":{\"@id\":\"https:\/\/blogdobispo.com.br\/#website\"},\"primaryImageOfPage\":{\"@id\":\"https:\/\/blogdobispo.com.br\/?p=1790#primaryimage\"},\"image\":{\"@id\":\"https:\/\/blogdobispo.com.br\/?p=1790#primaryimage\"},\"thumbnailUrl\":\"https:\/\/blogdobispo.com.br\/wp-content\/uploads\/2023\/09\/8ccd7fda-123d-4d5c-8946-b073571a6633-1024x683.jpg\",\"datePublished\":\"2023-09-18T16:51:54+00:00\",\"breadcrumb\":{\"@id\":\"https:\/\/blogdobispo.com.br\/?p=1790#breadcrumb\"},\"inLanguage\":\"pt-BR\",\"potentialAction\":[{\"@type\":\"ReadAction\",\"target\":[\"https:\/\/blogdobispo.com.br\/?p=1790\"]}]},{\"@type\":\"ImageObject\",\"inLanguage\":\"pt-BR\",\"@id\":\"https:\/\/blogdobispo.com.br\/?p=1790#primaryimage\",\"url\":\"https:\/\/blogdobispo.com.br\/wp-content\/uploads\/2023\/09\/8ccd7fda-123d-4d5c-8946-b073571a6633-1024x683.jpg\",\"contentUrl\":\"https:\/\/blogdobispo.com.br\/wp-content\/uploads\/2023\/09\/8ccd7fda-123d-4d5c-8946-b073571a6633-1024x683.jpg\"},{\"@type\":\"BreadcrumbList\",\"@id\":\"https:\/\/blogdobispo.com.br\/?p=1790#breadcrumb\",\"itemListElement\":[{\"@type\":\"ListItem\",\"position\":1,\"name\":\"In\u00edcio\",\"item\":\"https:\/\/blogdobispo.com.br\/\"},{\"@type\":\"ListItem\",\"position\":2,\"name\":\"Ezequiel sobre crise: \u201cOs prefeitos do Rio Grande do Norte t\u00eam apoio absolutamente irrestrito\"}]},{\"@type\":\"WebSite\",\"@id\":\"https:\/\/blogdobispo.com.br\/#website\",\"url\":\"https:\/\/blogdobispo.com.br\/\",\"name\":\"Blog do Bispo\",\"description\":\"Comprometido apenas com o leitor\",\"publisher\":{\"@id\":\"https:\/\/blogdobispo.com.br\/#organization\"},\"potentialAction\":[{\"@type\":\"SearchAction\",\"target\":{\"@type\":\"EntryPoint\",\"urlTemplate\":\"https:\/\/blogdobispo.com.br\/?s={search_term_string}\"},\"query-input\":{\"@type\":\"PropertyValueSpecification\",\"valueRequired\":true,\"valueName\":\"search_term_string\"}}],\"inLanguage\":\"pt-BR\"},{\"@type\":\"Organization\",\"@id\":\"https:\/\/blogdobispo.com.br\/#organization\",\"name\":\"Blog do Bispo\",\"url\":\"https:\/\/blogdobispo.com.br\/\",\"logo\":{\"@type\":\"ImageObject\",\"inLanguage\":\"pt-BR\",\"@id\":\"https:\/\/blogdobispo.com.br\/#\/schema\/logo\/image\/\",\"url\":\"http:\/\/blogdobispo.com.br\/wp-content\/uploads\/2023\/05\/cropped-headear.png\",\"contentUrl\":\"http:\/\/blogdobispo.com.br\/wp-content\/uploads\/2023\/05\/cropped-headear.png\",\"width\":1500,\"height\":399,\"caption\":\"Blog do Bispo\"},\"image\":{\"@id\":\"https:\/\/blogdobispo.com.br\/#\/schema\/logo\/image\/\"}},{\"@type\":\"Person\",\"@id\":\"https:\/\/blogdobispo.com.br\/#\/schema\/person\/e2209cc0e6cea5c5233d033e997b373f\",\"name\":\"Jefferson Sterfeno\",\"image\":{\"@type\":\"ImageObject\",\"inLanguage\":\"pt-BR\",\"@id\":\"https:\/\/blogdobispo.com.br\/#\/schema\/person\/image\/\",\"url\":\"https:\/\/secure.gravatar.com\/avatar\/0534e84764641168a677026b6d57a3f51dc7ac4db0b4f6186d9cb330d4ee1160?s=96&d=mm&r=g\",\"contentUrl\":\"https:\/\/secure.gravatar.com\/avatar\/0534e84764641168a677026b6d57a3f51dc7ac4db0b4f6186d9cb330d4ee1160?s=96&d=mm&r=g\",\"caption\":\"Jefferson Sterfeno\"},\"sameAs\":[\"http:\/\/blogdobispo.com.br\"],\"url\":\"https:\/\/blogdobispo.com.br\/?author=1\"}]}<\/script>\n<!-- \/ Yoast SEO plugin. -->","yoast_head_json":{"title":"Ezequiel sobre crise: \u201cOs prefeitos do Rio Grande do Norte t\u00eam apoio absolutamente irrestrito - Blog do Bispo","robots":{"index":"index","follow":"follow","max-snippet":"max-snippet:-1","max-image-preview":"max-image-preview:large","max-video-preview":"max-video-preview:-1"},"canonical":"https:\/\/blogdobispo.com.br\/?p=1790","og_locale":"pt_BR","og_type":"article","og_title":"Ezequiel sobre crise: \u201cOs prefeitos do Rio Grande do Norte t\u00eam apoio absolutamente irrestrito - Blog do Bispo","og_description":"Munic\u00edpios recebem apoios das bancadas federal e estadual O presidente da Assembleia Legislativa do RN, deputado estadual Ezequiel Ferreira de Souza (PSDB), prestou solidariedade aos prefeitos norte-riograndenses durante reuni\u00e3o realizada na manh\u00e3 desta segunda-feira (18), com objetivo de solicitar apoio dos parlamentares ao aumento do Fundo de Participa\u00e7\u00e3o dos Munic\u00edpios (FPM). O encontro reuniu mais [&hellip;]","og_url":"https:\/\/blogdobispo.com.br\/?p=1790","og_site_name":"Blog do Bispo","article_published_time":"2023-09-18T16:51:54+00:00","og_image":[{"url":"https:\/\/blogdobispo.com.br\/wp-content\/uploads\/2023\/09\/8ccd7fda-123d-4d5c-8946-b073571a6633-1024x683.jpg","type":"","width":"","height":""}],"author":"Jefferson Sterfeno","twitter_card":"summary_large_image","twitter_misc":{"Escrito por":"Jefferson Sterfeno","Est. tempo de leitura":"2 minutos"},"schema":{"@context":"https:\/\/schema.org","@graph":[{"@type":"Article","@id":"https:\/\/blogdobispo.com.br\/?p=1790#article","isPartOf":{"@id":"https:\/\/blogdobispo.com.br\/?p=1790"},"author":{"name":"Jefferson Sterfeno","@id":"https:\/\/blogdobispo.com.br\/#\/schema\/person\/e2209cc0e6cea5c5233d033e997b373f"},"headline":"Ezequiel sobre crise: \u201cOs prefeitos do Rio Grande do Norte t\u00eam apoio absolutamente irrestrito","datePublished":"2023-09-18T16:51:54+00:00","mainEntityOfPage":{"@id":"https:\/\/blogdobispo.com.br\/?p=1790"},"wordCount":375,"commentCount":0,"publisher":{"@id":"https:\/\/blogdobispo.com.br\/#organization"},"image":{"@id":"https:\/\/blogdobispo.com.br\/?p=1790#primaryimage"},"thumbnailUrl":"https:\/\/blogdobispo.com.br\/wp-content\/uploads\/2023\/09\/8ccd7fda-123d-4d5c-8946-b073571a6633-1024x683.jpg","articleSection":["diversos"],"inLanguage":"pt-BR","potentialAction":[{"@type":"CommentAction","name":"Comment","target":["https:\/\/blogdobispo.com.br\/?p=1790#respond"]}]},{"@type":"WebPage","@id":"https:\/\/blogdobispo.com.br\/?p=1790","url":"https:\/\/blogdobispo.com.br\/?p=1790","name":"Ezequiel sobre crise: \u201cOs prefeitos do Rio Grande do Norte t\u00eam apoio absolutamente irrestrito - Blog do Bispo","isPartOf":{"@id":"https:\/\/blogdobispo.com.br\/#website"},"primaryImageOfPage":{"@id":"https:\/\/blogdobispo.com.br\/?p=1790#primaryimage"},"image":{"@id":"https:\/\/blogdobispo.com.br\/?p=1790#primaryimage"},"thumbnailUrl":"https:\/\/blogdobispo.com.br\/wp-content\/uploads\/2023\/09\/8ccd7fda-123d-4d5c-8946-b073571a6633-1024x683.jpg","datePublished":"2023-09-18T16:51:54+00:00","breadcrumb":{"@id":"https:\/\/blogdobispo.com.br\/?p=1790#breadcrumb"},"inLanguage":"pt-BR","potentialAction":[{"@type":"ReadAction","target":["https:\/\/blogdobispo.com.br\/?p=1790"]}]},{"@type":"ImageObject","inLanguage":"pt-BR","@id":"https:\/\/blogdobispo.com.br\/?p=1790#primaryimage","url":"https:\/\/blogdobispo.com.br\/wp-content\/uploads\/2023\/09\/8ccd7fda-123d-4d5c-8946-b073571a6633-1024x683.jpg","contentUrl":"https:\/\/blogdobispo.com.br\/wp-content\/uploads\/2023\/09\/8ccd7fda-123d-4d5c-8946-b073571a6633-1024x683.jpg"},{"@type":"BreadcrumbList","@id":"https:\/\/blogdobispo.com.br\/?p=1790#breadcrumb","itemListElement":[{"@type":"ListItem","position":1,"name":"In\u00edcio","item":"https:\/\/blogdobispo.com.br\/"},{"@type":"ListItem","position":2,"name":"Ezequiel sobre crise: \u201cOs prefeitos do Rio Grande do Norte t\u00eam apoio absolutamente irrestrito"}]},{"@type":"WebSite","@id":"https:\/\/blogdobispo.com.br\/#website","url":"https:\/\/blogdobispo.com.br\/","name":"Blog do Bispo","description":"Comprometido apenas com o leitor","publisher":{"@id":"https:\/\/blogdobispo.com.br\/#organization"},"potentialAction":[{"@type":"SearchAction","target":{"@type":"EntryPoint","urlTemplate":"https:\/\/blogdobispo.com.br\/?s={search_term_string}"},"query-input":{"@type":"PropertyValueSpecification","valueRequired":true,"valueName":"search_term_string"}}],"inLanguage":"pt-BR"},{"@type":"Organization","@id":"https:\/\/blogdobispo.com.br\/#organization","name":"Blog do Bispo","url":"https:\/\/blogdobispo.com.br\/","logo":{"@type":"ImageObject","inLanguage":"pt-BR","@id":"https:\/\/blogdobispo.com.br\/#\/schema\/logo\/image\/","url":"http:\/\/blogdobispo.com.br\/wp-content\/uploads\/2023\/05\/cropped-headear.png","contentUrl":"http:\/\/blogdobispo.com.br\/wp-content\/uploads\/2023\/05\/cropped-headear.png","width":1500,"height":399,"caption":"Blog do Bispo"},"image":{"@id":"https:\/\/blogdobispo.com.br\/#\/schema\/logo\/image\/"}},{"@type":"Person","@id":"https:\/\/blogdobispo.com.br\/#\/schema\/person\/e2209cc0e6cea5c5233d033e997b373f","name":"Jefferson Sterfeno","image":{"@type":"ImageObject","inLanguage":"pt-BR","@id":"https:\/\/blogdobispo.com.br\/#\/schema\/person\/image\/","url":"https:\/\/secure.gravatar.com\/avatar\/0534e84764641168a677026b6d57a3f51dc7ac4db0b4f6186d9cb330d4ee1160?s=96&d=mm&r=g","contentUrl":"https:\/\/secure.gravatar.com\/avatar\/0534e84764641168a677026b6d57a3f51dc7ac4db0b4f6186d9cb330d4ee1160?s=96&d=mm&r=g","caption":"Jefferson Sterfeno"},"sameAs":["http:\/\/blogdobispo.com.br"],"url":"https:\/\/blogdobispo.com.br\/?author=1"}]}},"featured_image_urls":{"full":"","thumbnail":"","medium":"","medium_large":"","large":"","1536x1536":"","2048x2048":""},"author_info":{"display_name":"Jefferson Sterfeno","author_link":"https:\/\/blogdobispo.com.br\/?author=1"},"category_info":"<a href=\"https:\/\/blogdobispo.com.br\/?cat=1\" rel=\"category\">diversos<\/a>","tag_info":"diversos","comment_count":"0","jetpack_featured_media_url":"","jetpack_sharing_enabled":true,"_links":{"self":[{"href":"https:\/\/blogdobispo.com.br\/index.php?rest_route=\/wp\/v2\/posts\/1790","targetHints":{"allow":["GET"]}}],"collection":[{"href":"https:\/\/blogdobispo.com.br\/index.php?rest_route=\/wp\/v2\/posts"}],"about":[{"href":"https:\/\/blogdobispo.com.br\/index.php?rest_route=\/wp\/v2\/types\/post"}],"author":[{"embeddable":true,"href":"https:\/\/blogdobispo.com.br\/index.php?rest_route=\/wp\/v2\/users\/1"}],"replies":[{"embeddable":true,"href":"https:\/\/blogdobispo.com.br\/index.php?rest_route=%2Fwp%2Fv2%2Fcomments&post=1790"}],"version-history":[{"count":0,"href":"https:\/\/blogdobispo.com.br\/index.php?rest_route=\/wp\/v2\/posts\/1790\/revisions"}],"wp:attachment":[{"href":"https:\/\/blogdobispo.com.br\/index.php?rest_route=%2Fwp%2Fv2%2Fmedia&parent=1790"}],"wp:term":[{"taxonomy":"category","embeddable":true,"href":"https:\/\/blogdobispo.com.br\/index.php?rest_route=%2Fwp%2Fv2%2Fcategories&post=1790"},{"taxonomy":"post_tag","embeddable":true,"href":"https:\/\/blogdobispo.com.br\/index.php?rest_route=%2Fwp%2Fv2%2Ftags&post=1790"}],"curies":[{"name":"wp","href":"https:\/\/api.w.org\/{rel}","templated":true}]}}