{"id":17893,"date":"2025-09-23T02:55:23","date_gmt":"2025-09-23T02:55:23","guid":{"rendered":"https:\/\/blogdobispo.com.br\/?p=17893"},"modified":"2025-09-23T02:55:23","modified_gmt":"2025-09-23T02:55:23","slug":"grupo-silvio-santos-lanca-canal-de-noticias-sbt-news-com-lideranca-de-fabio-faria","status":"publish","type":"post","link":"https:\/\/blogdobispo.com.br\/?p=17893","title":{"rendered":"Grupo Silvio Santos lan\u00e7a canal de not\u00edcias SBT News com lideran\u00e7a de F\u00e1bio Faria"},"content":{"rendered":"\n<figure class=\"wp-block-image size-large\"><img data-recalc-dims=\"1\" fetchpriority=\"high\" decoding=\"async\" width=\"800\" height=\"500\" src=\"https:\/\/i0.wp.com\/blogdobispo.com.br\/wp-content\/uploads\/2025\/09\/img_6828.png?resize=800%2C500&#038;ssl=1\" class=\"wp-image-17892\" srcset=\"https:\/\/i0.wp.com\/blogdobispo.com.br\/wp-content\/uploads\/2025\/09\/img_6828.png?w=990&amp;ssl=1 990w, https:\/\/i0.wp.com\/blogdobispo.com.br\/wp-content\/uploads\/2025\/09\/img_6828.png?resize=300%2C188&amp;ssl=1 300w, https:\/\/i0.wp.com\/blogdobispo.com.br\/wp-content\/uploads\/2025\/09\/img_6828.png?resize=768%2C480&amp;ssl=1 768w\" sizes=\"(max-width: 800px) 100vw, 800px\" \/><\/figure>\n\n\n\n<p class=\"p1\"><\/p>\n\n\n\n<p class=\"p3\">O Grupo Silvio Santos anunciou nesta segunda-feira (22) a cria\u00e7\u00e3o do SBT News, novo canal dedicado 24 horas ao jornalismo. A previs\u00e3o \u00e9 que a emissora entre em opera\u00e7\u00e3o ainda neste semestre, com transmiss\u00e3o em operadoras de TV por assinatura, plataformas digitais, YouTube e canais FAST.<\/p>\n\n\n\n<p class=\"p3\">\u00c0 frente do projeto estar\u00e1 o ex-ministro das Comunica\u00e7\u00f5es F\u00e1bio Faria, marido de Patr\u00edcia Abravanel, filha de Silvio Santos. A condu\u00e7\u00e3o estrat\u00e9gica do canal ser\u00e1 feita em parceria com a presidente do SBT, Daniela Beyruti, e a CEO do Grupo Silvio Santos, Ana Karina Bortoni.<\/p>\n\n\n\n<p class=\"p3\">O objetivo, segundo o grupo, \u00e9 consolidar o SBT News como uma refer\u00eancia no jornalismo brasileiro, ampliando a presen\u00e7a da emissora no setor de informa\u00e7\u00e3o e disputando espa\u00e7o com canais j\u00e1 consolidados no mercado.<\/p>\n\n\n\n<p class=\"p3\">Ainda n\u00e3o foram divulgados detalhes sobre a data oficial de estreia ou sobre os profissionais que integrar\u00e3o a equipe do novo canal.<\/p>\n","protected":false},"excerpt":{"rendered":"<p>O Grupo Silvio Santos anunciou nesta segunda-feira (22) a cria\u00e7\u00e3o do SBT News, novo canal dedicado 24 horas ao jornalismo. A previs\u00e3o \u00e9 que a emissora entre em opera\u00e7\u00e3o ainda neste semestre, com transmiss\u00e3o em operadoras de TV por assinatura, plataformas digitais, YouTube e canais FAST. \u00c0 frente do projeto estar\u00e1 o ex-ministro das Comunica\u00e7\u00f5es [&hellip;]<\/p>\n","protected":false},"author":1,"featured_media":17892,"comment_status":"open","ping_status":"open","sticky":false,"template":"","format":"standard","meta":{"cybocfi_hide_featured_image":"","_jetpack_memberships_contains_paid_content":false,"footnotes":""},"categories":[1],"tags":[],"class_list":["post-17893","post","type-post","status-publish","format-standard","has-post-thumbnail","hentry","category-diversos"],"yoast_head":"<!-- This site is optimized with the Yoast SEO plugin v25.6 - https:\/\/yoast.com\/wordpress\/plugins\/seo\/ -->\n<title>Grupo Silvio Santos lan\u00e7a canal de not\u00edcias SBT News com lideran\u00e7a de F\u00e1bio Faria - Blog do Bispo<\/title>\n<meta name=\"robots\" content=\"index, follow, max-snippet:-1, max-image-preview:large, max-video-preview:-1\" \/>\n<link rel=\"canonical\" href=\"https:\/\/blogdobispo.com.br\/?p=17893\" \/>\n<meta property=\"og:locale\" content=\"pt_BR\" \/>\n<meta property=\"og:type\" content=\"article\" \/>\n<meta property=\"og:title\" content=\"Grupo Silvio Santos lan\u00e7a canal de not\u00edcias SBT News com lideran\u00e7a de F\u00e1bio Faria - Blog do Bispo\" \/>\n<meta property=\"og:description\" content=\"O Grupo Silvio Santos anunciou nesta segunda-feira (22) a cria\u00e7\u00e3o do SBT News, novo canal dedicado 24 horas ao jornalismo. A previs\u00e3o \u00e9 que a emissora entre em opera\u00e7\u00e3o ainda neste semestre, com transmiss\u00e3o em operadoras de TV por assinatura, plataformas digitais, YouTube e canais FAST. \u00c0 frente do projeto estar\u00e1 o ex-ministro das Comunica\u00e7\u00f5es [&hellip;]\" \/>\n<meta property=\"og:url\" content=\"https:\/\/blogdobispo.com.br\/?p=17893\" \/>\n<meta property=\"og:site_name\" content=\"Blog do Bispo\" \/>\n<meta property=\"article:published_time\" content=\"2025-09-23T02:55:23+00:00\" \/>\n<meta property=\"og:image\" content=\"https:\/\/blogdobispo.com.br\/wp-content\/uploads\/2025\/09\/img_6828.png\" \/>\n<meta name=\"author\" content=\"Jefferson Sterfeno\" \/>\n<meta name=\"twitter:card\" content=\"summary_large_image\" \/>\n<meta name=\"twitter:label1\" content=\"Escrito por\" \/>\n\t<meta name=\"twitter:data1\" content=\"Jefferson Sterfeno\" \/>\n\t<meta name=\"twitter:label2\" content=\"Est. tempo de leitura\" \/>\n\t<meta name=\"twitter:data2\" content=\"1 minuto\" \/>\n<script type=\"application\/ld+json\" class=\"yoast-schema-graph\">{\"@context\":\"https:\/\/schema.org\",\"@graph\":[{\"@type\":\"Article\",\"@id\":\"https:\/\/blogdobispo.com.br\/?p=17893#article\",\"isPartOf\":{\"@id\":\"https:\/\/blogdobispo.com.br\/?p=17893\"},\"author\":{\"name\":\"Jefferson Sterfeno\",\"@id\":\"https:\/\/blogdobispo.com.br\/#\/schema\/person\/e2209cc0e6cea5c5233d033e997b373f\"},\"headline\":\"Grupo Silvio Santos lan\u00e7a canal de not\u00edcias SBT News com lideran\u00e7a de F\u00e1bio Faria\",\"datePublished\":\"2025-09-23T02:55:23+00:00\",\"mainEntityOfPage\":{\"@id\":\"https:\/\/blogdobispo.com.br\/?p=17893\"},\"wordCount\":175,\"commentCount\":0,\"publisher\":{\"@id\":\"https:\/\/blogdobispo.com.br\/#organization\"},\"image\":{\"@id\":\"https:\/\/blogdobispo.com.br\/?p=17893#primaryimage\"},\"thumbnailUrl\":\"https:\/\/i0.wp.com\/blogdobispo.com.br\/wp-content\/uploads\/2025\/09\/img_6828.png?fit=990%2C619&ssl=1\",\"articleSection\":[\"diversos\"],\"inLanguage\":\"pt-BR\",\"potentialAction\":[{\"@type\":\"CommentAction\",\"name\":\"Comment\",\"target\":[\"https:\/\/blogdobispo.com.br\/?p=17893#respond\"]}]},{\"@type\":\"WebPage\",\"@id\":\"https:\/\/blogdobispo.com.br\/?p=17893\",\"url\":\"https:\/\/blogdobispo.com.br\/?p=17893\",\"name\":\"Grupo Silvio Santos lan\u00e7a canal de not\u00edcias SBT News com lideran\u00e7a de F\u00e1bio Faria - Blog do Bispo\",\"isPartOf\":{\"@id\":\"https:\/\/blogdobispo.com.br\/#website\"},\"primaryImageOfPage\":{\"@id\":\"https:\/\/blogdobispo.com.br\/?p=17893#primaryimage\"},\"image\":{\"@id\":\"https:\/\/blogdobispo.com.br\/?p=17893#primaryimage\"},\"thumbnailUrl\":\"https:\/\/i0.wp.com\/blogdobispo.com.br\/wp-content\/uploads\/2025\/09\/img_6828.png?fit=990%2C619&ssl=1\",\"datePublished\":\"2025-09-23T02:55:23+00:00\",\"breadcrumb\":{\"@id\":\"https:\/\/blogdobispo.com.br\/?p=17893#breadcrumb\"},\"inLanguage\":\"pt-BR\",\"potentialAction\":[{\"@type\":\"ReadAction\",\"target\":[\"https:\/\/blogdobispo.com.br\/?p=17893\"]}]},{\"@type\":\"ImageObject\",\"inLanguage\":\"pt-BR\",\"@id\":\"https:\/\/blogdobispo.com.br\/?p=17893#primaryimage\",\"url\":\"https:\/\/i0.wp.com\/blogdobispo.com.br\/wp-content\/uploads\/2025\/09\/img_6828.png?fit=990%2C619&ssl=1\",\"contentUrl\":\"https:\/\/i0.wp.com\/blogdobispo.com.br\/wp-content\/uploads\/2025\/09\/img_6828.png?fit=990%2C619&ssl=1\",\"width\":990,\"height\":619},{\"@type\":\"BreadcrumbList\",\"@id\":\"https:\/\/blogdobispo.com.br\/?p=17893#breadcrumb\",\"itemListElement\":[{\"@type\":\"ListItem\",\"position\":1,\"name\":\"In\u00edcio\",\"item\":\"https:\/\/blogdobispo.com.br\/\"},{\"@type\":\"ListItem\",\"position\":2,\"name\":\"Grupo Silvio Santos lan\u00e7a canal de not\u00edcias SBT News com lideran\u00e7a de F\u00e1bio Faria\"}]},{\"@type\":\"WebSite\",\"@id\":\"https:\/\/blogdobispo.com.br\/#website\",\"url\":\"https:\/\/blogdobispo.com.br\/\",\"name\":\"Blog do Bispo\",\"description\":\"Comprometido apenas com o leitor\",\"publisher\":{\"@id\":\"https:\/\/blogdobispo.com.br\/#organization\"},\"potentialAction\":[{\"@type\":\"SearchAction\",\"target\":{\"@type\":\"EntryPoint\",\"urlTemplate\":\"https:\/\/blogdobispo.com.br\/?s={search_term_string}\"},\"query-input\":{\"@type\":\"PropertyValueSpecification\",\"valueRequired\":true,\"valueName\":\"search_term_string\"}}],\"inLanguage\":\"pt-BR\"},{\"@type\":\"Organization\",\"@id\":\"https:\/\/blogdobispo.com.br\/#organization\",\"name\":\"Blog do Bispo\",\"url\":\"https:\/\/blogdobispo.com.br\/\",\"logo\":{\"@type\":\"ImageObject\",\"inLanguage\":\"pt-BR\",\"@id\":\"https:\/\/blogdobispo.com.br\/#\/schema\/logo\/image\/\",\"url\":\"http:\/\/blogdobispo.com.br\/wp-content\/uploads\/2023\/05\/cropped-headear.png\",\"contentUrl\":\"http:\/\/blogdobispo.com.br\/wp-content\/uploads\/2023\/05\/cropped-headear.png\",\"width\":1500,\"height\":399,\"caption\":\"Blog do Bispo\"},\"image\":{\"@id\":\"https:\/\/blogdobispo.com.br\/#\/schema\/logo\/image\/\"}},{\"@type\":\"Person\",\"@id\":\"https:\/\/blogdobispo.com.br\/#\/schema\/person\/e2209cc0e6cea5c5233d033e997b373f\",\"name\":\"Jefferson Sterfeno\",\"image\":{\"@type\":\"ImageObject\",\"inLanguage\":\"pt-BR\",\"@id\":\"https:\/\/blogdobispo.com.br\/#\/schema\/person\/image\/\",\"url\":\"https:\/\/secure.gravatar.com\/avatar\/0534e84764641168a677026b6d57a3f51dc7ac4db0b4f6186d9cb330d4ee1160?s=96&d=mm&r=g\",\"contentUrl\":\"https:\/\/secure.gravatar.com\/avatar\/0534e84764641168a677026b6d57a3f51dc7ac4db0b4f6186d9cb330d4ee1160?s=96&d=mm&r=g\",\"caption\":\"Jefferson Sterfeno\"},\"sameAs\":[\"http:\/\/blogdobispo.com.br\"],\"url\":\"https:\/\/blogdobispo.com.br\/?author=1\"}]}<\/script>\n<!-- \/ Yoast SEO plugin. -->","yoast_head_json":{"title":"Grupo Silvio Santos lan\u00e7a canal de not\u00edcias SBT News com lideran\u00e7a de F\u00e1bio Faria - Blog do Bispo","robots":{"index":"index","follow":"follow","max-snippet":"max-snippet:-1","max-image-preview":"max-image-preview:large","max-video-preview":"max-video-preview:-1"},"canonical":"https:\/\/blogdobispo.com.br\/?p=17893","og_locale":"pt_BR","og_type":"article","og_title":"Grupo Silvio Santos lan\u00e7a canal de not\u00edcias SBT News com lideran\u00e7a de F\u00e1bio Faria - Blog do Bispo","og_description":"O Grupo Silvio Santos anunciou nesta segunda-feira (22) a cria\u00e7\u00e3o do SBT News, novo canal dedicado 24 horas ao jornalismo. A previs\u00e3o \u00e9 que a emissora entre em opera\u00e7\u00e3o ainda neste semestre, com transmiss\u00e3o em operadoras de TV por assinatura, plataformas digitais, YouTube e canais FAST. \u00c0 frente do projeto estar\u00e1 o ex-ministro das Comunica\u00e7\u00f5es [&hellip;]","og_url":"https:\/\/blogdobispo.com.br\/?p=17893","og_site_name":"Blog do Bispo","article_published_time":"2025-09-23T02:55:23+00:00","og_image":[{"url":"https:\/\/blogdobispo.com.br\/wp-content\/uploads\/2025\/09\/img_6828.png","type":"","width":"","height":""}],"author":"Jefferson Sterfeno","twitter_card":"summary_large_image","twitter_misc":{"Escrito por":"Jefferson Sterfeno","Est. tempo de leitura":"1 minuto"},"schema":{"@context":"https:\/\/schema.org","@graph":[{"@type":"Article","@id":"https:\/\/blogdobispo.com.br\/?p=17893#article","isPartOf":{"@id":"https:\/\/blogdobispo.com.br\/?p=17893"},"author":{"name":"Jefferson Sterfeno","@id":"https:\/\/blogdobispo.com.br\/#\/schema\/person\/e2209cc0e6cea5c5233d033e997b373f"},"headline":"Grupo Silvio Santos lan\u00e7a canal de not\u00edcias SBT News com lideran\u00e7a de F\u00e1bio Faria","datePublished":"2025-09-23T02:55:23+00:00","mainEntityOfPage":{"@id":"https:\/\/blogdobispo.com.br\/?p=17893"},"wordCount":175,"commentCount":0,"publisher":{"@id":"https:\/\/blogdobispo.com.br\/#organization"},"image":{"@id":"https:\/\/blogdobispo.com.br\/?p=17893#primaryimage"},"thumbnailUrl":"https:\/\/i0.wp.com\/blogdobispo.com.br\/wp-content\/uploads\/2025\/09\/img_6828.png?fit=990%2C619&ssl=1","articleSection":["diversos"],"inLanguage":"pt-BR","potentialAction":[{"@type":"CommentAction","name":"Comment","target":["https:\/\/blogdobispo.com.br\/?p=17893#respond"]}]},{"@type":"WebPage","@id":"https:\/\/blogdobispo.com.br\/?p=17893","url":"https:\/\/blogdobispo.com.br\/?p=17893","name":"Grupo Silvio Santos lan\u00e7a canal de not\u00edcias SBT News com lideran\u00e7a de F\u00e1bio Faria - Blog do Bispo","isPartOf":{"@id":"https:\/\/blogdobispo.com.br\/#website"},"primaryImageOfPage":{"@id":"https:\/\/blogdobispo.com.br\/?p=17893#primaryimage"},"image":{"@id":"https:\/\/blogdobispo.com.br\/?p=17893#primaryimage"},"thumbnailUrl":"https:\/\/i0.wp.com\/blogdobispo.com.br\/wp-content\/uploads\/2025\/09\/img_6828.png?fit=990%2C619&ssl=1","datePublished":"2025-09-23T02:55:23+00:00","breadcrumb":{"@id":"https:\/\/blogdobispo.com.br\/?p=17893#breadcrumb"},"inLanguage":"pt-BR","potentialAction":[{"@type":"ReadAction","target":["https:\/\/blogdobispo.com.br\/?p=17893"]}]},{"@type":"ImageObject","inLanguage":"pt-BR","@id":"https:\/\/blogdobispo.com.br\/?p=17893#primaryimage","url":"https:\/\/i0.wp.com\/blogdobispo.com.br\/wp-content\/uploads\/2025\/09\/img_6828.png?fit=990%2C619&ssl=1","contentUrl":"https:\/\/i0.wp.com\/blogdobispo.com.br\/wp-content\/uploads\/2025\/09\/img_6828.png?fit=990%2C619&ssl=1","width":990,"height":619},{"@type":"BreadcrumbList","@id":"https:\/\/blogdobispo.com.br\/?p=17893#breadcrumb","itemListElement":[{"@type":"ListItem","position":1,"name":"In\u00edcio","item":"https:\/\/blogdobispo.com.br\/"},{"@type":"ListItem","position":2,"name":"Grupo Silvio Santos lan\u00e7a canal de not\u00edcias SBT News com lideran\u00e7a de F\u00e1bio Faria"}]},{"@type":"WebSite","@id":"https:\/\/blogdobispo.com.br\/#website","url":"https:\/\/blogdobispo.com.br\/","name":"Blog do Bispo","description":"Comprometido apenas com o leitor","publisher":{"@id":"https:\/\/blogdobispo.com.br\/#organization"},"potentialAction":[{"@type":"SearchAction","target":{"@type":"EntryPoint","urlTemplate":"https:\/\/blogdobispo.com.br\/?s={search_term_string}"},"query-input":{"@type":"PropertyValueSpecification","valueRequired":true,"valueName":"search_term_string"}}],"inLanguage":"pt-BR"},{"@type":"Organization","@id":"https:\/\/blogdobispo.com.br\/#organization","name":"Blog do Bispo","url":"https:\/\/blogdobispo.com.br\/","logo":{"@type":"ImageObject","inLanguage":"pt-BR","@id":"https:\/\/blogdobispo.com.br\/#\/schema\/logo\/image\/","url":"http:\/\/blogdobispo.com.br\/wp-content\/uploads\/2023\/05\/cropped-headear.png","contentUrl":"http:\/\/blogdobispo.com.br\/wp-content\/uploads\/2023\/05\/cropped-headear.png","width":1500,"height":399,"caption":"Blog do Bispo"},"image":{"@id":"https:\/\/blogdobispo.com.br\/#\/schema\/logo\/image\/"}},{"@type":"Person","@id":"https:\/\/blogdobispo.com.br\/#\/schema\/person\/e2209cc0e6cea5c5233d033e997b373f","name":"Jefferson Sterfeno","image":{"@type":"ImageObject","inLanguage":"pt-BR","@id":"https:\/\/blogdobispo.com.br\/#\/schema\/person\/image\/","url":"https:\/\/secure.gravatar.com\/avatar\/0534e84764641168a677026b6d57a3f51dc7ac4db0b4f6186d9cb330d4ee1160?s=96&d=mm&r=g","contentUrl":"https:\/\/secure.gravatar.com\/avatar\/0534e84764641168a677026b6d57a3f51dc7ac4db0b4f6186d9cb330d4ee1160?s=96&d=mm&r=g","caption":"Jefferson Sterfeno"},"sameAs":["http:\/\/blogdobispo.com.br"],"url":"https:\/\/blogdobispo.com.br\/?author=1"}]}},"featured_image_urls":{"full":["https:\/\/i0.wp.com\/blogdobispo.com.br\/wp-content\/uploads\/2025\/09\/img_6828.png?fit=990%2C619&ssl=1",990,619,false],"thumbnail":["https:\/\/i0.wp.com\/blogdobispo.com.br\/wp-content\/uploads\/2025\/09\/img_6828.png?resize=150%2C150&ssl=1",150,150,true],"medium":["https:\/\/i0.wp.com\/blogdobispo.com.br\/wp-content\/uploads\/2025\/09\/img_6828.png?fit=300%2C188&ssl=1",300,188,true],"medium_large":["https:\/\/i0.wp.com\/blogdobispo.com.br\/wp-content\/uploads\/2025\/09\/img_6828.png?fit=768%2C480&ssl=1",768,480,true],"large":["https:\/\/i0.wp.com\/blogdobispo.com.br\/wp-content\/uploads\/2025\/09\/img_6828.png?fit=800%2C500&ssl=1",800,500,true],"1536x1536":["https:\/\/i0.wp.com\/blogdobispo.com.br\/wp-content\/uploads\/2025\/09\/img_6828.png?fit=990%2C619&ssl=1",990,619,true],"2048x2048":["https:\/\/i0.wp.com\/blogdobispo.com.br\/wp-content\/uploads\/2025\/09\/img_6828.png?fit=990%2C619&ssl=1",990,619,true]},"author_info":{"display_name":"Jefferson Sterfeno","author_link":"https:\/\/blogdobispo.com.br\/?author=1"},"category_info":"<a href=\"https:\/\/blogdobispo.com.br\/?cat=1\" rel=\"category\">diversos<\/a>","tag_info":"diversos","comment_count":"0","jetpack_featured_media_url":"https:\/\/i0.wp.com\/blogdobispo.com.br\/wp-content\/uploads\/2025\/09\/img_6828.png?fit=990%2C619&ssl=1","jetpack_sharing_enabled":true,"_links":{"self":[{"href":"https:\/\/blogdobispo.com.br\/index.php?rest_route=\/wp\/v2\/posts\/17893","targetHints":{"allow":["GET"]}}],"collection":[{"href":"https:\/\/blogdobispo.com.br\/index.php?rest_route=\/wp\/v2\/posts"}],"about":[{"href":"https:\/\/blogdobispo.com.br\/index.php?rest_route=\/wp\/v2\/types\/post"}],"author":[{"embeddable":true,"href":"https:\/\/blogdobispo.com.br\/index.php?rest_route=\/wp\/v2\/users\/1"}],"replies":[{"embeddable":true,"href":"https:\/\/blogdobispo.com.br\/index.php?rest_route=%2Fwp%2Fv2%2Fcomments&post=17893"}],"version-history":[{"count":0,"href":"https:\/\/blogdobispo.com.br\/index.php?rest_route=\/wp\/v2\/posts\/17893\/revisions"}],"wp:featuredmedia":[{"embeddable":true,"href":"https:\/\/blogdobispo.com.br\/index.php?rest_route=\/wp\/v2\/media\/17892"}],"wp:attachment":[{"href":"https:\/\/blogdobispo.com.br\/index.php?rest_route=%2Fwp%2Fv2%2Fmedia&parent=17893"}],"wp:term":[{"taxonomy":"category","embeddable":true,"href":"https:\/\/blogdobispo.com.br\/index.php?rest_route=%2Fwp%2Fv2%2Fcategories&post=17893"},{"taxonomy":"post_tag","embeddable":true,"href":"https:\/\/blogdobispo.com.br\/index.php?rest_route=%2Fwp%2Fv2%2Ftags&post=17893"}],"curies":[{"name":"wp","href":"https:\/\/api.w.org\/{rel}","templated":true}]}}