{"id":17889,"date":"2025-09-22T22:30:29","date_gmt":"2025-09-22T22:30:29","guid":{"rendered":"https:\/\/blogdobispo.com.br\/?p=17889"},"modified":"2025-09-22T22:30:29","modified_gmt":"2025-09-22T22:30:29","slug":"jet-avalia-primeiro-dia-de-patinetes-em-natal-como-dentro-da-normalidade","status":"publish","type":"post","link":"https:\/\/blogdobispo.com.br\/?p=17889","title":{"rendered":"JET avalia primeiro dia de patinetes em Natal como dentro da normalidade"},"content":{"rendered":"\n<figure class=\"wp-block-image size-large\"><img data-recalc-dims=\"1\" fetchpriority=\"high\" decoding=\"async\" width=\"576\" height=\"1024\" src=\"https:\/\/i0.wp.com\/blogdobispo.com.br\/wp-content\/uploads\/2025\/09\/b5f7d8fa-3d56-4255-9e9c-39e3d80ac826-576x1024.jpg?resize=576%2C1024&#038;ssl=1\" class=\"wp-image-17888\" srcset=\"https:\/\/i0.wp.com\/blogdobispo.com.br\/wp-content\/uploads\/2025\/09\/b5f7d8fa-3d56-4255-9e9c-39e3d80ac826.jpg?resize=576%2C1024&amp;ssl=1 576w, https:\/\/i0.wp.com\/blogdobispo.com.br\/wp-content\/uploads\/2025\/09\/b5f7d8fa-3d56-4255-9e9c-39e3d80ac826.jpg?resize=169%2C300&amp;ssl=1 169w, https:\/\/i0.wp.com\/blogdobispo.com.br\/wp-content\/uploads\/2025\/09\/b5f7d8fa-3d56-4255-9e9c-39e3d80ac826.jpg?resize=768%2C1365&amp;ssl=1 768w, https:\/\/i0.wp.com\/blogdobispo.com.br\/wp-content\/uploads\/2025\/09\/b5f7d8fa-3d56-4255-9e9c-39e3d80ac826.jpg?resize=864%2C1536&amp;ssl=1 864w, https:\/\/i0.wp.com\/blogdobispo.com.br\/wp-content\/uploads\/2025\/09\/b5f7d8fa-3d56-4255-9e9c-39e3d80ac826.jpg?w=1125&amp;ssl=1 1125w\" sizes=\"(max-width: 576px) 100vw, 576px\" \/><\/figure>\n\n\n\n<p class=\"p2\"><\/p>\n\n\n\n<p class=\"p2\">A empresa JET Mobilidade avaliou como dentro da normalidade o primeiro dia de funcionamento do sistema de patinetes el\u00e9tricos em Natal. A novidade, fruto de uma parceria p\u00fablico-privada entre a JET e a Prefeitura do Natal, foi articulada pela Secretaria Municipal de Concess\u00f5es, Parcerias, Empreendedorismo e Inova\u00e7\u00e3o, comandada por Arthur Dutra, em conjunto com a STTU, que tem \u00e0 frente a secret\u00e1ria J\u00f3dia Melo.<\/p>\n\n\n\n<p class=\"p2\">Apesar de nas redes sociais ter circulado uma foto de um patinete dentro de uma resid\u00eancia, a empresa esclareceu que o usu\u00e1rio em quest\u00e3o estava utilizando o servi\u00e7o normalmente, pagando pelo tempo em que permaneceu com o equipamento. Enquanto fazia as fotos, os cr\u00e9ditos estavam sendo descontados diretamente do cart\u00e3o de cr\u00e9dito vinculado ao aplicativo, e logo em seguida o patinete foi devolvido a um dos pontos oficiais de estacionamento.<\/p>\n\n\n\n<p class=\"p2\">O lan\u00e7amento foi considerado um sucesso de coment\u00e1rios positivos nas redes sociais, com muitos usu\u00e1rios relatando encantamento e curiosidade pela novidade. A JET destacou que esse retorno espont\u00e2neo mostra a receptividade da popula\u00e7\u00e3o natalense a novas formas de mobilidade urbana.<\/p>\n\n\n\n<p class=\"p2\">A empresa adiantou ainda que, em breve, outras \u00e1reas da cidade ser\u00e3o liberadas para uso dos patinetes, ampliando as chamadas \u201czonas azuis de circula\u00e7\u00e3o\u201d. Entre os locais previstos est\u00e3o a Avenida Moema Tinoco e a Rua Conselheiro Trist\u00e3o, que dever\u00e3o integrar a malha de pontos de estacionamento e circula\u00e7\u00e3o dos equipamentos.<\/p>\n\n\n\n<p class=\"p2\">Com a boa receptividade inicial, a expectativa \u00e9 que o servi\u00e7o cres\u00e7a e se consolide como uma alternativa pr\u00e1tica e sustent\u00e1vel de deslocamento na capital potiguar.<\/p>\n","protected":false},"excerpt":{"rendered":"<p>A empresa JET Mobilidade avaliou como dentro da normalidade o primeiro dia de funcionamento do sistema de patinetes el\u00e9tricos em Natal. A novidade, fruto de uma parceria p\u00fablico-privada entre a JET e a Prefeitura do Natal, foi articulada pela Secretaria Municipal de Concess\u00f5es, Parcerias, Empreendedorismo e Inova\u00e7\u00e3o, comandada por Arthur Dutra, em conjunto com a [&hellip;]<\/p>\n","protected":false},"author":1,"featured_media":0,"comment_status":"open","ping_status":"open","sticky":false,"template":"","format":"standard","meta":{"cybocfi_hide_featured_image":"","_jetpack_memberships_contains_paid_content":false,"footnotes":""},"categories":[1],"tags":[],"class_list":["post-17889","post","type-post","status-publish","format-standard","hentry","category-diversos"],"yoast_head":"<!-- This site is optimized with the Yoast SEO plugin v25.6 - https:\/\/yoast.com\/wordpress\/plugins\/seo\/ -->\n<title>JET avalia primeiro dia de patinetes em Natal como dentro da normalidade - Blog do Bispo<\/title>\n<meta name=\"robots\" content=\"index, follow, max-snippet:-1, max-image-preview:large, max-video-preview:-1\" \/>\n<link rel=\"canonical\" href=\"https:\/\/blogdobispo.com.br\/?p=17889\" \/>\n<meta property=\"og:locale\" content=\"pt_BR\" \/>\n<meta property=\"og:type\" content=\"article\" \/>\n<meta property=\"og:title\" content=\"JET avalia primeiro dia de patinetes em Natal como dentro da normalidade - Blog do Bispo\" \/>\n<meta property=\"og:description\" content=\"A empresa JET Mobilidade avaliou como dentro da normalidade o primeiro dia de funcionamento do sistema de patinetes el\u00e9tricos em Natal. A novidade, fruto de uma parceria p\u00fablico-privada entre a JET e a Prefeitura do Natal, foi articulada pela Secretaria Municipal de Concess\u00f5es, Parcerias, Empreendedorismo e Inova\u00e7\u00e3o, comandada por Arthur Dutra, em conjunto com a [&hellip;]\" \/>\n<meta property=\"og:url\" content=\"https:\/\/blogdobispo.com.br\/?p=17889\" \/>\n<meta property=\"og:site_name\" content=\"Blog do Bispo\" \/>\n<meta property=\"article:published_time\" content=\"2025-09-22T22:30:29+00:00\" \/>\n<meta property=\"og:image\" content=\"https:\/\/blogdobispo.com.br\/wp-content\/uploads\/2025\/09\/b5f7d8fa-3d56-4255-9e9c-39e3d80ac826-576x1024.jpg\" \/>\n<meta name=\"author\" content=\"Jefferson Sterfeno\" \/>\n<meta name=\"twitter:card\" content=\"summary_large_image\" \/>\n<meta name=\"twitter:label1\" content=\"Escrito por\" \/>\n\t<meta name=\"twitter:data1\" content=\"Jefferson Sterfeno\" \/>\n\t<meta name=\"twitter:label2\" content=\"Est. tempo de leitura\" \/>\n\t<meta name=\"twitter:data2\" content=\"1 minuto\" \/>\n<script type=\"application\/ld+json\" class=\"yoast-schema-graph\">{\"@context\":\"https:\/\/schema.org\",\"@graph\":[{\"@type\":\"Article\",\"@id\":\"https:\/\/blogdobispo.com.br\/?p=17889#article\",\"isPartOf\":{\"@id\":\"https:\/\/blogdobispo.com.br\/?p=17889\"},\"author\":{\"name\":\"Jefferson Sterfeno\",\"@id\":\"https:\/\/blogdobispo.com.br\/#\/schema\/person\/e2209cc0e6cea5c5233d033e997b373f\"},\"headline\":\"JET avalia primeiro dia de patinetes em Natal como dentro da normalidade\",\"datePublished\":\"2025-09-22T22:30:29+00:00\",\"mainEntityOfPage\":{\"@id\":\"https:\/\/blogdobispo.com.br\/?p=17889\"},\"wordCount\":289,\"commentCount\":0,\"publisher\":{\"@id\":\"https:\/\/blogdobispo.com.br\/#organization\"},\"image\":{\"@id\":\"https:\/\/blogdobispo.com.br\/?p=17889#primaryimage\"},\"thumbnailUrl\":\"https:\/\/blogdobispo.com.br\/wp-content\/uploads\/2025\/09\/b5f7d8fa-3d56-4255-9e9c-39e3d80ac826-576x1024.jpg\",\"articleSection\":[\"diversos\"],\"inLanguage\":\"pt-BR\",\"potentialAction\":[{\"@type\":\"CommentAction\",\"name\":\"Comment\",\"target\":[\"https:\/\/blogdobispo.com.br\/?p=17889#respond\"]}]},{\"@type\":\"WebPage\",\"@id\":\"https:\/\/blogdobispo.com.br\/?p=17889\",\"url\":\"https:\/\/blogdobispo.com.br\/?p=17889\",\"name\":\"JET avalia primeiro dia de patinetes em Natal como dentro da normalidade - Blog do Bispo\",\"isPartOf\":{\"@id\":\"https:\/\/blogdobispo.com.br\/#website\"},\"primaryImageOfPage\":{\"@id\":\"https:\/\/blogdobispo.com.br\/?p=17889#primaryimage\"},\"image\":{\"@id\":\"https:\/\/blogdobispo.com.br\/?p=17889#primaryimage\"},\"thumbnailUrl\":\"https:\/\/blogdobispo.com.br\/wp-content\/uploads\/2025\/09\/b5f7d8fa-3d56-4255-9e9c-39e3d80ac826-576x1024.jpg\",\"datePublished\":\"2025-09-22T22:30:29+00:00\",\"breadcrumb\":{\"@id\":\"https:\/\/blogdobispo.com.br\/?p=17889#breadcrumb\"},\"inLanguage\":\"pt-BR\",\"potentialAction\":[{\"@type\":\"ReadAction\",\"target\":[\"https:\/\/blogdobispo.com.br\/?p=17889\"]}]},{\"@type\":\"ImageObject\",\"inLanguage\":\"pt-BR\",\"@id\":\"https:\/\/blogdobispo.com.br\/?p=17889#primaryimage\",\"url\":\"https:\/\/blogdobispo.com.br\/wp-content\/uploads\/2025\/09\/b5f7d8fa-3d56-4255-9e9c-39e3d80ac826-576x1024.jpg\",\"contentUrl\":\"https:\/\/blogdobispo.com.br\/wp-content\/uploads\/2025\/09\/b5f7d8fa-3d56-4255-9e9c-39e3d80ac826-576x1024.jpg\"},{\"@type\":\"BreadcrumbList\",\"@id\":\"https:\/\/blogdobispo.com.br\/?p=17889#breadcrumb\",\"itemListElement\":[{\"@type\":\"ListItem\",\"position\":1,\"name\":\"In\u00edcio\",\"item\":\"https:\/\/blogdobispo.com.br\/\"},{\"@type\":\"ListItem\",\"position\":2,\"name\":\"JET avalia primeiro dia de patinetes em Natal como dentro da normalidade\"}]},{\"@type\":\"WebSite\",\"@id\":\"https:\/\/blogdobispo.com.br\/#website\",\"url\":\"https:\/\/blogdobispo.com.br\/\",\"name\":\"Blog do Bispo\",\"description\":\"Comprometido apenas com o leitor\",\"publisher\":{\"@id\":\"https:\/\/blogdobispo.com.br\/#organization\"},\"potentialAction\":[{\"@type\":\"SearchAction\",\"target\":{\"@type\":\"EntryPoint\",\"urlTemplate\":\"https:\/\/blogdobispo.com.br\/?s={search_term_string}\"},\"query-input\":{\"@type\":\"PropertyValueSpecification\",\"valueRequired\":true,\"valueName\":\"search_term_string\"}}],\"inLanguage\":\"pt-BR\"},{\"@type\":\"Organization\",\"@id\":\"https:\/\/blogdobispo.com.br\/#organization\",\"name\":\"Blog do Bispo\",\"url\":\"https:\/\/blogdobispo.com.br\/\",\"logo\":{\"@type\":\"ImageObject\",\"inLanguage\":\"pt-BR\",\"@id\":\"https:\/\/blogdobispo.com.br\/#\/schema\/logo\/image\/\",\"url\":\"http:\/\/blogdobispo.com.br\/wp-content\/uploads\/2023\/05\/cropped-headear.png\",\"contentUrl\":\"http:\/\/blogdobispo.com.br\/wp-content\/uploads\/2023\/05\/cropped-headear.png\",\"width\":1500,\"height\":399,\"caption\":\"Blog do Bispo\"},\"image\":{\"@id\":\"https:\/\/blogdobispo.com.br\/#\/schema\/logo\/image\/\"}},{\"@type\":\"Person\",\"@id\":\"https:\/\/blogdobispo.com.br\/#\/schema\/person\/e2209cc0e6cea5c5233d033e997b373f\",\"name\":\"Jefferson Sterfeno\",\"image\":{\"@type\":\"ImageObject\",\"inLanguage\":\"pt-BR\",\"@id\":\"https:\/\/blogdobispo.com.br\/#\/schema\/person\/image\/\",\"url\":\"https:\/\/secure.gravatar.com\/avatar\/0534e84764641168a677026b6d57a3f51dc7ac4db0b4f6186d9cb330d4ee1160?s=96&d=mm&r=g\",\"contentUrl\":\"https:\/\/secure.gravatar.com\/avatar\/0534e84764641168a677026b6d57a3f51dc7ac4db0b4f6186d9cb330d4ee1160?s=96&d=mm&r=g\",\"caption\":\"Jefferson Sterfeno\"},\"sameAs\":[\"http:\/\/blogdobispo.com.br\"],\"url\":\"https:\/\/blogdobispo.com.br\/?author=1\"}]}<\/script>\n<!-- \/ Yoast SEO plugin. -->","yoast_head_json":{"title":"JET avalia primeiro dia de patinetes em Natal como dentro da normalidade - Blog do Bispo","robots":{"index":"index","follow":"follow","max-snippet":"max-snippet:-1","max-image-preview":"max-image-preview:large","max-video-preview":"max-video-preview:-1"},"canonical":"https:\/\/blogdobispo.com.br\/?p=17889","og_locale":"pt_BR","og_type":"article","og_title":"JET avalia primeiro dia de patinetes em Natal como dentro da normalidade - Blog do Bispo","og_description":"A empresa JET Mobilidade avaliou como dentro da normalidade o primeiro dia de funcionamento do sistema de patinetes el\u00e9tricos em Natal. A novidade, fruto de uma parceria p\u00fablico-privada entre a JET e a Prefeitura do Natal, foi articulada pela Secretaria Municipal de Concess\u00f5es, Parcerias, Empreendedorismo e Inova\u00e7\u00e3o, comandada por Arthur Dutra, em conjunto com a [&hellip;]","og_url":"https:\/\/blogdobispo.com.br\/?p=17889","og_site_name":"Blog do Bispo","article_published_time":"2025-09-22T22:30:29+00:00","og_image":[{"url":"https:\/\/blogdobispo.com.br\/wp-content\/uploads\/2025\/09\/b5f7d8fa-3d56-4255-9e9c-39e3d80ac826-576x1024.jpg","type":"","width":"","height":""}],"author":"Jefferson Sterfeno","twitter_card":"summary_large_image","twitter_misc":{"Escrito por":"Jefferson Sterfeno","Est. tempo de leitura":"1 minuto"},"schema":{"@context":"https:\/\/schema.org","@graph":[{"@type":"Article","@id":"https:\/\/blogdobispo.com.br\/?p=17889#article","isPartOf":{"@id":"https:\/\/blogdobispo.com.br\/?p=17889"},"author":{"name":"Jefferson Sterfeno","@id":"https:\/\/blogdobispo.com.br\/#\/schema\/person\/e2209cc0e6cea5c5233d033e997b373f"},"headline":"JET avalia primeiro dia de patinetes em Natal como dentro da normalidade","datePublished":"2025-09-22T22:30:29+00:00","mainEntityOfPage":{"@id":"https:\/\/blogdobispo.com.br\/?p=17889"},"wordCount":289,"commentCount":0,"publisher":{"@id":"https:\/\/blogdobispo.com.br\/#organization"},"image":{"@id":"https:\/\/blogdobispo.com.br\/?p=17889#primaryimage"},"thumbnailUrl":"https:\/\/blogdobispo.com.br\/wp-content\/uploads\/2025\/09\/b5f7d8fa-3d56-4255-9e9c-39e3d80ac826-576x1024.jpg","articleSection":["diversos"],"inLanguage":"pt-BR","potentialAction":[{"@type":"CommentAction","name":"Comment","target":["https:\/\/blogdobispo.com.br\/?p=17889#respond"]}]},{"@type":"WebPage","@id":"https:\/\/blogdobispo.com.br\/?p=17889","url":"https:\/\/blogdobispo.com.br\/?p=17889","name":"JET avalia primeiro dia de patinetes em Natal como dentro da normalidade - Blog do Bispo","isPartOf":{"@id":"https:\/\/blogdobispo.com.br\/#website"},"primaryImageOfPage":{"@id":"https:\/\/blogdobispo.com.br\/?p=17889#primaryimage"},"image":{"@id":"https:\/\/blogdobispo.com.br\/?p=17889#primaryimage"},"thumbnailUrl":"https:\/\/blogdobispo.com.br\/wp-content\/uploads\/2025\/09\/b5f7d8fa-3d56-4255-9e9c-39e3d80ac826-576x1024.jpg","datePublished":"2025-09-22T22:30:29+00:00","breadcrumb":{"@id":"https:\/\/blogdobispo.com.br\/?p=17889#breadcrumb"},"inLanguage":"pt-BR","potentialAction":[{"@type":"ReadAction","target":["https:\/\/blogdobispo.com.br\/?p=17889"]}]},{"@type":"ImageObject","inLanguage":"pt-BR","@id":"https:\/\/blogdobispo.com.br\/?p=17889#primaryimage","url":"https:\/\/blogdobispo.com.br\/wp-content\/uploads\/2025\/09\/b5f7d8fa-3d56-4255-9e9c-39e3d80ac826-576x1024.jpg","contentUrl":"https:\/\/blogdobispo.com.br\/wp-content\/uploads\/2025\/09\/b5f7d8fa-3d56-4255-9e9c-39e3d80ac826-576x1024.jpg"},{"@type":"BreadcrumbList","@id":"https:\/\/blogdobispo.com.br\/?p=17889#breadcrumb","itemListElement":[{"@type":"ListItem","position":1,"name":"In\u00edcio","item":"https:\/\/blogdobispo.com.br\/"},{"@type":"ListItem","position":2,"name":"JET avalia primeiro dia de patinetes em Natal como dentro da normalidade"}]},{"@type":"WebSite","@id":"https:\/\/blogdobispo.com.br\/#website","url":"https:\/\/blogdobispo.com.br\/","name":"Blog do Bispo","description":"Comprometido apenas com o leitor","publisher":{"@id":"https:\/\/blogdobispo.com.br\/#organization"},"potentialAction":[{"@type":"SearchAction","target":{"@type":"EntryPoint","urlTemplate":"https:\/\/blogdobispo.com.br\/?s={search_term_string}"},"query-input":{"@type":"PropertyValueSpecification","valueRequired":true,"valueName":"search_term_string"}}],"inLanguage":"pt-BR"},{"@type":"Organization","@id":"https:\/\/blogdobispo.com.br\/#organization","name":"Blog do Bispo","url":"https:\/\/blogdobispo.com.br\/","logo":{"@type":"ImageObject","inLanguage":"pt-BR","@id":"https:\/\/blogdobispo.com.br\/#\/schema\/logo\/image\/","url":"http:\/\/blogdobispo.com.br\/wp-content\/uploads\/2023\/05\/cropped-headear.png","contentUrl":"http:\/\/blogdobispo.com.br\/wp-content\/uploads\/2023\/05\/cropped-headear.png","width":1500,"height":399,"caption":"Blog do Bispo"},"image":{"@id":"https:\/\/blogdobispo.com.br\/#\/schema\/logo\/image\/"}},{"@type":"Person","@id":"https:\/\/blogdobispo.com.br\/#\/schema\/person\/e2209cc0e6cea5c5233d033e997b373f","name":"Jefferson Sterfeno","image":{"@type":"ImageObject","inLanguage":"pt-BR","@id":"https:\/\/blogdobispo.com.br\/#\/schema\/person\/image\/","url":"https:\/\/secure.gravatar.com\/avatar\/0534e84764641168a677026b6d57a3f51dc7ac4db0b4f6186d9cb330d4ee1160?s=96&d=mm&r=g","contentUrl":"https:\/\/secure.gravatar.com\/avatar\/0534e84764641168a677026b6d57a3f51dc7ac4db0b4f6186d9cb330d4ee1160?s=96&d=mm&r=g","caption":"Jefferson Sterfeno"},"sameAs":["http:\/\/blogdobispo.com.br"],"url":"https:\/\/blogdobispo.com.br\/?author=1"}]}},"featured_image_urls":{"full":"","thumbnail":"","medium":"","medium_large":"","large":"","1536x1536":"","2048x2048":""},"author_info":{"display_name":"Jefferson Sterfeno","author_link":"https:\/\/blogdobispo.com.br\/?author=1"},"category_info":"<a href=\"https:\/\/blogdobispo.com.br\/?cat=1\" rel=\"category\">diversos<\/a>","tag_info":"diversos","comment_count":"0","jetpack_featured_media_url":"","jetpack_sharing_enabled":true,"_links":{"self":[{"href":"https:\/\/blogdobispo.com.br\/index.php?rest_route=\/wp\/v2\/posts\/17889","targetHints":{"allow":["GET"]}}],"collection":[{"href":"https:\/\/blogdobispo.com.br\/index.php?rest_route=\/wp\/v2\/posts"}],"about":[{"href":"https:\/\/blogdobispo.com.br\/index.php?rest_route=\/wp\/v2\/types\/post"}],"author":[{"embeddable":true,"href":"https:\/\/blogdobispo.com.br\/index.php?rest_route=\/wp\/v2\/users\/1"}],"replies":[{"embeddable":true,"href":"https:\/\/blogdobispo.com.br\/index.php?rest_route=%2Fwp%2Fv2%2Fcomments&post=17889"}],"version-history":[{"count":0,"href":"https:\/\/blogdobispo.com.br\/index.php?rest_route=\/wp\/v2\/posts\/17889\/revisions"}],"wp:attachment":[{"href":"https:\/\/blogdobispo.com.br\/index.php?rest_route=%2Fwp%2Fv2%2Fmedia&parent=17889"}],"wp:term":[{"taxonomy":"category","embeddable":true,"href":"https:\/\/blogdobispo.com.br\/index.php?rest_route=%2Fwp%2Fv2%2Fcategories&post=17889"},{"taxonomy":"post_tag","embeddable":true,"href":"https:\/\/blogdobispo.com.br\/index.php?rest_route=%2Fwp%2Fv2%2Ftags&post=17889"}],"curies":[{"name":"wp","href":"https:\/\/api.w.org\/{rel}","templated":true}]}}