{"id":17879,"date":"2025-09-22T16:48:36","date_gmt":"2025-09-22T16:48:36","guid":{"rendered":"https:\/\/blogdobispo.com.br\/?p=17879"},"modified":"2025-09-22T16:48:36","modified_gmt":"2025-09-22T16:48:36","slug":"dia-mundial-sem-carro-prefeitura-de-natal-realiza-trajeto-simbolico-com-bicicletas-e-patinetes","status":"publish","type":"post","link":"https:\/\/blogdobispo.com.br\/?p=17879","title":{"rendered":"Dia Mundial Sem Carro: Prefeitura de Natal realiza trajeto simb\u00f3lico com bicicletas e patinetes"},"content":{"rendered":"<p>Nesta segunda-feira (22) pela manh\u00e3, em comemora\u00e7\u00e3o ao Dia Mundial Sem Carro, um grupo de gestores e servidores da Prefeitura do Natal realiza um percurso de aproximadamente 4 km utilizando bicicletas e patinetes el\u00e9tricos, promovendo a conscientiza\u00e7\u00e3o sobre a mobilidade urbana sustent\u00e1vel.<\/p>\n<p>A concentra\u00e7\u00e3o acontece na Avenida Nascimento de Castro com a Rua Jaguarari. O trajeto seguir\u00e1 pela Rua Jaguarari, Rua Segundo Wanderley, Avenida Coronel Estevam, Avenida Rio Branco, Rua Dr. Helton Carrilho, Rua Santo Ant\u00f4nio, Rua da Concei\u00e7\u00e3o, at\u00e9 o Pal\u00e1cio Felipe Camar\u00e3o, sede da Prefeitura.<\/p>\n<p>Segundo a secret\u00e1ria municipal de Mobilidade Urbana, J\u00f3dia Melo, a iniciativa busca chamar a aten\u00e7\u00e3o para a necessidade de repensar a forma como as pessoas se deslocam na cidade:<\/p>\n<p>\u201cMais do que um ato simb\u00f3lico, esse momento \u00e9 um convite \u00e0 reflex\u00e3o sobre as pol\u00edticas p\u00fablicas de mobilidade. Precisamos colocar as pessoas no centro do planejamento urbano, incentivando modais sustent\u00e1veis e acess\u00edveis a todos\u201d, afirmou.<\/p>\n<p>A a\u00e7\u00e3o integra as estrat\u00e9gias da Prefeitura de Natal para estimular pr\u00e1ticas de mobilidade que reduzam o uso excessivo do autom\u00f3vel, promovam qualidade de vida e contribuam para a constru\u00e7\u00e3o de uma cidade mais resiliente e inteligente.<\/p>\n","protected":false},"excerpt":{"rendered":"<p>Nesta segunda-feira (22) pela manh\u00e3, em comemora\u00e7\u00e3o ao Dia Mundial Sem Carro, um grupo de gestores e servidores da Prefeitura do Natal realiza um percurso de aproximadamente 4 km utilizando bicicletas e patinetes el\u00e9tricos, promovendo a conscientiza\u00e7\u00e3o sobre a mobilidade urbana sustent\u00e1vel. A concentra\u00e7\u00e3o acontece na Avenida Nascimento de Castro com a Rua Jaguarari. O [&hellip;]<\/p>\n","protected":false},"author":3,"featured_media":17880,"comment_status":"open","ping_status":"open","sticky":false,"template":"","format":"standard","meta":{"cybocfi_hide_featured_image":"","_jetpack_memberships_contains_paid_content":false,"footnotes":""},"categories":[12],"tags":[],"class_list":["post-17879","post","type-post","status-publish","format-standard","has-post-thumbnail","hentry","category-cidadania"],"yoast_head":"<!-- This site is optimized with the Yoast SEO plugin v25.6 - https:\/\/yoast.com\/wordpress\/plugins\/seo\/ -->\n<title>Dia Mundial Sem Carro: Prefeitura de Natal realiza trajeto simb\u00f3lico com bicicletas e patinetes - Blog do Bispo<\/title>\n<meta name=\"robots\" content=\"index, follow, max-snippet:-1, max-image-preview:large, max-video-preview:-1\" \/>\n<link rel=\"canonical\" href=\"https:\/\/blogdobispo.com.br\/?p=17879\" \/>\n<meta property=\"og:locale\" content=\"pt_BR\" \/>\n<meta property=\"og:type\" content=\"article\" \/>\n<meta property=\"og:title\" content=\"Dia Mundial Sem Carro: Prefeitura de Natal realiza trajeto simb\u00f3lico com bicicletas e patinetes - Blog do Bispo\" \/>\n<meta property=\"og:description\" content=\"Nesta segunda-feira (22) pela manh\u00e3, em comemora\u00e7\u00e3o ao Dia Mundial Sem Carro, um grupo de gestores e servidores da Prefeitura do Natal realiza um percurso de aproximadamente 4 km utilizando bicicletas e patinetes el\u00e9tricos, promovendo a conscientiza\u00e7\u00e3o sobre a mobilidade urbana sustent\u00e1vel. A concentra\u00e7\u00e3o acontece na Avenida Nascimento de Castro com a Rua Jaguarari. O [&hellip;]\" \/>\n<meta property=\"og:url\" content=\"https:\/\/blogdobispo.com.br\/?p=17879\" \/>\n<meta property=\"og:site_name\" content=\"Blog do Bispo\" \/>\n<meta property=\"article:published_time\" content=\"2025-09-22T16:48:36+00:00\" \/>\n<meta property=\"og:image\" content=\"http:\/\/blogdobispo.com.br\/wp-content\/uploads\/2025\/09\/images.jpeg\" \/>\n\t<meta property=\"og:image:width\" content=\"299\" \/>\n\t<meta property=\"og:image:height\" content=\"168\" \/>\n\t<meta property=\"og:image:type\" content=\"image\/jpeg\" \/>\n<meta name=\"author\" content=\"Robson Trigueiro\" \/>\n<meta name=\"twitter:card\" content=\"summary_large_image\" \/>\n<meta name=\"twitter:label1\" content=\"Escrito por\" \/>\n\t<meta name=\"twitter:data1\" content=\"Robson Trigueiro\" \/>\n\t<meta name=\"twitter:label2\" content=\"Est. tempo de leitura\" \/>\n\t<meta name=\"twitter:data2\" content=\"2 minutos\" \/>\n<script type=\"application\/ld+json\" class=\"yoast-schema-graph\">{\"@context\":\"https:\/\/schema.org\",\"@graph\":[{\"@type\":\"Article\",\"@id\":\"https:\/\/blogdobispo.com.br\/?p=17879#article\",\"isPartOf\":{\"@id\":\"https:\/\/blogdobispo.com.br\/?p=17879\"},\"author\":{\"name\":\"Robson Trigueiro\",\"@id\":\"https:\/\/blogdobispo.com.br\/#\/schema\/person\/05abe7adb94767ba46bf757b4243d3e0\"},\"headline\":\"Dia Mundial Sem Carro: Prefeitura de Natal realiza trajeto simb\u00f3lico com bicicletas e patinetes\",\"datePublished\":\"2025-09-22T16:48:36+00:00\",\"mainEntityOfPage\":{\"@id\":\"https:\/\/blogdobispo.com.br\/?p=17879\"},\"wordCount\":223,\"commentCount\":0,\"publisher\":{\"@id\":\"https:\/\/blogdobispo.com.br\/#organization\"},\"image\":{\"@id\":\"https:\/\/blogdobispo.com.br\/?p=17879#primaryimage\"},\"thumbnailUrl\":\"https:\/\/i0.wp.com\/blogdobispo.com.br\/wp-content\/uploads\/2025\/09\/images.jpeg?fit=299%2C168&ssl=1\",\"articleSection\":[\"Cidadania\"],\"inLanguage\":\"pt-BR\",\"potentialAction\":[{\"@type\":\"CommentAction\",\"name\":\"Comment\",\"target\":[\"https:\/\/blogdobispo.com.br\/?p=17879#respond\"]}]},{\"@type\":\"WebPage\",\"@id\":\"https:\/\/blogdobispo.com.br\/?p=17879\",\"url\":\"https:\/\/blogdobispo.com.br\/?p=17879\",\"name\":\"Dia Mundial Sem Carro: Prefeitura de Natal realiza trajeto simb\u00f3lico com bicicletas e patinetes - Blog do Bispo\",\"isPartOf\":{\"@id\":\"https:\/\/blogdobispo.com.br\/#website\"},\"primaryImageOfPage\":{\"@id\":\"https:\/\/blogdobispo.com.br\/?p=17879#primaryimage\"},\"image\":{\"@id\":\"https:\/\/blogdobispo.com.br\/?p=17879#primaryimage\"},\"thumbnailUrl\":\"https:\/\/i0.wp.com\/blogdobispo.com.br\/wp-content\/uploads\/2025\/09\/images.jpeg?fit=299%2C168&ssl=1\",\"datePublished\":\"2025-09-22T16:48:36+00:00\",\"breadcrumb\":{\"@id\":\"https:\/\/blogdobispo.com.br\/?p=17879#breadcrumb\"},\"inLanguage\":\"pt-BR\",\"potentialAction\":[{\"@type\":\"ReadAction\",\"target\":[\"https:\/\/blogdobispo.com.br\/?p=17879\"]}]},{\"@type\":\"ImageObject\",\"inLanguage\":\"pt-BR\",\"@id\":\"https:\/\/blogdobispo.com.br\/?p=17879#primaryimage\",\"url\":\"https:\/\/i0.wp.com\/blogdobispo.com.br\/wp-content\/uploads\/2025\/09\/images.jpeg?fit=299%2C168&ssl=1\",\"contentUrl\":\"https:\/\/i0.wp.com\/blogdobispo.com.br\/wp-content\/uploads\/2025\/09\/images.jpeg?fit=299%2C168&ssl=1\",\"width\":299,\"height\":168},{\"@type\":\"BreadcrumbList\",\"@id\":\"https:\/\/blogdobispo.com.br\/?p=17879#breadcrumb\",\"itemListElement\":[{\"@type\":\"ListItem\",\"position\":1,\"name\":\"In\u00edcio\",\"item\":\"https:\/\/blogdobispo.com.br\/\"},{\"@type\":\"ListItem\",\"position\":2,\"name\":\"Dia Mundial Sem Carro: Prefeitura de Natal realiza trajeto simb\u00f3lico com bicicletas e patinetes\"}]},{\"@type\":\"WebSite\",\"@id\":\"https:\/\/blogdobispo.com.br\/#website\",\"url\":\"https:\/\/blogdobispo.com.br\/\",\"name\":\"Blog do Bispo\",\"description\":\"Comprometido apenas com o leitor\",\"publisher\":{\"@id\":\"https:\/\/blogdobispo.com.br\/#organization\"},\"potentialAction\":[{\"@type\":\"SearchAction\",\"target\":{\"@type\":\"EntryPoint\",\"urlTemplate\":\"https:\/\/blogdobispo.com.br\/?s={search_term_string}\"},\"query-input\":{\"@type\":\"PropertyValueSpecification\",\"valueRequired\":true,\"valueName\":\"search_term_string\"}}],\"inLanguage\":\"pt-BR\"},{\"@type\":\"Organization\",\"@id\":\"https:\/\/blogdobispo.com.br\/#organization\",\"name\":\"Blog do Bispo\",\"url\":\"https:\/\/blogdobispo.com.br\/\",\"logo\":{\"@type\":\"ImageObject\",\"inLanguage\":\"pt-BR\",\"@id\":\"https:\/\/blogdobispo.com.br\/#\/schema\/logo\/image\/\",\"url\":\"http:\/\/blogdobispo.com.br\/wp-content\/uploads\/2023\/05\/cropped-headear.png\",\"contentUrl\":\"http:\/\/blogdobispo.com.br\/wp-content\/uploads\/2023\/05\/cropped-headear.png\",\"width\":1500,\"height\":399,\"caption\":\"Blog do Bispo\"},\"image\":{\"@id\":\"https:\/\/blogdobispo.com.br\/#\/schema\/logo\/image\/\"}},{\"@type\":\"Person\",\"@id\":\"https:\/\/blogdobispo.com.br\/#\/schema\/person\/05abe7adb94767ba46bf757b4243d3e0\",\"name\":\"Robson Trigueiro\",\"image\":{\"@type\":\"ImageObject\",\"inLanguage\":\"pt-BR\",\"@id\":\"https:\/\/blogdobispo.com.br\/#\/schema\/person\/image\/\",\"url\":\"https:\/\/secure.gravatar.com\/avatar\/b71c79ed1dcbb23d15e3cd8224dbfbd99da477df155b3e777061e3a006422418?s=96&d=mm&r=g\",\"contentUrl\":\"https:\/\/secure.gravatar.com\/avatar\/b71c79ed1dcbb23d15e3cd8224dbfbd99da477df155b3e777061e3a006422418?s=96&d=mm&r=g\",\"caption\":\"Robson Trigueiro\"},\"url\":\"https:\/\/blogdobispo.com.br\/?author=3\"}]}<\/script>\n<!-- \/ Yoast SEO plugin. -->","yoast_head_json":{"title":"Dia Mundial Sem Carro: Prefeitura de Natal realiza trajeto simb\u00f3lico com bicicletas e patinetes - Blog do Bispo","robots":{"index":"index","follow":"follow","max-snippet":"max-snippet:-1","max-image-preview":"max-image-preview:large","max-video-preview":"max-video-preview:-1"},"canonical":"https:\/\/blogdobispo.com.br\/?p=17879","og_locale":"pt_BR","og_type":"article","og_title":"Dia Mundial Sem Carro: Prefeitura de Natal realiza trajeto simb\u00f3lico com bicicletas e patinetes - Blog do Bispo","og_description":"Nesta segunda-feira (22) pela manh\u00e3, em comemora\u00e7\u00e3o ao Dia Mundial Sem Carro, um grupo de gestores e servidores da Prefeitura do Natal realiza um percurso de aproximadamente 4 km utilizando bicicletas e patinetes el\u00e9tricos, promovendo a conscientiza\u00e7\u00e3o sobre a mobilidade urbana sustent\u00e1vel. A concentra\u00e7\u00e3o acontece na Avenida Nascimento de Castro com a Rua Jaguarari. O [&hellip;]","og_url":"https:\/\/blogdobispo.com.br\/?p=17879","og_site_name":"Blog do Bispo","article_published_time":"2025-09-22T16:48:36+00:00","og_image":[{"width":299,"height":168,"url":"http:\/\/blogdobispo.com.br\/wp-content\/uploads\/2025\/09\/images.jpeg","type":"image\/jpeg"}],"author":"Robson Trigueiro","twitter_card":"summary_large_image","twitter_misc":{"Escrito por":"Robson Trigueiro","Est. tempo de leitura":"2 minutos"},"schema":{"@context":"https:\/\/schema.org","@graph":[{"@type":"Article","@id":"https:\/\/blogdobispo.com.br\/?p=17879#article","isPartOf":{"@id":"https:\/\/blogdobispo.com.br\/?p=17879"},"author":{"name":"Robson Trigueiro","@id":"https:\/\/blogdobispo.com.br\/#\/schema\/person\/05abe7adb94767ba46bf757b4243d3e0"},"headline":"Dia Mundial Sem Carro: Prefeitura de Natal realiza trajeto simb\u00f3lico com bicicletas e patinetes","datePublished":"2025-09-22T16:48:36+00:00","mainEntityOfPage":{"@id":"https:\/\/blogdobispo.com.br\/?p=17879"},"wordCount":223,"commentCount":0,"publisher":{"@id":"https:\/\/blogdobispo.com.br\/#organization"},"image":{"@id":"https:\/\/blogdobispo.com.br\/?p=17879#primaryimage"},"thumbnailUrl":"https:\/\/i0.wp.com\/blogdobispo.com.br\/wp-content\/uploads\/2025\/09\/images.jpeg?fit=299%2C168&ssl=1","articleSection":["Cidadania"],"inLanguage":"pt-BR","potentialAction":[{"@type":"CommentAction","name":"Comment","target":["https:\/\/blogdobispo.com.br\/?p=17879#respond"]}]},{"@type":"WebPage","@id":"https:\/\/blogdobispo.com.br\/?p=17879","url":"https:\/\/blogdobispo.com.br\/?p=17879","name":"Dia Mundial Sem Carro: Prefeitura de Natal realiza trajeto simb\u00f3lico com bicicletas e patinetes - Blog do Bispo","isPartOf":{"@id":"https:\/\/blogdobispo.com.br\/#website"},"primaryImageOfPage":{"@id":"https:\/\/blogdobispo.com.br\/?p=17879#primaryimage"},"image":{"@id":"https:\/\/blogdobispo.com.br\/?p=17879#primaryimage"},"thumbnailUrl":"https:\/\/i0.wp.com\/blogdobispo.com.br\/wp-content\/uploads\/2025\/09\/images.jpeg?fit=299%2C168&ssl=1","datePublished":"2025-09-22T16:48:36+00:00","breadcrumb":{"@id":"https:\/\/blogdobispo.com.br\/?p=17879#breadcrumb"},"inLanguage":"pt-BR","potentialAction":[{"@type":"ReadAction","target":["https:\/\/blogdobispo.com.br\/?p=17879"]}]},{"@type":"ImageObject","inLanguage":"pt-BR","@id":"https:\/\/blogdobispo.com.br\/?p=17879#primaryimage","url":"https:\/\/i0.wp.com\/blogdobispo.com.br\/wp-content\/uploads\/2025\/09\/images.jpeg?fit=299%2C168&ssl=1","contentUrl":"https:\/\/i0.wp.com\/blogdobispo.com.br\/wp-content\/uploads\/2025\/09\/images.jpeg?fit=299%2C168&ssl=1","width":299,"height":168},{"@type":"BreadcrumbList","@id":"https:\/\/blogdobispo.com.br\/?p=17879#breadcrumb","itemListElement":[{"@type":"ListItem","position":1,"name":"In\u00edcio","item":"https:\/\/blogdobispo.com.br\/"},{"@type":"ListItem","position":2,"name":"Dia Mundial Sem Carro: Prefeitura de Natal realiza trajeto simb\u00f3lico com bicicletas e patinetes"}]},{"@type":"WebSite","@id":"https:\/\/blogdobispo.com.br\/#website","url":"https:\/\/blogdobispo.com.br\/","name":"Blog do Bispo","description":"Comprometido apenas com o leitor","publisher":{"@id":"https:\/\/blogdobispo.com.br\/#organization"},"potentialAction":[{"@type":"SearchAction","target":{"@type":"EntryPoint","urlTemplate":"https:\/\/blogdobispo.com.br\/?s={search_term_string}"},"query-input":{"@type":"PropertyValueSpecification","valueRequired":true,"valueName":"search_term_string"}}],"inLanguage":"pt-BR"},{"@type":"Organization","@id":"https:\/\/blogdobispo.com.br\/#organization","name":"Blog do Bispo","url":"https:\/\/blogdobispo.com.br\/","logo":{"@type":"ImageObject","inLanguage":"pt-BR","@id":"https:\/\/blogdobispo.com.br\/#\/schema\/logo\/image\/","url":"http:\/\/blogdobispo.com.br\/wp-content\/uploads\/2023\/05\/cropped-headear.png","contentUrl":"http:\/\/blogdobispo.com.br\/wp-content\/uploads\/2023\/05\/cropped-headear.png","width":1500,"height":399,"caption":"Blog do Bispo"},"image":{"@id":"https:\/\/blogdobispo.com.br\/#\/schema\/logo\/image\/"}},{"@type":"Person","@id":"https:\/\/blogdobispo.com.br\/#\/schema\/person\/05abe7adb94767ba46bf757b4243d3e0","name":"Robson Trigueiro","image":{"@type":"ImageObject","inLanguage":"pt-BR","@id":"https:\/\/blogdobispo.com.br\/#\/schema\/person\/image\/","url":"https:\/\/secure.gravatar.com\/avatar\/b71c79ed1dcbb23d15e3cd8224dbfbd99da477df155b3e777061e3a006422418?s=96&d=mm&r=g","contentUrl":"https:\/\/secure.gravatar.com\/avatar\/b71c79ed1dcbb23d15e3cd8224dbfbd99da477df155b3e777061e3a006422418?s=96&d=mm&r=g","caption":"Robson Trigueiro"},"url":"https:\/\/blogdobispo.com.br\/?author=3"}]}},"featured_image_urls":{"full":["https:\/\/i0.wp.com\/blogdobispo.com.br\/wp-content\/uploads\/2025\/09\/images.jpeg?fit=299%2C168&ssl=1",299,168,false],"thumbnail":["https:\/\/i0.wp.com\/blogdobispo.com.br\/wp-content\/uploads\/2025\/09\/images.jpeg?resize=150%2C150&ssl=1",150,150,true],"medium":["https:\/\/i0.wp.com\/blogdobispo.com.br\/wp-content\/uploads\/2025\/09\/images.jpeg?fit=299%2C168&ssl=1",299,168,true],"medium_large":["https:\/\/i0.wp.com\/blogdobispo.com.br\/wp-content\/uploads\/2025\/09\/images.jpeg?fit=299%2C168&ssl=1",299,168,true],"large":["https:\/\/i0.wp.com\/blogdobispo.com.br\/wp-content\/uploads\/2025\/09\/images.jpeg?fit=299%2C168&ssl=1",299,168,true],"1536x1536":["https:\/\/i0.wp.com\/blogdobispo.com.br\/wp-content\/uploads\/2025\/09\/images.jpeg?fit=299%2C168&ssl=1",299,168,true],"2048x2048":["https:\/\/i0.wp.com\/blogdobispo.com.br\/wp-content\/uploads\/2025\/09\/images.jpeg?fit=299%2C168&ssl=1",299,168,true]},"author_info":{"display_name":"Robson Trigueiro","author_link":"https:\/\/blogdobispo.com.br\/?author=3"},"category_info":"<a href=\"https:\/\/blogdobispo.com.br\/?cat=12\" rel=\"category\">Cidadania<\/a>","tag_info":"Cidadania","comment_count":"0","jetpack_featured_media_url":"https:\/\/i0.wp.com\/blogdobispo.com.br\/wp-content\/uploads\/2025\/09\/images.jpeg?fit=299%2C168&ssl=1","jetpack_sharing_enabled":true,"_links":{"self":[{"href":"https:\/\/blogdobispo.com.br\/index.php?rest_route=\/wp\/v2\/posts\/17879","targetHints":{"allow":["GET"]}}],"collection":[{"href":"https:\/\/blogdobispo.com.br\/index.php?rest_route=\/wp\/v2\/posts"}],"about":[{"href":"https:\/\/blogdobispo.com.br\/index.php?rest_route=\/wp\/v2\/types\/post"}],"author":[{"embeddable":true,"href":"https:\/\/blogdobispo.com.br\/index.php?rest_route=\/wp\/v2\/users\/3"}],"replies":[{"embeddable":true,"href":"https:\/\/blogdobispo.com.br\/index.php?rest_route=%2Fwp%2Fv2%2Fcomments&post=17879"}],"version-history":[{"count":1,"href":"https:\/\/blogdobispo.com.br\/index.php?rest_route=\/wp\/v2\/posts\/17879\/revisions"}],"predecessor-version":[{"id":17881,"href":"https:\/\/blogdobispo.com.br\/index.php?rest_route=\/wp\/v2\/posts\/17879\/revisions\/17881"}],"wp:featuredmedia":[{"embeddable":true,"href":"https:\/\/blogdobispo.com.br\/index.php?rest_route=\/wp\/v2\/media\/17880"}],"wp:attachment":[{"href":"https:\/\/blogdobispo.com.br\/index.php?rest_route=%2Fwp%2Fv2%2Fmedia&parent=17879"}],"wp:term":[{"taxonomy":"category","embeddable":true,"href":"https:\/\/blogdobispo.com.br\/index.php?rest_route=%2Fwp%2Fv2%2Fcategories&post=17879"},{"taxonomy":"post_tag","embeddable":true,"href":"https:\/\/blogdobispo.com.br\/index.php?rest_route=%2Fwp%2Fv2%2Ftags&post=17879"}],"curies":[{"name":"wp","href":"https:\/\/api.w.org\/{rel}","templated":true}]}}