{"id":17876,"date":"2025-09-22T16:40:30","date_gmt":"2025-09-22T16:40:30","guid":{"rendered":"https:\/\/blogdobispo.com.br\/?p=17876"},"modified":"2025-09-22T16:40:30","modified_gmt":"2025-09-22T16:40:30","slug":"servico-de-patinetes-eletricos-comeca-a-operar-em-natal-veja-tarifas-pontos-e-regras","status":"publish","type":"post","link":"https:\/\/blogdobispo.com.br\/?p=17876","title":{"rendered":"Servi\u00e7o de patinetes el\u00e9tricos come\u00e7a a operar em Natal; veja tarifas, pontos e regras"},"content":{"rendered":"<div class=\"entry-content mb-4\">\n<div class=\"post-content text-justify pt-4\">\n<p>O servi\u00e7o de patinetes el\u00e9tricos compartilhados come\u00e7ou a operar nesta segunda-feira (22) em Natal. Ao todo, s\u00e3o 600 equipamentos, que est\u00e3o dispon\u00edveis em diversos pontos da cidade como Midway Mall, esquina da Salgado Filho com a Ant\u00f4nio Bas\u00edlio; avenida Praia de Ponta Negra; esquina da Avenida S\u00e3o Jos\u00e9 com Alexandrino de Alencar; e avenida R\u00e9gulo Tin\u00f4co. O projeto \u00e9 um experimento da Secretaria de Mobilidade Urbana (STTU) para tentar diversificar o transporte p\u00fablico da capital.<\/p>\n<p>A tarifa para utilizar o patinete \u00e9 de R$ 1,99 nos dias de semana e R$ 2,99 nos fins de semana, com o acr\u00e9scimento de uma taxa por minuto rodado. Al\u00e9m disso, h\u00e1 a possibilidade de comprar pacotes mensais. Os usu\u00e1rios poder\u00e3o utilizar os patinetes em um circuito pr\u00e9-definido, que abrange regi\u00f5es tur\u00edstica, pontos de grande circula\u00e7\u00e3o de pessoas e via mais movimentadas, com prefer\u00eancias pelas rotas que j\u00e1 contam com ciclovias.<\/p>\n<p>Como medida de seguran\u00e7a, o patinete ir\u00e1 travar caso saia do circuito pr\u00e9-definido pela Prefeitura. Para ter acesso ao patinete, o usu\u00e1rio ter\u00e1 que se cadastrar em um aplicativo, que pode ser baixado atrav\u00e9s de um QR Code dispon\u00edvel no pr\u00f3prio equipamento.<\/p>\n<p>De acordo com a STTU, ap\u00f3s o per\u00edodo de testes, o Executivo deve regulamentar o servi\u00e7o e a ideia \u00e9 usar a experi\u00eancia dos patinetes para implementar a modalidade de bicicletas compartilhadas.<\/p>\n<p>\u201c\u00c9 um projeto experimental, vamos ver, entender como funcionar\u00e1 a din\u00e2mica, orientar as pessoas no sentido da seguran\u00e7a, do respeito ao outro no tr\u00e2nsito, de compreender as leis de tr\u00e2nsito. A gente quer embutir mais esse modal no nosso transporte p\u00fablico porque entendemos que a mobilidade sustent\u00e1vel \u00e9 o futuro. Nesse sentido, nosso pr\u00f3ximo passo ser\u00e1 trabalhar para trazer as bicicletas compartilhadas para Natal tamb\u00e9m, \u00e9 uma pol\u00edtica do prefeito Paulinho\u201d, aponta J\u00f3dia Melo, titular da STTU.<\/p>\n<p>Os patinetes s\u00e3o operados pela empresa parceira Jet, que j\u00e1 atua em diversas capitais do Pa\u00eds. Os equipamentos contam com rastreamento por GPS, limite de velocidade de 20 km\/h, freios, campainha e far\u00f3is de LED, atendendo aos requisitos de seguran\u00e7a.<\/p>\n<p>De acordo com a STTU, o uso dos patinetes deve respeitar regras de tr\u00e2nsito e conviv\u00eancia no espa\u00e7o p\u00fablico. O usu\u00e1rio deve ser maior de idade, n\u00e3o pode transportar cargas, passageiros ou animais e deve estacionar os equipamentos nos pontos indicados pelo aplicativo. Tamb\u00e9m \u00e9 proibido o uso sob efeito de \u00e1lcool.<\/p>\n<p>Para refor\u00e7ar a orienta\u00e7\u00e3o, equipes treinadas estar\u00e3o nos principais pontos da cidade, auxiliando os usu\u00e1rios quanto ao uso correto dos equipamentos. Al\u00e9m disso, todas as viagens incluem seguro gratuito contra acidentes.<\/p>\n<p><strong>Tribuna do Norte<\/strong><\/p>\n<\/div>\n<\/div>\n","protected":false},"excerpt":{"rendered":"<p>O servi\u00e7o de patinetes el\u00e9tricos compartilhados come\u00e7ou a operar nesta segunda-feira (22) em Natal. Ao todo, s\u00e3o 600 equipamentos, que est\u00e3o dispon\u00edveis em diversos pontos da cidade como Midway Mall, esquina da Salgado Filho com a Ant\u00f4nio Bas\u00edlio; avenida Praia de Ponta Negra; esquina da Avenida S\u00e3o Jos\u00e9 com Alexandrino de Alencar; e avenida R\u00e9gulo [&hellip;]<\/p>\n","protected":false},"author":3,"featured_media":17877,"comment_status":"open","ping_status":"open","sticky":false,"template":"","format":"standard","meta":{"cybocfi_hide_featured_image":"","_jetpack_memberships_contains_paid_content":false,"footnotes":""},"categories":[12],"tags":[],"class_list":["post-17876","post","type-post","status-publish","format-standard","has-post-thumbnail","hentry","category-cidadania"],"yoast_head":"<!-- This site is optimized with the Yoast SEO plugin v25.6 - https:\/\/yoast.com\/wordpress\/plugins\/seo\/ -->\n<title>Servi\u00e7o de patinetes el\u00e9tricos come\u00e7a a operar em Natal; veja tarifas, pontos e regras - Blog do Bispo<\/title>\n<meta name=\"robots\" content=\"index, follow, max-snippet:-1, max-image-preview:large, max-video-preview:-1\" \/>\n<link rel=\"canonical\" href=\"https:\/\/blogdobispo.com.br\/?p=17876\" \/>\n<meta property=\"og:locale\" content=\"pt_BR\" \/>\n<meta property=\"og:type\" content=\"article\" \/>\n<meta property=\"og:title\" content=\"Servi\u00e7o de patinetes el\u00e9tricos come\u00e7a a operar em Natal; veja tarifas, pontos e regras - Blog do Bispo\" \/>\n<meta property=\"og:description\" content=\"O servi\u00e7o de patinetes el\u00e9tricos compartilhados come\u00e7ou a operar nesta segunda-feira (22) em Natal. Ao todo, s\u00e3o 600 equipamentos, que est\u00e3o dispon\u00edveis em diversos pontos da cidade como Midway Mall, esquina da Salgado Filho com a Ant\u00f4nio Bas\u00edlio; avenida Praia de Ponta Negra; esquina da Avenida S\u00e3o Jos\u00e9 com Alexandrino de Alencar; e avenida R\u00e9gulo [&hellip;]\" \/>\n<meta property=\"og:url\" content=\"https:\/\/blogdobispo.com.br\/?p=17876\" \/>\n<meta property=\"og:site_name\" content=\"Blog do Bispo\" \/>\n<meta property=\"article:published_time\" content=\"2025-09-22T16:40:30+00:00\" \/>\n<meta property=\"og:image\" content=\"http:\/\/blogdobispo.com.br\/wp-content\/uploads\/2025\/09\/43389_Original.jpeg\" \/>\n\t<meta property=\"og:image:width\" content=\"1280\" \/>\n\t<meta property=\"og:image:height\" content=\"853\" \/>\n\t<meta property=\"og:image:type\" content=\"image\/jpeg\" \/>\n<meta name=\"author\" content=\"Robson Trigueiro\" \/>\n<meta name=\"twitter:card\" content=\"summary_large_image\" \/>\n<meta name=\"twitter:label1\" content=\"Escrito por\" \/>\n\t<meta name=\"twitter:data1\" content=\"Robson Trigueiro\" \/>\n\t<meta name=\"twitter:label2\" content=\"Est. tempo de leitura\" \/>\n\t<meta name=\"twitter:data2\" content=\"3 minutos\" \/>\n<script type=\"application\/ld+json\" class=\"yoast-schema-graph\">{\"@context\":\"https:\/\/schema.org\",\"@graph\":[{\"@type\":\"Article\",\"@id\":\"https:\/\/blogdobispo.com.br\/?p=17876#article\",\"isPartOf\":{\"@id\":\"https:\/\/blogdobispo.com.br\/?p=17876\"},\"author\":{\"name\":\"Robson Trigueiro\",\"@id\":\"https:\/\/blogdobispo.com.br\/#\/schema\/person\/05abe7adb94767ba46bf757b4243d3e0\"},\"headline\":\"Servi\u00e7o de patinetes el\u00e9tricos come\u00e7a a operar em Natal; veja tarifas, pontos e regras\",\"datePublished\":\"2025-09-22T16:40:30+00:00\",\"mainEntityOfPage\":{\"@id\":\"https:\/\/blogdobispo.com.br\/?p=17876\"},\"wordCount\":487,\"commentCount\":0,\"publisher\":{\"@id\":\"https:\/\/blogdobispo.com.br\/#organization\"},\"image\":{\"@id\":\"https:\/\/blogdobispo.com.br\/?p=17876#primaryimage\"},\"thumbnailUrl\":\"https:\/\/i0.wp.com\/blogdobispo.com.br\/wp-content\/uploads\/2025\/09\/43389_Original.jpeg?fit=1280%2C853&ssl=1\",\"articleSection\":[\"Cidadania\"],\"inLanguage\":\"pt-BR\",\"potentialAction\":[{\"@type\":\"CommentAction\",\"name\":\"Comment\",\"target\":[\"https:\/\/blogdobispo.com.br\/?p=17876#respond\"]}]},{\"@type\":\"WebPage\",\"@id\":\"https:\/\/blogdobispo.com.br\/?p=17876\",\"url\":\"https:\/\/blogdobispo.com.br\/?p=17876\",\"name\":\"Servi\u00e7o de patinetes el\u00e9tricos come\u00e7a a operar em Natal; veja tarifas, pontos e regras - Blog do Bispo\",\"isPartOf\":{\"@id\":\"https:\/\/blogdobispo.com.br\/#website\"},\"primaryImageOfPage\":{\"@id\":\"https:\/\/blogdobispo.com.br\/?p=17876#primaryimage\"},\"image\":{\"@id\":\"https:\/\/blogdobispo.com.br\/?p=17876#primaryimage\"},\"thumbnailUrl\":\"https:\/\/i0.wp.com\/blogdobispo.com.br\/wp-content\/uploads\/2025\/09\/43389_Original.jpeg?fit=1280%2C853&ssl=1\",\"datePublished\":\"2025-09-22T16:40:30+00:00\",\"breadcrumb\":{\"@id\":\"https:\/\/blogdobispo.com.br\/?p=17876#breadcrumb\"},\"inLanguage\":\"pt-BR\",\"potentialAction\":[{\"@type\":\"ReadAction\",\"target\":[\"https:\/\/blogdobispo.com.br\/?p=17876\"]}]},{\"@type\":\"ImageObject\",\"inLanguage\":\"pt-BR\",\"@id\":\"https:\/\/blogdobispo.com.br\/?p=17876#primaryimage\",\"url\":\"https:\/\/i0.wp.com\/blogdobispo.com.br\/wp-content\/uploads\/2025\/09\/43389_Original.jpeg?fit=1280%2C853&ssl=1\",\"contentUrl\":\"https:\/\/i0.wp.com\/blogdobispo.com.br\/wp-content\/uploads\/2025\/09\/43389_Original.jpeg?fit=1280%2C853&ssl=1\",\"width\":1280,\"height\":853},{\"@type\":\"BreadcrumbList\",\"@id\":\"https:\/\/blogdobispo.com.br\/?p=17876#breadcrumb\",\"itemListElement\":[{\"@type\":\"ListItem\",\"position\":1,\"name\":\"In\u00edcio\",\"item\":\"https:\/\/blogdobispo.com.br\/\"},{\"@type\":\"ListItem\",\"position\":2,\"name\":\"Servi\u00e7o de patinetes el\u00e9tricos come\u00e7a a operar em Natal; veja tarifas, pontos e regras\"}]},{\"@type\":\"WebSite\",\"@id\":\"https:\/\/blogdobispo.com.br\/#website\",\"url\":\"https:\/\/blogdobispo.com.br\/\",\"name\":\"Blog do Bispo\",\"description\":\"Comprometido apenas com o leitor\",\"publisher\":{\"@id\":\"https:\/\/blogdobispo.com.br\/#organization\"},\"potentialAction\":[{\"@type\":\"SearchAction\",\"target\":{\"@type\":\"EntryPoint\",\"urlTemplate\":\"https:\/\/blogdobispo.com.br\/?s={search_term_string}\"},\"query-input\":{\"@type\":\"PropertyValueSpecification\",\"valueRequired\":true,\"valueName\":\"search_term_string\"}}],\"inLanguage\":\"pt-BR\"},{\"@type\":\"Organization\",\"@id\":\"https:\/\/blogdobispo.com.br\/#organization\",\"name\":\"Blog do Bispo\",\"url\":\"https:\/\/blogdobispo.com.br\/\",\"logo\":{\"@type\":\"ImageObject\",\"inLanguage\":\"pt-BR\",\"@id\":\"https:\/\/blogdobispo.com.br\/#\/schema\/logo\/image\/\",\"url\":\"http:\/\/blogdobispo.com.br\/wp-content\/uploads\/2023\/05\/cropped-headear.png\",\"contentUrl\":\"http:\/\/blogdobispo.com.br\/wp-content\/uploads\/2023\/05\/cropped-headear.png\",\"width\":1500,\"height\":399,\"caption\":\"Blog do Bispo\"},\"image\":{\"@id\":\"https:\/\/blogdobispo.com.br\/#\/schema\/logo\/image\/\"}},{\"@type\":\"Person\",\"@id\":\"https:\/\/blogdobispo.com.br\/#\/schema\/person\/05abe7adb94767ba46bf757b4243d3e0\",\"name\":\"Robson Trigueiro\",\"image\":{\"@type\":\"ImageObject\",\"inLanguage\":\"pt-BR\",\"@id\":\"https:\/\/blogdobispo.com.br\/#\/schema\/person\/image\/\",\"url\":\"https:\/\/secure.gravatar.com\/avatar\/b71c79ed1dcbb23d15e3cd8224dbfbd99da477df155b3e777061e3a006422418?s=96&d=mm&r=g\",\"contentUrl\":\"https:\/\/secure.gravatar.com\/avatar\/b71c79ed1dcbb23d15e3cd8224dbfbd99da477df155b3e777061e3a006422418?s=96&d=mm&r=g\",\"caption\":\"Robson Trigueiro\"},\"url\":\"https:\/\/blogdobispo.com.br\/?author=3\"}]}<\/script>\n<!-- \/ Yoast SEO plugin. -->","yoast_head_json":{"title":"Servi\u00e7o de patinetes el\u00e9tricos come\u00e7a a operar em Natal; veja tarifas, pontos e regras - Blog do Bispo","robots":{"index":"index","follow":"follow","max-snippet":"max-snippet:-1","max-image-preview":"max-image-preview:large","max-video-preview":"max-video-preview:-1"},"canonical":"https:\/\/blogdobispo.com.br\/?p=17876","og_locale":"pt_BR","og_type":"article","og_title":"Servi\u00e7o de patinetes el\u00e9tricos come\u00e7a a operar em Natal; veja tarifas, pontos e regras - Blog do Bispo","og_description":"O servi\u00e7o de patinetes el\u00e9tricos compartilhados come\u00e7ou a operar nesta segunda-feira (22) em Natal. Ao todo, s\u00e3o 600 equipamentos, que est\u00e3o dispon\u00edveis em diversos pontos da cidade como Midway Mall, esquina da Salgado Filho com a Ant\u00f4nio Bas\u00edlio; avenida Praia de Ponta Negra; esquina da Avenida S\u00e3o Jos\u00e9 com Alexandrino de Alencar; e avenida R\u00e9gulo [&hellip;]","og_url":"https:\/\/blogdobispo.com.br\/?p=17876","og_site_name":"Blog do Bispo","article_published_time":"2025-09-22T16:40:30+00:00","og_image":[{"width":1280,"height":853,"url":"http:\/\/blogdobispo.com.br\/wp-content\/uploads\/2025\/09\/43389_Original.jpeg","type":"image\/jpeg"}],"author":"Robson Trigueiro","twitter_card":"summary_large_image","twitter_misc":{"Escrito por":"Robson Trigueiro","Est. tempo de leitura":"3 minutos"},"schema":{"@context":"https:\/\/schema.org","@graph":[{"@type":"Article","@id":"https:\/\/blogdobispo.com.br\/?p=17876#article","isPartOf":{"@id":"https:\/\/blogdobispo.com.br\/?p=17876"},"author":{"name":"Robson Trigueiro","@id":"https:\/\/blogdobispo.com.br\/#\/schema\/person\/05abe7adb94767ba46bf757b4243d3e0"},"headline":"Servi\u00e7o de patinetes el\u00e9tricos come\u00e7a a operar em Natal; veja tarifas, pontos e regras","datePublished":"2025-09-22T16:40:30+00:00","mainEntityOfPage":{"@id":"https:\/\/blogdobispo.com.br\/?p=17876"},"wordCount":487,"commentCount":0,"publisher":{"@id":"https:\/\/blogdobispo.com.br\/#organization"},"image":{"@id":"https:\/\/blogdobispo.com.br\/?p=17876#primaryimage"},"thumbnailUrl":"https:\/\/i0.wp.com\/blogdobispo.com.br\/wp-content\/uploads\/2025\/09\/43389_Original.jpeg?fit=1280%2C853&ssl=1","articleSection":["Cidadania"],"inLanguage":"pt-BR","potentialAction":[{"@type":"CommentAction","name":"Comment","target":["https:\/\/blogdobispo.com.br\/?p=17876#respond"]}]},{"@type":"WebPage","@id":"https:\/\/blogdobispo.com.br\/?p=17876","url":"https:\/\/blogdobispo.com.br\/?p=17876","name":"Servi\u00e7o de patinetes el\u00e9tricos come\u00e7a a operar em Natal; veja tarifas, pontos e regras - Blog do Bispo","isPartOf":{"@id":"https:\/\/blogdobispo.com.br\/#website"},"primaryImageOfPage":{"@id":"https:\/\/blogdobispo.com.br\/?p=17876#primaryimage"},"image":{"@id":"https:\/\/blogdobispo.com.br\/?p=17876#primaryimage"},"thumbnailUrl":"https:\/\/i0.wp.com\/blogdobispo.com.br\/wp-content\/uploads\/2025\/09\/43389_Original.jpeg?fit=1280%2C853&ssl=1","datePublished":"2025-09-22T16:40:30+00:00","breadcrumb":{"@id":"https:\/\/blogdobispo.com.br\/?p=17876#breadcrumb"},"inLanguage":"pt-BR","potentialAction":[{"@type":"ReadAction","target":["https:\/\/blogdobispo.com.br\/?p=17876"]}]},{"@type":"ImageObject","inLanguage":"pt-BR","@id":"https:\/\/blogdobispo.com.br\/?p=17876#primaryimage","url":"https:\/\/i0.wp.com\/blogdobispo.com.br\/wp-content\/uploads\/2025\/09\/43389_Original.jpeg?fit=1280%2C853&ssl=1","contentUrl":"https:\/\/i0.wp.com\/blogdobispo.com.br\/wp-content\/uploads\/2025\/09\/43389_Original.jpeg?fit=1280%2C853&ssl=1","width":1280,"height":853},{"@type":"BreadcrumbList","@id":"https:\/\/blogdobispo.com.br\/?p=17876#breadcrumb","itemListElement":[{"@type":"ListItem","position":1,"name":"In\u00edcio","item":"https:\/\/blogdobispo.com.br\/"},{"@type":"ListItem","position":2,"name":"Servi\u00e7o de patinetes el\u00e9tricos come\u00e7a a operar em Natal; veja tarifas, pontos e regras"}]},{"@type":"WebSite","@id":"https:\/\/blogdobispo.com.br\/#website","url":"https:\/\/blogdobispo.com.br\/","name":"Blog do Bispo","description":"Comprometido apenas com o leitor","publisher":{"@id":"https:\/\/blogdobispo.com.br\/#organization"},"potentialAction":[{"@type":"SearchAction","target":{"@type":"EntryPoint","urlTemplate":"https:\/\/blogdobispo.com.br\/?s={search_term_string}"},"query-input":{"@type":"PropertyValueSpecification","valueRequired":true,"valueName":"search_term_string"}}],"inLanguage":"pt-BR"},{"@type":"Organization","@id":"https:\/\/blogdobispo.com.br\/#organization","name":"Blog do Bispo","url":"https:\/\/blogdobispo.com.br\/","logo":{"@type":"ImageObject","inLanguage":"pt-BR","@id":"https:\/\/blogdobispo.com.br\/#\/schema\/logo\/image\/","url":"http:\/\/blogdobispo.com.br\/wp-content\/uploads\/2023\/05\/cropped-headear.png","contentUrl":"http:\/\/blogdobispo.com.br\/wp-content\/uploads\/2023\/05\/cropped-headear.png","width":1500,"height":399,"caption":"Blog do Bispo"},"image":{"@id":"https:\/\/blogdobispo.com.br\/#\/schema\/logo\/image\/"}},{"@type":"Person","@id":"https:\/\/blogdobispo.com.br\/#\/schema\/person\/05abe7adb94767ba46bf757b4243d3e0","name":"Robson Trigueiro","image":{"@type":"ImageObject","inLanguage":"pt-BR","@id":"https:\/\/blogdobispo.com.br\/#\/schema\/person\/image\/","url":"https:\/\/secure.gravatar.com\/avatar\/b71c79ed1dcbb23d15e3cd8224dbfbd99da477df155b3e777061e3a006422418?s=96&d=mm&r=g","contentUrl":"https:\/\/secure.gravatar.com\/avatar\/b71c79ed1dcbb23d15e3cd8224dbfbd99da477df155b3e777061e3a006422418?s=96&d=mm&r=g","caption":"Robson Trigueiro"},"url":"https:\/\/blogdobispo.com.br\/?author=3"}]}},"featured_image_urls":{"full":["https:\/\/i0.wp.com\/blogdobispo.com.br\/wp-content\/uploads\/2025\/09\/43389_Original.jpeg?fit=1280%2C853&ssl=1",1280,853,false],"thumbnail":["https:\/\/i0.wp.com\/blogdobispo.com.br\/wp-content\/uploads\/2025\/09\/43389_Original.jpeg?resize=150%2C150&ssl=1",150,150,true],"medium":["https:\/\/i0.wp.com\/blogdobispo.com.br\/wp-content\/uploads\/2025\/09\/43389_Original.jpeg?fit=300%2C200&ssl=1",300,200,true],"medium_large":["https:\/\/i0.wp.com\/blogdobispo.com.br\/wp-content\/uploads\/2025\/09\/43389_Original.jpeg?fit=768%2C512&ssl=1",768,512,true],"large":["https:\/\/i0.wp.com\/blogdobispo.com.br\/wp-content\/uploads\/2025\/09\/43389_Original.jpeg?fit=800%2C533&ssl=1",800,533,true],"1536x1536":["https:\/\/i0.wp.com\/blogdobispo.com.br\/wp-content\/uploads\/2025\/09\/43389_Original.jpeg?fit=1280%2C853&ssl=1",1280,853,true],"2048x2048":["https:\/\/i0.wp.com\/blogdobispo.com.br\/wp-content\/uploads\/2025\/09\/43389_Original.jpeg?fit=1280%2C853&ssl=1",1280,853,true]},"author_info":{"display_name":"Robson Trigueiro","author_link":"https:\/\/blogdobispo.com.br\/?author=3"},"category_info":"<a href=\"https:\/\/blogdobispo.com.br\/?cat=12\" rel=\"category\">Cidadania<\/a>","tag_info":"Cidadania","comment_count":"0","jetpack_featured_media_url":"https:\/\/i0.wp.com\/blogdobispo.com.br\/wp-content\/uploads\/2025\/09\/43389_Original.jpeg?fit=1280%2C853&ssl=1","jetpack_sharing_enabled":true,"_links":{"self":[{"href":"https:\/\/blogdobispo.com.br\/index.php?rest_route=\/wp\/v2\/posts\/17876","targetHints":{"allow":["GET"]}}],"collection":[{"href":"https:\/\/blogdobispo.com.br\/index.php?rest_route=\/wp\/v2\/posts"}],"about":[{"href":"https:\/\/blogdobispo.com.br\/index.php?rest_route=\/wp\/v2\/types\/post"}],"author":[{"embeddable":true,"href":"https:\/\/blogdobispo.com.br\/index.php?rest_route=\/wp\/v2\/users\/3"}],"replies":[{"embeddable":true,"href":"https:\/\/blogdobispo.com.br\/index.php?rest_route=%2Fwp%2Fv2%2Fcomments&post=17876"}],"version-history":[{"count":1,"href":"https:\/\/blogdobispo.com.br\/index.php?rest_route=\/wp\/v2\/posts\/17876\/revisions"}],"predecessor-version":[{"id":17878,"href":"https:\/\/blogdobispo.com.br\/index.php?rest_route=\/wp\/v2\/posts\/17876\/revisions\/17878"}],"wp:featuredmedia":[{"embeddable":true,"href":"https:\/\/blogdobispo.com.br\/index.php?rest_route=\/wp\/v2\/media\/17877"}],"wp:attachment":[{"href":"https:\/\/blogdobispo.com.br\/index.php?rest_route=%2Fwp%2Fv2%2Fmedia&parent=17876"}],"wp:term":[{"taxonomy":"category","embeddable":true,"href":"https:\/\/blogdobispo.com.br\/index.php?rest_route=%2Fwp%2Fv2%2Fcategories&post=17876"},{"taxonomy":"post_tag","embeddable":true,"href":"https:\/\/blogdobispo.com.br\/index.php?rest_route=%2Fwp%2Fv2%2Ftags&post=17876"}],"curies":[{"name":"wp","href":"https:\/\/api.w.org\/{rel}","templated":true}]}}