{"id":17870,"date":"2025-09-20T01:56:36","date_gmt":"2025-09-20T01:56:36","guid":{"rendered":"https:\/\/blogdobispo.com.br\/?p=17870"},"modified":"2025-09-20T01:56:36","modified_gmt":"2025-09-20T01:56:36","slug":"natal-recebe-ii-torneio-nacional-de-tenis-e-beach-tennis-do-ministerio-publico","status":"publish","type":"post","link":"https:\/\/blogdobispo.com.br\/?p=17870","title":{"rendered":"Natal recebe II Torneio Nacional de T\u00eanis e Beach Tennis do Minist\u00e9rio P\u00fablico"},"content":{"rendered":"\n<figure class=\"wp-block-image size-large\"><img data-recalc-dims=\"1\" fetchpriority=\"high\" decoding=\"async\" width=\"800\" height=\"427\" src=\"https:\/\/i0.wp.com\/blogdobispo.com.br\/wp-content\/uploads\/2025\/09\/6b2e1de3-37bd-48c5-943c-453a985f6200-1024x546.jpg?resize=800%2C427&#038;ssl=1\" class=\"wp-image-17869\" srcset=\"https:\/\/i0.wp.com\/blogdobispo.com.br\/wp-content\/uploads\/2025\/09\/6b2e1de3-37bd-48c5-943c-453a985f6200.jpg?resize=1024%2C546&amp;ssl=1 1024w, https:\/\/i0.wp.com\/blogdobispo.com.br\/wp-content\/uploads\/2025\/09\/6b2e1de3-37bd-48c5-943c-453a985f6200.jpg?resize=300%2C160&amp;ssl=1 300w, https:\/\/i0.wp.com\/blogdobispo.com.br\/wp-content\/uploads\/2025\/09\/6b2e1de3-37bd-48c5-943c-453a985f6200.jpg?resize=768%2C410&amp;ssl=1 768w, https:\/\/i0.wp.com\/blogdobispo.com.br\/wp-content\/uploads\/2025\/09\/6b2e1de3-37bd-48c5-943c-453a985f6200.jpg?w=1500&amp;ssl=1 1500w\" sizes=\"(max-width: 800px) 100vw, 800px\" \/><\/figure>\n\n\n\n<p><\/p>\n\n\n\n<p>Neste fim de semana Natal vai sediar o II Torneio Nacional de T\u00eanis e Beach Tennis do Minist\u00e9rio P\u00fablico, que reunir\u00e1 mais de 120 atletas, entre promotores e procuradores de Justi\u00e7a, de v\u00e1rios estados do pa\u00eds.<\/p>\n\n\n\n<p>Organizado pela Associa\u00e7\u00e3o do Minist\u00e9rio P\u00fablico do Rio Grande do Norte (AMPERN), o torneio acontece nestes dias 20 e 21 de setembro e ter\u00e1 suas disputas realizadas no Aeroclube do RN, em modalidades de t\u00eanis (dupla e individual) e beach tennis, ambas nas categorias masculino e feminino. O local tamb\u00e9m receber\u00e1 uma programa\u00e7\u00e3o social no domingo, no encerramento do torneio.<\/p>\n\n\n\n<p>Para o presidente da AMPERN, Dr. Clayton Barreto, a realiza\u00e7\u00e3o do torneio em Natal refor\u00e7a o protagonismo da entidade no cen\u00e1rio nacional.<\/p>\n\n\n\n<p>\u201cPara n\u00f3s \u00e9 motivo de muita alegria receber colegas do Minist\u00e9rio P\u00fablico de todo o Brasil aqui em Natal. O torneio \u00e9 um momento de integra\u00e7\u00e3o, amizade e congra\u00e7amento, al\u00e9m, claro, de estimular a pr\u00e1tica esportiva, contribui para uma melhor qualidade de vida e bem-estar\u201d, disse.<\/p>\n\n\n\n<p>Nesta sexta-feira (19), por ocasi\u00e3o do torneio, Natal tamb\u00e9m recebe a Reuni\u00e3o Extraordin\u00e1ria do Conselho Deliberativo da CONAMP \u2013 Associa\u00e7\u00e3o Nacional dos Membros do Minist\u00e9rio P\u00fablico, que congrega as associa\u00e7\u00f5es estaduais da institui\u00e7\u00e3o. Durante a reuni\u00e3o, ser\u00e3o debatidos temas de interesse do Minist\u00e9rio P\u00fablico que est\u00e3o em pauta no cen\u00e1rio nacional.<\/p>\n\n\n\n<p>\u201cNatal volta a sediar, ap\u00f3s 12 anos, uma reuni\u00e3o do nosso Conselho Deliberativo da CONAMP. Isso demonstra a relev\u00e2ncia da nossa cidade e do nosso MPRN no cen\u00e1rio nacional do Minist\u00e9rio P\u00fablico\u201d, concluiu.<\/p>\n\n\n\n<p>O II Torneio Nacional de T\u00eanis e Beach Tennis do Minist\u00e9rio P\u00fablico \u00e9 uma realiza\u00e7\u00e3o da AMPERN e CONAMP, com apoio do Governo do Estado, Prefeitura do Natal, MPRN e Aeroclube do RN.<\/p>\n","protected":false},"excerpt":{"rendered":"<p>Neste fim de semana Natal vai sediar o II Torneio Nacional de T\u00eanis e Beach Tennis do Minist\u00e9rio P\u00fablico, que reunir\u00e1 mais de 120 atletas, entre promotores e procuradores de Justi\u00e7a, de v\u00e1rios estados do pa\u00eds. Organizado pela Associa\u00e7\u00e3o do Minist\u00e9rio P\u00fablico do Rio Grande do Norte (AMPERN), o torneio acontece nestes dias 20 e [&hellip;]<\/p>\n","protected":false},"author":1,"featured_media":0,"comment_status":"open","ping_status":"open","sticky":false,"template":"","format":"standard","meta":{"cybocfi_hide_featured_image":"","_jetpack_memberships_contains_paid_content":false,"footnotes":""},"categories":[1],"tags":[],"class_list":["post-17870","post","type-post","status-publish","format-standard","hentry","category-diversos"],"yoast_head":"<!-- This site is optimized with the Yoast SEO plugin v25.6 - https:\/\/yoast.com\/wordpress\/plugins\/seo\/ -->\n<title>Natal recebe II Torneio Nacional de T\u00eanis e Beach Tennis do Minist\u00e9rio P\u00fablico - Blog do Bispo<\/title>\n<meta name=\"robots\" content=\"index, follow, max-snippet:-1, max-image-preview:large, max-video-preview:-1\" \/>\n<link rel=\"canonical\" href=\"https:\/\/blogdobispo.com.br\/?p=17870\" \/>\n<meta property=\"og:locale\" content=\"pt_BR\" \/>\n<meta property=\"og:type\" content=\"article\" \/>\n<meta property=\"og:title\" content=\"Natal recebe II Torneio Nacional de T\u00eanis e Beach Tennis do Minist\u00e9rio P\u00fablico - Blog do Bispo\" \/>\n<meta property=\"og:description\" content=\"Neste fim de semana Natal vai sediar o II Torneio Nacional de T\u00eanis e Beach Tennis do Minist\u00e9rio P\u00fablico, que reunir\u00e1 mais de 120 atletas, entre promotores e procuradores de Justi\u00e7a, de v\u00e1rios estados do pa\u00eds. Organizado pela Associa\u00e7\u00e3o do Minist\u00e9rio P\u00fablico do Rio Grande do Norte (AMPERN), o torneio acontece nestes dias 20 e [&hellip;]\" \/>\n<meta property=\"og:url\" content=\"https:\/\/blogdobispo.com.br\/?p=17870\" \/>\n<meta property=\"og:site_name\" content=\"Blog do Bispo\" \/>\n<meta property=\"article:published_time\" content=\"2025-09-20T01:56:36+00:00\" \/>\n<meta property=\"og:image\" content=\"https:\/\/blogdobispo.com.br\/wp-content\/uploads\/2025\/09\/6b2e1de3-37bd-48c5-943c-453a985f6200-1024x546.jpg\" \/>\n<meta name=\"author\" content=\"Jefferson Sterfeno\" \/>\n<meta name=\"twitter:card\" content=\"summary_large_image\" \/>\n<meta name=\"twitter:label1\" content=\"Escrito por\" \/>\n\t<meta name=\"twitter:data1\" content=\"Jefferson Sterfeno\" \/>\n\t<meta name=\"twitter:label2\" content=\"Est. tempo de leitura\" \/>\n\t<meta name=\"twitter:data2\" content=\"2 minutos\" \/>\n<script type=\"application\/ld+json\" class=\"yoast-schema-graph\">{\"@context\":\"https:\/\/schema.org\",\"@graph\":[{\"@type\":\"Article\",\"@id\":\"https:\/\/blogdobispo.com.br\/?p=17870#article\",\"isPartOf\":{\"@id\":\"https:\/\/blogdobispo.com.br\/?p=17870\"},\"author\":{\"name\":\"Jefferson Sterfeno\",\"@id\":\"https:\/\/blogdobispo.com.br\/#\/schema\/person\/e2209cc0e6cea5c5233d033e997b373f\"},\"headline\":\"Natal recebe II Torneio Nacional de T\u00eanis e Beach Tennis do Minist\u00e9rio P\u00fablico\",\"datePublished\":\"2025-09-20T01:56:36+00:00\",\"mainEntityOfPage\":{\"@id\":\"https:\/\/blogdobispo.com.br\/?p=17870\"},\"wordCount\":335,\"commentCount\":0,\"publisher\":{\"@id\":\"https:\/\/blogdobispo.com.br\/#organization\"},\"image\":{\"@id\":\"https:\/\/blogdobispo.com.br\/?p=17870#primaryimage\"},\"thumbnailUrl\":\"https:\/\/blogdobispo.com.br\/wp-content\/uploads\/2025\/09\/6b2e1de3-37bd-48c5-943c-453a985f6200-1024x546.jpg\",\"articleSection\":[\"diversos\"],\"inLanguage\":\"pt-BR\",\"potentialAction\":[{\"@type\":\"CommentAction\",\"name\":\"Comment\",\"target\":[\"https:\/\/blogdobispo.com.br\/?p=17870#respond\"]}]},{\"@type\":\"WebPage\",\"@id\":\"https:\/\/blogdobispo.com.br\/?p=17870\",\"url\":\"https:\/\/blogdobispo.com.br\/?p=17870\",\"name\":\"Natal recebe II Torneio Nacional de T\u00eanis e Beach Tennis do Minist\u00e9rio P\u00fablico - Blog do Bispo\",\"isPartOf\":{\"@id\":\"https:\/\/blogdobispo.com.br\/#website\"},\"primaryImageOfPage\":{\"@id\":\"https:\/\/blogdobispo.com.br\/?p=17870#primaryimage\"},\"image\":{\"@id\":\"https:\/\/blogdobispo.com.br\/?p=17870#primaryimage\"},\"thumbnailUrl\":\"https:\/\/blogdobispo.com.br\/wp-content\/uploads\/2025\/09\/6b2e1de3-37bd-48c5-943c-453a985f6200-1024x546.jpg\",\"datePublished\":\"2025-09-20T01:56:36+00:00\",\"breadcrumb\":{\"@id\":\"https:\/\/blogdobispo.com.br\/?p=17870#breadcrumb\"},\"inLanguage\":\"pt-BR\",\"potentialAction\":[{\"@type\":\"ReadAction\",\"target\":[\"https:\/\/blogdobispo.com.br\/?p=17870\"]}]},{\"@type\":\"ImageObject\",\"inLanguage\":\"pt-BR\",\"@id\":\"https:\/\/blogdobispo.com.br\/?p=17870#primaryimage\",\"url\":\"https:\/\/blogdobispo.com.br\/wp-content\/uploads\/2025\/09\/6b2e1de3-37bd-48c5-943c-453a985f6200-1024x546.jpg\",\"contentUrl\":\"https:\/\/blogdobispo.com.br\/wp-content\/uploads\/2025\/09\/6b2e1de3-37bd-48c5-943c-453a985f6200-1024x546.jpg\"},{\"@type\":\"BreadcrumbList\",\"@id\":\"https:\/\/blogdobispo.com.br\/?p=17870#breadcrumb\",\"itemListElement\":[{\"@type\":\"ListItem\",\"position\":1,\"name\":\"In\u00edcio\",\"item\":\"https:\/\/blogdobispo.com.br\/\"},{\"@type\":\"ListItem\",\"position\":2,\"name\":\"Natal recebe II Torneio Nacional de T\u00eanis e Beach Tennis do Minist\u00e9rio P\u00fablico\"}]},{\"@type\":\"WebSite\",\"@id\":\"https:\/\/blogdobispo.com.br\/#website\",\"url\":\"https:\/\/blogdobispo.com.br\/\",\"name\":\"Blog do Bispo\",\"description\":\"Comprometido apenas com o leitor\",\"publisher\":{\"@id\":\"https:\/\/blogdobispo.com.br\/#organization\"},\"potentialAction\":[{\"@type\":\"SearchAction\",\"target\":{\"@type\":\"EntryPoint\",\"urlTemplate\":\"https:\/\/blogdobispo.com.br\/?s={search_term_string}\"},\"query-input\":{\"@type\":\"PropertyValueSpecification\",\"valueRequired\":true,\"valueName\":\"search_term_string\"}}],\"inLanguage\":\"pt-BR\"},{\"@type\":\"Organization\",\"@id\":\"https:\/\/blogdobispo.com.br\/#organization\",\"name\":\"Blog do Bispo\",\"url\":\"https:\/\/blogdobispo.com.br\/\",\"logo\":{\"@type\":\"ImageObject\",\"inLanguage\":\"pt-BR\",\"@id\":\"https:\/\/blogdobispo.com.br\/#\/schema\/logo\/image\/\",\"url\":\"http:\/\/blogdobispo.com.br\/wp-content\/uploads\/2023\/05\/cropped-headear.png\",\"contentUrl\":\"http:\/\/blogdobispo.com.br\/wp-content\/uploads\/2023\/05\/cropped-headear.png\",\"width\":1500,\"height\":399,\"caption\":\"Blog do Bispo\"},\"image\":{\"@id\":\"https:\/\/blogdobispo.com.br\/#\/schema\/logo\/image\/\"}},{\"@type\":\"Person\",\"@id\":\"https:\/\/blogdobispo.com.br\/#\/schema\/person\/e2209cc0e6cea5c5233d033e997b373f\",\"name\":\"Jefferson Sterfeno\",\"image\":{\"@type\":\"ImageObject\",\"inLanguage\":\"pt-BR\",\"@id\":\"https:\/\/blogdobispo.com.br\/#\/schema\/person\/image\/\",\"url\":\"https:\/\/secure.gravatar.com\/avatar\/0534e84764641168a677026b6d57a3f51dc7ac4db0b4f6186d9cb330d4ee1160?s=96&d=mm&r=g\",\"contentUrl\":\"https:\/\/secure.gravatar.com\/avatar\/0534e84764641168a677026b6d57a3f51dc7ac4db0b4f6186d9cb330d4ee1160?s=96&d=mm&r=g\",\"caption\":\"Jefferson Sterfeno\"},\"sameAs\":[\"http:\/\/blogdobispo.com.br\"],\"url\":\"https:\/\/blogdobispo.com.br\/?author=1\"}]}<\/script>\n<!-- \/ Yoast SEO plugin. -->","yoast_head_json":{"title":"Natal recebe II Torneio Nacional de T\u00eanis e Beach Tennis do Minist\u00e9rio P\u00fablico - Blog do Bispo","robots":{"index":"index","follow":"follow","max-snippet":"max-snippet:-1","max-image-preview":"max-image-preview:large","max-video-preview":"max-video-preview:-1"},"canonical":"https:\/\/blogdobispo.com.br\/?p=17870","og_locale":"pt_BR","og_type":"article","og_title":"Natal recebe II Torneio Nacional de T\u00eanis e Beach Tennis do Minist\u00e9rio P\u00fablico - Blog do Bispo","og_description":"Neste fim de semana Natal vai sediar o II Torneio Nacional de T\u00eanis e Beach Tennis do Minist\u00e9rio P\u00fablico, que reunir\u00e1 mais de 120 atletas, entre promotores e procuradores de Justi\u00e7a, de v\u00e1rios estados do pa\u00eds. Organizado pela Associa\u00e7\u00e3o do Minist\u00e9rio P\u00fablico do Rio Grande do Norte (AMPERN), o torneio acontece nestes dias 20 e [&hellip;]","og_url":"https:\/\/blogdobispo.com.br\/?p=17870","og_site_name":"Blog do Bispo","article_published_time":"2025-09-20T01:56:36+00:00","og_image":[{"url":"https:\/\/blogdobispo.com.br\/wp-content\/uploads\/2025\/09\/6b2e1de3-37bd-48c5-943c-453a985f6200-1024x546.jpg","type":"","width":"","height":""}],"author":"Jefferson Sterfeno","twitter_card":"summary_large_image","twitter_misc":{"Escrito por":"Jefferson Sterfeno","Est. tempo de leitura":"2 minutos"},"schema":{"@context":"https:\/\/schema.org","@graph":[{"@type":"Article","@id":"https:\/\/blogdobispo.com.br\/?p=17870#article","isPartOf":{"@id":"https:\/\/blogdobispo.com.br\/?p=17870"},"author":{"name":"Jefferson Sterfeno","@id":"https:\/\/blogdobispo.com.br\/#\/schema\/person\/e2209cc0e6cea5c5233d033e997b373f"},"headline":"Natal recebe II Torneio Nacional de T\u00eanis e Beach Tennis do Minist\u00e9rio P\u00fablico","datePublished":"2025-09-20T01:56:36+00:00","mainEntityOfPage":{"@id":"https:\/\/blogdobispo.com.br\/?p=17870"},"wordCount":335,"commentCount":0,"publisher":{"@id":"https:\/\/blogdobispo.com.br\/#organization"},"image":{"@id":"https:\/\/blogdobispo.com.br\/?p=17870#primaryimage"},"thumbnailUrl":"https:\/\/blogdobispo.com.br\/wp-content\/uploads\/2025\/09\/6b2e1de3-37bd-48c5-943c-453a985f6200-1024x546.jpg","articleSection":["diversos"],"inLanguage":"pt-BR","potentialAction":[{"@type":"CommentAction","name":"Comment","target":["https:\/\/blogdobispo.com.br\/?p=17870#respond"]}]},{"@type":"WebPage","@id":"https:\/\/blogdobispo.com.br\/?p=17870","url":"https:\/\/blogdobispo.com.br\/?p=17870","name":"Natal recebe II Torneio Nacional de T\u00eanis e Beach Tennis do Minist\u00e9rio P\u00fablico - Blog do Bispo","isPartOf":{"@id":"https:\/\/blogdobispo.com.br\/#website"},"primaryImageOfPage":{"@id":"https:\/\/blogdobispo.com.br\/?p=17870#primaryimage"},"image":{"@id":"https:\/\/blogdobispo.com.br\/?p=17870#primaryimage"},"thumbnailUrl":"https:\/\/blogdobispo.com.br\/wp-content\/uploads\/2025\/09\/6b2e1de3-37bd-48c5-943c-453a985f6200-1024x546.jpg","datePublished":"2025-09-20T01:56:36+00:00","breadcrumb":{"@id":"https:\/\/blogdobispo.com.br\/?p=17870#breadcrumb"},"inLanguage":"pt-BR","potentialAction":[{"@type":"ReadAction","target":["https:\/\/blogdobispo.com.br\/?p=17870"]}]},{"@type":"ImageObject","inLanguage":"pt-BR","@id":"https:\/\/blogdobispo.com.br\/?p=17870#primaryimage","url":"https:\/\/blogdobispo.com.br\/wp-content\/uploads\/2025\/09\/6b2e1de3-37bd-48c5-943c-453a985f6200-1024x546.jpg","contentUrl":"https:\/\/blogdobispo.com.br\/wp-content\/uploads\/2025\/09\/6b2e1de3-37bd-48c5-943c-453a985f6200-1024x546.jpg"},{"@type":"BreadcrumbList","@id":"https:\/\/blogdobispo.com.br\/?p=17870#breadcrumb","itemListElement":[{"@type":"ListItem","position":1,"name":"In\u00edcio","item":"https:\/\/blogdobispo.com.br\/"},{"@type":"ListItem","position":2,"name":"Natal recebe II Torneio Nacional de T\u00eanis e Beach Tennis do Minist\u00e9rio P\u00fablico"}]},{"@type":"WebSite","@id":"https:\/\/blogdobispo.com.br\/#website","url":"https:\/\/blogdobispo.com.br\/","name":"Blog do Bispo","description":"Comprometido apenas com o leitor","publisher":{"@id":"https:\/\/blogdobispo.com.br\/#organization"},"potentialAction":[{"@type":"SearchAction","target":{"@type":"EntryPoint","urlTemplate":"https:\/\/blogdobispo.com.br\/?s={search_term_string}"},"query-input":{"@type":"PropertyValueSpecification","valueRequired":true,"valueName":"search_term_string"}}],"inLanguage":"pt-BR"},{"@type":"Organization","@id":"https:\/\/blogdobispo.com.br\/#organization","name":"Blog do Bispo","url":"https:\/\/blogdobispo.com.br\/","logo":{"@type":"ImageObject","inLanguage":"pt-BR","@id":"https:\/\/blogdobispo.com.br\/#\/schema\/logo\/image\/","url":"http:\/\/blogdobispo.com.br\/wp-content\/uploads\/2023\/05\/cropped-headear.png","contentUrl":"http:\/\/blogdobispo.com.br\/wp-content\/uploads\/2023\/05\/cropped-headear.png","width":1500,"height":399,"caption":"Blog do Bispo"},"image":{"@id":"https:\/\/blogdobispo.com.br\/#\/schema\/logo\/image\/"}},{"@type":"Person","@id":"https:\/\/blogdobispo.com.br\/#\/schema\/person\/e2209cc0e6cea5c5233d033e997b373f","name":"Jefferson Sterfeno","image":{"@type":"ImageObject","inLanguage":"pt-BR","@id":"https:\/\/blogdobispo.com.br\/#\/schema\/person\/image\/","url":"https:\/\/secure.gravatar.com\/avatar\/0534e84764641168a677026b6d57a3f51dc7ac4db0b4f6186d9cb330d4ee1160?s=96&d=mm&r=g","contentUrl":"https:\/\/secure.gravatar.com\/avatar\/0534e84764641168a677026b6d57a3f51dc7ac4db0b4f6186d9cb330d4ee1160?s=96&d=mm&r=g","caption":"Jefferson Sterfeno"},"sameAs":["http:\/\/blogdobispo.com.br"],"url":"https:\/\/blogdobispo.com.br\/?author=1"}]}},"featured_image_urls":{"full":"","thumbnail":"","medium":"","medium_large":"","large":"","1536x1536":"","2048x2048":""},"author_info":{"display_name":"Jefferson Sterfeno","author_link":"https:\/\/blogdobispo.com.br\/?author=1"},"category_info":"<a href=\"https:\/\/blogdobispo.com.br\/?cat=1\" rel=\"category\">diversos<\/a>","tag_info":"diversos","comment_count":"0","jetpack_featured_media_url":"","jetpack_sharing_enabled":true,"_links":{"self":[{"href":"https:\/\/blogdobispo.com.br\/index.php?rest_route=\/wp\/v2\/posts\/17870","targetHints":{"allow":["GET"]}}],"collection":[{"href":"https:\/\/blogdobispo.com.br\/index.php?rest_route=\/wp\/v2\/posts"}],"about":[{"href":"https:\/\/blogdobispo.com.br\/index.php?rest_route=\/wp\/v2\/types\/post"}],"author":[{"embeddable":true,"href":"https:\/\/blogdobispo.com.br\/index.php?rest_route=\/wp\/v2\/users\/1"}],"replies":[{"embeddable":true,"href":"https:\/\/blogdobispo.com.br\/index.php?rest_route=%2Fwp%2Fv2%2Fcomments&post=17870"}],"version-history":[{"count":0,"href":"https:\/\/blogdobispo.com.br\/index.php?rest_route=\/wp\/v2\/posts\/17870\/revisions"}],"wp:attachment":[{"href":"https:\/\/blogdobispo.com.br\/index.php?rest_route=%2Fwp%2Fv2%2Fmedia&parent=17870"}],"wp:term":[{"taxonomy":"category","embeddable":true,"href":"https:\/\/blogdobispo.com.br\/index.php?rest_route=%2Fwp%2Fv2%2Fcategories&post=17870"},{"taxonomy":"post_tag","embeddable":true,"href":"https:\/\/blogdobispo.com.br\/index.php?rest_route=%2Fwp%2Fv2%2Ftags&post=17870"}],"curies":[{"name":"wp","href":"https:\/\/api.w.org\/{rel}","templated":true}]}}