{"id":17858,"date":"2025-09-19T16:33:15","date_gmt":"2025-09-19T16:33:15","guid":{"rendered":"https:\/\/blogdobispo.com.br\/?p=17858"},"modified":"2025-09-19T16:33:48","modified_gmt":"2025-09-19T16:33:48","slug":"17858","status":"publish","type":"post","link":"https:\/\/blogdobispo.com.br\/?p=17858","title":{"rendered":"Rocas recebe a\u00e7\u00e3o social com atendimentos gratuitos neste s\u00e1bado"},"content":{"rendered":"<p>Como parte da programa\u00e7\u00e3o de comemora\u00e7\u00e3o do anivers\u00e1rio do bairro das Rocas, em Natal, a Escola Estadual Caf\u00e9 Filho ser\u00e1 palco, neste s\u00e1bado (20), de uma grande a\u00e7\u00e3o social voltada para a comunidade. O evento, denominado Justiz + Sa\u00fade, acontece das 8h \u00e0s 12h e vai oferecer diversos servi\u00e7os gratuitos de sa\u00fade, cidadania e lazer.<\/p>\n<p>Entre os atendimentos na \u00e1rea da sa\u00fade, estar\u00e3o dispon\u00edveis especialidades como cl\u00ednico geral, pediatria, psiquiatria, geriatria e fonoaudiologia. A popula\u00e7\u00e3o tamb\u00e9m ter\u00e1 acesso a atendimento jur\u00eddico, corte de cabelo, design de sobrancelhas, esmalta\u00e7\u00e3o, vacina\u00e7\u00e3o, recrea\u00e7\u00e3o infantil, agendamento de RG pelo ITEP, cadastro \u00fanico, emiss\u00e3o de carteira de artes\u00e3, orienta\u00e7\u00f5es sobre preven\u00e7\u00e3o da dengue, distribui\u00e7\u00e3o de mudas e outras a\u00e7\u00f5es educativas.<\/p>\n<p>A iniciativa \u00e9 fruto de uma parceria entre o deputado estadual Ubaldo Fernandes, o vereador de Natal Eribaldo Medeiros e o vereador Herberth Sena, que destacam a import\u00e2ncia de levar servi\u00e7os essenciais para mais perto da popula\u00e7\u00e3o.<\/p>\n<p>\u201cNosso objetivo \u00e9 aproximar o poder p\u00fablico das comunidades, levando sa\u00fade, cidadania e qualidade de vida para os moradores das Rocas. \u00c9 um momento de comemora\u00e7\u00e3o, mas tamb\u00e9m de cuidado com as pessoas\u201d, ressaltou o deputado estadual Ubaldo Fernandes.<\/p>\n<p>O evento \u00e9 aberto a toda comunidade das Rocas e bairros vizinhos.<\/p>\n<p>&nbsp;<\/p>\n<p>Servi\u00e7o:<\/p>\n<p>\ud83d\udccd Local: Escola Estadual Caf\u00e9 Filho \u2013 Rocas<\/p>\n<p>\ud83d\udcc5 Data: S\u00e1bado, 20 de setembro<\/p>\n<p>\u23f0 Hor\u00e1rio: das 8h \u00e0s 12h<\/p>\n<p>\u2705 Atendimento gratuito<\/p>\n","protected":false},"excerpt":{"rendered":"<p>Como parte da programa\u00e7\u00e3o de comemora\u00e7\u00e3o do anivers\u00e1rio do bairro das Rocas, em Natal, a Escola Estadual Caf\u00e9 Filho ser\u00e1 palco, neste s\u00e1bado (20), de uma grande a\u00e7\u00e3o social voltada para a comunidade. O evento, denominado Justiz + Sa\u00fade, acontece das 8h \u00e0s 12h e vai oferecer diversos servi\u00e7os gratuitos de sa\u00fade, cidadania e lazer. [&hellip;]<\/p>\n","protected":false},"author":3,"featured_media":17859,"comment_status":"open","ping_status":"open","sticky":false,"template":"","format":"standard","meta":{"cybocfi_hide_featured_image":"","_jetpack_memberships_contains_paid_content":false,"footnotes":""},"categories":[12],"tags":[],"class_list":["post-17858","post","type-post","status-publish","format-standard","has-post-thumbnail","hentry","category-cidadania"],"yoast_head":"<!-- This site is optimized with the Yoast SEO plugin v25.6 - https:\/\/yoast.com\/wordpress\/plugins\/seo\/ -->\n<title>Rocas recebe a\u00e7\u00e3o social com atendimentos gratuitos neste s\u00e1bado - Blog do Bispo<\/title>\n<meta name=\"robots\" content=\"index, follow, max-snippet:-1, max-image-preview:large, max-video-preview:-1\" \/>\n<link rel=\"canonical\" href=\"https:\/\/blogdobispo.com.br\/?p=17858\" \/>\n<meta property=\"og:locale\" content=\"pt_BR\" \/>\n<meta property=\"og:type\" content=\"article\" \/>\n<meta property=\"og:title\" content=\"Rocas recebe a\u00e7\u00e3o social com atendimentos gratuitos neste s\u00e1bado - Blog do Bispo\" \/>\n<meta property=\"og:description\" content=\"Como parte da programa\u00e7\u00e3o de comemora\u00e7\u00e3o do anivers\u00e1rio do bairro das Rocas, em Natal, a Escola Estadual Caf\u00e9 Filho ser\u00e1 palco, neste s\u00e1bado (20), de uma grande a\u00e7\u00e3o social voltada para a comunidade. O evento, denominado Justiz + Sa\u00fade, acontece das 8h \u00e0s 12h e vai oferecer diversos servi\u00e7os gratuitos de sa\u00fade, cidadania e lazer. [&hellip;]\" \/>\n<meta property=\"og:url\" content=\"https:\/\/blogdobispo.com.br\/?p=17858\" \/>\n<meta property=\"og:site_name\" content=\"Blog do Bispo\" \/>\n<meta property=\"article:published_time\" content=\"2025-09-19T16:33:15+00:00\" \/>\n<meta property=\"article:modified_time\" content=\"2025-09-19T16:33:48+00:00\" \/>\n<meta property=\"og:image\" content=\"http:\/\/blogdobispo.com.br\/wp-content\/uploads\/2025\/09\/IMG-20250919-WA0009.jpg\" \/>\n\t<meta property=\"og:image:width\" content=\"2047\" \/>\n\t<meta property=\"og:image:height\" content=\"2560\" \/>\n\t<meta property=\"og:image:type\" content=\"image\/jpeg\" \/>\n<meta name=\"author\" content=\"Robson Trigueiro\" \/>\n<meta name=\"twitter:card\" content=\"summary_large_image\" \/>\n<meta name=\"twitter:label1\" content=\"Escrito por\" \/>\n\t<meta name=\"twitter:data1\" content=\"Robson Trigueiro\" \/>\n\t<meta name=\"twitter:label2\" content=\"Est. tempo de leitura\" \/>\n\t<meta name=\"twitter:data2\" content=\"2 minutos\" \/>\n<script type=\"application\/ld+json\" class=\"yoast-schema-graph\">{\"@context\":\"https:\/\/schema.org\",\"@graph\":[{\"@type\":\"Article\",\"@id\":\"https:\/\/blogdobispo.com.br\/?p=17858#article\",\"isPartOf\":{\"@id\":\"https:\/\/blogdobispo.com.br\/?p=17858\"},\"author\":{\"name\":\"Robson Trigueiro\",\"@id\":\"https:\/\/blogdobispo.com.br\/#\/schema\/person\/05abe7adb94767ba46bf757b4243d3e0\"},\"headline\":\"Rocas recebe a\u00e7\u00e3o social com atendimentos gratuitos neste s\u00e1bado\",\"datePublished\":\"2025-09-19T16:33:15+00:00\",\"dateModified\":\"2025-09-19T16:33:48+00:00\",\"mainEntityOfPage\":{\"@id\":\"https:\/\/blogdobispo.com.br\/?p=17858\"},\"wordCount\":260,\"commentCount\":0,\"publisher\":{\"@id\":\"https:\/\/blogdobispo.com.br\/#organization\"},\"image\":{\"@id\":\"https:\/\/blogdobispo.com.br\/?p=17858#primaryimage\"},\"thumbnailUrl\":\"https:\/\/i0.wp.com\/blogdobispo.com.br\/wp-content\/uploads\/2025\/09\/IMG-20250919-WA0009.jpg?fit=2047%2C2560&ssl=1\",\"articleSection\":[\"Cidadania\"],\"inLanguage\":\"pt-BR\",\"potentialAction\":[{\"@type\":\"CommentAction\",\"name\":\"Comment\",\"target\":[\"https:\/\/blogdobispo.com.br\/?p=17858#respond\"]}]},{\"@type\":\"WebPage\",\"@id\":\"https:\/\/blogdobispo.com.br\/?p=17858\",\"url\":\"https:\/\/blogdobispo.com.br\/?p=17858\",\"name\":\"Rocas recebe a\u00e7\u00e3o social com atendimentos gratuitos neste s\u00e1bado - Blog do Bispo\",\"isPartOf\":{\"@id\":\"https:\/\/blogdobispo.com.br\/#website\"},\"primaryImageOfPage\":{\"@id\":\"https:\/\/blogdobispo.com.br\/?p=17858#primaryimage\"},\"image\":{\"@id\":\"https:\/\/blogdobispo.com.br\/?p=17858#primaryimage\"},\"thumbnailUrl\":\"https:\/\/i0.wp.com\/blogdobispo.com.br\/wp-content\/uploads\/2025\/09\/IMG-20250919-WA0009.jpg?fit=2047%2C2560&ssl=1\",\"datePublished\":\"2025-09-19T16:33:15+00:00\",\"dateModified\":\"2025-09-19T16:33:48+00:00\",\"breadcrumb\":{\"@id\":\"https:\/\/blogdobispo.com.br\/?p=17858#breadcrumb\"},\"inLanguage\":\"pt-BR\",\"potentialAction\":[{\"@type\":\"ReadAction\",\"target\":[\"https:\/\/blogdobispo.com.br\/?p=17858\"]}]},{\"@type\":\"ImageObject\",\"inLanguage\":\"pt-BR\",\"@id\":\"https:\/\/blogdobispo.com.br\/?p=17858#primaryimage\",\"url\":\"https:\/\/i0.wp.com\/blogdobispo.com.br\/wp-content\/uploads\/2025\/09\/IMG-20250919-WA0009.jpg?fit=2047%2C2560&ssl=1\",\"contentUrl\":\"https:\/\/i0.wp.com\/blogdobispo.com.br\/wp-content\/uploads\/2025\/09\/IMG-20250919-WA0009.jpg?fit=2047%2C2560&ssl=1\",\"width\":2047,\"height\":2560},{\"@type\":\"BreadcrumbList\",\"@id\":\"https:\/\/blogdobispo.com.br\/?p=17858#breadcrumb\",\"itemListElement\":[{\"@type\":\"ListItem\",\"position\":1,\"name\":\"In\u00edcio\",\"item\":\"https:\/\/blogdobispo.com.br\/\"},{\"@type\":\"ListItem\",\"position\":2,\"name\":\"Rocas recebe a\u00e7\u00e3o social com atendimentos gratuitos neste s\u00e1bado\"}]},{\"@type\":\"WebSite\",\"@id\":\"https:\/\/blogdobispo.com.br\/#website\",\"url\":\"https:\/\/blogdobispo.com.br\/\",\"name\":\"Blog do Bispo\",\"description\":\"Comprometido apenas com o leitor\",\"publisher\":{\"@id\":\"https:\/\/blogdobispo.com.br\/#organization\"},\"potentialAction\":[{\"@type\":\"SearchAction\",\"target\":{\"@type\":\"EntryPoint\",\"urlTemplate\":\"https:\/\/blogdobispo.com.br\/?s={search_term_string}\"},\"query-input\":{\"@type\":\"PropertyValueSpecification\",\"valueRequired\":true,\"valueName\":\"search_term_string\"}}],\"inLanguage\":\"pt-BR\"},{\"@type\":\"Organization\",\"@id\":\"https:\/\/blogdobispo.com.br\/#organization\",\"name\":\"Blog do Bispo\",\"url\":\"https:\/\/blogdobispo.com.br\/\",\"logo\":{\"@type\":\"ImageObject\",\"inLanguage\":\"pt-BR\",\"@id\":\"https:\/\/blogdobispo.com.br\/#\/schema\/logo\/image\/\",\"url\":\"http:\/\/blogdobispo.com.br\/wp-content\/uploads\/2023\/05\/cropped-headear.png\",\"contentUrl\":\"http:\/\/blogdobispo.com.br\/wp-content\/uploads\/2023\/05\/cropped-headear.png\",\"width\":1500,\"height\":399,\"caption\":\"Blog do Bispo\"},\"image\":{\"@id\":\"https:\/\/blogdobispo.com.br\/#\/schema\/logo\/image\/\"}},{\"@type\":\"Person\",\"@id\":\"https:\/\/blogdobispo.com.br\/#\/schema\/person\/05abe7adb94767ba46bf757b4243d3e0\",\"name\":\"Robson Trigueiro\",\"image\":{\"@type\":\"ImageObject\",\"inLanguage\":\"pt-BR\",\"@id\":\"https:\/\/blogdobispo.com.br\/#\/schema\/person\/image\/\",\"url\":\"https:\/\/secure.gravatar.com\/avatar\/b71c79ed1dcbb23d15e3cd8224dbfbd99da477df155b3e777061e3a006422418?s=96&d=mm&r=g\",\"contentUrl\":\"https:\/\/secure.gravatar.com\/avatar\/b71c79ed1dcbb23d15e3cd8224dbfbd99da477df155b3e777061e3a006422418?s=96&d=mm&r=g\",\"caption\":\"Robson Trigueiro\"},\"url\":\"https:\/\/blogdobispo.com.br\/?author=3\"}]}<\/script>\n<!-- \/ Yoast SEO plugin. -->","yoast_head_json":{"title":"Rocas recebe a\u00e7\u00e3o social com atendimentos gratuitos neste s\u00e1bado - Blog do Bispo","robots":{"index":"index","follow":"follow","max-snippet":"max-snippet:-1","max-image-preview":"max-image-preview:large","max-video-preview":"max-video-preview:-1"},"canonical":"https:\/\/blogdobispo.com.br\/?p=17858","og_locale":"pt_BR","og_type":"article","og_title":"Rocas recebe a\u00e7\u00e3o social com atendimentos gratuitos neste s\u00e1bado - Blog do Bispo","og_description":"Como parte da programa\u00e7\u00e3o de comemora\u00e7\u00e3o do anivers\u00e1rio do bairro das Rocas, em Natal, a Escola Estadual Caf\u00e9 Filho ser\u00e1 palco, neste s\u00e1bado (20), de uma grande a\u00e7\u00e3o social voltada para a comunidade. O evento, denominado Justiz + Sa\u00fade, acontece das 8h \u00e0s 12h e vai oferecer diversos servi\u00e7os gratuitos de sa\u00fade, cidadania e lazer. [&hellip;]","og_url":"https:\/\/blogdobispo.com.br\/?p=17858","og_site_name":"Blog do Bispo","article_published_time":"2025-09-19T16:33:15+00:00","article_modified_time":"2025-09-19T16:33:48+00:00","og_image":[{"width":2047,"height":2560,"url":"http:\/\/blogdobispo.com.br\/wp-content\/uploads\/2025\/09\/IMG-20250919-WA0009.jpg","type":"image\/jpeg"}],"author":"Robson Trigueiro","twitter_card":"summary_large_image","twitter_misc":{"Escrito por":"Robson Trigueiro","Est. tempo de leitura":"2 minutos"},"schema":{"@context":"https:\/\/schema.org","@graph":[{"@type":"Article","@id":"https:\/\/blogdobispo.com.br\/?p=17858#article","isPartOf":{"@id":"https:\/\/blogdobispo.com.br\/?p=17858"},"author":{"name":"Robson Trigueiro","@id":"https:\/\/blogdobispo.com.br\/#\/schema\/person\/05abe7adb94767ba46bf757b4243d3e0"},"headline":"Rocas recebe a\u00e7\u00e3o social com atendimentos gratuitos neste s\u00e1bado","datePublished":"2025-09-19T16:33:15+00:00","dateModified":"2025-09-19T16:33:48+00:00","mainEntityOfPage":{"@id":"https:\/\/blogdobispo.com.br\/?p=17858"},"wordCount":260,"commentCount":0,"publisher":{"@id":"https:\/\/blogdobispo.com.br\/#organization"},"image":{"@id":"https:\/\/blogdobispo.com.br\/?p=17858#primaryimage"},"thumbnailUrl":"https:\/\/i0.wp.com\/blogdobispo.com.br\/wp-content\/uploads\/2025\/09\/IMG-20250919-WA0009.jpg?fit=2047%2C2560&ssl=1","articleSection":["Cidadania"],"inLanguage":"pt-BR","potentialAction":[{"@type":"CommentAction","name":"Comment","target":["https:\/\/blogdobispo.com.br\/?p=17858#respond"]}]},{"@type":"WebPage","@id":"https:\/\/blogdobispo.com.br\/?p=17858","url":"https:\/\/blogdobispo.com.br\/?p=17858","name":"Rocas recebe a\u00e7\u00e3o social com atendimentos gratuitos neste s\u00e1bado - Blog do Bispo","isPartOf":{"@id":"https:\/\/blogdobispo.com.br\/#website"},"primaryImageOfPage":{"@id":"https:\/\/blogdobispo.com.br\/?p=17858#primaryimage"},"image":{"@id":"https:\/\/blogdobispo.com.br\/?p=17858#primaryimage"},"thumbnailUrl":"https:\/\/i0.wp.com\/blogdobispo.com.br\/wp-content\/uploads\/2025\/09\/IMG-20250919-WA0009.jpg?fit=2047%2C2560&ssl=1","datePublished":"2025-09-19T16:33:15+00:00","dateModified":"2025-09-19T16:33:48+00:00","breadcrumb":{"@id":"https:\/\/blogdobispo.com.br\/?p=17858#breadcrumb"},"inLanguage":"pt-BR","potentialAction":[{"@type":"ReadAction","target":["https:\/\/blogdobispo.com.br\/?p=17858"]}]},{"@type":"ImageObject","inLanguage":"pt-BR","@id":"https:\/\/blogdobispo.com.br\/?p=17858#primaryimage","url":"https:\/\/i0.wp.com\/blogdobispo.com.br\/wp-content\/uploads\/2025\/09\/IMG-20250919-WA0009.jpg?fit=2047%2C2560&ssl=1","contentUrl":"https:\/\/i0.wp.com\/blogdobispo.com.br\/wp-content\/uploads\/2025\/09\/IMG-20250919-WA0009.jpg?fit=2047%2C2560&ssl=1","width":2047,"height":2560},{"@type":"BreadcrumbList","@id":"https:\/\/blogdobispo.com.br\/?p=17858#breadcrumb","itemListElement":[{"@type":"ListItem","position":1,"name":"In\u00edcio","item":"https:\/\/blogdobispo.com.br\/"},{"@type":"ListItem","position":2,"name":"Rocas recebe a\u00e7\u00e3o social com atendimentos gratuitos neste s\u00e1bado"}]},{"@type":"WebSite","@id":"https:\/\/blogdobispo.com.br\/#website","url":"https:\/\/blogdobispo.com.br\/","name":"Blog do Bispo","description":"Comprometido apenas com o leitor","publisher":{"@id":"https:\/\/blogdobispo.com.br\/#organization"},"potentialAction":[{"@type":"SearchAction","target":{"@type":"EntryPoint","urlTemplate":"https:\/\/blogdobispo.com.br\/?s={search_term_string}"},"query-input":{"@type":"PropertyValueSpecification","valueRequired":true,"valueName":"search_term_string"}}],"inLanguage":"pt-BR"},{"@type":"Organization","@id":"https:\/\/blogdobispo.com.br\/#organization","name":"Blog do Bispo","url":"https:\/\/blogdobispo.com.br\/","logo":{"@type":"ImageObject","inLanguage":"pt-BR","@id":"https:\/\/blogdobispo.com.br\/#\/schema\/logo\/image\/","url":"http:\/\/blogdobispo.com.br\/wp-content\/uploads\/2023\/05\/cropped-headear.png","contentUrl":"http:\/\/blogdobispo.com.br\/wp-content\/uploads\/2023\/05\/cropped-headear.png","width":1500,"height":399,"caption":"Blog do Bispo"},"image":{"@id":"https:\/\/blogdobispo.com.br\/#\/schema\/logo\/image\/"}},{"@type":"Person","@id":"https:\/\/blogdobispo.com.br\/#\/schema\/person\/05abe7adb94767ba46bf757b4243d3e0","name":"Robson Trigueiro","image":{"@type":"ImageObject","inLanguage":"pt-BR","@id":"https:\/\/blogdobispo.com.br\/#\/schema\/person\/image\/","url":"https:\/\/secure.gravatar.com\/avatar\/b71c79ed1dcbb23d15e3cd8224dbfbd99da477df155b3e777061e3a006422418?s=96&d=mm&r=g","contentUrl":"https:\/\/secure.gravatar.com\/avatar\/b71c79ed1dcbb23d15e3cd8224dbfbd99da477df155b3e777061e3a006422418?s=96&d=mm&r=g","caption":"Robson Trigueiro"},"url":"https:\/\/blogdobispo.com.br\/?author=3"}]}},"featured_image_urls":{"full":["https:\/\/i0.wp.com\/blogdobispo.com.br\/wp-content\/uploads\/2025\/09\/IMG-20250919-WA0009.jpg?fit=2047%2C2560&ssl=1",2047,2560,false],"thumbnail":["https:\/\/i0.wp.com\/blogdobispo.com.br\/wp-content\/uploads\/2025\/09\/IMG-20250919-WA0009.jpg?resize=150%2C150&ssl=1",150,150,true],"medium":["https:\/\/i0.wp.com\/blogdobispo.com.br\/wp-content\/uploads\/2025\/09\/IMG-20250919-WA0009.jpg?fit=240%2C300&ssl=1",240,300,true],"medium_large":["https:\/\/i0.wp.com\/blogdobispo.com.br\/wp-content\/uploads\/2025\/09\/IMG-20250919-WA0009.jpg?fit=768%2C960&ssl=1",768,960,true],"large":["https:\/\/i0.wp.com\/blogdobispo.com.br\/wp-content\/uploads\/2025\/09\/IMG-20250919-WA0009.jpg?fit=800%2C1000&ssl=1",800,1000,true],"1536x1536":["https:\/\/i0.wp.com\/blogdobispo.com.br\/wp-content\/uploads\/2025\/09\/IMG-20250919-WA0009.jpg?fit=1228%2C1536&ssl=1",1228,1536,true],"2048x2048":["https:\/\/i0.wp.com\/blogdobispo.com.br\/wp-content\/uploads\/2025\/09\/IMG-20250919-WA0009.jpg?fit=1638%2C2048&ssl=1",1638,2048,true]},"author_info":{"display_name":"Robson Trigueiro","author_link":"https:\/\/blogdobispo.com.br\/?author=3"},"category_info":"<a href=\"https:\/\/blogdobispo.com.br\/?cat=12\" rel=\"category\">Cidadania<\/a>","tag_info":"Cidadania","comment_count":"0","jetpack_featured_media_url":"https:\/\/i0.wp.com\/blogdobispo.com.br\/wp-content\/uploads\/2025\/09\/IMG-20250919-WA0009.jpg?fit=2047%2C2560&ssl=1","jetpack_sharing_enabled":true,"_links":{"self":[{"href":"https:\/\/blogdobispo.com.br\/index.php?rest_route=\/wp\/v2\/posts\/17858","targetHints":{"allow":["GET"]}}],"collection":[{"href":"https:\/\/blogdobispo.com.br\/index.php?rest_route=\/wp\/v2\/posts"}],"about":[{"href":"https:\/\/blogdobispo.com.br\/index.php?rest_route=\/wp\/v2\/types\/post"}],"author":[{"embeddable":true,"href":"https:\/\/blogdobispo.com.br\/index.php?rest_route=\/wp\/v2\/users\/3"}],"replies":[{"embeddable":true,"href":"https:\/\/blogdobispo.com.br\/index.php?rest_route=%2Fwp%2Fv2%2Fcomments&post=17858"}],"version-history":[{"count":2,"href":"https:\/\/blogdobispo.com.br\/index.php?rest_route=\/wp\/v2\/posts\/17858\/revisions"}],"predecessor-version":[{"id":17861,"href":"https:\/\/blogdobispo.com.br\/index.php?rest_route=\/wp\/v2\/posts\/17858\/revisions\/17861"}],"wp:featuredmedia":[{"embeddable":true,"href":"https:\/\/blogdobispo.com.br\/index.php?rest_route=\/wp\/v2\/media\/17859"}],"wp:attachment":[{"href":"https:\/\/blogdobispo.com.br\/index.php?rest_route=%2Fwp%2Fv2%2Fmedia&parent=17858"}],"wp:term":[{"taxonomy":"category","embeddable":true,"href":"https:\/\/blogdobispo.com.br\/index.php?rest_route=%2Fwp%2Fv2%2Fcategories&post=17858"},{"taxonomy":"post_tag","embeddable":true,"href":"https:\/\/blogdobispo.com.br\/index.php?rest_route=%2Fwp%2Fv2%2Ftags&post=17858"}],"curies":[{"name":"wp","href":"https:\/\/api.w.org\/{rel}","templated":true}]}}